{"id":2816,"date":"2022-03-01T22:30:27","date_gmt":"2022-03-01T21:30:27","guid":{"rendered":"https:\/\/www.normisjon.no\/agder\/?p=2816"},"modified":"2022-03-02T10:30:36","modified_gmt":"2022-03-02T09:30:36","slug":"samler-omkring-180-tweens-og-ungdom-for-stor-konsert-i-arendal-kulturhus","status":"publish","type":"post","link":"https:\/\/www.normisjon.no\/agder\/2022\/03\/01\/samler-omkring-180-tweens-og-ungdom-for-stor-konsert-i-arendal-kulturhus\/","title":{"rendered":"Samler 180 tweens og ungdom til storkonsert i Arendal Kulturhus"},"content":{"rendered":"<div class=\"entry-content alignfull wp-block-post-content has-global-padding is-layout-constrained wp-block-post-content-is-layout-constrained\">\n<p>L\u00f8rdag 12. mars arrangerer Acta region Agder Soul Children Gathering i Arendal Kulturhus. 177 tweens og ungdommer fra 12 ulike Soul Children-kor fra hele S\u00f8rlandet, er p\u00e5meldt Gathering\u2019en. Korene kommer helt fra Moi i vest til Kviteseid i \u00f8st.<\/p>\n\n\n\n<figure class=\"wp-block-image size-large\"><img loading=\"lazy\" decoding=\"async\" width=\"1024\" height=\"768\" src=\"https:\/\/www.normisjon.no\/content\/uploads\/sites\/12\/2022\/03\/800x600px_kun-bilde-1024x768.jpg\" alt=\"\" class=\"wp-image-2817\" srcset=\"https:\/\/www.normisjon.no\/content\/uploads\/sites\/12\/2022\/03\/800x600px_kun-bilde-1024x768.jpg 1024w, https:\/\/www.normisjon.no\/content\/uploads\/sites\/12\/2022\/03\/800x600px_kun-bilde-300x225.jpg 300w, https:\/\/www.normisjon.no\/content\/uploads\/sites\/12\/2022\/03\/800x600px_kun-bilde-768x576.jpg 768w, https:\/\/www.normisjon.no\/content\/uploads\/sites\/12\/2022\/03\/800x600px_kun-bilde-1536x1152.jpg 1536w, https:\/\/www.normisjon.no\/content\/uploads\/sites\/12\/2022\/03\/800x600px_kun-bilde-2048x1536.jpg 2048w, https:\/\/www.normisjon.no\/content\/uploads\/sites\/12\/2022\/03\/800x600px_kun-bilde-1920x1440.jpg 1920w, https:\/\/www.normisjon.no\/content\/uploads\/sites\/12\/2022\/03\/800x600px_kun-bilde-1360x1020.jpg 1360w, https:\/\/www.normisjon.no\/content\/uploads\/sites\/12\/2022\/03\/800x600px_kun-bilde-960x720.jpg 960w\" sizes=\"auto, (max-width: 1024px) 100vw, 1024px\" \/><\/figure>\n\n\n\n<h2 class=\"wp-block-heading\"><strong>Soul Children Gathering for tredje gang<\/strong><\/h2>\n\n\n\n<p>Soul Children er Actas kor-konsept. Soul Children Gathering er et kortreff for tweens- og ungdomskor som er tilknyttet Soul Children p\u00e5 S\u00f8rlandet. Arrangementet er ogs\u00e5 \u00e5pent for kor som ikke er registrerte Soul Children-kor. Dette er tredje gang Acta region Agder arrangerer Soul Children Gathering. <\/p>\n\n\n\n<p>Gathering\u2019en avholdes hvert andre \u00e5r og har tidligere blitt arrangert i 2017 i Q42, Kristiansand, og i 2019 i Normisjonshallen, Grimstad. \u00c5rets Gathering skulle etter planen v\u00e6rt gjennomf\u00f8rt i september 2021, men ble utsatt p\u00e5 grunn av h\u00f8ye smittetall i Kristiansand- og Grimstad-omr\u00e5det i forbindelse med koronapandemien.<\/p>\n\n\n\n<h2 class=\"wp-block-heading\"><strong>Stor konsert i Arendal Kulturhus<\/strong><\/h2>\n\n\n\n<p>\u00abH\u00f8ydepunktet under \u00e5rets Gathering blir konserten l\u00f8rdag kveld, kl. 19.00. i Arendal Kulturhus\u00bb sier Morten H\u00f8ie, Soul Children-kontakt i Agder og prosjektleder for Soul Children Gathering. <\/p>\n\n\n\n<p>\u00abDeltakerne p\u00e5 Soul Children Gathering bruker dagen p\u00e5 \u00e5 \u00f8ve inn et felles repertoar, som de fremf\u00f8rer sammen under konserten l\u00f8rdag kveld. Vi h\u00e5per at Normisjonsfolk fra hele regionen vil komme og h\u00f8re p\u00e5 oss! <\/p>\n\n\n\n<p>Det blir en forrykende konsert med det beste Soul Children p\u00e5 S\u00f8rlandet har \u00e5 by p\u00e5. Mass Choir\u2019et, (norsk: felleskoret) best\u00e5ende av Gathering\u2019ens deltakere, opptrer sammen med solister fra de ulike korene.\u00bb <\/p>\n\n\n\n<figure class=\"wp-block-image size-full\"><img loading=\"lazy\" decoding=\"async\" width=\"960\" height=\"528\" src=\"https:\/\/www.normisjon.no\/content\/uploads\/sites\/12\/2022\/03\/morten.jpeg\" alt=\"\" class=\"wp-image-2818\" srcset=\"https:\/\/www.normisjon.no\/content\/uploads\/sites\/12\/2022\/03\/morten.jpeg 960w, https:\/\/www.normisjon.no\/content\/uploads\/sites\/12\/2022\/03\/morten-300x165.jpeg 300w, https:\/\/www.normisjon.no\/content\/uploads\/sites\/12\/2022\/03\/morten-768x422.jpeg 768w\" sizes=\"auto, (max-width: 960px) 100vw, 960px\" \/><\/figure>\n\n\n\n<p>Morten fortsetter: \u00abKoret ledes av dyktige lokale instrukt\u00f8rer: Mari Strandberg &#8211; tidligere dirigent for Randesund Soul Children, Karoline Nilsen \u2013 dirigent for Flekker\u00f8y Soul Teen, og Trond Vorhaug \u2013 som er dirigent for Hommedal Soul Children. Vi har ogs\u00e5 med et skikkelig bra band som best\u00e5r av S\u00f8rlandets beste musikere innen gospelsjangeren. Konferansierer for konserten er hentet fra <a href=\"https:\/\/nb-no.facebook.com\/oslosoulteens\">Oslo Soul Teens<\/a>.\u00bb <\/p>\n\n\n\n<p>Billetter til konserten kan kj\u00f8pes p\u00e5 <a href=\"http:\/\/www.arendalkulturhus.no\">arendalkulturhus.no<\/a>, under arrangementet \u00abKonsert Soul Children Mass Choir\u00bb.<\/p>\n\n\n\n<h2 class=\"wp-block-heading\"><strong>\u00d8nsker \u00e5 vise igjen i byen<\/strong><\/h2>\n\n\n\n<p>\u00abN\u00e5r vi i Soul Children arrangerer Gathering vil vi gjerne gj\u00f8re det med brask og bram, og gjerne gj\u00f8re oss synlige ogs\u00e5 utenfor bedehusets eller kirkens fire vegger. Derfor har vi i \u00e5r valgt \u00e5 legge Soul Children Gathering til Arendal Kulturhus\u00bb sier H\u00f8ie. <\/p>\n\n\n\n<p>\u00abSom en del av programmet p\u00e5 l\u00f8rdagen skal vi ha konsert i Arendal sentrum for \u00e5 spre glede blant Arendals innbyggere. Vi h\u00e5per folk i Arendal blir oppmuntret av \u00e5 treffe oss i Soul Children bevelgelsen denne l\u00f8rdagen!\u00bb<\/p>\n\n\n\n<h2 class=\"wp-block-heading\"><strong>H\u00e5per p\u00e5 nye kor i Arendalsomr\u00e5det<\/strong><\/h2>\n\n\n\n<p>H\u00f8ie forteller at ett av m\u00e5lene ved \u00e5 velge Arendal som lokasjon er \u00e5 inspirere til oppstart av nye Soul Children-kor i Arendalsomr\u00e5det. \u00abPer i dag finnes det tre kor som er tilknyttet Soul Children-bevegelsen i Arendal kommune. To tilknyttet Arendal Frikirke og ett tilknyttet \u00d8yestad menighet (DNK),\u00bb sier H\u00f8ie. <\/p>\n\n\n\n<p>\u00abI en by av Arendals st\u00f8rrelse er det plass til mange flere! Derfor har vi kontaktet menigheter i Arendal spesielt for \u00e5 invitere dem til konserten l\u00f8rdag kveld. Der kan de kan f\u00e5 et inntrykk av hva Soul Children er og bli bitt av Soul Children-feberen. Forh\u00e5pentligvis blir de s\u00e5 begeistret at de \u00f8nsker \u00e5 starte sitt eget Soul Children-kor, og v\u00e6re med \u00e5 bidra inn mot Soul Childrens visjon: <strong>\u2018\u00c5 vinne og bevare unge for Jesus Kristus gjennom sang og musikk de kjenner seg igjen i!\u2019<\/strong>\u00bb, sier Morten H\u00f8ie og smiler. <\/p>\n<\/div>","protected":false},"excerpt":{"rendered":"<p>L\u00f8rdag 12. mars arrangerer Acta region Agder Soul Children Gathering i Arendal Kulturhus. 177 tweens og ungdommer fra 12 ulike Soul Children-kor fra hele S\u00f8rlandet, [&hellip;]<\/p>\n","protected":false},"author":108,"featured_media":2817,"comment_status":"closed","ping_status":"closed","sticky":false,"template":"","format":"standard","meta":{"_acf_changed":false,"footnotes":""},"categories":[1],"tags":[14],"class_list":["post-2816","post","type-post","status-publish","format-standard","has-post-thumbnail","hentry","category-ukategorisert","tag-soulchildren"],"acf":[],"yoast_head":"<!-- This site is optimized with the Yoast SEO plugin v25.9 - https:\/\/yoast.com\/wordpress\/plugins\/seo\/ -->\n<title>Samler 180 tweens og ungdom til storkonsert i Arendal Kulturhus - Region Agder<\/title>\n<meta name=\"robots\" content=\"index, follow, max-snippet:-1, max-image-preview:large, max-video-preview:-1\" \/>\n<link rel=\"canonical\" href=\"https:\/\/www.normisjon.no\/agder\/2022\/03\/01\/samler-omkring-180-tweens-og-ungdom-for-stor-konsert-i-arendal-kulturhus\/\" \/>\n<meta property=\"og:locale\" content=\"nb_NO\" \/>\n<meta property=\"og:type\" content=\"article\" \/>\n<meta property=\"og:title\" content=\"Samler 180 tweens og ungdom til storkonsert i Arendal Kulturhus - Region Agder\" \/>\n<meta property=\"og:description\" content=\"L\u00f8rdag 12. mars arrangerer Acta region Agder Soul Children Gathering i Arendal Kulturhus. 177 tweens og ungdommer fra 12 ulike Soul Children-kor fra hele S\u00f8rlandet, [&hellip;]\" \/>\n<meta property=\"og:url\" content=\"https:\/\/www.normisjon.no\/agder\/2022\/03\/01\/samler-omkring-180-tweens-og-ungdom-for-stor-konsert-i-arendal-kulturhus\/\" \/>\n<meta property=\"og:site_name\" content=\"Region Agder\" \/>\n<meta property=\"article:published_time\" content=\"2022-03-01T21:30:27+00:00\" \/>\n<meta property=\"article:modified_time\" content=\"2022-03-02T09:30:36+00:00\" \/>\n<meta property=\"og:image\" content=\"https:\/\/www.normisjon.no\/content\/uploads\/sites\/12\/2022\/03\/800x600px_kun-bilde-scaled.jpg\" \/>\n\t<meta property=\"og:image:width\" content=\"2560\" \/>\n\t<meta property=\"og:image:height\" content=\"1920\" \/>\n\t<meta property=\"og:image:type\" content=\"image\/jpeg\" \/>\n<meta name=\"author\" content=\"Kristian Nesbu Vatne\" \/>\n<meta name=\"twitter:card\" content=\"summary_large_image\" \/>\n<meta name=\"twitter:label1\" content=\"Skrevet av\" \/>\n\t<meta name=\"twitter:data1\" content=\"Kristian Nesbu Vatne\" \/>\n\t<meta name=\"twitter:label2\" content=\"Ansl. lesetid\" \/>\n\t<meta name=\"twitter:data2\" content=\"3 minutter\" \/>\n<script type=\"application\/ld+json\" class=\"yoast-schema-graph\">{\"@context\":\"https:\/\/schema.org\",\"@graph\":[{\"@type\":\"Article\",\"@id\":\"https:\/\/www.normisjon.no\/agder\/2022\/03\/01\/samler-omkring-180-tweens-og-ungdom-for-stor-konsert-i-arendal-kulturhus\/#article\",\"isPartOf\":{\"@id\":\"https:\/\/www.normisjon.no\/agder\/2022\/03\/01\/samler-omkring-180-tweens-og-ungdom-for-stor-konsert-i-arendal-kulturhus\/\"},\"author\":{\"name\":\"Kristian Nesbu Vatne\",\"@id\":\"https:\/\/www.normisjon.no\/agder\/#\/schema\/person\/eec3621bae488be8f7f670c469ffcd4a\"},\"headline\":\"Samler 180 tweens og ungdom til storkonsert i Arendal Kulturhus\",\"datePublished\":\"2022-03-01T21:30:27+00:00\",\"dateModified\":\"2022-03-02T09:30:36+00:00\",\"mainEntityOfPage\":{\"@id\":\"https:\/\/www.normisjon.no\/agder\/2022\/03\/01\/samler-omkring-180-tweens-og-ungdom-for-stor-konsert-i-arendal-kulturhus\/\"},\"wordCount\":579,\"publisher\":{\"@id\":\"https:\/\/www.normisjon.no\/agder\/#organization\"},\"image\":{\"@id\":\"https:\/\/www.normisjon.no\/agder\/2022\/03\/01\/samler-omkring-180-tweens-og-ungdom-for-stor-konsert-i-arendal-kulturhus\/#primaryimage\"},\"thumbnailUrl\":\"https:\/\/www.normisjon.no\/content\/uploads\/sites\/12\/2022\/03\/800x600px_kun-bilde-scaled.jpg\",\"keywords\":[\"SoulChildren\"],\"inLanguage\":\"nb-NO\"},{\"@type\":\"WebPage\",\"@id\":\"https:\/\/www.normisjon.no\/agder\/2022\/03\/01\/samler-omkring-180-tweens-og-ungdom-for-stor-konsert-i-arendal-kulturhus\/\",\"url\":\"https:\/\/www.normisjon.no\/agder\/2022\/03\/01\/samler-omkring-180-tweens-og-ungdom-for-stor-konsert-i-arendal-kulturhus\/\",\"name\":\"Samler 180 tweens og ungdom til storkonsert i Arendal Kulturhus - Region Agder\",\"isPartOf\":{\"@id\":\"https:\/\/www.normisjon.no\/agder\/#website\"},\"primaryImageOfPage\":{\"@id\":\"https:\/\/www.normisjon.no\/agder\/2022\/03\/01\/samler-omkring-180-tweens-og-ungdom-for-stor-konsert-i-arendal-kulturhus\/#primaryimage\"},\"image\":{\"@id\":\"https:\/\/www.normisjon.no\/agder\/2022\/03\/01\/samler-omkring-180-tweens-og-ungdom-for-stor-konsert-i-arendal-kulturhus\/#primaryimage\"},\"thumbnailUrl\":\"https:\/\/www.normisjon.no\/content\/uploads\/sites\/12\/2022\/03\/800x600px_kun-bilde-scaled.jpg\",\"datePublished\":\"2022-03-01T21:30:27+00:00\",\"dateModified\":\"2022-03-02T09:30:36+00:00\",\"breadcrumb\":{\"@id\":\"https:\/\/www.normisjon.no\/agder\/2022\/03\/01\/samler-omkring-180-tweens-og-ungdom-for-stor-konsert-i-arendal-kulturhus\/#breadcrumb\"},\"inLanguage\":\"nb-NO\",\"potentialAction\":[{\"@type\":\"ReadAction\",\"target\":[\"https:\/\/www.normisjon.no\/agder\/2022\/03\/01\/samler-omkring-180-tweens-og-ungdom-for-stor-konsert-i-arendal-kulturhus\/\"]}]},{\"@type\":\"ImageObject\",\"inLanguage\":\"nb-NO\",\"@id\":\"https:\/\/www.normisjon.no\/agder\/2022\/03\/01\/samler-omkring-180-tweens-og-ungdom-for-stor-konsert-i-arendal-kulturhus\/#primaryimage\",\"url\":\"https:\/\/www.normisjon.no\/content\/uploads\/sites\/12\/2022\/03\/800x600px_kun-bilde-scaled.jpg\",\"contentUrl\":\"https:\/\/www.normisjon.no\/content\/uploads\/sites\/12\/2022\/03\/800x600px_kun-bilde-scaled.jpg\",\"width\":2560,\"height\":1920},{\"@type\":\"BreadcrumbList\",\"@id\":\"https:\/\/www.normisjon.no\/agder\/2022\/03\/01\/samler-omkring-180-tweens-og-ungdom-for-stor-konsert-i-arendal-kulturhus\/#breadcrumb\",\"itemListElement\":[{\"@type\":\"ListItem\",\"position\":1,\"name\":\"Home\",\"item\":\"https:\/\/www.normisjon.no\/agder\/\"},{\"@type\":\"ListItem\",\"position\":2,\"name\":\"Samler 180 tweens og ungdom til storkonsert i Arendal Kulturhus\"}]},{\"@type\":\"WebSite\",\"@id\":\"https:\/\/www.normisjon.no\/agder\/#website\",\"url\":\"https:\/\/www.normisjon.no\/agder\/\",\"name\":\"Region Agder\",\"description\":\"\",\"publisher\":{\"@id\":\"https:\/\/www.normisjon.no\/agder\/#organization\"},\"potentialAction\":[{\"@type\":\"SearchAction\",\"target\":{\"@type\":\"EntryPoint\",\"urlTemplate\":\"https:\/\/www.normisjon.no\/agder\/?s={search_term_string}\"},\"query-input\":{\"@type\":\"PropertyValueSpecification\",\"valueRequired\":true,\"valueName\":\"search_term_string\"}}],\"inLanguage\":\"nb-NO\"},{\"@type\":\"Organization\",\"@id\":\"https:\/\/www.normisjon.no\/agder\/#organization\",\"name\":\"Region Agder\",\"url\":\"https:\/\/www.normisjon.no\/agder\/\",\"logo\":{\"@type\":\"ImageObject\",\"inLanguage\":\"nb-NO\",\"@id\":\"https:\/\/www.normisjon.no\/agder\/#\/schema\/logo\/image\/\",\"url\":\"https:\/\/www.normisjon.no\/content\/uploads\/sites\/12\/2026\/01\/Region_Venstre_Agder_oransje.png\",\"contentUrl\":\"https:\/\/www.normisjon.no\/content\/uploads\/sites\/12\/2026\/01\/Region_Venstre_Agder_oransje.png\",\"width\":1921,\"height\":541,\"caption\":\"Region Agder\"},\"image\":{\"@id\":\"https:\/\/www.normisjon.no\/agder\/#\/schema\/logo\/image\/\"}},{\"@type\":\"Person\",\"@id\":\"https:\/\/www.normisjon.no\/agder\/#\/schema\/person\/eec3621bae488be8f7f670c469ffcd4a\",\"name\":\"Kristian Nesbu Vatne\",\"image\":{\"@type\":\"ImageObject\",\"inLanguage\":\"nb-NO\",\"@id\":\"https:\/\/www.normisjon.no\/agder\/#\/schema\/person\/image\/\",\"url\":\"https:\/\/secure.gravatar.com\/avatar\/7a71d5d18df9a305e7a8fa0859bf7015acad9a04a8308dea4b8705fae6daebaf?s=96&d=mm&r=g\",\"contentUrl\":\"https:\/\/secure.gravatar.com\/avatar\/7a71d5d18df9a305e7a8fa0859bf7015acad9a04a8308dea4b8705fae6daebaf?s=96&d=mm&r=g\",\"caption\":\"Kristian Nesbu Vatne\"},\"url\":\"https:\/\/www.normisjon.no\/agder\/author\/kristianagder\/\"}]}<\/script>\n<!-- \/ Yoast SEO plugin. -->","yoast_head_json":{"title":"Samler 180 tweens og ungdom til storkonsert i Arendal Kulturhus - Region Agder","robots":{"index":"index","follow":"follow","max-snippet":"max-snippet:-1","max-image-preview":"max-image-preview:large","max-video-preview":"max-video-preview:-1"},"canonical":"https:\/\/www.normisjon.no\/agder\/2022\/03\/01\/samler-omkring-180-tweens-og-ungdom-for-stor-konsert-i-arendal-kulturhus\/","og_locale":"nb_NO","og_type":"article","og_title":"Samler 180 tweens og ungdom til storkonsert i Arendal Kulturhus - Region Agder","og_description":"L\u00f8rdag 12. mars arrangerer Acta region Agder Soul Children Gathering i Arendal Kulturhus. 177 tweens og ungdommer fra 12 ulike Soul Children-kor fra hele S\u00f8rlandet, [&hellip;]","og_url":"https:\/\/www.normisjon.no\/agder\/2022\/03\/01\/samler-omkring-180-tweens-og-ungdom-for-stor-konsert-i-arendal-kulturhus\/","og_site_name":"Region Agder","article_published_time":"2022-03-01T21:30:27+00:00","article_modified_time":"2022-03-02T09:30:36+00:00","og_image":[{"width":2560,"height":1920,"url":"https:\/\/www.normisjon.no\/content\/uploads\/sites\/12\/2022\/03\/800x600px_kun-bilde-scaled.jpg","type":"image\/jpeg"}],"author":"Kristian Nesbu Vatne","twitter_card":"summary_large_image","twitter_misc":{"Skrevet av":"Kristian Nesbu Vatne","Ansl. lesetid":"3 minutter"},"schema":{"@context":"https:\/\/schema.org","@graph":[{"@type":"Article","@id":"https:\/\/www.normisjon.no\/agder\/2022\/03\/01\/samler-omkring-180-tweens-og-ungdom-for-stor-konsert-i-arendal-kulturhus\/#article","isPartOf":{"@id":"https:\/\/www.normisjon.no\/agder\/2022\/03\/01\/samler-omkring-180-tweens-og-ungdom-for-stor-konsert-i-arendal-kulturhus\/"},"author":{"name":"Kristian Nesbu Vatne","@id":"https:\/\/www.normisjon.no\/agder\/#\/schema\/person\/eec3621bae488be8f7f670c469ffcd4a"},"headline":"Samler 180 tweens og ungdom til storkonsert i Arendal Kulturhus","datePublished":"2022-03-01T21:30:27+00:00","dateModified":"2022-03-02T09:30:36+00:00","mainEntityOfPage":{"@id":"https:\/\/www.normisjon.no\/agder\/2022\/03\/01\/samler-omkring-180-tweens-og-ungdom-for-stor-konsert-i-arendal-kulturhus\/"},"wordCount":579,"publisher":{"@id":"https:\/\/www.normisjon.no\/agder\/#organization"},"image":{"@id":"https:\/\/www.normisjon.no\/agder\/2022\/03\/01\/samler-omkring-180-tweens-og-ungdom-for-stor-konsert-i-arendal-kulturhus\/#primaryimage"},"thumbnailUrl":"https:\/\/www.normisjon.no\/content\/uploads\/sites\/12\/2022\/03\/800x600px_kun-bilde-scaled.jpg","keywords":["SoulChildren"],"inLanguage":"nb-NO"},{"@type":"WebPage","@id":"https:\/\/www.normisjon.no\/agder\/2022\/03\/01\/samler-omkring-180-tweens-og-ungdom-for-stor-konsert-i-arendal-kulturhus\/","url":"https:\/\/www.normisjon.no\/agder\/2022\/03\/01\/samler-omkring-180-tweens-og-ungdom-for-stor-konsert-i-arendal-kulturhus\/","name":"Samler 180 tweens og ungdom til storkonsert i Arendal Kulturhus - Region Agder","isPartOf":{"@id":"https:\/\/www.normisjon.no\/agder\/#website"},"primaryImageOfPage":{"@id":"https:\/\/www.normisjon.no\/agder\/2022\/03\/01\/samler-omkring-180-tweens-og-ungdom-for-stor-konsert-i-arendal-kulturhus\/#primaryimage"},"image":{"@id":"https:\/\/www.normisjon.no\/agder\/2022\/03\/01\/samler-omkring-180-tweens-og-ungdom-for-stor-konsert-i-arendal-kulturhus\/#primaryimage"},"thumbnailUrl":"https:\/\/www.normisjon.no\/content\/uploads\/sites\/12\/2022\/03\/800x600px_kun-bilde-scaled.jpg","datePublished":"2022-03-01T21:30:27+00:00","dateModified":"2022-03-02T09:30:36+00:00","breadcrumb":{"@id":"https:\/\/www.normisjon.no\/agder\/2022\/03\/01\/samler-omkring-180-tweens-og-ungdom-for-stor-konsert-i-arendal-kulturhus\/#breadcrumb"},"inLanguage":"nb-NO","potentialAction":[{"@type":"ReadAction","target":["https:\/\/www.normisjon.no\/agder\/2022\/03\/01\/samler-omkring-180-tweens-og-ungdom-for-stor-konsert-i-arendal-kulturhus\/"]}]},{"@type":"ImageObject","inLanguage":"nb-NO","@id":"https:\/\/www.normisjon.no\/agder\/2022\/03\/01\/samler-omkring-180-tweens-og-ungdom-for-stor-konsert-i-arendal-kulturhus\/#primaryimage","url":"https:\/\/www.normisjon.no\/content\/uploads\/sites\/12\/2022\/03\/800x600px_kun-bilde-scaled.jpg","contentUrl":"https:\/\/www.normisjon.no\/content\/uploads\/sites\/12\/2022\/03\/800x600px_kun-bilde-scaled.jpg","width":2560,"height":1920},{"@type":"BreadcrumbList","@id":"https:\/\/www.normisjon.no\/agder\/2022\/03\/01\/samler-omkring-180-tweens-og-ungdom-for-stor-konsert-i-arendal-kulturhus\/#breadcrumb","itemListElement":[{"@type":"ListItem","position":1,"name":"Home","item":"https:\/\/www.normisjon.no\/agder\/"},{"@type":"ListItem","position":2,"name":"Samler 180 tweens og ungdom til storkonsert i Arendal Kulturhus"}]},{"@type":"WebSite","@id":"https:\/\/www.normisjon.no\/agder\/#website","url":"https:\/\/www.normisjon.no\/agder\/","name":"Region Agder","description":"","publisher":{"@id":"https:\/\/www.normisjon.no\/agder\/#organization"},"potentialAction":[{"@type":"SearchAction","target":{"@type":"EntryPoint","urlTemplate":"https:\/\/www.normisjon.no\/agder\/?s={search_term_string}"},"query-input":{"@type":"PropertyValueSpecification","valueRequired":true,"valueName":"search_term_string"}}],"inLanguage":"nb-NO"},{"@type":"Organization","@id":"https:\/\/www.normisjon.no\/agder\/#organization","name":"Region Agder","url":"https:\/\/www.normisjon.no\/agder\/","logo":{"@type":"ImageObject","inLanguage":"nb-NO","@id":"https:\/\/www.normisjon.no\/agder\/#\/schema\/logo\/image\/","url":"https:\/\/www.normisjon.no\/content\/uploads\/sites\/12\/2026\/01\/Region_Venstre_Agder_oransje.png","contentUrl":"https:\/\/www.normisjon.no\/content\/uploads\/sites\/12\/2026\/01\/Region_Venstre_Agder_oransje.png","width":1921,"height":541,"caption":"Region Agder"},"image":{"@id":"https:\/\/www.normisjon.no\/agder\/#\/schema\/logo\/image\/"}},{"@type":"Person","@id":"https:\/\/www.normisjon.no\/agder\/#\/schema\/person\/eec3621bae488be8f7f670c469ffcd4a","name":"Kristian Nesbu Vatne","image":{"@type":"ImageObject","inLanguage":"nb-NO","@id":"https:\/\/www.normisjon.no\/agder\/#\/schema\/person\/image\/","url":"https:\/\/secure.gravatar.com\/avatar\/7a71d5d18df9a305e7a8fa0859bf7015acad9a04a8308dea4b8705fae6daebaf?s=96&d=mm&r=g","contentUrl":"https:\/\/secure.gravatar.com\/avatar\/7a71d5d18df9a305e7a8fa0859bf7015acad9a04a8308dea4b8705fae6daebaf?s=96&d=mm&r=g","caption":"Kristian Nesbu Vatne"},"url":"https:\/\/www.normisjon.no\/agder\/author\/kristianagder\/"}]}},"_links":{"self":[{"href":"https:\/\/www.normisjon.no\/agder\/wp-json\/wp\/v2\/posts\/2816","targetHints":{"allow":["GET"]}}],"collection":[{"href":"https:\/\/www.normisjon.no\/agder\/wp-json\/wp\/v2\/posts"}],"about":[{"href":"https:\/\/www.normisjon.no\/agder\/wp-json\/wp\/v2\/types\/post"}],"author":[{"embeddable":true,"href":"https:\/\/www.normisjon.no\/agder\/wp-json\/wp\/v2\/users\/108"}],"replies":[{"embeddable":true,"href":"https:\/\/www.normisjon.no\/agder\/wp-json\/wp\/v2\/comments?post=2816"}],"version-history":[{"count":7,"href":"https:\/\/www.normisjon.no\/agder\/wp-json\/wp\/v2\/posts\/2816\/revisions"}],"predecessor-version":[{"id":2835,"href":"https:\/\/www.normisjon.no\/agder\/wp-json\/wp\/v2\/posts\/2816\/revisions\/2835"}],"wp:featuredmedia":[{"embeddable":true,"href":"https:\/\/www.normisjon.no\/agder\/wp-json\/wp\/v2\/media\/2817"}],"wp:attachment":[{"href":"https:\/\/www.normisjon.no\/agder\/wp-json\/wp\/v2\/media?parent=2816"}],"wp:term":[{"taxonomy":"category","embeddable":true,"href":"https:\/\/www.normisjon.no\/agder\/wp-json\/wp\/v2\/categories?post=2816"},{"taxonomy":"post_tag","embeddable":true,"href":"https:\/\/www.normisjon.no\/agder\/wp-json\/wp\/v2\/tags?post=2816"}],"curies":[{"name":"wp","href":"https:\/\/api.w.org\/{rel}","templated":true}]}}