{"id":3184,"date":"2022-09-15T13:38:14","date_gmt":"2022-09-15T11:38:14","guid":{"rendered":"https:\/\/www.normisjon.no\/agder\/?p=3184"},"modified":"2022-09-15T13:38:14","modified_gmt":"2022-09-15T11:38:14","slug":"pafyll-for-kropp-og-sjel","status":"publish","type":"post","link":"https:\/\/www.normisjon.no\/agder\/2022\/09\/15\/pafyll-for-kropp-og-sjel\/","title":{"rendered":"P\u00e5fyll for kropp og sjel"},"content":{"rendered":"<div class=\"entry-content alignfull wp-block-post-content has-global-padding is-layout-constrained wp-block-post-content-is-layout-constrained\">\n<p><strong><em>Nesten 70 seniorer var med p\u00e5 seniorturen til Hovdenst\u00f8yl tidlig i september. Fra hele Agder kom folk til flotte h\u00f8stdager p\u00e5 fjellet.<\/em><\/strong><\/p>\n\n\n\n<p>-Her var det noe for b\u00e5de kropp og sjel, forteller Tora Synn\u00f8ve Ekedal \u2013 en av deltagerne og medlem i seniorutvalget.<\/p>\n\n\n\n<p>Hotellet var nyrenovert med flotte rom, fantastisk god mat, masse gilde mennesker, kjempefine turer p\u00e5 rundt ei mil hver dag. Og s\u00e5, sist men ikke minst, var det mye sang og musikk og flotte samlinger om Guds ord, forteller hun entusiastisk.<\/p>\n\n\n\n<figure class=\"wp-block-image size-large\"><img loading=\"lazy\" decoding=\"async\" width=\"1024\" height=\"768\" src=\"https:\/\/www.normisjon.no\/content\/uploads\/sites\/12\/2022\/09\/seniortur3-1024x768.jpg\" alt=\"\" class=\"wp-image-3186\" srcset=\"https:\/\/www.normisjon.no\/content\/uploads\/sites\/12\/2022\/09\/seniortur3-1024x768.jpg 1024w, https:\/\/www.normisjon.no\/content\/uploads\/sites\/12\/2022\/09\/seniortur3-300x225.jpg 300w, https:\/\/www.normisjon.no\/content\/uploads\/sites\/12\/2022\/09\/seniortur3-768x576.jpg 768w, https:\/\/www.normisjon.no\/content\/uploads\/sites\/12\/2022\/09\/seniortur3-1536x1152.jpg 1536w, https:\/\/www.normisjon.no\/content\/uploads\/sites\/12\/2022\/09\/seniortur3-1920x1440.jpg 1920w, https:\/\/www.normisjon.no\/content\/uploads\/sites\/12\/2022\/09\/seniortur3-1360x1020.jpg 1360w, https:\/\/www.normisjon.no\/content\/uploads\/sites\/12\/2022\/09\/seniortur3-960x720.jpg 960w, https:\/\/www.normisjon.no\/content\/uploads\/sites\/12\/2022\/09\/seniortur3.jpg 2048w\" sizes=\"auto, (max-width: 1024px) 100vw, 1024px\" \/><figcaption>Her har gjengen tatt heisen til topps.<\/figcaption><\/figure>\n\n\n\n<h2 class=\"wp-block-heading\">En tradisjon?<\/h2>\n\n\n\n<p>Seniorturen ble arrangert av seniorutvalget i regionen. Svein Granerud underviste og Grete og J\u00f8rg J\u00f8rgensen stod for sangen.<\/p>\n\n\n\n<p>Regionleder Ingebj\u00f8rg Berstad Torp var ogs\u00e5 med p\u00e5 h\u00f8stdagene.<\/p>\n\n\n\n<p>-Det var veldig gode dager og mange trivelige folk. Hver dag kunne vi v\u00e6re med ut p\u00e5 tur p\u00e5 fjellet, noe ca halvparten valgte \u00e5 bli med p\u00e5. Vi andre kunne g\u00e5 turer i n\u00e6rheten av hotellet, sier Berstad Torp. <\/p>\n\n\n\n<p>Dette var andre \u00e5ret denne turen ble arrangement og det virker som den er kommet for \u00e5 bli. I hvert fall hvis vi skal basere beslutningen p\u00e5 tilbakemeldingene fra \u00e5rets deltagere.<\/p>\n\n\n\n<figure class=\"wp-block-image size-large\"><img loading=\"lazy\" decoding=\"async\" width=\"1024\" height=\"768\" src=\"https:\/\/www.normisjon.no\/content\/uploads\/sites\/12\/2022\/09\/seniortur2-1024x768.jpg\" alt=\"\" class=\"wp-image-3187\" srcset=\"https:\/\/www.normisjon.no\/content\/uploads\/sites\/12\/2022\/09\/seniortur2-1024x768.jpg 1024w, https:\/\/www.normisjon.no\/content\/uploads\/sites\/12\/2022\/09\/seniortur2-300x225.jpg 300w, https:\/\/www.normisjon.no\/content\/uploads\/sites\/12\/2022\/09\/seniortur2-768x576.jpg 768w, https:\/\/www.normisjon.no\/content\/uploads\/sites\/12\/2022\/09\/seniortur2-1536x1152.jpg 1536w, https:\/\/www.normisjon.no\/content\/uploads\/sites\/12\/2022\/09\/seniortur2-1920x1440.jpg 1920w, https:\/\/www.normisjon.no\/content\/uploads\/sites\/12\/2022\/09\/seniortur2-1360x1020.jpg 1360w, https:\/\/www.normisjon.no\/content\/uploads\/sites\/12\/2022\/09\/seniortur2-960x720.jpg 960w, https:\/\/www.normisjon.no\/content\/uploads\/sites\/12\/2022\/09\/seniortur2.jpg 2048w\" sizes=\"auto, (max-width: 1024px) 100vw, 1024px\" \/><figcaption>En god pause under toppen. Hadde vi v\u00e6rt oppe, hadde osten bl\u00e5st av skivene og b\u00f8lgene hadde g\u00e5tt h\u00f8ye i koppen!<\/figcaption><\/figure>\n<\/div>","protected":false},"excerpt":{"rendered":"<p>Nesten 70 seniorer var med p\u00e5 seniorturen til Hovdenst\u00f8yl tidlig i september. Fra hele Agder kom folk til flotte h\u00f8stdager p\u00e5 fjellet. -Her var det [&hellip;]<\/p>\n","protected":false},"author":108,"featured_media":3185,"comment_status":"closed","ping_status":"closed","sticky":false,"template":"","format":"standard","meta":{"_acf_changed":false,"footnotes":""},"categories":[1],"tags":[4,33],"class_list":["post-3184","post","type-post","status-publish","format-standard","has-post-thumbnail","hentry","category-ukategorisert","tag-senior","tag-seniorutvalget"],"acf":[],"yoast_head":"<!-- This site is optimized with the Yoast SEO plugin v25.9 - https:\/\/yoast.com\/wordpress\/plugins\/seo\/ -->\n<title>P\u00e5fyll for kropp og sjel - Region Agder<\/title>\n<meta name=\"robots\" content=\"index, follow, max-snippet:-1, max-image-preview:large, max-video-preview:-1\" \/>\n<link rel=\"canonical\" href=\"https:\/\/www.normisjon.no\/agder\/2022\/09\/15\/pafyll-for-kropp-og-sjel\/\" \/>\n<meta property=\"og:locale\" content=\"nb_NO\" \/>\n<meta property=\"og:type\" content=\"article\" \/>\n<meta property=\"og:title\" content=\"P\u00e5fyll for kropp og sjel - Region Agder\" \/>\n<meta property=\"og:description\" content=\"Nesten 70 seniorer var med p\u00e5 seniorturen til Hovdenst\u00f8yl tidlig i september. Fra hele Agder kom folk til flotte h\u00f8stdager p\u00e5 fjellet. -Her var det [&hellip;]\" \/>\n<meta property=\"og:url\" content=\"https:\/\/www.normisjon.no\/agder\/2022\/09\/15\/pafyll-for-kropp-og-sjel\/\" \/>\n<meta property=\"og:site_name\" content=\"Region Agder\" \/>\n<meta property=\"article:published_time\" content=\"2022-09-15T11:38:14+00:00\" \/>\n<meta property=\"og:image\" content=\"https:\/\/www.normisjon.no\/content\/uploads\/sites\/12\/2022\/09\/seniortur1.jpg\" \/>\n\t<meta property=\"og:image:width\" content=\"2048\" \/>\n\t<meta property=\"og:image:height\" content=\"1536\" \/>\n\t<meta property=\"og:image:type\" content=\"image\/jpeg\" \/>\n<meta name=\"author\" content=\"Kristian Nesbu Vatne\" \/>\n<meta name=\"twitter:card\" content=\"summary_large_image\" \/>\n<meta name=\"twitter:label1\" content=\"Skrevet av\" \/>\n\t<meta name=\"twitter:data1\" content=\"Kristian Nesbu Vatne\" \/>\n\t<meta name=\"twitter:label2\" content=\"Ansl. lesetid\" \/>\n\t<meta name=\"twitter:data2\" content=\"2 minutter\" \/>\n<script type=\"application\/ld+json\" class=\"yoast-schema-graph\">{\"@context\":\"https:\/\/schema.org\",\"@graph\":[{\"@type\":\"Article\",\"@id\":\"https:\/\/www.normisjon.no\/agder\/2022\/09\/15\/pafyll-for-kropp-og-sjel\/#article\",\"isPartOf\":{\"@id\":\"https:\/\/www.normisjon.no\/agder\/2022\/09\/15\/pafyll-for-kropp-og-sjel\/\"},\"author\":{\"name\":\"Kristian Nesbu Vatne\",\"@id\":\"https:\/\/www.normisjon.no\/agder\/#\/schema\/person\/eec3621bae488be8f7f670c469ffcd4a\"},\"headline\":\"P\u00e5fyll for kropp og sjel\",\"datePublished\":\"2022-09-15T11:38:14+00:00\",\"mainEntityOfPage\":{\"@id\":\"https:\/\/www.normisjon.no\/agder\/2022\/09\/15\/pafyll-for-kropp-og-sjel\/\"},\"wordCount\":229,\"publisher\":{\"@id\":\"https:\/\/www.normisjon.no\/agder\/#organization\"},\"image\":{\"@id\":\"https:\/\/www.normisjon.no\/agder\/2022\/09\/15\/pafyll-for-kropp-og-sjel\/#primaryimage\"},\"thumbnailUrl\":\"https:\/\/www.normisjon.no\/content\/uploads\/sites\/12\/2022\/09\/seniortur1.jpg\",\"keywords\":[\"senior\",\"seniorutvalget\"],\"inLanguage\":\"nb-NO\"},{\"@type\":\"WebPage\",\"@id\":\"https:\/\/www.normisjon.no\/agder\/2022\/09\/15\/pafyll-for-kropp-og-sjel\/\",\"url\":\"https:\/\/www.normisjon.no\/agder\/2022\/09\/15\/pafyll-for-kropp-og-sjel\/\",\"name\":\"P\u00e5fyll for kropp og sjel - Region Agder\",\"isPartOf\":{\"@id\":\"https:\/\/www.normisjon.no\/agder\/#website\"},\"primaryImageOfPage\":{\"@id\":\"https:\/\/www.normisjon.no\/agder\/2022\/09\/15\/pafyll-for-kropp-og-sjel\/#primaryimage\"},\"image\":{\"@id\":\"https:\/\/www.normisjon.no\/agder\/2022\/09\/15\/pafyll-for-kropp-og-sjel\/#primaryimage\"},\"thumbnailUrl\":\"https:\/\/www.normisjon.no\/content\/uploads\/sites\/12\/2022\/09\/seniortur1.jpg\",\"datePublished\":\"2022-09-15T11:38:14+00:00\",\"breadcrumb\":{\"@id\":\"https:\/\/www.normisjon.no\/agder\/2022\/09\/15\/pafyll-for-kropp-og-sjel\/#breadcrumb\"},\"inLanguage\":\"nb-NO\",\"potentialAction\":[{\"@type\":\"ReadAction\",\"target\":[\"https:\/\/www.normisjon.no\/agder\/2022\/09\/15\/pafyll-for-kropp-og-sjel\/\"]}]},{\"@type\":\"ImageObject\",\"inLanguage\":\"nb-NO\",\"@id\":\"https:\/\/www.normisjon.no\/agder\/2022\/09\/15\/pafyll-for-kropp-og-sjel\/#primaryimage\",\"url\":\"https:\/\/www.normisjon.no\/content\/uploads\/sites\/12\/2022\/09\/seniortur1.jpg\",\"contentUrl\":\"https:\/\/www.normisjon.no\/content\/uploads\/sites\/12\/2022\/09\/seniortur1.jpg\",\"width\":2048,\"height\":1536},{\"@type\":\"BreadcrumbList\",\"@id\":\"https:\/\/www.normisjon.no\/agder\/2022\/09\/15\/pafyll-for-kropp-og-sjel\/#breadcrumb\",\"itemListElement\":[{\"@type\":\"ListItem\",\"position\":1,\"name\":\"Home\",\"item\":\"https:\/\/www.normisjon.no\/agder\/\"},{\"@type\":\"ListItem\",\"position\":2,\"name\":\"P\u00e5fyll for kropp og sjel\"}]},{\"@type\":\"WebSite\",\"@id\":\"https:\/\/www.normisjon.no\/agder\/#website\",\"url\":\"https:\/\/www.normisjon.no\/agder\/\",\"name\":\"Region Agder\",\"description\":\"\",\"publisher\":{\"@id\":\"https:\/\/www.normisjon.no\/agder\/#organization\"},\"potentialAction\":[{\"@type\":\"SearchAction\",\"target\":{\"@type\":\"EntryPoint\",\"urlTemplate\":\"https:\/\/www.normisjon.no\/agder\/?s={search_term_string}\"},\"query-input\":{\"@type\":\"PropertyValueSpecification\",\"valueRequired\":true,\"valueName\":\"search_term_string\"}}],\"inLanguage\":\"nb-NO\"},{\"@type\":\"Organization\",\"@id\":\"https:\/\/www.normisjon.no\/agder\/#organization\",\"name\":\"Region Agder\",\"url\":\"https:\/\/www.normisjon.no\/agder\/\",\"logo\":{\"@type\":\"ImageObject\",\"inLanguage\":\"nb-NO\",\"@id\":\"https:\/\/www.normisjon.no\/agder\/#\/schema\/logo\/image\/\",\"url\":\"https:\/\/www.normisjon.no\/content\/uploads\/sites\/12\/2026\/01\/Region_Venstre_Agder_oransje.png\",\"contentUrl\":\"https:\/\/www.normisjon.no\/content\/uploads\/sites\/12\/2026\/01\/Region_Venstre_Agder_oransje.png\",\"width\":1921,\"height\":541,\"caption\":\"Region Agder\"},\"image\":{\"@id\":\"https:\/\/www.normisjon.no\/agder\/#\/schema\/logo\/image\/\"}},{\"@type\":\"Person\",\"@id\":\"https:\/\/www.normisjon.no\/agder\/#\/schema\/person\/eec3621bae488be8f7f670c469ffcd4a\",\"name\":\"Kristian Nesbu Vatne\",\"image\":{\"@type\":\"ImageObject\",\"inLanguage\":\"nb-NO\",\"@id\":\"https:\/\/www.normisjon.no\/agder\/#\/schema\/person\/image\/\",\"url\":\"https:\/\/secure.gravatar.com\/avatar\/7a71d5d18df9a305e7a8fa0859bf7015acad9a04a8308dea4b8705fae6daebaf?s=96&d=mm&r=g\",\"contentUrl\":\"https:\/\/secure.gravatar.com\/avatar\/7a71d5d18df9a305e7a8fa0859bf7015acad9a04a8308dea4b8705fae6daebaf?s=96&d=mm&r=g\",\"caption\":\"Kristian Nesbu Vatne\"},\"url\":\"https:\/\/www.normisjon.no\/agder\/author\/kristianagder\/\"}]}<\/script>\n<!-- \/ Yoast SEO plugin. -->","yoast_head_json":{"title":"P\u00e5fyll for kropp og sjel - Region Agder","robots":{"index":"index","follow":"follow","max-snippet":"max-snippet:-1","max-image-preview":"max-image-preview:large","max-video-preview":"max-video-preview:-1"},"canonical":"https:\/\/www.normisjon.no\/agder\/2022\/09\/15\/pafyll-for-kropp-og-sjel\/","og_locale":"nb_NO","og_type":"article","og_title":"P\u00e5fyll for kropp og sjel - Region Agder","og_description":"Nesten 70 seniorer var med p\u00e5 seniorturen til Hovdenst\u00f8yl tidlig i september. Fra hele Agder kom folk til flotte h\u00f8stdager p\u00e5 fjellet. -Her var det [&hellip;]","og_url":"https:\/\/www.normisjon.no\/agder\/2022\/09\/15\/pafyll-for-kropp-og-sjel\/","og_site_name":"Region Agder","article_published_time":"2022-09-15T11:38:14+00:00","og_image":[{"width":2048,"height":1536,"url":"https:\/\/www.normisjon.no\/content\/uploads\/sites\/12\/2022\/09\/seniortur1.jpg","type":"image\/jpeg"}],"author":"Kristian Nesbu Vatne","twitter_card":"summary_large_image","twitter_misc":{"Skrevet av":"Kristian Nesbu Vatne","Ansl. lesetid":"2 minutter"},"schema":{"@context":"https:\/\/schema.org","@graph":[{"@type":"Article","@id":"https:\/\/www.normisjon.no\/agder\/2022\/09\/15\/pafyll-for-kropp-og-sjel\/#article","isPartOf":{"@id":"https:\/\/www.normisjon.no\/agder\/2022\/09\/15\/pafyll-for-kropp-og-sjel\/"},"author":{"name":"Kristian Nesbu Vatne","@id":"https:\/\/www.normisjon.no\/agder\/#\/schema\/person\/eec3621bae488be8f7f670c469ffcd4a"},"headline":"P\u00e5fyll for kropp og sjel","datePublished":"2022-09-15T11:38:14+00:00","mainEntityOfPage":{"@id":"https:\/\/www.normisjon.no\/agder\/2022\/09\/15\/pafyll-for-kropp-og-sjel\/"},"wordCount":229,"publisher":{"@id":"https:\/\/www.normisjon.no\/agder\/#organization"},"image":{"@id":"https:\/\/www.normisjon.no\/agder\/2022\/09\/15\/pafyll-for-kropp-og-sjel\/#primaryimage"},"thumbnailUrl":"https:\/\/www.normisjon.no\/content\/uploads\/sites\/12\/2022\/09\/seniortur1.jpg","keywords":["senior","seniorutvalget"],"inLanguage":"nb-NO"},{"@type":"WebPage","@id":"https:\/\/www.normisjon.no\/agder\/2022\/09\/15\/pafyll-for-kropp-og-sjel\/","url":"https:\/\/www.normisjon.no\/agder\/2022\/09\/15\/pafyll-for-kropp-og-sjel\/","name":"P\u00e5fyll for kropp og sjel - Region Agder","isPartOf":{"@id":"https:\/\/www.normisjon.no\/agder\/#website"},"primaryImageOfPage":{"@id":"https:\/\/www.normisjon.no\/agder\/2022\/09\/15\/pafyll-for-kropp-og-sjel\/#primaryimage"},"image":{"@id":"https:\/\/www.normisjon.no\/agder\/2022\/09\/15\/pafyll-for-kropp-og-sjel\/#primaryimage"},"thumbnailUrl":"https:\/\/www.normisjon.no\/content\/uploads\/sites\/12\/2022\/09\/seniortur1.jpg","datePublished":"2022-09-15T11:38:14+00:00","breadcrumb":{"@id":"https:\/\/www.normisjon.no\/agder\/2022\/09\/15\/pafyll-for-kropp-og-sjel\/#breadcrumb"},"inLanguage":"nb-NO","potentialAction":[{"@type":"ReadAction","target":["https:\/\/www.normisjon.no\/agder\/2022\/09\/15\/pafyll-for-kropp-og-sjel\/"]}]},{"@type":"ImageObject","inLanguage":"nb-NO","@id":"https:\/\/www.normisjon.no\/agder\/2022\/09\/15\/pafyll-for-kropp-og-sjel\/#primaryimage","url":"https:\/\/www.normisjon.no\/content\/uploads\/sites\/12\/2022\/09\/seniortur1.jpg","contentUrl":"https:\/\/www.normisjon.no\/content\/uploads\/sites\/12\/2022\/09\/seniortur1.jpg","width":2048,"height":1536},{"@type":"BreadcrumbList","@id":"https:\/\/www.normisjon.no\/agder\/2022\/09\/15\/pafyll-for-kropp-og-sjel\/#breadcrumb","itemListElement":[{"@type":"ListItem","position":1,"name":"Home","item":"https:\/\/www.normisjon.no\/agder\/"},{"@type":"ListItem","position":2,"name":"P\u00e5fyll for kropp og sjel"}]},{"@type":"WebSite","@id":"https:\/\/www.normisjon.no\/agder\/#website","url":"https:\/\/www.normisjon.no\/agder\/","name":"Region Agder","description":"","publisher":{"@id":"https:\/\/www.normisjon.no\/agder\/#organization"},"potentialAction":[{"@type":"SearchAction","target":{"@type":"EntryPoint","urlTemplate":"https:\/\/www.normisjon.no\/agder\/?s={search_term_string}"},"query-input":{"@type":"PropertyValueSpecification","valueRequired":true,"valueName":"search_term_string"}}],"inLanguage":"nb-NO"},{"@type":"Organization","@id":"https:\/\/www.normisjon.no\/agder\/#organization","name":"Region Agder","url":"https:\/\/www.normisjon.no\/agder\/","logo":{"@type":"ImageObject","inLanguage":"nb-NO","@id":"https:\/\/www.normisjon.no\/agder\/#\/schema\/logo\/image\/","url":"https:\/\/www.normisjon.no\/content\/uploads\/sites\/12\/2026\/01\/Region_Venstre_Agder_oransje.png","contentUrl":"https:\/\/www.normisjon.no\/content\/uploads\/sites\/12\/2026\/01\/Region_Venstre_Agder_oransje.png","width":1921,"height":541,"caption":"Region Agder"},"image":{"@id":"https:\/\/www.normisjon.no\/agder\/#\/schema\/logo\/image\/"}},{"@type":"Person","@id":"https:\/\/www.normisjon.no\/agder\/#\/schema\/person\/eec3621bae488be8f7f670c469ffcd4a","name":"Kristian Nesbu Vatne","image":{"@type":"ImageObject","inLanguage":"nb-NO","@id":"https:\/\/www.normisjon.no\/agder\/#\/schema\/person\/image\/","url":"https:\/\/secure.gravatar.com\/avatar\/7a71d5d18df9a305e7a8fa0859bf7015acad9a04a8308dea4b8705fae6daebaf?s=96&d=mm&r=g","contentUrl":"https:\/\/secure.gravatar.com\/avatar\/7a71d5d18df9a305e7a8fa0859bf7015acad9a04a8308dea4b8705fae6daebaf?s=96&d=mm&r=g","caption":"Kristian Nesbu Vatne"},"url":"https:\/\/www.normisjon.no\/agder\/author\/kristianagder\/"}]}},"_links":{"self":[{"href":"https:\/\/www.normisjon.no\/agder\/wp-json\/wp\/v2\/posts\/3184","targetHints":{"allow":["GET"]}}],"collection":[{"href":"https:\/\/www.normisjon.no\/agder\/wp-json\/wp\/v2\/posts"}],"about":[{"href":"https:\/\/www.normisjon.no\/agder\/wp-json\/wp\/v2\/types\/post"}],"author":[{"embeddable":true,"href":"https:\/\/www.normisjon.no\/agder\/wp-json\/wp\/v2\/users\/108"}],"replies":[{"embeddable":true,"href":"https:\/\/www.normisjon.no\/agder\/wp-json\/wp\/v2\/comments?post=3184"}],"version-history":[{"count":2,"href":"https:\/\/www.normisjon.no\/agder\/wp-json\/wp\/v2\/posts\/3184\/revisions"}],"predecessor-version":[{"id":3189,"href":"https:\/\/www.normisjon.no\/agder\/wp-json\/wp\/v2\/posts\/3184\/revisions\/3189"}],"wp:featuredmedia":[{"embeddable":true,"href":"https:\/\/www.normisjon.no\/agder\/wp-json\/wp\/v2\/media\/3185"}],"wp:attachment":[{"href":"https:\/\/www.normisjon.no\/agder\/wp-json\/wp\/v2\/media?parent=3184"}],"wp:term":[{"taxonomy":"category","embeddable":true,"href":"https:\/\/www.normisjon.no\/agder\/wp-json\/wp\/v2\/categories?post=3184"},{"taxonomy":"post_tag","embeddable":true,"href":"https:\/\/www.normisjon.no\/agder\/wp-json\/wp\/v2\/tags?post=3184"}],"curies":[{"name":"wp","href":"https:\/\/api.w.org\/{rel}","templated":true}]}}