{"id":3213,"date":"2022-09-22T13:36:22","date_gmt":"2022-09-22T11:36:22","guid":{"rendered":"https:\/\/www.normisjon.no\/agder\/?p=3213"},"modified":"2022-09-22T13:40:14","modified_gmt":"2022-09-22T11:40:14","slug":"mye-a-takke-for-med-litt-vemod","status":"publish","type":"post","link":"https:\/\/www.normisjon.no\/agder\/2022\/09\/22\/mye-a-takke-for-med-litt-vemod\/","title":{"rendered":"Mye \u00e5 takke for &#8211; med litt vemod"},"content":{"rendered":"<div class=\"entry-content alignfull wp-block-post-content has-global-padding is-layout-constrained wp-block-post-content-is-layout-constrained\">\n<p>Fra 1954 har Eikely v\u00e6rt en viktig m\u00f8teplass for barn og unge p\u00e5 leir. Etter hvert fikk ogs\u00e5 voksne i alle aldre tett tilknytning til stedet. Eikely har betydd mye for mange. Det er s\u00e5 mye \u00e5 v\u00e6re takknemlig for!<\/p>\n\n\n\n<h2 class=\"wp-block-heading\">Markering  <\/h2>\n\n\n\n<p>S\u00e5 er det selvsagt ogs\u00e5 med litt vemod at vi markerer at n\u00e5 lukkes d\u00f8ren for driften ved Eikely Senter.<\/p>\n\n\n\n<p>Men vi \u00f8nsker alle velkommen til Eikely l\u00f8rdag 15. oktober kl 16.00.<\/p>\n\n\n\n<h2 class=\"wp-block-heading\">Programmet <\/h2>\n\n\n\n<ul class=\"wp-block-list\"><li>M\u00f8teledere: Ola Ketil Kvitstein (styreleder p\u00e5 Eikely) og R\u00f8nnaug Torvik (Regionstyrets leder)<\/li><li>Andakt<\/li><li>Sang av Mette Vestberg S\u00f8rensen og Roger S\u00f8rensen fra Flekker\u00f8y<\/li><li>Tilbakeblikk p\u00e5 Eikelys drift ved Halvor Torp<\/li><li>Avslutningsmarkering v\/Gunnar Urstad<\/li><li>Hva skjer i <a href=\"https:\/\/eikely.barnehage.no\/\">Eikely barnehage<\/a> framover? v\/Styrerne Anita Ravn\u00e5sen og Henrietta Louise Clark<\/li><\/ul>\n\n\n\n<p>Vi avslutter med kaffe og kaker.<br>Kollekt til Actas Barne- og ungdomsarbeid.<\/p>\n<\/div>","protected":false},"excerpt":{"rendered":"<p>Fra 1954 har Eikely v\u00e6rt en viktig m\u00f8teplass for barn og unge p\u00e5 leir. Etter hvert fikk ogs\u00e5 voksne i alle aldre tett tilknytning til [&hellip;]<\/p>\n","protected":false},"author":108,"featured_media":3057,"comment_status":"closed","ping_status":"closed","sticky":false,"template":"","format":"standard","meta":{"_acf_changed":false,"footnotes":""},"categories":[1],"tags":[],"class_list":["post-3213","post","type-post","status-publish","format-standard","has-post-thumbnail","hentry","category-ukategorisert"],"acf":[],"yoast_head":"<!-- This site is optimized with the Yoast SEO plugin v25.9 - https:\/\/yoast.com\/wordpress\/plugins\/seo\/ -->\n<title>Mye \u00e5 takke for - med litt vemod - Region Agder<\/title>\n<meta name=\"robots\" content=\"index, follow, max-snippet:-1, max-image-preview:large, max-video-preview:-1\" \/>\n<link rel=\"canonical\" href=\"https:\/\/www.normisjon.no\/agder\/2022\/09\/22\/mye-a-takke-for-med-litt-vemod\/\" \/>\n<meta property=\"og:locale\" content=\"nb_NO\" \/>\n<meta property=\"og:type\" content=\"article\" \/>\n<meta property=\"og:title\" content=\"Mye \u00e5 takke for - med litt vemod - Region Agder\" \/>\n<meta property=\"og:description\" content=\"Fra 1954 har Eikely v\u00e6rt en viktig m\u00f8teplass for barn og unge p\u00e5 leir. Etter hvert fikk ogs\u00e5 voksne i alle aldre tett tilknytning til [&hellip;]\" \/>\n<meta property=\"og:url\" content=\"https:\/\/www.normisjon.no\/agder\/2022\/09\/22\/mye-a-takke-for-med-litt-vemod\/\" \/>\n<meta property=\"og:site_name\" content=\"Region Agder\" \/>\n<meta property=\"article:published_time\" content=\"2022-09-22T11:36:22+00:00\" \/>\n<meta property=\"article:modified_time\" content=\"2022-09-22T11:40:14+00:00\" \/>\n<meta property=\"og:image\" content=\"https:\/\/www.normisjon.no\/content\/uploads\/sites\/12\/2022\/06\/Eikely-landskap1-1024x576.jpg\" \/>\n\t<meta property=\"og:image:width\" content=\"1024\" \/>\n\t<meta property=\"og:image:height\" content=\"576\" \/>\n\t<meta property=\"og:image:type\" content=\"image\/jpeg\" \/>\n<meta name=\"author\" content=\"Kristian Nesbu Vatne\" \/>\n<meta name=\"twitter:card\" content=\"summary_large_image\" \/>\n<meta name=\"twitter:label1\" content=\"Skrevet av\" \/>\n\t<meta name=\"twitter:data1\" content=\"Kristian Nesbu Vatne\" \/>\n\t<meta name=\"twitter:label2\" content=\"Ansl. lesetid\" \/>\n\t<meta name=\"twitter:data2\" content=\"1 minutt\" \/>\n<script type=\"application\/ld+json\" class=\"yoast-schema-graph\">{\"@context\":\"https:\/\/schema.org\",\"@graph\":[{\"@type\":\"Article\",\"@id\":\"https:\/\/www.normisjon.no\/agder\/2022\/09\/22\/mye-a-takke-for-med-litt-vemod\/#article\",\"isPartOf\":{\"@id\":\"https:\/\/www.normisjon.no\/agder\/2022\/09\/22\/mye-a-takke-for-med-litt-vemod\/\"},\"author\":{\"name\":\"Kristian Nesbu Vatne\",\"@id\":\"https:\/\/www.normisjon.no\/agder\/#\/schema\/person\/eec3621bae488be8f7f670c469ffcd4a\"},\"headline\":\"Mye \u00e5 takke for &#8211; med litt vemod\",\"datePublished\":\"2022-09-22T11:36:22+00:00\",\"dateModified\":\"2022-09-22T11:40:14+00:00\",\"mainEntityOfPage\":{\"@id\":\"https:\/\/www.normisjon.no\/agder\/2022\/09\/22\/mye-a-takke-for-med-litt-vemod\/\"},\"wordCount\":148,\"publisher\":{\"@id\":\"https:\/\/www.normisjon.no\/agder\/#organization\"},\"image\":{\"@id\":\"https:\/\/www.normisjon.no\/agder\/2022\/09\/22\/mye-a-takke-for-med-litt-vemod\/#primaryimage\"},\"thumbnailUrl\":\"https:\/\/www.normisjon.no\/content\/uploads\/sites\/12\/2022\/06\/Eikely-landskap1.jpg\",\"inLanguage\":\"nb-NO\"},{\"@type\":\"WebPage\",\"@id\":\"https:\/\/www.normisjon.no\/agder\/2022\/09\/22\/mye-a-takke-for-med-litt-vemod\/\",\"url\":\"https:\/\/www.normisjon.no\/agder\/2022\/09\/22\/mye-a-takke-for-med-litt-vemod\/\",\"name\":\"Mye \u00e5 takke for - med litt vemod - Region Agder\",\"isPartOf\":{\"@id\":\"https:\/\/www.normisjon.no\/agder\/#website\"},\"primaryImageOfPage\":{\"@id\":\"https:\/\/www.normisjon.no\/agder\/2022\/09\/22\/mye-a-takke-for-med-litt-vemod\/#primaryimage\"},\"image\":{\"@id\":\"https:\/\/www.normisjon.no\/agder\/2022\/09\/22\/mye-a-takke-for-med-litt-vemod\/#primaryimage\"},\"thumbnailUrl\":\"https:\/\/www.normisjon.no\/content\/uploads\/sites\/12\/2022\/06\/Eikely-landskap1.jpg\",\"datePublished\":\"2022-09-22T11:36:22+00:00\",\"dateModified\":\"2022-09-22T11:40:14+00:00\",\"breadcrumb\":{\"@id\":\"https:\/\/www.normisjon.no\/agder\/2022\/09\/22\/mye-a-takke-for-med-litt-vemod\/#breadcrumb\"},\"inLanguage\":\"nb-NO\",\"potentialAction\":[{\"@type\":\"ReadAction\",\"target\":[\"https:\/\/www.normisjon.no\/agder\/2022\/09\/22\/mye-a-takke-for-med-litt-vemod\/\"]}]},{\"@type\":\"ImageObject\",\"inLanguage\":\"nb-NO\",\"@id\":\"https:\/\/www.normisjon.no\/agder\/2022\/09\/22\/mye-a-takke-for-med-litt-vemod\/#primaryimage\",\"url\":\"https:\/\/www.normisjon.no\/content\/uploads\/sites\/12\/2022\/06\/Eikely-landskap1.jpg\",\"contentUrl\":\"https:\/\/www.normisjon.no\/content\/uploads\/sites\/12\/2022\/06\/Eikely-landskap1.jpg\",\"width\":1920,\"height\":1080},{\"@type\":\"BreadcrumbList\",\"@id\":\"https:\/\/www.normisjon.no\/agder\/2022\/09\/22\/mye-a-takke-for-med-litt-vemod\/#breadcrumb\",\"itemListElement\":[{\"@type\":\"ListItem\",\"position\":1,\"name\":\"Home\",\"item\":\"https:\/\/www.normisjon.no\/agder\/\"},{\"@type\":\"ListItem\",\"position\":2,\"name\":\"Mye \u00e5 takke for &#8211; med litt vemod\"}]},{\"@type\":\"WebSite\",\"@id\":\"https:\/\/www.normisjon.no\/agder\/#website\",\"url\":\"https:\/\/www.normisjon.no\/agder\/\",\"name\":\"Region Agder\",\"description\":\"\",\"publisher\":{\"@id\":\"https:\/\/www.normisjon.no\/agder\/#organization\"},\"potentialAction\":[{\"@type\":\"SearchAction\",\"target\":{\"@type\":\"EntryPoint\",\"urlTemplate\":\"https:\/\/www.normisjon.no\/agder\/?s={search_term_string}\"},\"query-input\":{\"@type\":\"PropertyValueSpecification\",\"valueRequired\":true,\"valueName\":\"search_term_string\"}}],\"inLanguage\":\"nb-NO\"},{\"@type\":\"Organization\",\"@id\":\"https:\/\/www.normisjon.no\/agder\/#organization\",\"name\":\"Region Agder\",\"url\":\"https:\/\/www.normisjon.no\/agder\/\",\"logo\":{\"@type\":\"ImageObject\",\"inLanguage\":\"nb-NO\",\"@id\":\"https:\/\/www.normisjon.no\/agder\/#\/schema\/logo\/image\/\",\"url\":\"https:\/\/www.normisjon.no\/content\/uploads\/sites\/12\/2026\/01\/Region_Venstre_Agder_oransje.png\",\"contentUrl\":\"https:\/\/www.normisjon.no\/content\/uploads\/sites\/12\/2026\/01\/Region_Venstre_Agder_oransje.png\",\"width\":1921,\"height\":541,\"caption\":\"Region Agder\"},\"image\":{\"@id\":\"https:\/\/www.normisjon.no\/agder\/#\/schema\/logo\/image\/\"}},{\"@type\":\"Person\",\"@id\":\"https:\/\/www.normisjon.no\/agder\/#\/schema\/person\/eec3621bae488be8f7f670c469ffcd4a\",\"name\":\"Kristian Nesbu Vatne\",\"image\":{\"@type\":\"ImageObject\",\"inLanguage\":\"nb-NO\",\"@id\":\"https:\/\/www.normisjon.no\/agder\/#\/schema\/person\/image\/\",\"url\":\"https:\/\/secure.gravatar.com\/avatar\/7a71d5d18df9a305e7a8fa0859bf7015acad9a04a8308dea4b8705fae6daebaf?s=96&d=mm&r=g\",\"contentUrl\":\"https:\/\/secure.gravatar.com\/avatar\/7a71d5d18df9a305e7a8fa0859bf7015acad9a04a8308dea4b8705fae6daebaf?s=96&d=mm&r=g\",\"caption\":\"Kristian Nesbu Vatne\"},\"url\":\"https:\/\/www.normisjon.no\/agder\/author\/kristianagder\/\"}]}<\/script>\n<!-- \/ Yoast SEO plugin. -->","yoast_head_json":{"title":"Mye \u00e5 takke for - med litt vemod - Region Agder","robots":{"index":"index","follow":"follow","max-snippet":"max-snippet:-1","max-image-preview":"max-image-preview:large","max-video-preview":"max-video-preview:-1"},"canonical":"https:\/\/www.normisjon.no\/agder\/2022\/09\/22\/mye-a-takke-for-med-litt-vemod\/","og_locale":"nb_NO","og_type":"article","og_title":"Mye \u00e5 takke for - med litt vemod - Region Agder","og_description":"Fra 1954 har Eikely v\u00e6rt en viktig m\u00f8teplass for barn og unge p\u00e5 leir. Etter hvert fikk ogs\u00e5 voksne i alle aldre tett tilknytning til [&hellip;]","og_url":"https:\/\/www.normisjon.no\/agder\/2022\/09\/22\/mye-a-takke-for-med-litt-vemod\/","og_site_name":"Region Agder","article_published_time":"2022-09-22T11:36:22+00:00","article_modified_time":"2022-09-22T11:40:14+00:00","og_image":[{"width":1024,"height":576,"url":"https:\/\/www.normisjon.no\/content\/uploads\/sites\/12\/2022\/06\/Eikely-landskap1-1024x576.jpg","type":"image\/jpeg"}],"author":"Kristian Nesbu Vatne","twitter_card":"summary_large_image","twitter_misc":{"Skrevet av":"Kristian Nesbu Vatne","Ansl. lesetid":"1 minutt"},"schema":{"@context":"https:\/\/schema.org","@graph":[{"@type":"Article","@id":"https:\/\/www.normisjon.no\/agder\/2022\/09\/22\/mye-a-takke-for-med-litt-vemod\/#article","isPartOf":{"@id":"https:\/\/www.normisjon.no\/agder\/2022\/09\/22\/mye-a-takke-for-med-litt-vemod\/"},"author":{"name":"Kristian Nesbu Vatne","@id":"https:\/\/www.normisjon.no\/agder\/#\/schema\/person\/eec3621bae488be8f7f670c469ffcd4a"},"headline":"Mye \u00e5 takke for &#8211; med litt vemod","datePublished":"2022-09-22T11:36:22+00:00","dateModified":"2022-09-22T11:40:14+00:00","mainEntityOfPage":{"@id":"https:\/\/www.normisjon.no\/agder\/2022\/09\/22\/mye-a-takke-for-med-litt-vemod\/"},"wordCount":148,"publisher":{"@id":"https:\/\/www.normisjon.no\/agder\/#organization"},"image":{"@id":"https:\/\/www.normisjon.no\/agder\/2022\/09\/22\/mye-a-takke-for-med-litt-vemod\/#primaryimage"},"thumbnailUrl":"https:\/\/www.normisjon.no\/content\/uploads\/sites\/12\/2022\/06\/Eikely-landskap1.jpg","inLanguage":"nb-NO"},{"@type":"WebPage","@id":"https:\/\/www.normisjon.no\/agder\/2022\/09\/22\/mye-a-takke-for-med-litt-vemod\/","url":"https:\/\/www.normisjon.no\/agder\/2022\/09\/22\/mye-a-takke-for-med-litt-vemod\/","name":"Mye \u00e5 takke for - med litt vemod - Region Agder","isPartOf":{"@id":"https:\/\/www.normisjon.no\/agder\/#website"},"primaryImageOfPage":{"@id":"https:\/\/www.normisjon.no\/agder\/2022\/09\/22\/mye-a-takke-for-med-litt-vemod\/#primaryimage"},"image":{"@id":"https:\/\/www.normisjon.no\/agder\/2022\/09\/22\/mye-a-takke-for-med-litt-vemod\/#primaryimage"},"thumbnailUrl":"https:\/\/www.normisjon.no\/content\/uploads\/sites\/12\/2022\/06\/Eikely-landskap1.jpg","datePublished":"2022-09-22T11:36:22+00:00","dateModified":"2022-09-22T11:40:14+00:00","breadcrumb":{"@id":"https:\/\/www.normisjon.no\/agder\/2022\/09\/22\/mye-a-takke-for-med-litt-vemod\/#breadcrumb"},"inLanguage":"nb-NO","potentialAction":[{"@type":"ReadAction","target":["https:\/\/www.normisjon.no\/agder\/2022\/09\/22\/mye-a-takke-for-med-litt-vemod\/"]}]},{"@type":"ImageObject","inLanguage":"nb-NO","@id":"https:\/\/www.normisjon.no\/agder\/2022\/09\/22\/mye-a-takke-for-med-litt-vemod\/#primaryimage","url":"https:\/\/www.normisjon.no\/content\/uploads\/sites\/12\/2022\/06\/Eikely-landskap1.jpg","contentUrl":"https:\/\/www.normisjon.no\/content\/uploads\/sites\/12\/2022\/06\/Eikely-landskap1.jpg","width":1920,"height":1080},{"@type":"BreadcrumbList","@id":"https:\/\/www.normisjon.no\/agder\/2022\/09\/22\/mye-a-takke-for-med-litt-vemod\/#breadcrumb","itemListElement":[{"@type":"ListItem","position":1,"name":"Home","item":"https:\/\/www.normisjon.no\/agder\/"},{"@type":"ListItem","position":2,"name":"Mye \u00e5 takke for &#8211; med litt vemod"}]},{"@type":"WebSite","@id":"https:\/\/www.normisjon.no\/agder\/#website","url":"https:\/\/www.normisjon.no\/agder\/","name":"Region Agder","description":"","publisher":{"@id":"https:\/\/www.normisjon.no\/agder\/#organization"},"potentialAction":[{"@type":"SearchAction","target":{"@type":"EntryPoint","urlTemplate":"https:\/\/www.normisjon.no\/agder\/?s={search_term_string}"},"query-input":{"@type":"PropertyValueSpecification","valueRequired":true,"valueName":"search_term_string"}}],"inLanguage":"nb-NO"},{"@type":"Organization","@id":"https:\/\/www.normisjon.no\/agder\/#organization","name":"Region Agder","url":"https:\/\/www.normisjon.no\/agder\/","logo":{"@type":"ImageObject","inLanguage":"nb-NO","@id":"https:\/\/www.normisjon.no\/agder\/#\/schema\/logo\/image\/","url":"https:\/\/www.normisjon.no\/content\/uploads\/sites\/12\/2026\/01\/Region_Venstre_Agder_oransje.png","contentUrl":"https:\/\/www.normisjon.no\/content\/uploads\/sites\/12\/2026\/01\/Region_Venstre_Agder_oransje.png","width":1921,"height":541,"caption":"Region Agder"},"image":{"@id":"https:\/\/www.normisjon.no\/agder\/#\/schema\/logo\/image\/"}},{"@type":"Person","@id":"https:\/\/www.normisjon.no\/agder\/#\/schema\/person\/eec3621bae488be8f7f670c469ffcd4a","name":"Kristian Nesbu Vatne","image":{"@type":"ImageObject","inLanguage":"nb-NO","@id":"https:\/\/www.normisjon.no\/agder\/#\/schema\/person\/image\/","url":"https:\/\/secure.gravatar.com\/avatar\/7a71d5d18df9a305e7a8fa0859bf7015acad9a04a8308dea4b8705fae6daebaf?s=96&d=mm&r=g","contentUrl":"https:\/\/secure.gravatar.com\/avatar\/7a71d5d18df9a305e7a8fa0859bf7015acad9a04a8308dea4b8705fae6daebaf?s=96&d=mm&r=g","caption":"Kristian Nesbu Vatne"},"url":"https:\/\/www.normisjon.no\/agder\/author\/kristianagder\/"}]}},"_links":{"self":[{"href":"https:\/\/www.normisjon.no\/agder\/wp-json\/wp\/v2\/posts\/3213","targetHints":{"allow":["GET"]}}],"collection":[{"href":"https:\/\/www.normisjon.no\/agder\/wp-json\/wp\/v2\/posts"}],"about":[{"href":"https:\/\/www.normisjon.no\/agder\/wp-json\/wp\/v2\/types\/post"}],"author":[{"embeddable":true,"href":"https:\/\/www.normisjon.no\/agder\/wp-json\/wp\/v2\/users\/108"}],"replies":[{"embeddable":true,"href":"https:\/\/www.normisjon.no\/agder\/wp-json\/wp\/v2\/comments?post=3213"}],"version-history":[{"count":3,"href":"https:\/\/www.normisjon.no\/agder\/wp-json\/wp\/v2\/posts\/3213\/revisions"}],"predecessor-version":[{"id":3217,"href":"https:\/\/www.normisjon.no\/agder\/wp-json\/wp\/v2\/posts\/3213\/revisions\/3217"}],"wp:featuredmedia":[{"embeddable":true,"href":"https:\/\/www.normisjon.no\/agder\/wp-json\/wp\/v2\/media\/3057"}],"wp:attachment":[{"href":"https:\/\/www.normisjon.no\/agder\/wp-json\/wp\/v2\/media?parent=3213"}],"wp:term":[{"taxonomy":"category","embeddable":true,"href":"https:\/\/www.normisjon.no\/agder\/wp-json\/wp\/v2\/categories?post=3213"},{"taxonomy":"post_tag","embeddable":true,"href":"https:\/\/www.normisjon.no\/agder\/wp-json\/wp\/v2\/tags?post=3213"}],"curies":[{"name":"wp","href":"https:\/\/api.w.org\/{rel}","templated":true}]}}