{"id":3298,"date":"2022-11-10T12:38:03","date_gmt":"2022-11-10T11:38:03","guid":{"rendered":"https:\/\/www.normisjon.no\/agder\/?p=3298"},"modified":"2022-11-10T12:41:35","modified_gmt":"2022-11-10T11:41:35","slug":"jolemesse-i-valle","status":"publish","type":"post","link":"https:\/\/www.normisjon.no\/agder\/2022\/11\/10\/jolemesse-i-valle\/","title":{"rendered":"Jolemesse i Valle"},"content":{"rendered":"<div class=\"entry-content alignfull wp-block-post-content has-global-padding is-layout-constrained wp-block-post-content-is-layout-constrained\">\n<figure class=\"wp-block-image size-full is-resized\"><img loading=\"lazy\" decoding=\"async\" src=\"https:\/\/www.normisjon.no\/content\/uploads\/sites\/12\/2022\/11\/Valle-julemesse.jpg\" alt=\"\" class=\"wp-image-3299\" width=\"360\" height=\"480\" srcset=\"https:\/\/www.normisjon.no\/content\/uploads\/sites\/12\/2022\/11\/Valle-julemesse.jpg 480w, https:\/\/www.normisjon.no\/content\/uploads\/sites\/12\/2022\/11\/Valle-julemesse-225x300.jpg 225w\" sizes=\"auto, (max-width: 360px) 100vw, 360px\" \/><figcaption>Ogs\u00e5 i \u00e5r har vi f\u00e5tt Dalebukse og barnestakk 4-7\u00e5r som hovedgevinstentene<\/figcaption><\/figure>\n\n\n\n<p>&#8211; Ogs\u00e5 i \u00e5r har vi f\u00e5tt Dalebukse og barnestakk 4-7\u00e5r som en av hovedgevinstentene, forteller \u00c5se Rike engasjert. <\/p>\n\n\n\n<p> L\u00f8rdag 26. november inviteres det til den tradisjonsrike <a href=\"http:\/\/www.normisjon.no\/agder\">Normisjon<\/a> julemessa i <a href=\"https:\/\/www.google.com\/maps\/place\/S%C3%86BYGGJEN+%E2%80%93+sentrumsstoga+i+Valle\/@59.2118629,7.538597,15.62z\/data=!4m5!3m4!1s0x4638e1b27ac2c33b:0x7f922e3117a6dcfa!8m2!3d59.2124747!4d7.5352547\">S\u00e6byggjen, Sentrumsstoga i Valle<\/a>.<\/p>\n\n\n\n<p>Det blir salg av suppe med eplekake til dessert, i tillegg til andre sm\u00e5kaker og kaffi. Selvf\u00f8lgelig blir det \u00e5resalg og man kan vinne kransekake, marsipankake, fruktkurver m.m. <\/p>\n\n\n\n<p>Fra Normisjon region Agder kommer Inge Flaat, Gunnar Urstad<br>og Anne Torunn Moen Wigemyr.<\/p>\n\n\n\n<p>&#8211; Alle er hjertelig velkommen, sier \u00c5se. <\/p>\n\n\n\n<h2 class=\"wp-block-heading\">Program<\/h2>\n\n\n\n<p>12.00 \u2013 \u00c5pning<\/p>\n\n\n\n<p>13.00 \u2013 Andakt<\/p>\n\n\n\n<p>16.00 \u2013 Familiem\u00f8te<\/p>\n\n\n\n<p>17.00 \u2013 Hovedtrekning<\/p>\n\n\n\n<p><\/p>\n<\/div>","protected":false},"excerpt":{"rendered":"<p>&#8211; Ogs\u00e5 i \u00e5r har vi f\u00e5tt Dalebukse og barnestakk 4-7\u00e5r som en av hovedgevinstentene, forteller \u00c5se Rike engasjert. L\u00f8rdag 26. november inviteres det til [&hellip;]<\/p>\n","protected":false},"author":108,"featured_media":3299,"comment_status":"closed","ping_status":"closed","sticky":false,"template":"","format":"standard","meta":{"_acf_changed":false,"footnotes":""},"categories":[1],"tags":[36],"class_list":["post-3298","post","type-post","status-publish","format-standard","has-post-thumbnail","hentry","category-ukategorisert","tag-julemesse"],"acf":[],"yoast_head":"<!-- This site is optimized with the Yoast SEO plugin v25.9 - https:\/\/yoast.com\/wordpress\/plugins\/seo\/ -->\n<title>Jolemesse i Valle - Region Agder<\/title>\n<meta name=\"robots\" content=\"index, follow, max-snippet:-1, max-image-preview:large, max-video-preview:-1\" \/>\n<link rel=\"canonical\" href=\"https:\/\/www.normisjon.no\/agder\/2022\/11\/10\/jolemesse-i-valle\/\" \/>\n<meta property=\"og:locale\" content=\"nb_NO\" \/>\n<meta property=\"og:type\" content=\"article\" \/>\n<meta property=\"og:title\" content=\"Jolemesse i Valle - Region Agder\" \/>\n<meta property=\"og:description\" content=\"&#8211; Ogs\u00e5 i \u00e5r har vi f\u00e5tt Dalebukse og barnestakk 4-7\u00e5r som en av hovedgevinstentene, forteller \u00c5se Rike engasjert. L\u00f8rdag 26. november inviteres det til [&hellip;]\" \/>\n<meta property=\"og:url\" content=\"https:\/\/www.normisjon.no\/agder\/2022\/11\/10\/jolemesse-i-valle\/\" \/>\n<meta property=\"og:site_name\" content=\"Region Agder\" \/>\n<meta property=\"article:published_time\" content=\"2022-11-10T11:38:03+00:00\" \/>\n<meta property=\"article:modified_time\" content=\"2022-11-10T11:41:35+00:00\" \/>\n<meta property=\"og:image\" content=\"https:\/\/www.normisjon.no\/content\/uploads\/sites\/12\/2022\/11\/Valle-julemesse.jpg\" \/>\n\t<meta property=\"og:image:width\" content=\"480\" \/>\n\t<meta property=\"og:image:height\" content=\"640\" \/>\n\t<meta property=\"og:image:type\" content=\"image\/jpeg\" \/>\n<meta name=\"author\" content=\"Kristian Nesbu Vatne\" \/>\n<meta name=\"twitter:card\" content=\"summary_large_image\" \/>\n<meta name=\"twitter:label1\" content=\"Skrevet av\" \/>\n\t<meta name=\"twitter:data1\" content=\"Kristian Nesbu Vatne\" \/>\n\t<meta name=\"twitter:label2\" content=\"Ansl. lesetid\" \/>\n\t<meta name=\"twitter:data2\" content=\"1 minutt\" \/>\n<script type=\"application\/ld+json\" class=\"yoast-schema-graph\">{\"@context\":\"https:\/\/schema.org\",\"@graph\":[{\"@type\":\"Article\",\"@id\":\"https:\/\/www.normisjon.no\/agder\/2022\/11\/10\/jolemesse-i-valle\/#article\",\"isPartOf\":{\"@id\":\"https:\/\/www.normisjon.no\/agder\/2022\/11\/10\/jolemesse-i-valle\/\"},\"author\":{\"name\":\"Kristian Nesbu Vatne\",\"@id\":\"https:\/\/www.normisjon.no\/agder\/#\/schema\/person\/eec3621bae488be8f7f670c469ffcd4a\"},\"headline\":\"Jolemesse i Valle\",\"datePublished\":\"2022-11-10T11:38:03+00:00\",\"dateModified\":\"2022-11-10T11:41:35+00:00\",\"mainEntityOfPage\":{\"@id\":\"https:\/\/www.normisjon.no\/agder\/2022\/11\/10\/jolemesse-i-valle\/\"},\"wordCount\":111,\"publisher\":{\"@id\":\"https:\/\/www.normisjon.no\/agder\/#organization\"},\"image\":{\"@id\":\"https:\/\/www.normisjon.no\/agder\/2022\/11\/10\/jolemesse-i-valle\/#primaryimage\"},\"thumbnailUrl\":\"https:\/\/www.normisjon.no\/content\/uploads\/sites\/12\/2022\/11\/Valle-julemesse.jpg\",\"keywords\":[\"julemesse\"],\"inLanguage\":\"nb-NO\"},{\"@type\":\"WebPage\",\"@id\":\"https:\/\/www.normisjon.no\/agder\/2022\/11\/10\/jolemesse-i-valle\/\",\"url\":\"https:\/\/www.normisjon.no\/agder\/2022\/11\/10\/jolemesse-i-valle\/\",\"name\":\"Jolemesse i Valle - Region Agder\",\"isPartOf\":{\"@id\":\"https:\/\/www.normisjon.no\/agder\/#website\"},\"primaryImageOfPage\":{\"@id\":\"https:\/\/www.normisjon.no\/agder\/2022\/11\/10\/jolemesse-i-valle\/#primaryimage\"},\"image\":{\"@id\":\"https:\/\/www.normisjon.no\/agder\/2022\/11\/10\/jolemesse-i-valle\/#primaryimage\"},\"thumbnailUrl\":\"https:\/\/www.normisjon.no\/content\/uploads\/sites\/12\/2022\/11\/Valle-julemesse.jpg\",\"datePublished\":\"2022-11-10T11:38:03+00:00\",\"dateModified\":\"2022-11-10T11:41:35+00:00\",\"breadcrumb\":{\"@id\":\"https:\/\/www.normisjon.no\/agder\/2022\/11\/10\/jolemesse-i-valle\/#breadcrumb\"},\"inLanguage\":\"nb-NO\",\"potentialAction\":[{\"@type\":\"ReadAction\",\"target\":[\"https:\/\/www.normisjon.no\/agder\/2022\/11\/10\/jolemesse-i-valle\/\"]}]},{\"@type\":\"ImageObject\",\"inLanguage\":\"nb-NO\",\"@id\":\"https:\/\/www.normisjon.no\/agder\/2022\/11\/10\/jolemesse-i-valle\/#primaryimage\",\"url\":\"https:\/\/www.normisjon.no\/content\/uploads\/sites\/12\/2022\/11\/Valle-julemesse.jpg\",\"contentUrl\":\"https:\/\/www.normisjon.no\/content\/uploads\/sites\/12\/2022\/11\/Valle-julemesse.jpg\",\"width\":480,\"height\":640,\"caption\":\"Ogs\u00e5 i \u00e5r har vi f\u00e5tt Dalebukse og barnestakk 4-7\u00e5r som hovedgevinstentene\"},{\"@type\":\"BreadcrumbList\",\"@id\":\"https:\/\/www.normisjon.no\/agder\/2022\/11\/10\/jolemesse-i-valle\/#breadcrumb\",\"itemListElement\":[{\"@type\":\"ListItem\",\"position\":1,\"name\":\"Home\",\"item\":\"https:\/\/www.normisjon.no\/agder\/\"},{\"@type\":\"ListItem\",\"position\":2,\"name\":\"Jolemesse i Valle\"}]},{\"@type\":\"WebSite\",\"@id\":\"https:\/\/www.normisjon.no\/agder\/#website\",\"url\":\"https:\/\/www.normisjon.no\/agder\/\",\"name\":\"Region Agder\",\"description\":\"\",\"publisher\":{\"@id\":\"https:\/\/www.normisjon.no\/agder\/#organization\"},\"potentialAction\":[{\"@type\":\"SearchAction\",\"target\":{\"@type\":\"EntryPoint\",\"urlTemplate\":\"https:\/\/www.normisjon.no\/agder\/?s={search_term_string}\"},\"query-input\":{\"@type\":\"PropertyValueSpecification\",\"valueRequired\":true,\"valueName\":\"search_term_string\"}}],\"inLanguage\":\"nb-NO\"},{\"@type\":\"Organization\",\"@id\":\"https:\/\/www.normisjon.no\/agder\/#organization\",\"name\":\"Region Agder\",\"url\":\"https:\/\/www.normisjon.no\/agder\/\",\"logo\":{\"@type\":\"ImageObject\",\"inLanguage\":\"nb-NO\",\"@id\":\"https:\/\/www.normisjon.no\/agder\/#\/schema\/logo\/image\/\",\"url\":\"https:\/\/www.normisjon.no\/content\/uploads\/sites\/12\/2026\/01\/Region_Venstre_Agder_oransje.png\",\"contentUrl\":\"https:\/\/www.normisjon.no\/content\/uploads\/sites\/12\/2026\/01\/Region_Venstre_Agder_oransje.png\",\"width\":1921,\"height\":541,\"caption\":\"Region Agder\"},\"image\":{\"@id\":\"https:\/\/www.normisjon.no\/agder\/#\/schema\/logo\/image\/\"}},{\"@type\":\"Person\",\"@id\":\"https:\/\/www.normisjon.no\/agder\/#\/schema\/person\/eec3621bae488be8f7f670c469ffcd4a\",\"name\":\"Kristian Nesbu Vatne\",\"image\":{\"@type\":\"ImageObject\",\"inLanguage\":\"nb-NO\",\"@id\":\"https:\/\/www.normisjon.no\/agder\/#\/schema\/person\/image\/\",\"url\":\"https:\/\/secure.gravatar.com\/avatar\/7a71d5d18df9a305e7a8fa0859bf7015acad9a04a8308dea4b8705fae6daebaf?s=96&d=mm&r=g\",\"contentUrl\":\"https:\/\/secure.gravatar.com\/avatar\/7a71d5d18df9a305e7a8fa0859bf7015acad9a04a8308dea4b8705fae6daebaf?s=96&d=mm&r=g\",\"caption\":\"Kristian Nesbu Vatne\"},\"url\":\"https:\/\/www.normisjon.no\/agder\/author\/kristianagder\/\"}]}<\/script>\n<!-- \/ Yoast SEO plugin. -->","yoast_head_json":{"title":"Jolemesse i Valle - Region Agder","robots":{"index":"index","follow":"follow","max-snippet":"max-snippet:-1","max-image-preview":"max-image-preview:large","max-video-preview":"max-video-preview:-1"},"canonical":"https:\/\/www.normisjon.no\/agder\/2022\/11\/10\/jolemesse-i-valle\/","og_locale":"nb_NO","og_type":"article","og_title":"Jolemesse i Valle - Region Agder","og_description":"&#8211; Ogs\u00e5 i \u00e5r har vi f\u00e5tt Dalebukse og barnestakk 4-7\u00e5r som en av hovedgevinstentene, forteller \u00c5se Rike engasjert. L\u00f8rdag 26. november inviteres det til [&hellip;]","og_url":"https:\/\/www.normisjon.no\/agder\/2022\/11\/10\/jolemesse-i-valle\/","og_site_name":"Region Agder","article_published_time":"2022-11-10T11:38:03+00:00","article_modified_time":"2022-11-10T11:41:35+00:00","og_image":[{"width":480,"height":640,"url":"https:\/\/www.normisjon.no\/content\/uploads\/sites\/12\/2022\/11\/Valle-julemesse.jpg","type":"image\/jpeg"}],"author":"Kristian Nesbu Vatne","twitter_card":"summary_large_image","twitter_misc":{"Skrevet av":"Kristian Nesbu Vatne","Ansl. lesetid":"1 minutt"},"schema":{"@context":"https:\/\/schema.org","@graph":[{"@type":"Article","@id":"https:\/\/www.normisjon.no\/agder\/2022\/11\/10\/jolemesse-i-valle\/#article","isPartOf":{"@id":"https:\/\/www.normisjon.no\/agder\/2022\/11\/10\/jolemesse-i-valle\/"},"author":{"name":"Kristian Nesbu Vatne","@id":"https:\/\/www.normisjon.no\/agder\/#\/schema\/person\/eec3621bae488be8f7f670c469ffcd4a"},"headline":"Jolemesse i Valle","datePublished":"2022-11-10T11:38:03+00:00","dateModified":"2022-11-10T11:41:35+00:00","mainEntityOfPage":{"@id":"https:\/\/www.normisjon.no\/agder\/2022\/11\/10\/jolemesse-i-valle\/"},"wordCount":111,"publisher":{"@id":"https:\/\/www.normisjon.no\/agder\/#organization"},"image":{"@id":"https:\/\/www.normisjon.no\/agder\/2022\/11\/10\/jolemesse-i-valle\/#primaryimage"},"thumbnailUrl":"https:\/\/www.normisjon.no\/content\/uploads\/sites\/12\/2022\/11\/Valle-julemesse.jpg","keywords":["julemesse"],"inLanguage":"nb-NO"},{"@type":"WebPage","@id":"https:\/\/www.normisjon.no\/agder\/2022\/11\/10\/jolemesse-i-valle\/","url":"https:\/\/www.normisjon.no\/agder\/2022\/11\/10\/jolemesse-i-valle\/","name":"Jolemesse i Valle - Region Agder","isPartOf":{"@id":"https:\/\/www.normisjon.no\/agder\/#website"},"primaryImageOfPage":{"@id":"https:\/\/www.normisjon.no\/agder\/2022\/11\/10\/jolemesse-i-valle\/#primaryimage"},"image":{"@id":"https:\/\/www.normisjon.no\/agder\/2022\/11\/10\/jolemesse-i-valle\/#primaryimage"},"thumbnailUrl":"https:\/\/www.normisjon.no\/content\/uploads\/sites\/12\/2022\/11\/Valle-julemesse.jpg","datePublished":"2022-11-10T11:38:03+00:00","dateModified":"2022-11-10T11:41:35+00:00","breadcrumb":{"@id":"https:\/\/www.normisjon.no\/agder\/2022\/11\/10\/jolemesse-i-valle\/#breadcrumb"},"inLanguage":"nb-NO","potentialAction":[{"@type":"ReadAction","target":["https:\/\/www.normisjon.no\/agder\/2022\/11\/10\/jolemesse-i-valle\/"]}]},{"@type":"ImageObject","inLanguage":"nb-NO","@id":"https:\/\/www.normisjon.no\/agder\/2022\/11\/10\/jolemesse-i-valle\/#primaryimage","url":"https:\/\/www.normisjon.no\/content\/uploads\/sites\/12\/2022\/11\/Valle-julemesse.jpg","contentUrl":"https:\/\/www.normisjon.no\/content\/uploads\/sites\/12\/2022\/11\/Valle-julemesse.jpg","width":480,"height":640,"caption":"Ogs\u00e5 i \u00e5r har vi f\u00e5tt Dalebukse og barnestakk 4-7\u00e5r som hovedgevinstentene"},{"@type":"BreadcrumbList","@id":"https:\/\/www.normisjon.no\/agder\/2022\/11\/10\/jolemesse-i-valle\/#breadcrumb","itemListElement":[{"@type":"ListItem","position":1,"name":"Home","item":"https:\/\/www.normisjon.no\/agder\/"},{"@type":"ListItem","position":2,"name":"Jolemesse i Valle"}]},{"@type":"WebSite","@id":"https:\/\/www.normisjon.no\/agder\/#website","url":"https:\/\/www.normisjon.no\/agder\/","name":"Region Agder","description":"","publisher":{"@id":"https:\/\/www.normisjon.no\/agder\/#organization"},"potentialAction":[{"@type":"SearchAction","target":{"@type":"EntryPoint","urlTemplate":"https:\/\/www.normisjon.no\/agder\/?s={search_term_string}"},"query-input":{"@type":"PropertyValueSpecification","valueRequired":true,"valueName":"search_term_string"}}],"inLanguage":"nb-NO"},{"@type":"Organization","@id":"https:\/\/www.normisjon.no\/agder\/#organization","name":"Region Agder","url":"https:\/\/www.normisjon.no\/agder\/","logo":{"@type":"ImageObject","inLanguage":"nb-NO","@id":"https:\/\/www.normisjon.no\/agder\/#\/schema\/logo\/image\/","url":"https:\/\/www.normisjon.no\/content\/uploads\/sites\/12\/2026\/01\/Region_Venstre_Agder_oransje.png","contentUrl":"https:\/\/www.normisjon.no\/content\/uploads\/sites\/12\/2026\/01\/Region_Venstre_Agder_oransje.png","width":1921,"height":541,"caption":"Region Agder"},"image":{"@id":"https:\/\/www.normisjon.no\/agder\/#\/schema\/logo\/image\/"}},{"@type":"Person","@id":"https:\/\/www.normisjon.no\/agder\/#\/schema\/person\/eec3621bae488be8f7f670c469ffcd4a","name":"Kristian Nesbu Vatne","image":{"@type":"ImageObject","inLanguage":"nb-NO","@id":"https:\/\/www.normisjon.no\/agder\/#\/schema\/person\/image\/","url":"https:\/\/secure.gravatar.com\/avatar\/7a71d5d18df9a305e7a8fa0859bf7015acad9a04a8308dea4b8705fae6daebaf?s=96&d=mm&r=g","contentUrl":"https:\/\/secure.gravatar.com\/avatar\/7a71d5d18df9a305e7a8fa0859bf7015acad9a04a8308dea4b8705fae6daebaf?s=96&d=mm&r=g","caption":"Kristian Nesbu Vatne"},"url":"https:\/\/www.normisjon.no\/agder\/author\/kristianagder\/"}]}},"_links":{"self":[{"href":"https:\/\/www.normisjon.no\/agder\/wp-json\/wp\/v2\/posts\/3298","targetHints":{"allow":["GET"]}}],"collection":[{"href":"https:\/\/www.normisjon.no\/agder\/wp-json\/wp\/v2\/posts"}],"about":[{"href":"https:\/\/www.normisjon.no\/agder\/wp-json\/wp\/v2\/types\/post"}],"author":[{"embeddable":true,"href":"https:\/\/www.normisjon.no\/agder\/wp-json\/wp\/v2\/users\/108"}],"replies":[{"embeddable":true,"href":"https:\/\/www.normisjon.no\/agder\/wp-json\/wp\/v2\/comments?post=3298"}],"version-history":[{"count":3,"href":"https:\/\/www.normisjon.no\/agder\/wp-json\/wp\/v2\/posts\/3298\/revisions"}],"predecessor-version":[{"id":3302,"href":"https:\/\/www.normisjon.no\/agder\/wp-json\/wp\/v2\/posts\/3298\/revisions\/3302"}],"wp:featuredmedia":[{"embeddable":true,"href":"https:\/\/www.normisjon.no\/agder\/wp-json\/wp\/v2\/media\/3299"}],"wp:attachment":[{"href":"https:\/\/www.normisjon.no\/agder\/wp-json\/wp\/v2\/media?parent=3298"}],"wp:term":[{"taxonomy":"category","embeddable":true,"href":"https:\/\/www.normisjon.no\/agder\/wp-json\/wp\/v2\/categories?post=3298"},{"taxonomy":"post_tag","embeddable":true,"href":"https:\/\/www.normisjon.no\/agder\/wp-json\/wp\/v2\/tags?post=3298"}],"curies":[{"name":"wp","href":"https:\/\/api.w.org\/{rel}","templated":true}]}}