{"id":4455,"date":"2023-11-13T09:03:49","date_gmt":"2023-11-13T08:03:49","guid":{"rendered":"https:\/\/www.normisjon.no\/agder\/?p=4455"},"modified":"2023-11-14T18:51:54","modified_gmt":"2023-11-14T17:51:54","slug":"ny-bok-fra-oddvar-sovik","status":"publish","type":"post","link":"https:\/\/www.normisjon.no\/agder\/2023\/11\/13\/ny-bok-fra-oddvar-sovik\/","title":{"rendered":"Ny bok fra Oddvar S\u00f8vik"},"content":{"rendered":"<div class=\"entry-content alignfull wp-block-post-content has-global-padding is-layout-constrained wp-block-post-content-is-layout-constrained\">\n<figure class=\"wp-block-image aligncenter size-large is-resized\"><img loading=\"lazy\" decoding=\"async\" src=\"https:\/\/www.normisjon.no\/content\/uploads\/sites\/12\/2023\/11\/Veien-frem-719x1024.jpg\" alt=\"\" class=\"wp-image-4456\" width=\"323\" height=\"460\" srcset=\"https:\/\/www.normisjon.no\/content\/uploads\/sites\/12\/2023\/11\/Veien-frem-719x1024.jpg 719w, https:\/\/www.normisjon.no\/content\/uploads\/sites\/12\/2023\/11\/Veien-frem-211x300.jpg 211w, https:\/\/www.normisjon.no\/content\/uploads\/sites\/12\/2023\/11\/Veien-frem-768x1093.jpg 768w, https:\/\/www.normisjon.no\/content\/uploads\/sites\/12\/2023\/11\/Veien-frem-1079x1536.jpg 1079w, https:\/\/www.normisjon.no\/content\/uploads\/sites\/12\/2023\/11\/Veien-frem-1439x2048.jpg 1439w, https:\/\/www.normisjon.no\/content\/uploads\/sites\/12\/2023\/11\/Veien-frem-1349x1920.jpg 1349w, https:\/\/www.normisjon.no\/content\/uploads\/sites\/12\/2023\/11\/Veien-frem-674x960.jpg 674w, https:\/\/www.normisjon.no\/content\/uploads\/sites\/12\/2023\/11\/Veien-frem-scaled.jpg 1798w\" sizes=\"auto, (max-width: 323px) 100vw, 323px\" \/><\/figure>\n\n\n\n<p>For noen \u00e5r siden ga Oddvar S\u00f8vik ut en liten bok som het&nbsp;<em>Veien hjem.&nbsp;<\/em>Den var ment som en veiviser til frelse, og flere har sagt ja til Jesus ved \u00e5 lese den. N\u00e5 har han kommet med en oppf\u00f8lger:&nbsp;<em>Veien frem.&nbsp;<\/em><\/p>\n\n\n\n<p>Han skriver i forordet<em>:&nbsp;<\/em>Denne lille boken er f\u00f8rst og fremst beregnet for deg som har sagt ja til Jesus for f\u00f8rste gang. Du har funnet hjem.<\/p>\n\n\n\n<p>Men \u00e5 bli frelst er b\u00e5de en begynnelse, en vei \u00e5 g\u00e5 og et m\u00e5l \u00e5 n\u00e5. Dessverre er det mange som en gang sa ja til Jesus, men som siden falt fra. For det er mye som vil hindre oss i \u00e5 fullf\u00f8re l\u00f8pet: Byrder og bekymringer, fristelser og fall, motstand og motgang. Derfor er dette ogs\u00e5 en bok for deg som har vandret en stund med Jesus. For oss alle er det viktig \u00e5 l\u00e6re hvordan vi kan bli inspirert, motivert og f\u00e5 kraft til \u00e5 holde ut og n\u00e5 frem til m\u00e5let. Det vil denne boken gi praktiske svar p\u00e5.<br><br><em>Boken er p\u00e5 80 sm\u00e5 sider og koster 75.- Kan kj\u00f8pes i kristen bokhandel eller bestilles direkte fra Oddvar S\u00f8vik. Tre stk: 200.- 5 stk: 300.-<\/em><\/p>\n<\/div>","protected":false},"excerpt":{"rendered":"<p>For noen \u00e5r siden ga Oddvar S\u00f8vik ut en liten bok som het&nbsp;Veien hjem.&nbsp;Den var ment som en veiviser til frelse, og flere har sagt [&hellip;]<\/p>\n","protected":false},"author":119,"featured_media":4456,"comment_status":"closed","ping_status":"closed","sticky":false,"template":"","format":"standard","meta":{"_acf_changed":false,"footnotes":""},"categories":[1],"tags":[],"class_list":["post-4455","post","type-post","status-publish","format-standard","has-post-thumbnail","hentry","category-ukategorisert"],"acf":[],"yoast_head":"<!-- This site is optimized with the Yoast SEO plugin v25.9 - https:\/\/yoast.com\/wordpress\/plugins\/seo\/ -->\n<title>Ny bok fra Oddvar S\u00f8vik - Region Agder<\/title>\n<meta name=\"robots\" content=\"index, follow, max-snippet:-1, max-image-preview:large, max-video-preview:-1\" \/>\n<link rel=\"canonical\" href=\"https:\/\/www.normisjon.no\/agder\/2023\/11\/13\/ny-bok-fra-oddvar-sovik\/\" \/>\n<meta property=\"og:locale\" content=\"nb_NO\" \/>\n<meta property=\"og:type\" content=\"article\" \/>\n<meta property=\"og:title\" content=\"Ny bok fra Oddvar S\u00f8vik - Region Agder\" \/>\n<meta property=\"og:description\" content=\"For noen \u00e5r siden ga Oddvar S\u00f8vik ut en liten bok som het&nbsp;Veien hjem.&nbsp;Den var ment som en veiviser til frelse, og flere har sagt [&hellip;]\" \/>\n<meta property=\"og:url\" content=\"https:\/\/www.normisjon.no\/agder\/2023\/11\/13\/ny-bok-fra-oddvar-sovik\/\" \/>\n<meta property=\"og:site_name\" content=\"Region Agder\" \/>\n<meta property=\"article:published_time\" content=\"2023-11-13T08:03:49+00:00\" \/>\n<meta property=\"article:modified_time\" content=\"2023-11-14T17:51:54+00:00\" \/>\n<meta property=\"og:image\" content=\"https:\/\/www.normisjon.no\/content\/uploads\/sites\/12\/2023\/11\/Veien-frem-scaled.jpg\" \/>\n\t<meta property=\"og:image:width\" content=\"1798\" \/>\n\t<meta property=\"og:image:height\" content=\"2560\" \/>\n\t<meta property=\"og:image:type\" content=\"image\/jpeg\" \/>\n<meta name=\"author\" content=\"Heidi Owesen Roland\" \/>\n<meta name=\"twitter:card\" content=\"summary_large_image\" \/>\n<meta name=\"twitter:label1\" content=\"Skrevet av\" \/>\n\t<meta name=\"twitter:data1\" content=\"Heidi Owesen Roland\" \/>\n\t<meta name=\"twitter:label2\" content=\"Ansl. lesetid\" \/>\n\t<meta name=\"twitter:data2\" content=\"2 minutter\" \/>\n<script type=\"application\/ld+json\" class=\"yoast-schema-graph\">{\"@context\":\"https:\/\/schema.org\",\"@graph\":[{\"@type\":\"Article\",\"@id\":\"https:\/\/www.normisjon.no\/agder\/2023\/11\/13\/ny-bok-fra-oddvar-sovik\/#article\",\"isPartOf\":{\"@id\":\"https:\/\/www.normisjon.no\/agder\/2023\/11\/13\/ny-bok-fra-oddvar-sovik\/\"},\"author\":{\"name\":\"Heidi Owesen Roland\",\"@id\":\"https:\/\/www.normisjon.no\/agder\/#\/schema\/person\/4402cbf852f507e801b7c93a150a7f9b\"},\"headline\":\"Ny bok fra Oddvar S\u00f8vik\",\"datePublished\":\"2023-11-13T08:03:49+00:00\",\"dateModified\":\"2023-11-14T17:51:54+00:00\",\"mainEntityOfPage\":{\"@id\":\"https:\/\/www.normisjon.no\/agder\/2023\/11\/13\/ny-bok-fra-oddvar-sovik\/\"},\"wordCount\":212,\"publisher\":{\"@id\":\"https:\/\/www.normisjon.no\/agder\/#organization\"},\"image\":{\"@id\":\"https:\/\/www.normisjon.no\/agder\/2023\/11\/13\/ny-bok-fra-oddvar-sovik\/#primaryimage\"},\"thumbnailUrl\":\"https:\/\/www.normisjon.no\/content\/uploads\/sites\/12\/2023\/11\/Veien-frem-scaled.jpg\",\"inLanguage\":\"nb-NO\"},{\"@type\":\"WebPage\",\"@id\":\"https:\/\/www.normisjon.no\/agder\/2023\/11\/13\/ny-bok-fra-oddvar-sovik\/\",\"url\":\"https:\/\/www.normisjon.no\/agder\/2023\/11\/13\/ny-bok-fra-oddvar-sovik\/\",\"name\":\"Ny bok fra Oddvar S\u00f8vik - Region Agder\",\"isPartOf\":{\"@id\":\"https:\/\/www.normisjon.no\/agder\/#website\"},\"primaryImageOfPage\":{\"@id\":\"https:\/\/www.normisjon.no\/agder\/2023\/11\/13\/ny-bok-fra-oddvar-sovik\/#primaryimage\"},\"image\":{\"@id\":\"https:\/\/www.normisjon.no\/agder\/2023\/11\/13\/ny-bok-fra-oddvar-sovik\/#primaryimage\"},\"thumbnailUrl\":\"https:\/\/www.normisjon.no\/content\/uploads\/sites\/12\/2023\/11\/Veien-frem-scaled.jpg\",\"datePublished\":\"2023-11-13T08:03:49+00:00\",\"dateModified\":\"2023-11-14T17:51:54+00:00\",\"breadcrumb\":{\"@id\":\"https:\/\/www.normisjon.no\/agder\/2023\/11\/13\/ny-bok-fra-oddvar-sovik\/#breadcrumb\"},\"inLanguage\":\"nb-NO\",\"potentialAction\":[{\"@type\":\"ReadAction\",\"target\":[\"https:\/\/www.normisjon.no\/agder\/2023\/11\/13\/ny-bok-fra-oddvar-sovik\/\"]}]},{\"@type\":\"ImageObject\",\"inLanguage\":\"nb-NO\",\"@id\":\"https:\/\/www.normisjon.no\/agder\/2023\/11\/13\/ny-bok-fra-oddvar-sovik\/#primaryimage\",\"url\":\"https:\/\/www.normisjon.no\/content\/uploads\/sites\/12\/2023\/11\/Veien-frem-scaled.jpg\",\"contentUrl\":\"https:\/\/www.normisjon.no\/content\/uploads\/sites\/12\/2023\/11\/Veien-frem-scaled.jpg\",\"width\":1798,\"height\":2560},{\"@type\":\"BreadcrumbList\",\"@id\":\"https:\/\/www.normisjon.no\/agder\/2023\/11\/13\/ny-bok-fra-oddvar-sovik\/#breadcrumb\",\"itemListElement\":[{\"@type\":\"ListItem\",\"position\":1,\"name\":\"Home\",\"item\":\"https:\/\/www.normisjon.no\/agder\/\"},{\"@type\":\"ListItem\",\"position\":2,\"name\":\"Ny bok fra Oddvar S\u00f8vik\"}]},{\"@type\":\"WebSite\",\"@id\":\"https:\/\/www.normisjon.no\/agder\/#website\",\"url\":\"https:\/\/www.normisjon.no\/agder\/\",\"name\":\"Region Agder\",\"description\":\"\",\"publisher\":{\"@id\":\"https:\/\/www.normisjon.no\/agder\/#organization\"},\"potentialAction\":[{\"@type\":\"SearchAction\",\"target\":{\"@type\":\"EntryPoint\",\"urlTemplate\":\"https:\/\/www.normisjon.no\/agder\/?s={search_term_string}\"},\"query-input\":{\"@type\":\"PropertyValueSpecification\",\"valueRequired\":true,\"valueName\":\"search_term_string\"}}],\"inLanguage\":\"nb-NO\"},{\"@type\":\"Organization\",\"@id\":\"https:\/\/www.normisjon.no\/agder\/#organization\",\"name\":\"Region Agder\",\"url\":\"https:\/\/www.normisjon.no\/agder\/\",\"logo\":{\"@type\":\"ImageObject\",\"inLanguage\":\"nb-NO\",\"@id\":\"https:\/\/www.normisjon.no\/agder\/#\/schema\/logo\/image\/\",\"url\":\"https:\/\/www.normisjon.no\/content\/uploads\/sites\/12\/2026\/01\/Region_Venstre_Agder_oransje.png\",\"contentUrl\":\"https:\/\/www.normisjon.no\/content\/uploads\/sites\/12\/2026\/01\/Region_Venstre_Agder_oransje.png\",\"width\":1921,\"height\":541,\"caption\":\"Region Agder\"},\"image\":{\"@id\":\"https:\/\/www.normisjon.no\/agder\/#\/schema\/logo\/image\/\"}},{\"@type\":\"Person\",\"@id\":\"https:\/\/www.normisjon.no\/agder\/#\/schema\/person\/4402cbf852f507e801b7c93a150a7f9b\",\"name\":\"Heidi Owesen Roland\",\"image\":{\"@type\":\"ImageObject\",\"inLanguage\":\"nb-NO\",\"@id\":\"https:\/\/www.normisjon.no\/agder\/#\/schema\/person\/image\/\",\"url\":\"https:\/\/secure.gravatar.com\/avatar\/73e9ce411d817ace0a4f509642e616c62aa7379f85b3b4c193446419be9b5532?s=96&d=mm&r=g\",\"contentUrl\":\"https:\/\/secure.gravatar.com\/avatar\/73e9ce411d817ace0a4f509642e616c62aa7379f85b3b4c193446419be9b5532?s=96&d=mm&r=g\",\"caption\":\"Heidi Owesen Roland\"},\"url\":\"https:\/\/www.normisjon.no\/agder\/author\/heidiroland\/\"}]}<\/script>\n<!-- \/ Yoast SEO plugin. -->","yoast_head_json":{"title":"Ny bok fra Oddvar S\u00f8vik - Region Agder","robots":{"index":"index","follow":"follow","max-snippet":"max-snippet:-1","max-image-preview":"max-image-preview:large","max-video-preview":"max-video-preview:-1"},"canonical":"https:\/\/www.normisjon.no\/agder\/2023\/11\/13\/ny-bok-fra-oddvar-sovik\/","og_locale":"nb_NO","og_type":"article","og_title":"Ny bok fra Oddvar S\u00f8vik - Region Agder","og_description":"For noen \u00e5r siden ga Oddvar S\u00f8vik ut en liten bok som het&nbsp;Veien hjem.&nbsp;Den var ment som en veiviser til frelse, og flere har sagt [&hellip;]","og_url":"https:\/\/www.normisjon.no\/agder\/2023\/11\/13\/ny-bok-fra-oddvar-sovik\/","og_site_name":"Region Agder","article_published_time":"2023-11-13T08:03:49+00:00","article_modified_time":"2023-11-14T17:51:54+00:00","og_image":[{"width":1798,"height":2560,"url":"https:\/\/www.normisjon.no\/content\/uploads\/sites\/12\/2023\/11\/Veien-frem-scaled.jpg","type":"image\/jpeg"}],"author":"Heidi Owesen Roland","twitter_card":"summary_large_image","twitter_misc":{"Skrevet av":"Heidi Owesen Roland","Ansl. lesetid":"2 minutter"},"schema":{"@context":"https:\/\/schema.org","@graph":[{"@type":"Article","@id":"https:\/\/www.normisjon.no\/agder\/2023\/11\/13\/ny-bok-fra-oddvar-sovik\/#article","isPartOf":{"@id":"https:\/\/www.normisjon.no\/agder\/2023\/11\/13\/ny-bok-fra-oddvar-sovik\/"},"author":{"name":"Heidi Owesen Roland","@id":"https:\/\/www.normisjon.no\/agder\/#\/schema\/person\/4402cbf852f507e801b7c93a150a7f9b"},"headline":"Ny bok fra Oddvar S\u00f8vik","datePublished":"2023-11-13T08:03:49+00:00","dateModified":"2023-11-14T17:51:54+00:00","mainEntityOfPage":{"@id":"https:\/\/www.normisjon.no\/agder\/2023\/11\/13\/ny-bok-fra-oddvar-sovik\/"},"wordCount":212,"publisher":{"@id":"https:\/\/www.normisjon.no\/agder\/#organization"},"image":{"@id":"https:\/\/www.normisjon.no\/agder\/2023\/11\/13\/ny-bok-fra-oddvar-sovik\/#primaryimage"},"thumbnailUrl":"https:\/\/www.normisjon.no\/content\/uploads\/sites\/12\/2023\/11\/Veien-frem-scaled.jpg","inLanguage":"nb-NO"},{"@type":"WebPage","@id":"https:\/\/www.normisjon.no\/agder\/2023\/11\/13\/ny-bok-fra-oddvar-sovik\/","url":"https:\/\/www.normisjon.no\/agder\/2023\/11\/13\/ny-bok-fra-oddvar-sovik\/","name":"Ny bok fra Oddvar S\u00f8vik - Region Agder","isPartOf":{"@id":"https:\/\/www.normisjon.no\/agder\/#website"},"primaryImageOfPage":{"@id":"https:\/\/www.normisjon.no\/agder\/2023\/11\/13\/ny-bok-fra-oddvar-sovik\/#primaryimage"},"image":{"@id":"https:\/\/www.normisjon.no\/agder\/2023\/11\/13\/ny-bok-fra-oddvar-sovik\/#primaryimage"},"thumbnailUrl":"https:\/\/www.normisjon.no\/content\/uploads\/sites\/12\/2023\/11\/Veien-frem-scaled.jpg","datePublished":"2023-11-13T08:03:49+00:00","dateModified":"2023-11-14T17:51:54+00:00","breadcrumb":{"@id":"https:\/\/www.normisjon.no\/agder\/2023\/11\/13\/ny-bok-fra-oddvar-sovik\/#breadcrumb"},"inLanguage":"nb-NO","potentialAction":[{"@type":"ReadAction","target":["https:\/\/www.normisjon.no\/agder\/2023\/11\/13\/ny-bok-fra-oddvar-sovik\/"]}]},{"@type":"ImageObject","inLanguage":"nb-NO","@id":"https:\/\/www.normisjon.no\/agder\/2023\/11\/13\/ny-bok-fra-oddvar-sovik\/#primaryimage","url":"https:\/\/www.normisjon.no\/content\/uploads\/sites\/12\/2023\/11\/Veien-frem-scaled.jpg","contentUrl":"https:\/\/www.normisjon.no\/content\/uploads\/sites\/12\/2023\/11\/Veien-frem-scaled.jpg","width":1798,"height":2560},{"@type":"BreadcrumbList","@id":"https:\/\/www.normisjon.no\/agder\/2023\/11\/13\/ny-bok-fra-oddvar-sovik\/#breadcrumb","itemListElement":[{"@type":"ListItem","position":1,"name":"Home","item":"https:\/\/www.normisjon.no\/agder\/"},{"@type":"ListItem","position":2,"name":"Ny bok fra Oddvar S\u00f8vik"}]},{"@type":"WebSite","@id":"https:\/\/www.normisjon.no\/agder\/#website","url":"https:\/\/www.normisjon.no\/agder\/","name":"Region Agder","description":"","publisher":{"@id":"https:\/\/www.normisjon.no\/agder\/#organization"},"potentialAction":[{"@type":"SearchAction","target":{"@type":"EntryPoint","urlTemplate":"https:\/\/www.normisjon.no\/agder\/?s={search_term_string}"},"query-input":{"@type":"PropertyValueSpecification","valueRequired":true,"valueName":"search_term_string"}}],"inLanguage":"nb-NO"},{"@type":"Organization","@id":"https:\/\/www.normisjon.no\/agder\/#organization","name":"Region Agder","url":"https:\/\/www.normisjon.no\/agder\/","logo":{"@type":"ImageObject","inLanguage":"nb-NO","@id":"https:\/\/www.normisjon.no\/agder\/#\/schema\/logo\/image\/","url":"https:\/\/www.normisjon.no\/content\/uploads\/sites\/12\/2026\/01\/Region_Venstre_Agder_oransje.png","contentUrl":"https:\/\/www.normisjon.no\/content\/uploads\/sites\/12\/2026\/01\/Region_Venstre_Agder_oransje.png","width":1921,"height":541,"caption":"Region Agder"},"image":{"@id":"https:\/\/www.normisjon.no\/agder\/#\/schema\/logo\/image\/"}},{"@type":"Person","@id":"https:\/\/www.normisjon.no\/agder\/#\/schema\/person\/4402cbf852f507e801b7c93a150a7f9b","name":"Heidi Owesen Roland","image":{"@type":"ImageObject","inLanguage":"nb-NO","@id":"https:\/\/www.normisjon.no\/agder\/#\/schema\/person\/image\/","url":"https:\/\/secure.gravatar.com\/avatar\/73e9ce411d817ace0a4f509642e616c62aa7379f85b3b4c193446419be9b5532?s=96&d=mm&r=g","contentUrl":"https:\/\/secure.gravatar.com\/avatar\/73e9ce411d817ace0a4f509642e616c62aa7379f85b3b4c193446419be9b5532?s=96&d=mm&r=g","caption":"Heidi Owesen Roland"},"url":"https:\/\/www.normisjon.no\/agder\/author\/heidiroland\/"}]}},"_links":{"self":[{"href":"https:\/\/www.normisjon.no\/agder\/wp-json\/wp\/v2\/posts\/4455","targetHints":{"allow":["GET"]}}],"collection":[{"href":"https:\/\/www.normisjon.no\/agder\/wp-json\/wp\/v2\/posts"}],"about":[{"href":"https:\/\/www.normisjon.no\/agder\/wp-json\/wp\/v2\/types\/post"}],"author":[{"embeddable":true,"href":"https:\/\/www.normisjon.no\/agder\/wp-json\/wp\/v2\/users\/119"}],"replies":[{"embeddable":true,"href":"https:\/\/www.normisjon.no\/agder\/wp-json\/wp\/v2\/comments?post=4455"}],"version-history":[{"count":5,"href":"https:\/\/www.normisjon.no\/agder\/wp-json\/wp\/v2\/posts\/4455\/revisions"}],"predecessor-version":[{"id":4496,"href":"https:\/\/www.normisjon.no\/agder\/wp-json\/wp\/v2\/posts\/4455\/revisions\/4496"}],"wp:featuredmedia":[{"embeddable":true,"href":"https:\/\/www.normisjon.no\/agder\/wp-json\/wp\/v2\/media\/4456"}],"wp:attachment":[{"href":"https:\/\/www.normisjon.no\/agder\/wp-json\/wp\/v2\/media?parent=4455"}],"wp:term":[{"taxonomy":"category","embeddable":true,"href":"https:\/\/www.normisjon.no\/agder\/wp-json\/wp\/v2\/categories?post=4455"},{"taxonomy":"post_tag","embeddable":true,"href":"https:\/\/www.normisjon.no\/agder\/wp-json\/wp\/v2\/tags?post=4455"}],"curies":[{"name":"wp","href":"https:\/\/api.w.org\/{rel}","templated":true}]}}