{"id":4743,"date":"2024-03-14T11:23:05","date_gmt":"2024-03-14T10:23:05","guid":{"rendered":"https:\/\/www.normisjon.no\/agder\/?p=4743"},"modified":"2024-03-14T11:54:48","modified_gmt":"2024-03-14T10:54:48","slug":"pa-veien-med-paskebudskapet","status":"publish","type":"post","link":"https:\/\/www.normisjon.no\/agder\/2024\/03\/14\/pa-veien-med-paskebudskapet\/","title":{"rendered":"P\u00e5 veien med p\u00e5skebudskapet"},"content":{"rendered":"<div class=\"entry-content alignfull wp-block-post-content has-global-padding is-layout-constrained wp-block-post-content-is-layout-constrained\">\n<figure class=\"wp-block-image aligncenter size-large is-resized\"><img loading=\"lazy\" decoding=\"async\" src=\"https:\/\/www.normisjon.no\/content\/uploads\/sites\/12\/2024\/03\/IMG_7822-1024x768.jpeg\" alt=\"\" class=\"wp-image-4760\" width=\"714\" height=\"536\" srcset=\"https:\/\/www.normisjon.no\/content\/uploads\/sites\/12\/2024\/03\/IMG_7822-1024x768.jpeg 1024w, https:\/\/www.normisjon.no\/content\/uploads\/sites\/12\/2024\/03\/IMG_7822-300x225.jpeg 300w, https:\/\/www.normisjon.no\/content\/uploads\/sites\/12\/2024\/03\/IMG_7822-768x576.jpeg 768w, https:\/\/www.normisjon.no\/content\/uploads\/sites\/12\/2024\/03\/IMG_7822-1536x1152.jpeg 1536w, https:\/\/www.normisjon.no\/content\/uploads\/sites\/12\/2024\/03\/IMG_7822-2048x1536.jpeg 2048w, https:\/\/www.normisjon.no\/content\/uploads\/sites\/12\/2024\/03\/IMG_7822-1920x1440.jpeg 1920w, https:\/\/www.normisjon.no\/content\/uploads\/sites\/12\/2024\/03\/IMG_7822-1360x1020.jpeg 1360w, https:\/\/www.normisjon.no\/content\/uploads\/sites\/12\/2024\/03\/IMG_7822-960x720.jpeg 960w\" sizes=\"auto, (max-width: 714px) 100vw, 714px\" \/><\/figure>\n\n\n\n<h6 class=\"wp-block-heading\"><em>Tekst og foto: Heidi.O Roland  Publisert: 14.03.2<\/em><strong>4<\/strong><br><\/h6>\n\n\n\n<p>5.mars gikk startskuddet for \u00e5rets p\u00e5sketurn\u00e9 for Hildegunn Reigstad Garness og Ingelinn Garness. F\u00f8rste konsert ble holdt i Norkirken Grimstad, de skal innom blant annet S\u00f8gne, Skien, Kulturkirken Jakob i Oslo, Kvernaland, Norheimsund og Geilo. G\u00e5ten om korset har de turnert rundt med flere ganger, f\u00f8rstegang i 2019. Da var responsen overveldende. Dette er et prosjekt som er et samarbeid mellom Stefanusalliansen, forfatter Jostein \u00d8rum og duoen Garness.<\/p>\n\n\n\n<p>Om konserten skriver Steffanusalliansen f\u00f8lgende;<\/p>\n\n\n\n<p><em>&laquo;14 sanger som drar oss n\u00e6rmere p\u00e5skens grensesprengende budskap \u2013 og g\u00e5ten om korset!&raquo;<\/em><\/p>\n\n\n\n<p>Videre skriver de;<em> &laquo;Sammen har de skapt et sterkt og gripende verk som utvilsomt vil ber\u00f8re mange og leve lenge. \u00d8rum har sagt at \u00abG\u00e5ten om korset\u00bb har tre perspektiver: For det f\u00f8rste er de fortellinger om personer som m\u00f8tte Jesus i hans siste uke. For det andre har de i seg et ekko fra den lidende kirke og de som betaler en pris for \u00e5 tro p\u00e5 Gud. For det tredje rommer de v\u00e5r tro og v\u00e5rt liv i dag. Disse perspektivene er vevet sammen i en troverdig helhet i Garness\u2019 musikk og \u00d8rums tekster.&raquo;<\/em><\/p>\n\n\n\n<p>Jostein \u00d8rum var til stede under konserten i Norkirken Grimstad, vi lurte p\u00e5 hvordan det er \u00e5 se sine egne tekster komme til liv igjennom musikken til Garness.<\/p>\n\n\n\n<figure class=\"wp-block-image aligncenter size-large is-resized\"><img loading=\"lazy\" decoding=\"async\" src=\"https:\/\/www.normisjon.no\/content\/uploads\/sites\/12\/2024\/03\/IMG_7839-768x1024.jpeg\" alt=\"\" class=\"wp-image-4746\" width=\"346\" height=\"462\" srcset=\"https:\/\/www.normisjon.no\/content\/uploads\/sites\/12\/2024\/03\/IMG_7839-768x1024.jpeg 768w, https:\/\/www.normisjon.no\/content\/uploads\/sites\/12\/2024\/03\/IMG_7839-225x300.jpeg 225w, https:\/\/www.normisjon.no\/content\/uploads\/sites\/12\/2024\/03\/IMG_7839-1152x1536.jpeg 1152w, https:\/\/www.normisjon.no\/content\/uploads\/sites\/12\/2024\/03\/IMG_7839-1536x2048.jpeg 1536w, https:\/\/www.normisjon.no\/content\/uploads\/sites\/12\/2024\/03\/IMG_7839-scaled.jpeg 1920w, https:\/\/www.normisjon.no\/content\/uploads\/sites\/12\/2024\/03\/IMG_7839-1360x1813.jpeg 1360w, https:\/\/www.normisjon.no\/content\/uploads\/sites\/12\/2024\/03\/IMG_7839-1440x1920.jpeg 1440w, https:\/\/www.normisjon.no\/content\/uploads\/sites\/12\/2024\/03\/IMG_7839-720x960.jpeg 720w\" sizes=\"auto, (max-width: 346px) 100vw, 346px\" \/><\/figure>\n\n\n\n<p><em>&laquo;Det er stort. Jeg m\u00e5 innr\u00f8mme at jeg blir litt stolt, for jeg kan st\u00e5 for disse tekstene, og det er veldig fint \u00e5 se og h\u00f8re innpakningen Garness har gitt det, sammen med de gode musikerne sine. Jeg er skikkelig imponert over det de gj\u00f8r.&raquo;<\/em><\/p>\n\n\n\n<p>\u00d8rum hadde i mange \u00e5r g\u00e5tt og ruget p\u00e5 om han skulle ta en p\u00e5skebok han hadde skrevet, <em>De som s\u00e5 ham <\/em>over i det musikalske.<\/p>\n\n\n\n<p><em>&laquo;Det ligger s\u00e5 mye musikkpotensiale i fortellingen om Jesu siste uke \u2013 og de menneskene som var \u00f8yenvitner til dette. Og hvem kunne gj\u00f8re dette bedre enn Garness? Jeg ble veldig glad da de s\u00e5 de samme mulighetene. Samtidig ville jeg blande Jesu lidelsesfortelling sammen med fortellingen om den lidende kirken i verden i dag. Derfor ble det viktig for meg \u00e5 f\u00e5 med Stefanusalliansen p\u00e5 prosjektet ogs\u00e5. Den organisasjonen har en veldig god sak, og jeg er stolt av \u00e5 samarbeide med dem om dette og andre ting.&nbsp;&laquo;<\/em><\/p>\n\n\n\n<p>P\u00e5 sp\u00f8rsm\u00e5l om hva han \u00f8nsker \u00e5 formidle med disse tekstene svarer \u00d8rum;<\/p>\n\n\n\n<p><em>&laquo;Et sant gudsbilde, en tro som ikke er enkel, en Gud som valgte lidelsens vei og et h\u00e5p som er ekte.&raquo;<\/em><\/p>\n\n\n\n<p><em><strong>Hva vil du at folk skal ta med seg etter \u00e5 ha v\u00e6rt p\u00e5 G\u00e5ten av korset?&nbsp;<\/strong><\/em><\/p>\n\n\n\n<p><em>&laquo;At de blir beveget og vekket i troen p\u00e5 han som er b\u00e5de langfredagens Gud og p\u00e5skedagens Gud. Og like mye at folk blir minnet p\u00e5 at kirken i verden er mye st\u00f8rre og mye finere enn vi f\u00f8rst trodde, men at den ogs\u00e5 bl\u00f8r.&raquo;<\/em><\/p>\n\n\n\n<p>P\u00e5 \u00e5rets turn\u00e9 har de som vanlig Torjus Vierli p\u00e5 tangenter, bass og vokal, og Thomas Gallatin p\u00e5 trommer og vokal.<\/p>\n\n\n\n<figure class=\"wp-block-image aligncenter size-large is-resized\"><img loading=\"lazy\" decoding=\"async\" src=\"https:\/\/www.normisjon.no\/content\/uploads\/sites\/12\/2024\/03\/garness-1024x768.jpeg\" alt=\"\" class=\"wp-image-4773\" width=\"509\" height=\"382\" srcset=\"https:\/\/www.normisjon.no\/content\/uploads\/sites\/12\/2024\/03\/garness-1024x768.jpeg 1024w, https:\/\/www.normisjon.no\/content\/uploads\/sites\/12\/2024\/03\/garness-300x225.jpeg 300w, https:\/\/www.normisjon.no\/content\/uploads\/sites\/12\/2024\/03\/garness-768x576.jpeg 768w, https:\/\/www.normisjon.no\/content\/uploads\/sites\/12\/2024\/03\/garness-1360x1020.jpeg 1360w, https:\/\/www.normisjon.no\/content\/uploads\/sites\/12\/2024\/03\/garness-960x720.jpeg 960w, https:\/\/www.normisjon.no\/content\/uploads\/sites\/12\/2024\/03\/garness.jpeg 1440w\" sizes=\"auto, (max-width: 509px) 100vw, 509px\" \/><figcaption class=\"wp-element-caption\">Bildekilde: Garness egen facebookside.<\/figcaption><\/figure>\n\n\n\n<p>F\u00f8r turn\u00e9 start var de gjester i God helg p\u00e5 TVL. Der snakket de blant annet om at G\u00e5ten om korset inneholder 3 perspektiv, Hildegunn forteller;<\/p>\n\n\n\n<p><em>&laquo;For det f\u00f8rste er det jo dramaturgien i p\u00e5skefortellingen, og den er jo spennende. S\u00e5 vi g\u00e5r fra palmes\u00f8ndag til oppstandelsen. Men s\u00e5 har vi og dette ekkoet fra den lidende kirken i verden som blir vevd veldig fint inn gjennom Jostein sine tekster, og deltagelsen til Stefanusalliansen i konserten. S\u00e5 er det og rom for v\u00e5r egen tro, v\u00e5rt liv i dag og kirken i dag. S\u00e5 de 3 tr\u00e5dene g\u00e5r liksom parallelt.&raquo;<\/em><\/p>\n\n\n\n<figure class=\"wp-block-image aligncenter size-large is-resized\"><img loading=\"lazy\" decoding=\"async\" src=\"https:\/\/www.normisjon.no\/content\/uploads\/sites\/12\/2024\/03\/IMG_7816-1-1024x531.jpeg\" alt=\"\" class=\"wp-image-4775\" width=\"672\" height=\"348\" srcset=\"https:\/\/www.normisjon.no\/content\/uploads\/sites\/12\/2024\/03\/IMG_7816-1-1024x531.jpeg 1024w, https:\/\/www.normisjon.no\/content\/uploads\/sites\/12\/2024\/03\/IMG_7816-1-300x155.jpeg 300w, https:\/\/www.normisjon.no\/content\/uploads\/sites\/12\/2024\/03\/IMG_7816-1-768x398.jpeg 768w, https:\/\/www.normisjon.no\/content\/uploads\/sites\/12\/2024\/03\/IMG_7816-1-1536x796.jpeg 1536w, https:\/\/www.normisjon.no\/content\/uploads\/sites\/12\/2024\/03\/IMG_7816-1-2048x1061.jpeg 2048w, https:\/\/www.normisjon.no\/content\/uploads\/sites\/12\/2024\/03\/IMG_7816-1-1920x995.jpeg 1920w, https:\/\/www.normisjon.no\/content\/uploads\/sites\/12\/2024\/03\/IMG_7816-1-1360x705.jpeg 1360w, https:\/\/www.normisjon.no\/content\/uploads\/sites\/12\/2024\/03\/IMG_7816-1-960x498.jpeg 960w\" sizes=\"auto, (max-width: 672px) 100vw, 672px\" \/><\/figure>\n\n\n\n<p>Responsen de har f\u00e5tt de tidligere \u00e5r er at det er noe som folk liker.<\/p>\n\n\n\n<p><em>&laquo;Det er tydelig at det er noe som treffer og at det er noe viktig \u00e5 l\u00f8fte fram, det er jo kjernen i det kristne budskapet. S\u00e5 synes jeg Jostein \u00d8rum er flink til \u00e5 p\u00e5 en m\u00e5te vinkle det litt p\u00e5 nye m\u00e5ter, slik at man f\u00e5r noen s\u00e5nne aha-opplevelser innimellom.&raquo;<\/em> forteller Ingelinn programlederne Rune Bratseth og Anette Jahr i TVL.<\/p>\n\n\n\n<p>G\u00e5ten om korset spilles denne helgen i Norheimsund fredag og Knarvik l\u00f8rdag f\u00f8r den avsluttes 26.mars i Geilo kulturkirke.<\/p>\n<\/div>","protected":false},"excerpt":{"rendered":"<p>Tekst og foto: Heidi.O Roland Publisert: 14.03.24 5.mars gikk startskuddet for \u00e5rets p\u00e5sketurn\u00e9 for Hildegunn Reigstad Garness og Ingelinn Garness. F\u00f8rste konsert ble holdt i [&hellip;]<\/p>\n","protected":false},"author":119,"featured_media":4766,"comment_status":"closed","ping_status":"closed","sticky":false,"template":"","format":"standard","meta":{"_acf_changed":false,"footnotes":""},"categories":[1],"tags":[],"class_list":["post-4743","post","type-post","status-publish","format-standard","has-post-thumbnail","hentry","category-ukategorisert"],"acf":[],"yoast_head":"<!-- This site is optimized with the Yoast SEO plugin v25.9 - https:\/\/yoast.com\/wordpress\/plugins\/seo\/ -->\n<title>P\u00e5 veien med p\u00e5skebudskapet - Region Agder<\/title>\n<meta name=\"robots\" content=\"index, follow, max-snippet:-1, max-image-preview:large, max-video-preview:-1\" \/>\n<link rel=\"canonical\" href=\"https:\/\/www.normisjon.no\/agder\/2024\/03\/14\/pa-veien-med-paskebudskapet\/\" \/>\n<meta property=\"og:locale\" content=\"nb_NO\" \/>\n<meta property=\"og:type\" content=\"article\" \/>\n<meta property=\"og:title\" content=\"P\u00e5 veien med p\u00e5skebudskapet - Region Agder\" \/>\n<meta property=\"og:description\" content=\"Tekst og foto: Heidi.O Roland Publisert: 14.03.24 5.mars gikk startskuddet for \u00e5rets p\u00e5sketurn\u00e9 for Hildegunn Reigstad Garness og Ingelinn Garness. F\u00f8rste konsert ble holdt i [&hellip;]\" \/>\n<meta property=\"og:url\" content=\"https:\/\/www.normisjon.no\/agder\/2024\/03\/14\/pa-veien-med-paskebudskapet\/\" \/>\n<meta property=\"og:site_name\" content=\"Region Agder\" \/>\n<meta property=\"article:published_time\" content=\"2024-03-14T10:23:05+00:00\" \/>\n<meta property=\"article:modified_time\" content=\"2024-03-14T10:54:48+00:00\" \/>\n<meta property=\"og:image\" content=\"https:\/\/www.normisjon.no\/content\/uploads\/sites\/12\/2024\/03\/IMG_7816-scaled.jpeg\" \/>\n\t<meta property=\"og:image:width\" content=\"2560\" \/>\n\t<meta property=\"og:image:height\" content=\"1920\" \/>\n\t<meta property=\"og:image:type\" content=\"image\/jpeg\" \/>\n<meta name=\"author\" content=\"Heidi Owesen Roland\" \/>\n<meta name=\"twitter:card\" content=\"summary_large_image\" \/>\n<meta name=\"twitter:label1\" content=\"Skrevet av\" \/>\n\t<meta name=\"twitter:data1\" content=\"Heidi Owesen Roland\" \/>\n\t<meta name=\"twitter:label2\" content=\"Ansl. lesetid\" \/>\n\t<meta name=\"twitter:data2\" content=\"5 minutter\" \/>\n<script type=\"application\/ld+json\" class=\"yoast-schema-graph\">{\"@context\":\"https:\/\/schema.org\",\"@graph\":[{\"@type\":\"Article\",\"@id\":\"https:\/\/www.normisjon.no\/agder\/2024\/03\/14\/pa-veien-med-paskebudskapet\/#article\",\"isPartOf\":{\"@id\":\"https:\/\/www.normisjon.no\/agder\/2024\/03\/14\/pa-veien-med-paskebudskapet\/\"},\"author\":{\"name\":\"Heidi Owesen Roland\",\"@id\":\"https:\/\/www.normisjon.no\/agder\/#\/schema\/person\/4402cbf852f507e801b7c93a150a7f9b\"},\"headline\":\"P\u00e5 veien med p\u00e5skebudskapet\",\"datePublished\":\"2024-03-14T10:23:05+00:00\",\"dateModified\":\"2024-03-14T10:54:48+00:00\",\"mainEntityOfPage\":{\"@id\":\"https:\/\/www.normisjon.no\/agder\/2024\/03\/14\/pa-veien-med-paskebudskapet\/\"},\"wordCount\":738,\"publisher\":{\"@id\":\"https:\/\/www.normisjon.no\/agder\/#organization\"},\"image\":{\"@id\":\"https:\/\/www.normisjon.no\/agder\/2024\/03\/14\/pa-veien-med-paskebudskapet\/#primaryimage\"},\"thumbnailUrl\":\"https:\/\/www.normisjon.no\/content\/uploads\/sites\/12\/2024\/03\/IMG_7816-scaled.jpeg\",\"inLanguage\":\"nb-NO\"},{\"@type\":\"WebPage\",\"@id\":\"https:\/\/www.normisjon.no\/agder\/2024\/03\/14\/pa-veien-med-paskebudskapet\/\",\"url\":\"https:\/\/www.normisjon.no\/agder\/2024\/03\/14\/pa-veien-med-paskebudskapet\/\",\"name\":\"P\u00e5 veien med p\u00e5skebudskapet - Region Agder\",\"isPartOf\":{\"@id\":\"https:\/\/www.normisjon.no\/agder\/#website\"},\"primaryImageOfPage\":{\"@id\":\"https:\/\/www.normisjon.no\/agder\/2024\/03\/14\/pa-veien-med-paskebudskapet\/#primaryimage\"},\"image\":{\"@id\":\"https:\/\/www.normisjon.no\/agder\/2024\/03\/14\/pa-veien-med-paskebudskapet\/#primaryimage\"},\"thumbnailUrl\":\"https:\/\/www.normisjon.no\/content\/uploads\/sites\/12\/2024\/03\/IMG_7816-scaled.jpeg\",\"datePublished\":\"2024-03-14T10:23:05+00:00\",\"dateModified\":\"2024-03-14T10:54:48+00:00\",\"breadcrumb\":{\"@id\":\"https:\/\/www.normisjon.no\/agder\/2024\/03\/14\/pa-veien-med-paskebudskapet\/#breadcrumb\"},\"inLanguage\":\"nb-NO\",\"potentialAction\":[{\"@type\":\"ReadAction\",\"target\":[\"https:\/\/www.normisjon.no\/agder\/2024\/03\/14\/pa-veien-med-paskebudskapet\/\"]}]},{\"@type\":\"ImageObject\",\"inLanguage\":\"nb-NO\",\"@id\":\"https:\/\/www.normisjon.no\/agder\/2024\/03\/14\/pa-veien-med-paskebudskapet\/#primaryimage\",\"url\":\"https:\/\/www.normisjon.no\/content\/uploads\/sites\/12\/2024\/03\/IMG_7816-scaled.jpeg\",\"contentUrl\":\"https:\/\/www.normisjon.no\/content\/uploads\/sites\/12\/2024\/03\/IMG_7816-scaled.jpeg\",\"width\":2560,\"height\":1920},{\"@type\":\"BreadcrumbList\",\"@id\":\"https:\/\/www.normisjon.no\/agder\/2024\/03\/14\/pa-veien-med-paskebudskapet\/#breadcrumb\",\"itemListElement\":[{\"@type\":\"ListItem\",\"position\":1,\"name\":\"Home\",\"item\":\"https:\/\/www.normisjon.no\/agder\/\"},{\"@type\":\"ListItem\",\"position\":2,\"name\":\"P\u00e5 veien med p\u00e5skebudskapet\"}]},{\"@type\":\"WebSite\",\"@id\":\"https:\/\/www.normisjon.no\/agder\/#website\",\"url\":\"https:\/\/www.normisjon.no\/agder\/\",\"name\":\"Region Agder\",\"description\":\"\",\"publisher\":{\"@id\":\"https:\/\/www.normisjon.no\/agder\/#organization\"},\"potentialAction\":[{\"@type\":\"SearchAction\",\"target\":{\"@type\":\"EntryPoint\",\"urlTemplate\":\"https:\/\/www.normisjon.no\/agder\/?s={search_term_string}\"},\"query-input\":{\"@type\":\"PropertyValueSpecification\",\"valueRequired\":true,\"valueName\":\"search_term_string\"}}],\"inLanguage\":\"nb-NO\"},{\"@type\":\"Organization\",\"@id\":\"https:\/\/www.normisjon.no\/agder\/#organization\",\"name\":\"Region Agder\",\"url\":\"https:\/\/www.normisjon.no\/agder\/\",\"logo\":{\"@type\":\"ImageObject\",\"inLanguage\":\"nb-NO\",\"@id\":\"https:\/\/www.normisjon.no\/agder\/#\/schema\/logo\/image\/\",\"url\":\"https:\/\/www.normisjon.no\/content\/uploads\/sites\/12\/2026\/01\/Region_Venstre_Agder_oransje.png\",\"contentUrl\":\"https:\/\/www.normisjon.no\/content\/uploads\/sites\/12\/2026\/01\/Region_Venstre_Agder_oransje.png\",\"width\":1921,\"height\":541,\"caption\":\"Region Agder\"},\"image\":{\"@id\":\"https:\/\/www.normisjon.no\/agder\/#\/schema\/logo\/image\/\"}},{\"@type\":\"Person\",\"@id\":\"https:\/\/www.normisjon.no\/agder\/#\/schema\/person\/4402cbf852f507e801b7c93a150a7f9b\",\"name\":\"Heidi Owesen Roland\",\"image\":{\"@type\":\"ImageObject\",\"inLanguage\":\"nb-NO\",\"@id\":\"https:\/\/www.normisjon.no\/agder\/#\/schema\/person\/image\/\",\"url\":\"https:\/\/secure.gravatar.com\/avatar\/73e9ce411d817ace0a4f509642e616c62aa7379f85b3b4c193446419be9b5532?s=96&d=mm&r=g\",\"contentUrl\":\"https:\/\/secure.gravatar.com\/avatar\/73e9ce411d817ace0a4f509642e616c62aa7379f85b3b4c193446419be9b5532?s=96&d=mm&r=g\",\"caption\":\"Heidi Owesen Roland\"},\"url\":\"https:\/\/www.normisjon.no\/agder\/author\/heidiroland\/\"}]}<\/script>\n<!-- \/ Yoast SEO plugin. -->","yoast_head_json":{"title":"P\u00e5 veien med p\u00e5skebudskapet - Region Agder","robots":{"index":"index","follow":"follow","max-snippet":"max-snippet:-1","max-image-preview":"max-image-preview:large","max-video-preview":"max-video-preview:-1"},"canonical":"https:\/\/www.normisjon.no\/agder\/2024\/03\/14\/pa-veien-med-paskebudskapet\/","og_locale":"nb_NO","og_type":"article","og_title":"P\u00e5 veien med p\u00e5skebudskapet - Region Agder","og_description":"Tekst og foto: Heidi.O Roland Publisert: 14.03.24 5.mars gikk startskuddet for \u00e5rets p\u00e5sketurn\u00e9 for Hildegunn Reigstad Garness og Ingelinn Garness. F\u00f8rste konsert ble holdt i [&hellip;]","og_url":"https:\/\/www.normisjon.no\/agder\/2024\/03\/14\/pa-veien-med-paskebudskapet\/","og_site_name":"Region Agder","article_published_time":"2024-03-14T10:23:05+00:00","article_modified_time":"2024-03-14T10:54:48+00:00","og_image":[{"width":2560,"height":1920,"url":"https:\/\/www.normisjon.no\/content\/uploads\/sites\/12\/2024\/03\/IMG_7816-scaled.jpeg","type":"image\/jpeg"}],"author":"Heidi Owesen Roland","twitter_card":"summary_large_image","twitter_misc":{"Skrevet av":"Heidi Owesen Roland","Ansl. lesetid":"5 minutter"},"schema":{"@context":"https:\/\/schema.org","@graph":[{"@type":"Article","@id":"https:\/\/www.normisjon.no\/agder\/2024\/03\/14\/pa-veien-med-paskebudskapet\/#article","isPartOf":{"@id":"https:\/\/www.normisjon.no\/agder\/2024\/03\/14\/pa-veien-med-paskebudskapet\/"},"author":{"name":"Heidi Owesen Roland","@id":"https:\/\/www.normisjon.no\/agder\/#\/schema\/person\/4402cbf852f507e801b7c93a150a7f9b"},"headline":"P\u00e5 veien med p\u00e5skebudskapet","datePublished":"2024-03-14T10:23:05+00:00","dateModified":"2024-03-14T10:54:48+00:00","mainEntityOfPage":{"@id":"https:\/\/www.normisjon.no\/agder\/2024\/03\/14\/pa-veien-med-paskebudskapet\/"},"wordCount":738,"publisher":{"@id":"https:\/\/www.normisjon.no\/agder\/#organization"},"image":{"@id":"https:\/\/www.normisjon.no\/agder\/2024\/03\/14\/pa-veien-med-paskebudskapet\/#primaryimage"},"thumbnailUrl":"https:\/\/www.normisjon.no\/content\/uploads\/sites\/12\/2024\/03\/IMG_7816-scaled.jpeg","inLanguage":"nb-NO"},{"@type":"WebPage","@id":"https:\/\/www.normisjon.no\/agder\/2024\/03\/14\/pa-veien-med-paskebudskapet\/","url":"https:\/\/www.normisjon.no\/agder\/2024\/03\/14\/pa-veien-med-paskebudskapet\/","name":"P\u00e5 veien med p\u00e5skebudskapet - Region Agder","isPartOf":{"@id":"https:\/\/www.normisjon.no\/agder\/#website"},"primaryImageOfPage":{"@id":"https:\/\/www.normisjon.no\/agder\/2024\/03\/14\/pa-veien-med-paskebudskapet\/#primaryimage"},"image":{"@id":"https:\/\/www.normisjon.no\/agder\/2024\/03\/14\/pa-veien-med-paskebudskapet\/#primaryimage"},"thumbnailUrl":"https:\/\/www.normisjon.no\/content\/uploads\/sites\/12\/2024\/03\/IMG_7816-scaled.jpeg","datePublished":"2024-03-14T10:23:05+00:00","dateModified":"2024-03-14T10:54:48+00:00","breadcrumb":{"@id":"https:\/\/www.normisjon.no\/agder\/2024\/03\/14\/pa-veien-med-paskebudskapet\/#breadcrumb"},"inLanguage":"nb-NO","potentialAction":[{"@type":"ReadAction","target":["https:\/\/www.normisjon.no\/agder\/2024\/03\/14\/pa-veien-med-paskebudskapet\/"]}]},{"@type":"ImageObject","inLanguage":"nb-NO","@id":"https:\/\/www.normisjon.no\/agder\/2024\/03\/14\/pa-veien-med-paskebudskapet\/#primaryimage","url":"https:\/\/www.normisjon.no\/content\/uploads\/sites\/12\/2024\/03\/IMG_7816-scaled.jpeg","contentUrl":"https:\/\/www.normisjon.no\/content\/uploads\/sites\/12\/2024\/03\/IMG_7816-scaled.jpeg","width":2560,"height":1920},{"@type":"BreadcrumbList","@id":"https:\/\/www.normisjon.no\/agder\/2024\/03\/14\/pa-veien-med-paskebudskapet\/#breadcrumb","itemListElement":[{"@type":"ListItem","position":1,"name":"Home","item":"https:\/\/www.normisjon.no\/agder\/"},{"@type":"ListItem","position":2,"name":"P\u00e5 veien med p\u00e5skebudskapet"}]},{"@type":"WebSite","@id":"https:\/\/www.normisjon.no\/agder\/#website","url":"https:\/\/www.normisjon.no\/agder\/","name":"Region Agder","description":"","publisher":{"@id":"https:\/\/www.normisjon.no\/agder\/#organization"},"potentialAction":[{"@type":"SearchAction","target":{"@type":"EntryPoint","urlTemplate":"https:\/\/www.normisjon.no\/agder\/?s={search_term_string}"},"query-input":{"@type":"PropertyValueSpecification","valueRequired":true,"valueName":"search_term_string"}}],"inLanguage":"nb-NO"},{"@type":"Organization","@id":"https:\/\/www.normisjon.no\/agder\/#organization","name":"Region Agder","url":"https:\/\/www.normisjon.no\/agder\/","logo":{"@type":"ImageObject","inLanguage":"nb-NO","@id":"https:\/\/www.normisjon.no\/agder\/#\/schema\/logo\/image\/","url":"https:\/\/www.normisjon.no\/content\/uploads\/sites\/12\/2026\/01\/Region_Venstre_Agder_oransje.png","contentUrl":"https:\/\/www.normisjon.no\/content\/uploads\/sites\/12\/2026\/01\/Region_Venstre_Agder_oransje.png","width":1921,"height":541,"caption":"Region Agder"},"image":{"@id":"https:\/\/www.normisjon.no\/agder\/#\/schema\/logo\/image\/"}},{"@type":"Person","@id":"https:\/\/www.normisjon.no\/agder\/#\/schema\/person\/4402cbf852f507e801b7c93a150a7f9b","name":"Heidi Owesen Roland","image":{"@type":"ImageObject","inLanguage":"nb-NO","@id":"https:\/\/www.normisjon.no\/agder\/#\/schema\/person\/image\/","url":"https:\/\/secure.gravatar.com\/avatar\/73e9ce411d817ace0a4f509642e616c62aa7379f85b3b4c193446419be9b5532?s=96&d=mm&r=g","contentUrl":"https:\/\/secure.gravatar.com\/avatar\/73e9ce411d817ace0a4f509642e616c62aa7379f85b3b4c193446419be9b5532?s=96&d=mm&r=g","caption":"Heidi Owesen Roland"},"url":"https:\/\/www.normisjon.no\/agder\/author\/heidiroland\/"}]}},"_links":{"self":[{"href":"https:\/\/www.normisjon.no\/agder\/wp-json\/wp\/v2\/posts\/4743","targetHints":{"allow":["GET"]}}],"collection":[{"href":"https:\/\/www.normisjon.no\/agder\/wp-json\/wp\/v2\/posts"}],"about":[{"href":"https:\/\/www.normisjon.no\/agder\/wp-json\/wp\/v2\/types\/post"}],"author":[{"embeddable":true,"href":"https:\/\/www.normisjon.no\/agder\/wp-json\/wp\/v2\/users\/119"}],"replies":[{"embeddable":true,"href":"https:\/\/www.normisjon.no\/agder\/wp-json\/wp\/v2\/comments?post=4743"}],"version-history":[{"count":6,"href":"https:\/\/www.normisjon.no\/agder\/wp-json\/wp\/v2\/posts\/4743\/revisions"}],"predecessor-version":[{"id":4788,"href":"https:\/\/www.normisjon.no\/agder\/wp-json\/wp\/v2\/posts\/4743\/revisions\/4788"}],"wp:featuredmedia":[{"embeddable":true,"href":"https:\/\/www.normisjon.no\/agder\/wp-json\/wp\/v2\/media\/4766"}],"wp:attachment":[{"href":"https:\/\/www.normisjon.no\/agder\/wp-json\/wp\/v2\/media?parent=4743"}],"wp:term":[{"taxonomy":"category","embeddable":true,"href":"https:\/\/www.normisjon.no\/agder\/wp-json\/wp\/v2\/categories?post=4743"},{"taxonomy":"post_tag","embeddable":true,"href":"https:\/\/www.normisjon.no\/agder\/wp-json\/wp\/v2\/tags?post=4743"}],"curies":[{"name":"wp","href":"https:\/\/api.w.org\/{rel}","templated":true}]}}