{"id":6469,"date":"2026-02-12T18:53:14","date_gmt":"2026-02-12T17:53:14","guid":{"rendered":"https:\/\/www.normisjon.no\/agder\/?p=6469"},"modified":"2026-08-19T12:40:35","modified_gmt":"2026-08-19T10:40:35","slug":"retreat","status":"publish","type":"post","link":"https:\/\/www.normisjon.no\/agder\/2026\/02\/12\/retreat\/","title":{"rendered":"N\u00e5r tok du deg sist tid til bare \u00e5 v\u00e6re?"},"content":{"rendered":"<div class=\"entry-content alignfull wp-block-post-content has-global-padding is-layout-constrained wp-block-post-content-is-layout-constrained\">\n<p>Fra 1.\u20134. oktober inviterer vi til <strong>retreat p\u00e5 Undeland Misjonsg\u00e5rd<\/strong> med Geir Otto Holm\u00e5s.<\/p>\n\n\n\n<p>Fire dager hvor du kan legge hverdagen litt til side og f\u00e5 tid til \u00e5:<br>\ud83e\udd0d v\u00e6re stille<br>\ud83d\ude4f s\u00f8ke Gud i b\u00f8nn<br>\ud83d\udcd6 lytte til Guds ord<br>\ud83e\udd7e g\u00e5 tur og nyte naturen<br>\ud83d\udd4a\ufe0f finne hvile og indre ro<\/p>\n\n\n\n<p>Retreaten har en fast og rolig dagsrytme, med tideb\u00f8nner, gudstjenester, Jesusmeditasjon, \u00e5ndelig lesning, lovsang og tid alene. Det blir ogs\u00e5 mulighet for personlig samtale med Geir Otto.<\/p>\n\n\n\n<p><strong>Kanskje trenger du ikke flere ting p\u00e5 kalenderen \u2013 kanskje trenger du noen dager der du kan trekke deg tilbake fra den.<\/strong><\/p>\n\n\n\n<p>\ud83d\udcc5 1.\u20134. oktober<br>\ud83d\udccd Undeland Misjonsg\u00e5rd<br>\ud83c\udf99\ufe0f Geir Otto Holm\u00e5s<br>\ud83d\udcb0 3900 kr \/ 3100 kr student<\/p>\n\n\n\n<p>\ud83d\udc49 <strong>Meld deg p\u00e5:<\/strong><br><a href=\"https:\/\/event.checkin.no\/218143\/retreat-pa-undeland-misjonsgard-med-geir-otto-holmas?utm_source=chatgpt.com\">event.checkin.no\/218143<\/a><\/p>\n\n\n\n<figure class=\"wp-block-image size-large\"><img loading=\"lazy\" decoding=\"async\" width=\"724\" height=\"1024\" src=\"https:\/\/www.normisjon.no\/content\/uploads\/sites\/12\/2026\/02\/Retreat2026-724x1024.png\" alt=\"\" class=\"wp-image-6470\" srcset=\"https:\/\/www.normisjon.no\/content\/uploads\/sites\/12\/2026\/02\/Retreat2026-724x1024.png 724w, https:\/\/www.normisjon.no\/content\/uploads\/sites\/12\/2026\/02\/Retreat2026-212x300.png 212w, https:\/\/www.normisjon.no\/content\/uploads\/sites\/12\/2026\/02\/Retreat2026-768x1086.png 768w, https:\/\/www.normisjon.no\/content\/uploads\/sites\/12\/2026\/02\/Retreat2026-1086x1536.png 1086w, https:\/\/www.normisjon.no\/content\/uploads\/sites\/12\/2026\/02\/Retreat2026-1448x2048.png 1448w, https:\/\/www.normisjon.no\/content\/uploads\/sites\/12\/2026\/02\/Retreat2026-1920x2715.png 1920w, https:\/\/www.normisjon.no\/content\/uploads\/sites\/12\/2026\/02\/Retreat2026-1358x1920.png 1358w, https:\/\/www.normisjon.no\/content\/uploads\/sites\/12\/2026\/02\/Retreat2026-679x960.png 679w, https:\/\/www.normisjon.no\/content\/uploads\/sites\/12\/2026\/02\/Retreat2026-scaled.png 1810w\" sizes=\"auto, (max-width: 724px) 100vw, 724px\" \/><\/figure>\n\n\n\n<p>P\u00e5melding og mer info finner du <a href=\"https:\/\/event.checkin.no\/218143\/retreat-pa-undeland-misjonsgard-med-geir-otto-holmas\">her.<\/a><\/p>\n\n\n\n<p><\/p>\n<\/div>","protected":false},"excerpt":{"rendered":"<p>Fra 1.\u20134. oktober inviterer vi til retreat p\u00e5 Undeland Misjonsg\u00e5rd med Geir Otto Holm\u00e5s. Fire dager hvor du kan legge hverdagen litt til side og [&hellip;]<\/p>\n","protected":false},"author":119,"featured_media":6470,"comment_status":"closed","ping_status":"closed","sticky":false,"template":"","format":"standard","meta":{"_acf_changed":false,"footnotes":""},"categories":[1],"tags":[],"class_list":["post-6469","post","type-post","status-publish","format-standard","has-post-thumbnail","hentry","category-ukategorisert"],"acf":[],"yoast_head":"<!-- This site is optimized with the Yoast SEO plugin v25.9 - https:\/\/yoast.com\/wordpress\/plugins\/seo\/ -->\n<title>N\u00e5r tok du deg sist tid til bare \u00e5 v\u00e6re? - Region Agder<\/title>\n<meta name=\"robots\" content=\"index, follow, max-snippet:-1, max-image-preview:large, max-video-preview:-1\" \/>\n<link rel=\"canonical\" href=\"https:\/\/www.normisjon.no\/agder\/2026\/02\/12\/retreat\/\" \/>\n<meta property=\"og:locale\" content=\"nb_NO\" \/>\n<meta property=\"og:type\" content=\"article\" \/>\n<meta property=\"og:title\" content=\"N\u00e5r tok du deg sist tid til bare \u00e5 v\u00e6re? - Region Agder\" \/>\n<meta property=\"og:description\" content=\"Fra 1.\u20134. oktober inviterer vi til retreat p\u00e5 Undeland Misjonsg\u00e5rd med Geir Otto Holm\u00e5s. Fire dager hvor du kan legge hverdagen litt til side og [&hellip;]\" \/>\n<meta property=\"og:url\" content=\"https:\/\/www.normisjon.no\/agder\/2026\/02\/12\/retreat\/\" \/>\n<meta property=\"og:site_name\" content=\"Region Agder\" \/>\n<meta property=\"article:published_time\" content=\"2026-02-12T17:53:14+00:00\" \/>\n<meta property=\"article:modified_time\" content=\"2026-08-19T10:40:35+00:00\" \/>\n<meta property=\"og:image\" content=\"https:\/\/www.normisjon.no\/content\/uploads\/sites\/12\/2026\/02\/Retreat2026-scaled.png\" \/>\n\t<meta property=\"og:image:width\" content=\"1810\" \/>\n\t<meta property=\"og:image:height\" content=\"2560\" \/>\n\t<meta property=\"og:image:type\" content=\"image\/png\" \/>\n<meta name=\"author\" content=\"Heidi Owesen Roland\" \/>\n<meta name=\"twitter:card\" content=\"summary_large_image\" \/>\n<meta name=\"twitter:label1\" content=\"Skrevet av\" \/>\n\t<meta name=\"twitter:data1\" content=\"Heidi Owesen Roland\" \/>\n\t<meta name=\"twitter:label2\" content=\"Ansl. lesetid\" \/>\n\t<meta name=\"twitter:data2\" content=\"2 minutter\" \/>\n<script type=\"application\/ld+json\" class=\"yoast-schema-graph\">{\"@context\":\"https:\/\/schema.org\",\"@graph\":[{\"@type\":\"Article\",\"@id\":\"https:\/\/www.normisjon.no\/agder\/2026\/02\/12\/retreat\/#article\",\"isPartOf\":{\"@id\":\"https:\/\/www.normisjon.no\/agder\/2026\/02\/12\/retreat\/\"},\"author\":{\"name\":\"Heidi Owesen Roland\",\"@id\":\"https:\/\/www.normisjon.no\/agder\/#\/schema\/person\/4402cbf852f507e801b7c93a150a7f9b\"},\"headline\":\"N\u00e5r tok du deg sist tid til bare \u00e5 v\u00e6re?\",\"datePublished\":\"2026-02-12T17:53:14+00:00\",\"dateModified\":\"2026-08-19T10:40:35+00:00\",\"mainEntityOfPage\":{\"@id\":\"https:\/\/www.normisjon.no\/agder\/2026\/02\/12\/retreat\/\"},\"wordCount\":137,\"publisher\":{\"@id\":\"https:\/\/www.normisjon.no\/agder\/#organization\"},\"image\":{\"@id\":\"https:\/\/www.normisjon.no\/agder\/2026\/02\/12\/retreat\/#primaryimage\"},\"thumbnailUrl\":\"https:\/\/www.normisjon.no\/content\/uploads\/sites\/12\/2026\/02\/Retreat2026-scaled.png\",\"inLanguage\":\"nb-NO\"},{\"@type\":\"WebPage\",\"@id\":\"https:\/\/www.normisjon.no\/agder\/2026\/02\/12\/retreat\/\",\"url\":\"https:\/\/www.normisjon.no\/agder\/2026\/02\/12\/retreat\/\",\"name\":\"N\u00e5r tok du deg sist tid til bare \u00e5 v\u00e6re? - Region Agder\",\"isPartOf\":{\"@id\":\"https:\/\/www.normisjon.no\/agder\/#website\"},\"primaryImageOfPage\":{\"@id\":\"https:\/\/www.normisjon.no\/agder\/2026\/02\/12\/retreat\/#primaryimage\"},\"image\":{\"@id\":\"https:\/\/www.normisjon.no\/agder\/2026\/02\/12\/retreat\/#primaryimage\"},\"thumbnailUrl\":\"https:\/\/www.normisjon.no\/content\/uploads\/sites\/12\/2026\/02\/Retreat2026-scaled.png\",\"datePublished\":\"2026-02-12T17:53:14+00:00\",\"dateModified\":\"2026-08-19T10:40:35+00:00\",\"breadcrumb\":{\"@id\":\"https:\/\/www.normisjon.no\/agder\/2026\/02\/12\/retreat\/#breadcrumb\"},\"inLanguage\":\"nb-NO\",\"potentialAction\":[{\"@type\":\"ReadAction\",\"target\":[\"https:\/\/www.normisjon.no\/agder\/2026\/02\/12\/retreat\/\"]}]},{\"@type\":\"ImageObject\",\"inLanguage\":\"nb-NO\",\"@id\":\"https:\/\/www.normisjon.no\/agder\/2026\/02\/12\/retreat\/#primaryimage\",\"url\":\"https:\/\/www.normisjon.no\/content\/uploads\/sites\/12\/2026\/02\/Retreat2026-scaled.png\",\"contentUrl\":\"https:\/\/www.normisjon.no\/content\/uploads\/sites\/12\/2026\/02\/Retreat2026-scaled.png\",\"width\":1810,\"height\":2560},{\"@type\":\"BreadcrumbList\",\"@id\":\"https:\/\/www.normisjon.no\/agder\/2026\/02\/12\/retreat\/#breadcrumb\",\"itemListElement\":[{\"@type\":\"ListItem\",\"position\":1,\"name\":\"Home\",\"item\":\"https:\/\/www.normisjon.no\/agder\/\"},{\"@type\":\"ListItem\",\"position\":2,\"name\":\"N\u00e5r tok du deg sist tid til bare \u00e5 v\u00e6re?\"}]},{\"@type\":\"WebSite\",\"@id\":\"https:\/\/www.normisjon.no\/agder\/#website\",\"url\":\"https:\/\/www.normisjon.no\/agder\/\",\"name\":\"Region Agder\",\"description\":\"\",\"publisher\":{\"@id\":\"https:\/\/www.normisjon.no\/agder\/#organization\"},\"potentialAction\":[{\"@type\":\"SearchAction\",\"target\":{\"@type\":\"EntryPoint\",\"urlTemplate\":\"https:\/\/www.normisjon.no\/agder\/?s={search_term_string}\"},\"query-input\":{\"@type\":\"PropertyValueSpecification\",\"valueRequired\":true,\"valueName\":\"search_term_string\"}}],\"inLanguage\":\"nb-NO\"},{\"@type\":\"Organization\",\"@id\":\"https:\/\/www.normisjon.no\/agder\/#organization\",\"name\":\"Region Agder\",\"url\":\"https:\/\/www.normisjon.no\/agder\/\",\"logo\":{\"@type\":\"ImageObject\",\"inLanguage\":\"nb-NO\",\"@id\":\"https:\/\/www.normisjon.no\/agder\/#\/schema\/logo\/image\/\",\"url\":\"https:\/\/www.normisjon.no\/content\/uploads\/sites\/12\/2026\/01\/Region_Venstre_Agder_oransje.png\",\"contentUrl\":\"https:\/\/www.normisjon.no\/content\/uploads\/sites\/12\/2026\/01\/Region_Venstre_Agder_oransje.png\",\"width\":1921,\"height\":541,\"caption\":\"Region Agder\"},\"image\":{\"@id\":\"https:\/\/www.normisjon.no\/agder\/#\/schema\/logo\/image\/\"}},{\"@type\":\"Person\",\"@id\":\"https:\/\/www.normisjon.no\/agder\/#\/schema\/person\/4402cbf852f507e801b7c93a150a7f9b\",\"name\":\"Heidi Owesen Roland\",\"image\":{\"@type\":\"ImageObject\",\"inLanguage\":\"nb-NO\",\"@id\":\"https:\/\/www.normisjon.no\/agder\/#\/schema\/person\/image\/\",\"url\":\"https:\/\/secure.gravatar.com\/avatar\/73e9ce411d817ace0a4f509642e616c62aa7379f85b3b4c193446419be9b5532?s=96&d=mm&r=g\",\"contentUrl\":\"https:\/\/secure.gravatar.com\/avatar\/73e9ce411d817ace0a4f509642e616c62aa7379f85b3b4c193446419be9b5532?s=96&d=mm&r=g\",\"caption\":\"Heidi Owesen Roland\"},\"url\":\"https:\/\/www.normisjon.no\/agder\/author\/heidiroland\/\"}]}<\/script>\n<!-- \/ Yoast SEO plugin. -->","yoast_head_json":{"title":"N\u00e5r tok du deg sist tid til bare \u00e5 v\u00e6re? - Region Agder","robots":{"index":"index","follow":"follow","max-snippet":"max-snippet:-1","max-image-preview":"max-image-preview:large","max-video-preview":"max-video-preview:-1"},"canonical":"https:\/\/www.normisjon.no\/agder\/2026\/02\/12\/retreat\/","og_locale":"nb_NO","og_type":"article","og_title":"N\u00e5r tok du deg sist tid til bare \u00e5 v\u00e6re? - Region Agder","og_description":"Fra 1.\u20134. oktober inviterer vi til retreat p\u00e5 Undeland Misjonsg\u00e5rd med Geir Otto Holm\u00e5s. Fire dager hvor du kan legge hverdagen litt til side og [&hellip;]","og_url":"https:\/\/www.normisjon.no\/agder\/2026\/02\/12\/retreat\/","og_site_name":"Region Agder","article_published_time":"2026-02-12T17:53:14+00:00","article_modified_time":"2026-08-19T10:40:35+00:00","og_image":[{"width":1810,"height":2560,"url":"https:\/\/www.normisjon.no\/content\/uploads\/sites\/12\/2026\/02\/Retreat2026-scaled.png","type":"image\/png"}],"author":"Heidi Owesen Roland","twitter_card":"summary_large_image","twitter_misc":{"Skrevet av":"Heidi Owesen Roland","Ansl. lesetid":"2 minutter"},"schema":{"@context":"https:\/\/schema.org","@graph":[{"@type":"Article","@id":"https:\/\/www.normisjon.no\/agder\/2026\/02\/12\/retreat\/#article","isPartOf":{"@id":"https:\/\/www.normisjon.no\/agder\/2026\/02\/12\/retreat\/"},"author":{"name":"Heidi Owesen Roland","@id":"https:\/\/www.normisjon.no\/agder\/#\/schema\/person\/4402cbf852f507e801b7c93a150a7f9b"},"headline":"N\u00e5r tok du deg sist tid til bare \u00e5 v\u00e6re?","datePublished":"2026-02-12T17:53:14+00:00","dateModified":"2026-08-19T10:40:35+00:00","mainEntityOfPage":{"@id":"https:\/\/www.normisjon.no\/agder\/2026\/02\/12\/retreat\/"},"wordCount":137,"publisher":{"@id":"https:\/\/www.normisjon.no\/agder\/#organization"},"image":{"@id":"https:\/\/www.normisjon.no\/agder\/2026\/02\/12\/retreat\/#primaryimage"},"thumbnailUrl":"https:\/\/www.normisjon.no\/content\/uploads\/sites\/12\/2026\/02\/Retreat2026-scaled.png","inLanguage":"nb-NO"},{"@type":"WebPage","@id":"https:\/\/www.normisjon.no\/agder\/2026\/02\/12\/retreat\/","url":"https:\/\/www.normisjon.no\/agder\/2026\/02\/12\/retreat\/","name":"N\u00e5r tok du deg sist tid til bare \u00e5 v\u00e6re? - Region Agder","isPartOf":{"@id":"https:\/\/www.normisjon.no\/agder\/#website"},"primaryImageOfPage":{"@id":"https:\/\/www.normisjon.no\/agder\/2026\/02\/12\/retreat\/#primaryimage"},"image":{"@id":"https:\/\/www.normisjon.no\/agder\/2026\/02\/12\/retreat\/#primaryimage"},"thumbnailUrl":"https:\/\/www.normisjon.no\/content\/uploads\/sites\/12\/2026\/02\/Retreat2026-scaled.png","datePublished":"2026-02-12T17:53:14+00:00","dateModified":"2026-08-19T10:40:35+00:00","breadcrumb":{"@id":"https:\/\/www.normisjon.no\/agder\/2026\/02\/12\/retreat\/#breadcrumb"},"inLanguage":"nb-NO","potentialAction":[{"@type":"ReadAction","target":["https:\/\/www.normisjon.no\/agder\/2026\/02\/12\/retreat\/"]}]},{"@type":"ImageObject","inLanguage":"nb-NO","@id":"https:\/\/www.normisjon.no\/agder\/2026\/02\/12\/retreat\/#primaryimage","url":"https:\/\/www.normisjon.no\/content\/uploads\/sites\/12\/2026\/02\/Retreat2026-scaled.png","contentUrl":"https:\/\/www.normisjon.no\/content\/uploads\/sites\/12\/2026\/02\/Retreat2026-scaled.png","width":1810,"height":2560},{"@type":"BreadcrumbList","@id":"https:\/\/www.normisjon.no\/agder\/2026\/02\/12\/retreat\/#breadcrumb","itemListElement":[{"@type":"ListItem","position":1,"name":"Home","item":"https:\/\/www.normisjon.no\/agder\/"},{"@type":"ListItem","position":2,"name":"N\u00e5r tok du deg sist tid til bare \u00e5 v\u00e6re?"}]},{"@type":"WebSite","@id":"https:\/\/www.normisjon.no\/agder\/#website","url":"https:\/\/www.normisjon.no\/agder\/","name":"Region Agder","description":"","publisher":{"@id":"https:\/\/www.normisjon.no\/agder\/#organization"},"potentialAction":[{"@type":"SearchAction","target":{"@type":"EntryPoint","urlTemplate":"https:\/\/www.normisjon.no\/agder\/?s={search_term_string}"},"query-input":{"@type":"PropertyValueSpecification","valueRequired":true,"valueName":"search_term_string"}}],"inLanguage":"nb-NO"},{"@type":"Organization","@id":"https:\/\/www.normisjon.no\/agder\/#organization","name":"Region Agder","url":"https:\/\/www.normisjon.no\/agder\/","logo":{"@type":"ImageObject","inLanguage":"nb-NO","@id":"https:\/\/www.normisjon.no\/agder\/#\/schema\/logo\/image\/","url":"https:\/\/www.normisjon.no\/content\/uploads\/sites\/12\/2026\/01\/Region_Venstre_Agder_oransje.png","contentUrl":"https:\/\/www.normisjon.no\/content\/uploads\/sites\/12\/2026\/01\/Region_Venstre_Agder_oransje.png","width":1921,"height":541,"caption":"Region Agder"},"image":{"@id":"https:\/\/www.normisjon.no\/agder\/#\/schema\/logo\/image\/"}},{"@type":"Person","@id":"https:\/\/www.normisjon.no\/agder\/#\/schema\/person\/4402cbf852f507e801b7c93a150a7f9b","name":"Heidi Owesen Roland","image":{"@type":"ImageObject","inLanguage":"nb-NO","@id":"https:\/\/www.normisjon.no\/agder\/#\/schema\/person\/image\/","url":"https:\/\/secure.gravatar.com\/avatar\/73e9ce411d817ace0a4f509642e616c62aa7379f85b3b4c193446419be9b5532?s=96&d=mm&r=g","contentUrl":"https:\/\/secure.gravatar.com\/avatar\/73e9ce411d817ace0a4f509642e616c62aa7379f85b3b4c193446419be9b5532?s=96&d=mm&r=g","caption":"Heidi Owesen Roland"},"url":"https:\/\/www.normisjon.no\/agder\/author\/heidiroland\/"}]}},"_links":{"self":[{"href":"https:\/\/www.normisjon.no\/agder\/wp-json\/wp\/v2\/posts\/6469","targetHints":{"allow":["GET"]}}],"collection":[{"href":"https:\/\/www.normisjon.no\/agder\/wp-json\/wp\/v2\/posts"}],"about":[{"href":"https:\/\/www.normisjon.no\/agder\/wp-json\/wp\/v2\/types\/post"}],"author":[{"embeddable":true,"href":"https:\/\/www.normisjon.no\/agder\/wp-json\/wp\/v2\/users\/119"}],"replies":[{"embeddable":true,"href":"https:\/\/www.normisjon.no\/agder\/wp-json\/wp\/v2\/comments?post=6469"}],"version-history":[{"count":3,"href":"https:\/\/www.normisjon.no\/agder\/wp-json\/wp\/v2\/posts\/6469\/revisions"}],"predecessor-version":[{"id":6702,"href":"https:\/\/www.normisjon.no\/agder\/wp-json\/wp\/v2\/posts\/6469\/revisions\/6702"}],"wp:featuredmedia":[{"embeddable":true,"href":"https:\/\/www.normisjon.no\/agder\/wp-json\/wp\/v2\/media\/6470"}],"wp:attachment":[{"href":"https:\/\/www.normisjon.no\/agder\/wp-json\/wp\/v2\/media?parent=6469"}],"wp:term":[{"taxonomy":"category","embeddable":true,"href":"https:\/\/www.normisjon.no\/agder\/wp-json\/wp\/v2\/categories?post=6469"},{"taxonomy":"post_tag","embeddable":true,"href":"https:\/\/www.normisjon.no\/agder\/wp-json\/wp\/v2\/tags?post=6469"}],"curies":[{"name":"wp","href":"https:\/\/api.w.org\/{rel}","templated":true}]}}