{"id":378,"date":"2019-09-04T11:08:58","date_gmt":"2019-09-04T09:08:58","guid":{"rendered":"https:\/\/www.normisjon.no\/hordaland\/?p=378"},"modified":"2019-09-04T11:36:18","modified_gmt":"2019-09-04T09:36:18","slug":"suksess-med-sommerleir","status":"publish","type":"post","link":"https:\/\/www.normisjon.no\/hordaland\/2019\/09\/04\/suksess-med-sommerleir\/","title":{"rendered":"Suksess med sommerleir"},"content":{"rendered":"<div class=\"entry-content alignfull wp-block-post-content has-global-padding is-layout-constrained wp-block-post-content-is-layout-constrained\">\n<p class=\"has-large-font-size\">Siste uken i juni tok rundt 60 personer turen til Wallemtunet for \u00e5rets to sommerleirer. F\u00f8rst ut var en barneleir fra 7 til 10 \u00e5r, s\u00e5 en familieleir, som er ny av \u00e5ret.<\/p>\n\n\n\n<figure class=\"wp-block-image\"><img loading=\"lazy\" decoding=\"async\" width=\"1024\" height=\"768\" src=\"https:\/\/www.normisjon.no\/content\/uploads\/sites\/13\/2019\/09\/sommerleir-2019-1024x768.jpg\" alt=\"\" class=\"wp-image-396\" srcset=\"https:\/\/www.normisjon.no\/content\/uploads\/sites\/13\/2019\/09\/sommerleir-2019-1024x768.jpg 1024w, https:\/\/www.normisjon.no\/content\/uploads\/sites\/13\/2019\/09\/sommerleir-2019-300x225.jpg 300w, https:\/\/www.normisjon.no\/content\/uploads\/sites\/13\/2019\/09\/sommerleir-2019-768x576.jpg 768w, https:\/\/www.normisjon.no\/content\/uploads\/sites\/13\/2019\/09\/sommerleir-2019-1920x1440.jpg 1920w, https:\/\/www.normisjon.no\/content\/uploads\/sites\/13\/2019\/09\/sommerleir-2019-1360x1020.jpg 1360w, https:\/\/www.normisjon.no\/content\/uploads\/sites\/13\/2019\/09\/sommerleir-2019-960x720.jpg 960w\" sizes=\"auto, (max-width: 1024px) 100vw, 1024px\" \/><\/figure>\n\n\n\n<h2 class=\"wp-block-heading\">Naturopplevelser og mat utend\u00f8rs<\/h2>\n\n\n\n<p><br>Flere barn var p\u00e5 leir alene for f\u00f8rste gang, men heldigvis er det trygt og godt \u00e5 v\u00e6re p\u00e5 Wallemtunet. Her er det lek og moro fra morgen til kveld, med fotball, volleyball, sporl\u00f8p, spennende kubbespill-kamper, hoppeslott og mye annet g\u00f8y. Alt ligger til ogs\u00e5 til rette for flotte naturopplevelser, fjellturer av varierende lengde og flere m\u00e5ltid som b\u00e5de lages og nytes utend\u00f8rs.<\/p>\n\n\n\n<h2 class=\"wp-block-heading\">Nye trossteg<\/h2>\n\n\n\n<p>B\u00e5de Martin Olsen og Thomas Hammer fra region Horda-land var med p\u00e5 leirene, og hadde andakter, misjonstimer og bibeltimer. <br> \u2013 Over hele landet har det v\u00e6rt en nedgang i antall leirdeltakere de siste \u00e5rene, sier Acta-leder Thomas Hammer.<br> \u2013 Nedgangen er aller mest merkbar i begynnelsen av sommerferien. Derfor har vi tenkt nytt om sommerleirene v\u00e5re, og i \u00e5r satset p\u00e5 familieleir, sier Hammer. Han forteller at responsen har v\u00e6rt veldig god. I tillegg til denne leiren, arrangeres barneleir for de yngste skolebarna, der interessen og p\u00e5meldingen fortsatt er god.<\/p>\n\n\n\n<p> \u2013 \u00c5 kunne invitere til leir har stor betydning. For noen barn er dette det eneste kristne fellesskapet de er en del av i l\u00f8pet av \u00e5ret. Andre kommer fra mindre sammenhenger der det ikke er s\u00e5 mange p\u00e5 deres egen alder. Men p\u00e5 leirene er de mange. Vi bruker flere dager sammen, h\u00f8rer bibelfortellinger, ber og synger sammen.<br> \u2014 Mange tar nye steg i troen p\u00e5 leirene v\u00e5re. <\/p>\n<\/div>","protected":false},"excerpt":{"rendered":"<p>Siste uken i juni tok rundt 60 personer turen til Wallemtunet for \u00e5rets to sommerleirer. F\u00f8rst ut var en barneleir fra 7 til 10 \u00e5r, [&hellip;]<\/p>\n","protected":false},"author":57,"featured_media":396,"comment_status":"closed","ping_status":"closed","sticky":false,"template":"","format":"standard","meta":{"_acf_changed":false,"footnotes":""},"categories":[1],"tags":[],"class_list":["post-378","post","type-post","status-publish","format-standard","has-post-thumbnail","hentry","category-ukategorisert"],"acf":[],"yoast_head":"<!-- This site is optimized with the Yoast SEO plugin v25.9 - https:\/\/yoast.com\/wordpress\/plugins\/seo\/ -->\n<title>Suksess med sommerleir &#8211; Normisjon Hordaland<\/title>\n<meta name=\"robots\" content=\"index, follow, max-snippet:-1, max-image-preview:large, max-video-preview:-1\" \/>\n<link rel=\"canonical\" href=\"https:\/\/www.normisjon.no\/hordaland\/2019\/09\/04\/suksess-med-sommerleir\/\" \/>\n<meta property=\"og:locale\" content=\"nb_NO\" \/>\n<meta property=\"og:type\" content=\"article\" \/>\n<meta property=\"og:title\" content=\"Suksess med sommerleir &#8211; Normisjon Hordaland\" \/>\n<meta property=\"og:description\" content=\"Siste uken i juni tok rundt 60 personer turen til Wallemtunet for \u00e5rets to sommerleirer. F\u00f8rst ut var en barneleir fra 7 til 10 \u00e5r, [&hellip;]\" \/>\n<meta property=\"og:url\" content=\"https:\/\/www.normisjon.no\/hordaland\/2019\/09\/04\/suksess-med-sommerleir\/\" \/>\n<meta property=\"og:site_name\" content=\"Normisjon Hordaland\" \/>\n<meta property=\"article:publisher\" content=\"https:\/\/www.facebook.com\/normisjon.hordaland\" \/>\n<meta property=\"article:published_time\" content=\"2019-09-04T09:08:58+00:00\" \/>\n<meta property=\"article:modified_time\" content=\"2019-09-04T09:36:18+00:00\" \/>\n<meta property=\"og:image\" content=\"https:\/\/www.normisjon.no\/content\/uploads\/sites\/13\/2019\/09\/sommerleir-2019-1024x768.jpg\" \/>\n\t<meta property=\"og:image:width\" content=\"1024\" \/>\n\t<meta property=\"og:image:height\" content=\"768\" \/>\n\t<meta property=\"og:image:type\" content=\"image\/jpeg\" \/>\n<meta name=\"author\" content=\"thomas\" \/>\n<meta name=\"twitter:card\" content=\"summary_large_image\" \/>\n<meta name=\"twitter:creator\" content=\"@Normisjon_hord\" \/>\n<meta name=\"twitter:site\" content=\"@Normisjon_hord\" \/>\n<meta name=\"twitter:label1\" content=\"Skrevet av\" \/>\n\t<meta name=\"twitter:data1\" content=\"thomas\" \/>\n\t<meta name=\"twitter:label2\" content=\"Ansl. lesetid\" \/>\n\t<meta name=\"twitter:data2\" content=\"1 minutt\" \/>\n<script type=\"application\/ld+json\" class=\"yoast-schema-graph\">{\"@context\":\"https:\/\/schema.org\",\"@graph\":[{\"@type\":\"Article\",\"@id\":\"https:\/\/www.normisjon.no\/hordaland\/2019\/09\/04\/suksess-med-sommerleir\/#article\",\"isPartOf\":{\"@id\":\"https:\/\/www.normisjon.no\/hordaland\/2019\/09\/04\/suksess-med-sommerleir\/\"},\"author\":{\"name\":\"thomas\",\"@id\":\"https:\/\/www.normisjon.no\/hordaland\/#\/schema\/person\/b3006b4bccdc2cb50abc2bd344c6df67\"},\"headline\":\"Suksess med sommerleir\",\"datePublished\":\"2019-09-04T09:08:58+00:00\",\"dateModified\":\"2019-09-04T09:36:18+00:00\",\"mainEntityOfPage\":{\"@id\":\"https:\/\/www.normisjon.no\/hordaland\/2019\/09\/04\/suksess-med-sommerleir\/\"},\"wordCount\":272,\"publisher\":{\"@id\":\"https:\/\/www.normisjon.no\/hordaland\/#organization\"},\"image\":{\"@id\":\"https:\/\/www.normisjon.no\/hordaland\/2019\/09\/04\/suksess-med-sommerleir\/#primaryimage\"},\"thumbnailUrl\":\"https:\/\/www.normisjon.no\/content\/uploads\/sites\/13\/2019\/09\/sommerleir-2019.jpg\",\"inLanguage\":\"nb-NO\"},{\"@type\":\"WebPage\",\"@id\":\"https:\/\/www.normisjon.no\/hordaland\/2019\/09\/04\/suksess-med-sommerleir\/\",\"url\":\"https:\/\/www.normisjon.no\/hordaland\/2019\/09\/04\/suksess-med-sommerleir\/\",\"name\":\"Suksess med sommerleir &#8211; Normisjon Hordaland\",\"isPartOf\":{\"@id\":\"https:\/\/www.normisjon.no\/hordaland\/#website\"},\"primaryImageOfPage\":{\"@id\":\"https:\/\/www.normisjon.no\/hordaland\/2019\/09\/04\/suksess-med-sommerleir\/#primaryimage\"},\"image\":{\"@id\":\"https:\/\/www.normisjon.no\/hordaland\/2019\/09\/04\/suksess-med-sommerleir\/#primaryimage\"},\"thumbnailUrl\":\"https:\/\/www.normisjon.no\/content\/uploads\/sites\/13\/2019\/09\/sommerleir-2019.jpg\",\"datePublished\":\"2019-09-04T09:08:58+00:00\",\"dateModified\":\"2019-09-04T09:36:18+00:00\",\"breadcrumb\":{\"@id\":\"https:\/\/www.normisjon.no\/hordaland\/2019\/09\/04\/suksess-med-sommerleir\/#breadcrumb\"},\"inLanguage\":\"nb-NO\",\"potentialAction\":[{\"@type\":\"ReadAction\",\"target\":[\"https:\/\/www.normisjon.no\/hordaland\/2019\/09\/04\/suksess-med-sommerleir\/\"]}]},{\"@type\":\"ImageObject\",\"inLanguage\":\"nb-NO\",\"@id\":\"https:\/\/www.normisjon.no\/hordaland\/2019\/09\/04\/suksess-med-sommerleir\/#primaryimage\",\"url\":\"https:\/\/www.normisjon.no\/content\/uploads\/sites\/13\/2019\/09\/sommerleir-2019.jpg\",\"contentUrl\":\"https:\/\/www.normisjon.no\/content\/uploads\/sites\/13\/2019\/09\/sommerleir-2019.jpg\",\"width\":4032,\"height\":3024},{\"@type\":\"BreadcrumbList\",\"@id\":\"https:\/\/www.normisjon.no\/hordaland\/2019\/09\/04\/suksess-med-sommerleir\/#breadcrumb\",\"itemListElement\":[{\"@type\":\"ListItem\",\"position\":1,\"name\":\"Home\",\"item\":\"https:\/\/www.normisjon.no\/hordaland\/\"},{\"@type\":\"ListItem\",\"position\":2,\"name\":\"Suksess med sommerleir\"}]},{\"@type\":\"WebSite\",\"@id\":\"https:\/\/www.normisjon.no\/hordaland\/#website\",\"url\":\"https:\/\/www.normisjon.no\/hordaland\/\",\"name\":\"Normisjon Hordaland\",\"description\":\"\",\"publisher\":{\"@id\":\"https:\/\/www.normisjon.no\/hordaland\/#organization\"},\"potentialAction\":[{\"@type\":\"SearchAction\",\"target\":{\"@type\":\"EntryPoint\",\"urlTemplate\":\"https:\/\/www.normisjon.no\/hordaland\/?s={search_term_string}\"},\"query-input\":{\"@type\":\"PropertyValueSpecification\",\"valueRequired\":true,\"valueName\":\"search_term_string\"}}],\"inLanguage\":\"nb-NO\"},{\"@type\":\"Organization\",\"@id\":\"https:\/\/www.normisjon.no\/hordaland\/#organization\",\"name\":\"Normisjon Hordaland\",\"url\":\"https:\/\/www.normisjon.no\/hordaland\/\",\"logo\":{\"@type\":\"ImageObject\",\"inLanguage\":\"nb-NO\",\"@id\":\"https:\/\/www.normisjon.no\/hordaland\/#\/schema\/logo\/image\/\",\"url\":\"https:\/\/www.normisjon.no\/content\/uploads\/sites\/13\/2021\/10\/normisjon-liggende-logo.jpg\",\"contentUrl\":\"https:\/\/www.normisjon.no\/content\/uploads\/sites\/13\/2021\/10\/normisjon-liggende-logo.jpg\",\"width\":850,\"height\":216,\"caption\":\"Normisjon Hordaland\"},\"image\":{\"@id\":\"https:\/\/www.normisjon.no\/hordaland\/#\/schema\/logo\/image\/\"},\"sameAs\":[\"https:\/\/www.facebook.com\/normisjon.hordaland\",\"https:\/\/x.com\/Normisjon_hord\"]},{\"@type\":\"Person\",\"@id\":\"https:\/\/www.normisjon.no\/hordaland\/#\/schema\/person\/b3006b4bccdc2cb50abc2bd344c6df67\",\"name\":\"thomas\",\"image\":{\"@type\":\"ImageObject\",\"inLanguage\":\"nb-NO\",\"@id\":\"https:\/\/www.normisjon.no\/hordaland\/#\/schema\/person\/image\/\",\"url\":\"https:\/\/secure.gravatar.com\/avatar\/f97c1097615a20f4b67ad47de64cbf69ae546c210cbfdd15aab241cb06bae284?s=96&d=mm&r=g\",\"contentUrl\":\"https:\/\/secure.gravatar.com\/avatar\/f97c1097615a20f4b67ad47de64cbf69ae546c210cbfdd15aab241cb06bae284?s=96&d=mm&r=g\",\"caption\":\"thomas\"},\"url\":\"https:\/\/www.normisjon.no\/hordaland\/author\/thomas\/\"}]}<\/script>\n<!-- \/ Yoast SEO plugin. -->","yoast_head_json":{"title":"Suksess med sommerleir &#8211; Normisjon Hordaland","robots":{"index":"index","follow":"follow","max-snippet":"max-snippet:-1","max-image-preview":"max-image-preview:large","max-video-preview":"max-video-preview:-1"},"canonical":"https:\/\/www.normisjon.no\/hordaland\/2019\/09\/04\/suksess-med-sommerleir\/","og_locale":"nb_NO","og_type":"article","og_title":"Suksess med sommerleir &#8211; Normisjon Hordaland","og_description":"Siste uken i juni tok rundt 60 personer turen til Wallemtunet for \u00e5rets to sommerleirer. F\u00f8rst ut var en barneleir fra 7 til 10 \u00e5r, [&hellip;]","og_url":"https:\/\/www.normisjon.no\/hordaland\/2019\/09\/04\/suksess-med-sommerleir\/","og_site_name":"Normisjon Hordaland","article_publisher":"https:\/\/www.facebook.com\/normisjon.hordaland","article_published_time":"2019-09-04T09:08:58+00:00","article_modified_time":"2019-09-04T09:36:18+00:00","og_image":[{"width":1024,"height":768,"url":"https:\/\/www.normisjon.no\/content\/uploads\/sites\/13\/2019\/09\/sommerleir-2019-1024x768.jpg","type":"image\/jpeg"}],"author":"thomas","twitter_card":"summary_large_image","twitter_creator":"@Normisjon_hord","twitter_site":"@Normisjon_hord","twitter_misc":{"Skrevet av":"thomas","Ansl. lesetid":"1 minutt"},"schema":{"@context":"https:\/\/schema.org","@graph":[{"@type":"Article","@id":"https:\/\/www.normisjon.no\/hordaland\/2019\/09\/04\/suksess-med-sommerleir\/#article","isPartOf":{"@id":"https:\/\/www.normisjon.no\/hordaland\/2019\/09\/04\/suksess-med-sommerleir\/"},"author":{"name":"thomas","@id":"https:\/\/www.normisjon.no\/hordaland\/#\/schema\/person\/b3006b4bccdc2cb50abc2bd344c6df67"},"headline":"Suksess med sommerleir","datePublished":"2019-09-04T09:08:58+00:00","dateModified":"2019-09-04T09:36:18+00:00","mainEntityOfPage":{"@id":"https:\/\/www.normisjon.no\/hordaland\/2019\/09\/04\/suksess-med-sommerleir\/"},"wordCount":272,"publisher":{"@id":"https:\/\/www.normisjon.no\/hordaland\/#organization"},"image":{"@id":"https:\/\/www.normisjon.no\/hordaland\/2019\/09\/04\/suksess-med-sommerleir\/#primaryimage"},"thumbnailUrl":"https:\/\/www.normisjon.no\/content\/uploads\/sites\/13\/2019\/09\/sommerleir-2019.jpg","inLanguage":"nb-NO"},{"@type":"WebPage","@id":"https:\/\/www.normisjon.no\/hordaland\/2019\/09\/04\/suksess-med-sommerleir\/","url":"https:\/\/www.normisjon.no\/hordaland\/2019\/09\/04\/suksess-med-sommerleir\/","name":"Suksess med sommerleir &#8211; Normisjon Hordaland","isPartOf":{"@id":"https:\/\/www.normisjon.no\/hordaland\/#website"},"primaryImageOfPage":{"@id":"https:\/\/www.normisjon.no\/hordaland\/2019\/09\/04\/suksess-med-sommerleir\/#primaryimage"},"image":{"@id":"https:\/\/www.normisjon.no\/hordaland\/2019\/09\/04\/suksess-med-sommerleir\/#primaryimage"},"thumbnailUrl":"https:\/\/www.normisjon.no\/content\/uploads\/sites\/13\/2019\/09\/sommerleir-2019.jpg","datePublished":"2019-09-04T09:08:58+00:00","dateModified":"2019-09-04T09:36:18+00:00","breadcrumb":{"@id":"https:\/\/www.normisjon.no\/hordaland\/2019\/09\/04\/suksess-med-sommerleir\/#breadcrumb"},"inLanguage":"nb-NO","potentialAction":[{"@type":"ReadAction","target":["https:\/\/www.normisjon.no\/hordaland\/2019\/09\/04\/suksess-med-sommerleir\/"]}]},{"@type":"ImageObject","inLanguage":"nb-NO","@id":"https:\/\/www.normisjon.no\/hordaland\/2019\/09\/04\/suksess-med-sommerleir\/#primaryimage","url":"https:\/\/www.normisjon.no\/content\/uploads\/sites\/13\/2019\/09\/sommerleir-2019.jpg","contentUrl":"https:\/\/www.normisjon.no\/content\/uploads\/sites\/13\/2019\/09\/sommerleir-2019.jpg","width":4032,"height":3024},{"@type":"BreadcrumbList","@id":"https:\/\/www.normisjon.no\/hordaland\/2019\/09\/04\/suksess-med-sommerleir\/#breadcrumb","itemListElement":[{"@type":"ListItem","position":1,"name":"Home","item":"https:\/\/www.normisjon.no\/hordaland\/"},{"@type":"ListItem","position":2,"name":"Suksess med sommerleir"}]},{"@type":"WebSite","@id":"https:\/\/www.normisjon.no\/hordaland\/#website","url":"https:\/\/www.normisjon.no\/hordaland\/","name":"Normisjon Hordaland","description":"","publisher":{"@id":"https:\/\/www.normisjon.no\/hordaland\/#organization"},"potentialAction":[{"@type":"SearchAction","target":{"@type":"EntryPoint","urlTemplate":"https:\/\/www.normisjon.no\/hordaland\/?s={search_term_string}"},"query-input":{"@type":"PropertyValueSpecification","valueRequired":true,"valueName":"search_term_string"}}],"inLanguage":"nb-NO"},{"@type":"Organization","@id":"https:\/\/www.normisjon.no\/hordaland\/#organization","name":"Normisjon Hordaland","url":"https:\/\/www.normisjon.no\/hordaland\/","logo":{"@type":"ImageObject","inLanguage":"nb-NO","@id":"https:\/\/www.normisjon.no\/hordaland\/#\/schema\/logo\/image\/","url":"https:\/\/www.normisjon.no\/content\/uploads\/sites\/13\/2021\/10\/normisjon-liggende-logo.jpg","contentUrl":"https:\/\/www.normisjon.no\/content\/uploads\/sites\/13\/2021\/10\/normisjon-liggende-logo.jpg","width":850,"height":216,"caption":"Normisjon Hordaland"},"image":{"@id":"https:\/\/www.normisjon.no\/hordaland\/#\/schema\/logo\/image\/"},"sameAs":["https:\/\/www.facebook.com\/normisjon.hordaland","https:\/\/x.com\/Normisjon_hord"]},{"@type":"Person","@id":"https:\/\/www.normisjon.no\/hordaland\/#\/schema\/person\/b3006b4bccdc2cb50abc2bd344c6df67","name":"thomas","image":{"@type":"ImageObject","inLanguage":"nb-NO","@id":"https:\/\/www.normisjon.no\/hordaland\/#\/schema\/person\/image\/","url":"https:\/\/secure.gravatar.com\/avatar\/f97c1097615a20f4b67ad47de64cbf69ae546c210cbfdd15aab241cb06bae284?s=96&d=mm&r=g","contentUrl":"https:\/\/secure.gravatar.com\/avatar\/f97c1097615a20f4b67ad47de64cbf69ae546c210cbfdd15aab241cb06bae284?s=96&d=mm&r=g","caption":"thomas"},"url":"https:\/\/www.normisjon.no\/hordaland\/author\/thomas\/"}]}},"_links":{"self":[{"href":"https:\/\/www.normisjon.no\/hordaland\/wp-json\/wp\/v2\/posts\/378","targetHints":{"allow":["GET"]}}],"collection":[{"href":"https:\/\/www.normisjon.no\/hordaland\/wp-json\/wp\/v2\/posts"}],"about":[{"href":"https:\/\/www.normisjon.no\/hordaland\/wp-json\/wp\/v2\/types\/post"}],"author":[{"embeddable":true,"href":"https:\/\/www.normisjon.no\/hordaland\/wp-json\/wp\/v2\/users\/57"}],"replies":[{"embeddable":true,"href":"https:\/\/www.normisjon.no\/hordaland\/wp-json\/wp\/v2\/comments?post=378"}],"version-history":[{"count":3,"href":"https:\/\/www.normisjon.no\/hordaland\/wp-json\/wp\/v2\/posts\/378\/revisions"}],"predecessor-version":[{"id":398,"href":"https:\/\/www.normisjon.no\/hordaland\/wp-json\/wp\/v2\/posts\/378\/revisions\/398"}],"wp:featuredmedia":[{"embeddable":true,"href":"https:\/\/www.normisjon.no\/hordaland\/wp-json\/wp\/v2\/media\/396"}],"wp:attachment":[{"href":"https:\/\/www.normisjon.no\/hordaland\/wp-json\/wp\/v2\/media?parent=378"}],"wp:term":[{"taxonomy":"category","embeddable":true,"href":"https:\/\/www.normisjon.no\/hordaland\/wp-json\/wp\/v2\/categories?post=378"},{"taxonomy":"post_tag","embeddable":true,"href":"https:\/\/www.normisjon.no\/hordaland\/wp-json\/wp\/v2\/tags?post=378"}],"curies":[{"name":"wp","href":"https:\/\/api.w.org\/{rel}","templated":true}]}}