{"id":385,"date":"2019-09-04T11:14:00","date_gmt":"2019-09-04T09:14:00","guid":{"rendered":"https:\/\/www.normisjon.no\/hordaland\/?p=385"},"modified":"2019-09-04T11:29:55","modified_gmt":"2019-09-04T09:29:55","slug":"ny-musikkvideo-fra-soul-children","status":"publish","type":"post","link":"https:\/\/www.normisjon.no\/hordaland\/2019\/09\/04\/ny-musikkvideo-fra-soul-children\/","title":{"rendered":"Ny musikkvideo fra Soul Children"},"content":{"rendered":"<div class=\"entry-content alignfull wp-block-post-content has-global-padding is-layout-constrained wp-block-post-content-is-layout-constrained\">\n<p class=\"has-large-font-size\">Flere lokale Soul Children-kor er med i en splitter ny musikkvideo som handler om Guds kj\u00e6rlighet.<\/p>\n\n\n\n<figure class=\"wp-block-image\"><img loading=\"lazy\" decoding=\"async\" width=\"1024\" height=\"574\" src=\"https:\/\/www.normisjon.no\/content\/uploads\/sites\/13\/2019\/09\/musikkvideo-sc-1024x574.jpg\" alt=\"\" class=\"wp-image-388\" srcset=\"https:\/\/www.normisjon.no\/content\/uploads\/sites\/13\/2019\/09\/musikkvideo-sc-1024x574.jpg 1024w, https:\/\/www.normisjon.no\/content\/uploads\/sites\/13\/2019\/09\/musikkvideo-sc-300x168.jpg 300w, https:\/\/www.normisjon.no\/content\/uploads\/sites\/13\/2019\/09\/musikkvideo-sc-768x430.jpg 768w, https:\/\/www.normisjon.no\/content\/uploads\/sites\/13\/2019\/09\/musikkvideo-sc-1920x1076.jpg 1920w, https:\/\/www.normisjon.no\/content\/uploads\/sites\/13\/2019\/09\/musikkvideo-sc-1360x762.jpg 1360w, https:\/\/www.normisjon.no\/content\/uploads\/sites\/13\/2019\/09\/musikkvideo-sc-960x538.jpg 960w\" sizes=\"auto, (max-width: 1024px) 100vw, 1024px\" \/><\/figure>\n\n\n\n<p>Bergen Soul Children, Arna Soul Children, Ostereide Soul Children og B\u00f8mlo Soul Children er alle med i en musikkvideo som handler om The Greatest Love, alts\u00e5 den st\u00f8rste kj\u00e6rligheten. Det er kj\u00e6rligheten til Gud. <br> \u2013 Dette er en skikkelig fin musikkvideo for barn og unge. Vi er stolt over dette fantastiske resultatet. Vi h\u00e5per at barn og unge over hele landet vil f\u00e5 glede av musikken og koreografien, sier Acta-leder i Hordaland, Thomas Hammer. Han mener musikken har et viktig innhold og at innpakningen passer for generasjonen den er laget til.<\/p>\n\n\n\n<p>\u2013 Det er utrolig hva gjengen i Soul Children med venner har f\u00e5tt til, sier Hammer. I tillegg til korene, synger artisten Kine L. Fossheim. Sangen er komponert av  Knut Bj\u00f8rnar Asphol og Julienne Johnsen. Det er Siren God\u00f8 som har koreografien, og dirigent er Barbro Wiig Sulebakk. Produsenten er Christer Steffensen.<\/p>\n\n\n\n<h2 class=\"wp-block-heading\">H\u00f8yt musikalsk niv\u00e5<\/h2>\n\n\n\n<p>\u2013 Det er mange h\u00f8yt kvalifiserte mennesker som er dedikert til \u00e5 lage god kristen musikk for barn og unge, b\u00e5de i Hordaland men ogs\u00e5 i landet for\u00f8vrig. \u00c5 lage kvalitetsmusikk for barn og unge er noe disse prioriterer h\u00f8yt. Det \u00e5 kunne v\u00e6re med p\u00e5 \u00e5 formidle slik musikk til denne aldersgruppen, er veldig meningsfylt, sier Thomas <br>\nHammer i Acta.<\/p>\n<\/div>","protected":false},"excerpt":{"rendered":"<p>Flere lokale Soul Children-kor er med i en splitter ny musikkvideo som handler om Guds kj\u00e6rlighet. Bergen Soul Children, Arna Soul Children, Ostereide Soul Children [&hellip;]<\/p>\n","protected":false},"author":57,"featured_media":388,"comment_status":"closed","ping_status":"closed","sticky":false,"template":"","format":"standard","meta":{"_acf_changed":false,"footnotes":""},"categories":[1],"tags":[],"class_list":["post-385","post","type-post","status-publish","format-standard","has-post-thumbnail","hentry","category-ukategorisert"],"acf":[],"yoast_head":"<!-- This site is optimized with the Yoast SEO plugin v25.9 - https:\/\/yoast.com\/wordpress\/plugins\/seo\/ -->\n<title>Ny musikkvideo fra Soul Children &#8211; Normisjon Hordaland<\/title>\n<meta name=\"robots\" content=\"index, follow, max-snippet:-1, max-image-preview:large, max-video-preview:-1\" \/>\n<link rel=\"canonical\" href=\"https:\/\/www.normisjon.no\/hordaland\/2019\/09\/04\/ny-musikkvideo-fra-soul-children\/\" \/>\n<meta property=\"og:locale\" content=\"nb_NO\" \/>\n<meta property=\"og:type\" content=\"article\" \/>\n<meta property=\"og:title\" content=\"Ny musikkvideo fra Soul Children &#8211; Normisjon Hordaland\" \/>\n<meta property=\"og:description\" content=\"Flere lokale Soul Children-kor er med i en splitter ny musikkvideo som handler om Guds kj\u00e6rlighet. Bergen Soul Children, Arna Soul Children, Ostereide Soul Children [&hellip;]\" \/>\n<meta property=\"og:url\" content=\"https:\/\/www.normisjon.no\/hordaland\/2019\/09\/04\/ny-musikkvideo-fra-soul-children\/\" \/>\n<meta property=\"og:site_name\" content=\"Normisjon Hordaland\" \/>\n<meta property=\"article:publisher\" content=\"https:\/\/www.facebook.com\/normisjon.hordaland\" \/>\n<meta property=\"article:published_time\" content=\"2019-09-04T09:14:00+00:00\" \/>\n<meta property=\"article:modified_time\" content=\"2019-09-04T09:29:55+00:00\" \/>\n<meta property=\"og:image\" content=\"https:\/\/www.normisjon.no\/content\/uploads\/sites\/13\/2019\/09\/musikkvideo-sc.jpg\" \/>\n\t<meta property=\"og:image:width\" content=\"3360\" \/>\n\t<meta property=\"og:image:height\" content=\"1883\" \/>\n\t<meta property=\"og:image:type\" content=\"image\/jpeg\" \/>\n<meta name=\"author\" content=\"thomas\" \/>\n<meta name=\"twitter:card\" content=\"summary_large_image\" \/>\n<meta name=\"twitter:creator\" content=\"@Normisjon_hord\" \/>\n<meta name=\"twitter:site\" content=\"@Normisjon_hord\" \/>\n<meta name=\"twitter:label1\" content=\"Skrevet av\" \/>\n\t<meta name=\"twitter:data1\" content=\"thomas\" \/>\n\t<meta name=\"twitter:label2\" content=\"Ansl. lesetid\" \/>\n\t<meta name=\"twitter:data2\" content=\"1 minutt\" \/>\n<script type=\"application\/ld+json\" class=\"yoast-schema-graph\">{\"@context\":\"https:\/\/schema.org\",\"@graph\":[{\"@type\":\"Article\",\"@id\":\"https:\/\/www.normisjon.no\/hordaland\/2019\/09\/04\/ny-musikkvideo-fra-soul-children\/#article\",\"isPartOf\":{\"@id\":\"https:\/\/www.normisjon.no\/hordaland\/2019\/09\/04\/ny-musikkvideo-fra-soul-children\/\"},\"author\":{\"name\":\"thomas\",\"@id\":\"https:\/\/www.normisjon.no\/hordaland\/#\/schema\/person\/b3006b4bccdc2cb50abc2bd344c6df67\"},\"headline\":\"Ny musikkvideo fra Soul Children\",\"datePublished\":\"2019-09-04T09:14:00+00:00\",\"dateModified\":\"2019-09-04T09:29:55+00:00\",\"mainEntityOfPage\":{\"@id\":\"https:\/\/www.normisjon.no\/hordaland\/2019\/09\/04\/ny-musikkvideo-fra-soul-children\/\"},\"wordCount\":235,\"publisher\":{\"@id\":\"https:\/\/www.normisjon.no\/hordaland\/#organization\"},\"image\":{\"@id\":\"https:\/\/www.normisjon.no\/hordaland\/2019\/09\/04\/ny-musikkvideo-fra-soul-children\/#primaryimage\"},\"thumbnailUrl\":\"https:\/\/www.normisjon.no\/content\/uploads\/sites\/13\/2019\/09\/musikkvideo-sc.jpg\",\"inLanguage\":\"nb-NO\"},{\"@type\":\"WebPage\",\"@id\":\"https:\/\/www.normisjon.no\/hordaland\/2019\/09\/04\/ny-musikkvideo-fra-soul-children\/\",\"url\":\"https:\/\/www.normisjon.no\/hordaland\/2019\/09\/04\/ny-musikkvideo-fra-soul-children\/\",\"name\":\"Ny musikkvideo fra Soul Children &#8211; Normisjon Hordaland\",\"isPartOf\":{\"@id\":\"https:\/\/www.normisjon.no\/hordaland\/#website\"},\"primaryImageOfPage\":{\"@id\":\"https:\/\/www.normisjon.no\/hordaland\/2019\/09\/04\/ny-musikkvideo-fra-soul-children\/#primaryimage\"},\"image\":{\"@id\":\"https:\/\/www.normisjon.no\/hordaland\/2019\/09\/04\/ny-musikkvideo-fra-soul-children\/#primaryimage\"},\"thumbnailUrl\":\"https:\/\/www.normisjon.no\/content\/uploads\/sites\/13\/2019\/09\/musikkvideo-sc.jpg\",\"datePublished\":\"2019-09-04T09:14:00+00:00\",\"dateModified\":\"2019-09-04T09:29:55+00:00\",\"breadcrumb\":{\"@id\":\"https:\/\/www.normisjon.no\/hordaland\/2019\/09\/04\/ny-musikkvideo-fra-soul-children\/#breadcrumb\"},\"inLanguage\":\"nb-NO\",\"potentialAction\":[{\"@type\":\"ReadAction\",\"target\":[\"https:\/\/www.normisjon.no\/hordaland\/2019\/09\/04\/ny-musikkvideo-fra-soul-children\/\"]}]},{\"@type\":\"ImageObject\",\"inLanguage\":\"nb-NO\",\"@id\":\"https:\/\/www.normisjon.no\/hordaland\/2019\/09\/04\/ny-musikkvideo-fra-soul-children\/#primaryimage\",\"url\":\"https:\/\/www.normisjon.no\/content\/uploads\/sites\/13\/2019\/09\/musikkvideo-sc.jpg\",\"contentUrl\":\"https:\/\/www.normisjon.no\/content\/uploads\/sites\/13\/2019\/09\/musikkvideo-sc.jpg\",\"width\":3360,\"height\":1883},{\"@type\":\"BreadcrumbList\",\"@id\":\"https:\/\/www.normisjon.no\/hordaland\/2019\/09\/04\/ny-musikkvideo-fra-soul-children\/#breadcrumb\",\"itemListElement\":[{\"@type\":\"ListItem\",\"position\":1,\"name\":\"Home\",\"item\":\"https:\/\/www.normisjon.no\/hordaland\/\"},{\"@type\":\"ListItem\",\"position\":2,\"name\":\"Ny musikkvideo fra Soul Children\"}]},{\"@type\":\"WebSite\",\"@id\":\"https:\/\/www.normisjon.no\/hordaland\/#website\",\"url\":\"https:\/\/www.normisjon.no\/hordaland\/\",\"name\":\"Normisjon Hordaland\",\"description\":\"\",\"publisher\":{\"@id\":\"https:\/\/www.normisjon.no\/hordaland\/#organization\"},\"potentialAction\":[{\"@type\":\"SearchAction\",\"target\":{\"@type\":\"EntryPoint\",\"urlTemplate\":\"https:\/\/www.normisjon.no\/hordaland\/?s={search_term_string}\"},\"query-input\":{\"@type\":\"PropertyValueSpecification\",\"valueRequired\":true,\"valueName\":\"search_term_string\"}}],\"inLanguage\":\"nb-NO\"},{\"@type\":\"Organization\",\"@id\":\"https:\/\/www.normisjon.no\/hordaland\/#organization\",\"name\":\"Normisjon Hordaland\",\"url\":\"https:\/\/www.normisjon.no\/hordaland\/\",\"logo\":{\"@type\":\"ImageObject\",\"inLanguage\":\"nb-NO\",\"@id\":\"https:\/\/www.normisjon.no\/hordaland\/#\/schema\/logo\/image\/\",\"url\":\"https:\/\/www.normisjon.no\/content\/uploads\/sites\/13\/2021\/10\/normisjon-liggende-logo.jpg\",\"contentUrl\":\"https:\/\/www.normisjon.no\/content\/uploads\/sites\/13\/2021\/10\/normisjon-liggende-logo.jpg\",\"width\":850,\"height\":216,\"caption\":\"Normisjon Hordaland\"},\"image\":{\"@id\":\"https:\/\/www.normisjon.no\/hordaland\/#\/schema\/logo\/image\/\"},\"sameAs\":[\"https:\/\/www.facebook.com\/normisjon.hordaland\",\"https:\/\/x.com\/Normisjon_hord\"]},{\"@type\":\"Person\",\"@id\":\"https:\/\/www.normisjon.no\/hordaland\/#\/schema\/person\/b3006b4bccdc2cb50abc2bd344c6df67\",\"name\":\"thomas\",\"image\":{\"@type\":\"ImageObject\",\"inLanguage\":\"nb-NO\",\"@id\":\"https:\/\/www.normisjon.no\/hordaland\/#\/schema\/person\/image\/\",\"url\":\"https:\/\/secure.gravatar.com\/avatar\/f97c1097615a20f4b67ad47de64cbf69ae546c210cbfdd15aab241cb06bae284?s=96&d=mm&r=g\",\"contentUrl\":\"https:\/\/secure.gravatar.com\/avatar\/f97c1097615a20f4b67ad47de64cbf69ae546c210cbfdd15aab241cb06bae284?s=96&d=mm&r=g\",\"caption\":\"thomas\"},\"url\":\"https:\/\/www.normisjon.no\/hordaland\/author\/thomas\/\"}]}<\/script>\n<!-- \/ Yoast SEO plugin. -->","yoast_head_json":{"title":"Ny musikkvideo fra Soul Children &#8211; Normisjon Hordaland","robots":{"index":"index","follow":"follow","max-snippet":"max-snippet:-1","max-image-preview":"max-image-preview:large","max-video-preview":"max-video-preview:-1"},"canonical":"https:\/\/www.normisjon.no\/hordaland\/2019\/09\/04\/ny-musikkvideo-fra-soul-children\/","og_locale":"nb_NO","og_type":"article","og_title":"Ny musikkvideo fra Soul Children &#8211; Normisjon Hordaland","og_description":"Flere lokale Soul Children-kor er med i en splitter ny musikkvideo som handler om Guds kj\u00e6rlighet. Bergen Soul Children, Arna Soul Children, Ostereide Soul Children [&hellip;]","og_url":"https:\/\/www.normisjon.no\/hordaland\/2019\/09\/04\/ny-musikkvideo-fra-soul-children\/","og_site_name":"Normisjon Hordaland","article_publisher":"https:\/\/www.facebook.com\/normisjon.hordaland","article_published_time":"2019-09-04T09:14:00+00:00","article_modified_time":"2019-09-04T09:29:55+00:00","og_image":[{"width":3360,"height":1883,"url":"https:\/\/www.normisjon.no\/content\/uploads\/sites\/13\/2019\/09\/musikkvideo-sc.jpg","type":"image\/jpeg"}],"author":"thomas","twitter_card":"summary_large_image","twitter_creator":"@Normisjon_hord","twitter_site":"@Normisjon_hord","twitter_misc":{"Skrevet av":"thomas","Ansl. lesetid":"1 minutt"},"schema":{"@context":"https:\/\/schema.org","@graph":[{"@type":"Article","@id":"https:\/\/www.normisjon.no\/hordaland\/2019\/09\/04\/ny-musikkvideo-fra-soul-children\/#article","isPartOf":{"@id":"https:\/\/www.normisjon.no\/hordaland\/2019\/09\/04\/ny-musikkvideo-fra-soul-children\/"},"author":{"name":"thomas","@id":"https:\/\/www.normisjon.no\/hordaland\/#\/schema\/person\/b3006b4bccdc2cb50abc2bd344c6df67"},"headline":"Ny musikkvideo fra Soul Children","datePublished":"2019-09-04T09:14:00+00:00","dateModified":"2019-09-04T09:29:55+00:00","mainEntityOfPage":{"@id":"https:\/\/www.normisjon.no\/hordaland\/2019\/09\/04\/ny-musikkvideo-fra-soul-children\/"},"wordCount":235,"publisher":{"@id":"https:\/\/www.normisjon.no\/hordaland\/#organization"},"image":{"@id":"https:\/\/www.normisjon.no\/hordaland\/2019\/09\/04\/ny-musikkvideo-fra-soul-children\/#primaryimage"},"thumbnailUrl":"https:\/\/www.normisjon.no\/content\/uploads\/sites\/13\/2019\/09\/musikkvideo-sc.jpg","inLanguage":"nb-NO"},{"@type":"WebPage","@id":"https:\/\/www.normisjon.no\/hordaland\/2019\/09\/04\/ny-musikkvideo-fra-soul-children\/","url":"https:\/\/www.normisjon.no\/hordaland\/2019\/09\/04\/ny-musikkvideo-fra-soul-children\/","name":"Ny musikkvideo fra Soul Children &#8211; Normisjon Hordaland","isPartOf":{"@id":"https:\/\/www.normisjon.no\/hordaland\/#website"},"primaryImageOfPage":{"@id":"https:\/\/www.normisjon.no\/hordaland\/2019\/09\/04\/ny-musikkvideo-fra-soul-children\/#primaryimage"},"image":{"@id":"https:\/\/www.normisjon.no\/hordaland\/2019\/09\/04\/ny-musikkvideo-fra-soul-children\/#primaryimage"},"thumbnailUrl":"https:\/\/www.normisjon.no\/content\/uploads\/sites\/13\/2019\/09\/musikkvideo-sc.jpg","datePublished":"2019-09-04T09:14:00+00:00","dateModified":"2019-09-04T09:29:55+00:00","breadcrumb":{"@id":"https:\/\/www.normisjon.no\/hordaland\/2019\/09\/04\/ny-musikkvideo-fra-soul-children\/#breadcrumb"},"inLanguage":"nb-NO","potentialAction":[{"@type":"ReadAction","target":["https:\/\/www.normisjon.no\/hordaland\/2019\/09\/04\/ny-musikkvideo-fra-soul-children\/"]}]},{"@type":"ImageObject","inLanguage":"nb-NO","@id":"https:\/\/www.normisjon.no\/hordaland\/2019\/09\/04\/ny-musikkvideo-fra-soul-children\/#primaryimage","url":"https:\/\/www.normisjon.no\/content\/uploads\/sites\/13\/2019\/09\/musikkvideo-sc.jpg","contentUrl":"https:\/\/www.normisjon.no\/content\/uploads\/sites\/13\/2019\/09\/musikkvideo-sc.jpg","width":3360,"height":1883},{"@type":"BreadcrumbList","@id":"https:\/\/www.normisjon.no\/hordaland\/2019\/09\/04\/ny-musikkvideo-fra-soul-children\/#breadcrumb","itemListElement":[{"@type":"ListItem","position":1,"name":"Home","item":"https:\/\/www.normisjon.no\/hordaland\/"},{"@type":"ListItem","position":2,"name":"Ny musikkvideo fra Soul Children"}]},{"@type":"WebSite","@id":"https:\/\/www.normisjon.no\/hordaland\/#website","url":"https:\/\/www.normisjon.no\/hordaland\/","name":"Normisjon Hordaland","description":"","publisher":{"@id":"https:\/\/www.normisjon.no\/hordaland\/#organization"},"potentialAction":[{"@type":"SearchAction","target":{"@type":"EntryPoint","urlTemplate":"https:\/\/www.normisjon.no\/hordaland\/?s={search_term_string}"},"query-input":{"@type":"PropertyValueSpecification","valueRequired":true,"valueName":"search_term_string"}}],"inLanguage":"nb-NO"},{"@type":"Organization","@id":"https:\/\/www.normisjon.no\/hordaland\/#organization","name":"Normisjon Hordaland","url":"https:\/\/www.normisjon.no\/hordaland\/","logo":{"@type":"ImageObject","inLanguage":"nb-NO","@id":"https:\/\/www.normisjon.no\/hordaland\/#\/schema\/logo\/image\/","url":"https:\/\/www.normisjon.no\/content\/uploads\/sites\/13\/2021\/10\/normisjon-liggende-logo.jpg","contentUrl":"https:\/\/www.normisjon.no\/content\/uploads\/sites\/13\/2021\/10\/normisjon-liggende-logo.jpg","width":850,"height":216,"caption":"Normisjon Hordaland"},"image":{"@id":"https:\/\/www.normisjon.no\/hordaland\/#\/schema\/logo\/image\/"},"sameAs":["https:\/\/www.facebook.com\/normisjon.hordaland","https:\/\/x.com\/Normisjon_hord"]},{"@type":"Person","@id":"https:\/\/www.normisjon.no\/hordaland\/#\/schema\/person\/b3006b4bccdc2cb50abc2bd344c6df67","name":"thomas","image":{"@type":"ImageObject","inLanguage":"nb-NO","@id":"https:\/\/www.normisjon.no\/hordaland\/#\/schema\/person\/image\/","url":"https:\/\/secure.gravatar.com\/avatar\/f97c1097615a20f4b67ad47de64cbf69ae546c210cbfdd15aab241cb06bae284?s=96&d=mm&r=g","contentUrl":"https:\/\/secure.gravatar.com\/avatar\/f97c1097615a20f4b67ad47de64cbf69ae546c210cbfdd15aab241cb06bae284?s=96&d=mm&r=g","caption":"thomas"},"url":"https:\/\/www.normisjon.no\/hordaland\/author\/thomas\/"}]}},"_links":{"self":[{"href":"https:\/\/www.normisjon.no\/hordaland\/wp-json\/wp\/v2\/posts\/385","targetHints":{"allow":["GET"]}}],"collection":[{"href":"https:\/\/www.normisjon.no\/hordaland\/wp-json\/wp\/v2\/posts"}],"about":[{"href":"https:\/\/www.normisjon.no\/hordaland\/wp-json\/wp\/v2\/types\/post"}],"author":[{"embeddable":true,"href":"https:\/\/www.normisjon.no\/hordaland\/wp-json\/wp\/v2\/users\/57"}],"replies":[{"embeddable":true,"href":"https:\/\/www.normisjon.no\/hordaland\/wp-json\/wp\/v2\/comments?post=385"}],"version-history":[{"count":3,"href":"https:\/\/www.normisjon.no\/hordaland\/wp-json\/wp\/v2\/posts\/385\/revisions"}],"predecessor-version":[{"id":390,"href":"https:\/\/www.normisjon.no\/hordaland\/wp-json\/wp\/v2\/posts\/385\/revisions\/390"}],"wp:featuredmedia":[{"embeddable":true,"href":"https:\/\/www.normisjon.no\/hordaland\/wp-json\/wp\/v2\/media\/388"}],"wp:attachment":[{"href":"https:\/\/www.normisjon.no\/hordaland\/wp-json\/wp\/v2\/media?parent=385"}],"wp:term":[{"taxonomy":"category","embeddable":true,"href":"https:\/\/www.normisjon.no\/hordaland\/wp-json\/wp\/v2\/categories?post=385"},{"taxonomy":"post_tag","embeddable":true,"href":"https:\/\/www.normisjon.no\/hordaland\/wp-json\/wp\/v2\/tags?post=385"}],"curies":[{"name":"wp","href":"https:\/\/api.w.org\/{rel}","templated":true}]}}