{"id":4685,"date":"2024-08-19T15:26:00","date_gmt":"2024-08-19T13:26:00","guid":{"rendered":"https:\/\/www.normisjon.no\/hordaland\/?p=4685"},"modified":"2024-11-19T15:28:45","modified_gmt":"2024-11-19T14:28:45","slug":"pastorveksling-i-norkirken-nordhordland","status":"publish","type":"post","link":"https:\/\/www.normisjon.no\/hordaland\/2024\/08\/19\/pastorveksling-i-norkirken-nordhordland\/","title":{"rendered":"Pastorveksling i Norkirken Nordhordland"},"content":{"rendered":"<div class=\"entry-content alignfull wp-block-post-content has-global-padding is-layout-constrained wp-block-post-content-is-layout-constrained\">\n<figure class=\"wp-block-image size-large\"><img loading=\"lazy\" decoding=\"async\" width=\"1024\" height=\"768\" src=\"https:\/\/www.normisjon.no\/content\/uploads\/sites\/13\/2024\/11\/IMG_5799-1024x768.jpg\" alt=\"\" class=\"wp-image-4686\" srcset=\"https:\/\/www.normisjon.no\/content\/uploads\/sites\/13\/2024\/11\/IMG_5799-1024x768.jpg 1024w, https:\/\/www.normisjon.no\/content\/uploads\/sites\/13\/2024\/11\/IMG_5799-300x225.jpg 300w, https:\/\/www.normisjon.no\/content\/uploads\/sites\/13\/2024\/11\/IMG_5799-768x576.jpg 768w, https:\/\/www.normisjon.no\/content\/uploads\/sites\/13\/2024\/11\/IMG_5799-1536x1152.jpg 1536w, https:\/\/www.normisjon.no\/content\/uploads\/sites\/13\/2024\/11\/IMG_5799-2048x1536.jpg 2048w, https:\/\/www.normisjon.no\/content\/uploads\/sites\/13\/2024\/11\/IMG_5799-1920x1440.jpg 1920w, https:\/\/www.normisjon.no\/content\/uploads\/sites\/13\/2024\/11\/IMG_5799-1360x1020.jpg 1360w, https:\/\/www.normisjon.no\/content\/uploads\/sites\/13\/2024\/11\/IMG_5799-960x720.jpg 960w\" sizes=\"auto, (max-width: 1024px) 100vw, 1024px\" \/><\/figure>\n\n\n\n<p>Norkirken Nordhordland feirer i \u00e5r sitt 20-\u00e5rsjubileum, samtidig som menigheten markerer et viktig lederskifte. Under pinsefesten i mai ble pastor Arve Reigstad takket av etter nesten 20 \u00e5r med trofast tjeneste. Reigstad har v\u00e6rt en sentral skikkelse i menigheten siden han tiltr\u00e5dte i august 2005, og han har spilt en n\u00f8kkelrolle i utviklingen av menighetens aktiviteter og \u00e5ndelige liv.<\/p>\n\n\n\n<p>I hans avskjed ble det fremhevet hvordan han, sammen med sin kone Anne Hilde, allerede p\u00e5 1980-tallet tok initiativ til \u00e5 starte lovsangsgrupper i hjemmene, inspirert av Oasebevegelsen. Dette arbeidet har hatt en varig innvirkning p\u00e5 menigheten. En avisartikkel fra 2005 beskrev Reigstad som en l\u00e6rer med tydelig budskap og klare m\u00e5l, som forkynner p\u00e5 en m\u00e5te som skaper gjenkjennelse og glede i hverdagen.<\/p>\n\n\n\n<p>Samtidig har menigheten \u00f8nsket velkommen sin nye pastor, Bj\u00f8rnar S\u00e6le (26), som formelt tiltr\u00e5dte 1. august. S\u00e6le ble innviet som pastor i en seremoni s\u00f8ndag 11. august, hvor en fullsatt kultursal i Meland Aktiv deltok. Han har v\u00e6rt ungdomspastor i menigheten siden 2019 og tar n\u00e5 over som hovedpastor, samtidig som han fortsetter sitt engasjement i ungdomsarbeidet. S\u00e6le er ogs\u00e5 ansvarlig for det tverrkirkelige konfirmantarbeidet TENTRO.<\/p>\n\n\n\n<p>Menigheten uttrykker stor takknemlighet for Reigstads mange\u00e5rige innsats og ser med forventning frem til \u00e5 f\u00f8lge S\u00e6le i hans nye rolle. Norkirken Nordhordland h\u00e5per \u00e5 fortsette sin vekst og n\u00e5 ut med evangeliet i enda st\u00f8rre grad i \u00e5rene som kommer.<\/p>\n\n\n\n<p>Regionleder Kristian Bj\u00f8rkhaug hadde hilsen til Bj\u00f8rnar der han minnet ham om \u00e5 v\u00e6re et vitne for evangeliet i sin pastorgjerning. Videre at vi alle skal f\u00e5 lede sammen med andre. \u00c5 v\u00e6re pastor er en viktig oppgave som vi skal \u00e5 v\u00e6re sammen med andre ledere i menigheten om.<\/p>\n\n\n\n<p>Bj\u00f8rnar skal f\u00e5 kontorplass sammen med staben i Normisjon region Hordaland og Norkirken Bergen i misjonsenteret i Bergen. Det er b\u00e5de spennende og viktig s\u00e5 se hvordan slike samarbeid kan berike b\u00e5de menigheten p\u00e5 Frekhaug og Normisjon Hordaland.<\/p>\n<\/div>","protected":false},"excerpt":{"rendered":"<p>Norkirken Nordhordland feirer i \u00e5r sitt 20-\u00e5rsjubileum, samtidig som menigheten markerer et viktig lederskifte. Under pinsefesten i mai ble pastor Arve Reigstad takket av etter [&hellip;]<\/p>\n","protected":false},"author":57,"featured_media":4686,"comment_status":"closed","ping_status":"closed","sticky":false,"template":"","format":"standard","meta":{"_acf_changed":false,"footnotes":""},"categories":[22],"tags":[],"class_list":["post-4685","post","type-post","status-publish","format-standard","has-post-thumbnail","hentry","category-menighet"],"acf":[],"yoast_head":"<!-- This site is optimized with the Yoast SEO plugin v25.9 - https:\/\/yoast.com\/wordpress\/plugins\/seo\/ -->\n<title>Pastorveksling i Norkirken Nordhordland &#8211; Normisjon Hordaland<\/title>\n<meta name=\"robots\" content=\"index, follow, max-snippet:-1, max-image-preview:large, max-video-preview:-1\" \/>\n<link rel=\"canonical\" href=\"https:\/\/www.normisjon.no\/hordaland\/2024\/08\/19\/pastorveksling-i-norkirken-nordhordland\/\" \/>\n<meta property=\"og:locale\" content=\"nb_NO\" \/>\n<meta property=\"og:type\" content=\"article\" \/>\n<meta property=\"og:title\" content=\"Pastorveksling i Norkirken Nordhordland &#8211; Normisjon Hordaland\" \/>\n<meta property=\"og:description\" content=\"Norkirken Nordhordland feirer i \u00e5r sitt 20-\u00e5rsjubileum, samtidig som menigheten markerer et viktig lederskifte. Under pinsefesten i mai ble pastor Arve Reigstad takket av etter [&hellip;]\" \/>\n<meta property=\"og:url\" content=\"https:\/\/www.normisjon.no\/hordaland\/2024\/08\/19\/pastorveksling-i-norkirken-nordhordland\/\" \/>\n<meta property=\"og:site_name\" content=\"Normisjon Hordaland\" \/>\n<meta property=\"article:publisher\" content=\"https:\/\/www.facebook.com\/normisjon.hordaland\" \/>\n<meta property=\"article:published_time\" content=\"2024-08-19T13:26:00+00:00\" \/>\n<meta property=\"article:modified_time\" content=\"2024-11-19T14:28:45+00:00\" \/>\n<meta property=\"og:image\" content=\"https:\/\/www.normisjon.no\/content\/uploads\/sites\/13\/2024\/11\/IMG_5799-scaled.jpg\" \/>\n\t<meta property=\"og:image:width\" content=\"2560\" \/>\n\t<meta property=\"og:image:height\" content=\"1920\" \/>\n\t<meta property=\"og:image:type\" content=\"image\/jpeg\" \/>\n<meta name=\"author\" content=\"thomas\" \/>\n<meta name=\"twitter:card\" content=\"summary_large_image\" \/>\n<meta name=\"twitter:creator\" content=\"@Normisjon_hord\" \/>\n<meta name=\"twitter:site\" content=\"@Normisjon_hord\" \/>\n<meta name=\"twitter:label1\" content=\"Skrevet av\" \/>\n\t<meta name=\"twitter:data1\" content=\"thomas\" \/>\n\t<meta name=\"twitter:label2\" content=\"Ansl. lesetid\" \/>\n\t<meta name=\"twitter:data2\" content=\"2 minutter\" \/>\n<script type=\"application\/ld+json\" class=\"yoast-schema-graph\">{\"@context\":\"https:\/\/schema.org\",\"@graph\":[{\"@type\":\"Article\",\"@id\":\"https:\/\/www.normisjon.no\/hordaland\/2024\/08\/19\/pastorveksling-i-norkirken-nordhordland\/#article\",\"isPartOf\":{\"@id\":\"https:\/\/www.normisjon.no\/hordaland\/2024\/08\/19\/pastorveksling-i-norkirken-nordhordland\/\"},\"author\":{\"name\":\"thomas\",\"@id\":\"https:\/\/www.normisjon.no\/hordaland\/#\/schema\/person\/b3006b4bccdc2cb50abc2bd344c6df67\"},\"headline\":\"Pastorveksling i Norkirken Nordhordland\",\"datePublished\":\"2024-08-19T13:26:00+00:00\",\"dateModified\":\"2024-11-19T14:28:45+00:00\",\"mainEntityOfPage\":{\"@id\":\"https:\/\/www.normisjon.no\/hordaland\/2024\/08\/19\/pastorveksling-i-norkirken-nordhordland\/\"},\"wordCount\":336,\"publisher\":{\"@id\":\"https:\/\/www.normisjon.no\/hordaland\/#organization\"},\"image\":{\"@id\":\"https:\/\/www.normisjon.no\/hordaland\/2024\/08\/19\/pastorveksling-i-norkirken-nordhordland\/#primaryimage\"},\"thumbnailUrl\":\"https:\/\/www.normisjon.no\/content\/uploads\/sites\/13\/2024\/11\/IMG_5799-scaled.jpg\",\"articleSection\":[\"Menighet\"],\"inLanguage\":\"nb-NO\"},{\"@type\":\"WebPage\",\"@id\":\"https:\/\/www.normisjon.no\/hordaland\/2024\/08\/19\/pastorveksling-i-norkirken-nordhordland\/\",\"url\":\"https:\/\/www.normisjon.no\/hordaland\/2024\/08\/19\/pastorveksling-i-norkirken-nordhordland\/\",\"name\":\"Pastorveksling i Norkirken Nordhordland &#8211; Normisjon Hordaland\",\"isPartOf\":{\"@id\":\"https:\/\/www.normisjon.no\/hordaland\/#website\"},\"primaryImageOfPage\":{\"@id\":\"https:\/\/www.normisjon.no\/hordaland\/2024\/08\/19\/pastorveksling-i-norkirken-nordhordland\/#primaryimage\"},\"image\":{\"@id\":\"https:\/\/www.normisjon.no\/hordaland\/2024\/08\/19\/pastorveksling-i-norkirken-nordhordland\/#primaryimage\"},\"thumbnailUrl\":\"https:\/\/www.normisjon.no\/content\/uploads\/sites\/13\/2024\/11\/IMG_5799-scaled.jpg\",\"datePublished\":\"2024-08-19T13:26:00+00:00\",\"dateModified\":\"2024-11-19T14:28:45+00:00\",\"breadcrumb\":{\"@id\":\"https:\/\/www.normisjon.no\/hordaland\/2024\/08\/19\/pastorveksling-i-norkirken-nordhordland\/#breadcrumb\"},\"inLanguage\":\"nb-NO\",\"potentialAction\":[{\"@type\":\"ReadAction\",\"target\":[\"https:\/\/www.normisjon.no\/hordaland\/2024\/08\/19\/pastorveksling-i-norkirken-nordhordland\/\"]}]},{\"@type\":\"ImageObject\",\"inLanguage\":\"nb-NO\",\"@id\":\"https:\/\/www.normisjon.no\/hordaland\/2024\/08\/19\/pastorveksling-i-norkirken-nordhordland\/#primaryimage\",\"url\":\"https:\/\/www.normisjon.no\/content\/uploads\/sites\/13\/2024\/11\/IMG_5799-scaled.jpg\",\"contentUrl\":\"https:\/\/www.normisjon.no\/content\/uploads\/sites\/13\/2024\/11\/IMG_5799-scaled.jpg\",\"width\":2560,\"height\":1920},{\"@type\":\"BreadcrumbList\",\"@id\":\"https:\/\/www.normisjon.no\/hordaland\/2024\/08\/19\/pastorveksling-i-norkirken-nordhordland\/#breadcrumb\",\"itemListElement\":[{\"@type\":\"ListItem\",\"position\":1,\"name\":\"Home\",\"item\":\"https:\/\/www.normisjon.no\/hordaland\/\"},{\"@type\":\"ListItem\",\"position\":2,\"name\":\"Pastorveksling i Norkirken Nordhordland\"}]},{\"@type\":\"WebSite\",\"@id\":\"https:\/\/www.normisjon.no\/hordaland\/#website\",\"url\":\"https:\/\/www.normisjon.no\/hordaland\/\",\"name\":\"Normisjon Hordaland\",\"description\":\"\",\"publisher\":{\"@id\":\"https:\/\/www.normisjon.no\/hordaland\/#organization\"},\"potentialAction\":[{\"@type\":\"SearchAction\",\"target\":{\"@type\":\"EntryPoint\",\"urlTemplate\":\"https:\/\/www.normisjon.no\/hordaland\/?s={search_term_string}\"},\"query-input\":{\"@type\":\"PropertyValueSpecification\",\"valueRequired\":true,\"valueName\":\"search_term_string\"}}],\"inLanguage\":\"nb-NO\"},{\"@type\":\"Organization\",\"@id\":\"https:\/\/www.normisjon.no\/hordaland\/#organization\",\"name\":\"Normisjon Hordaland\",\"url\":\"https:\/\/www.normisjon.no\/hordaland\/\",\"logo\":{\"@type\":\"ImageObject\",\"inLanguage\":\"nb-NO\",\"@id\":\"https:\/\/www.normisjon.no\/hordaland\/#\/schema\/logo\/image\/\",\"url\":\"https:\/\/www.normisjon.no\/content\/uploads\/sites\/13\/2021\/10\/normisjon-liggende-logo.jpg\",\"contentUrl\":\"https:\/\/www.normisjon.no\/content\/uploads\/sites\/13\/2021\/10\/normisjon-liggende-logo.jpg\",\"width\":850,\"height\":216,\"caption\":\"Normisjon Hordaland\"},\"image\":{\"@id\":\"https:\/\/www.normisjon.no\/hordaland\/#\/schema\/logo\/image\/\"},\"sameAs\":[\"https:\/\/www.facebook.com\/normisjon.hordaland\",\"https:\/\/x.com\/Normisjon_hord\"]},{\"@type\":\"Person\",\"@id\":\"https:\/\/www.normisjon.no\/hordaland\/#\/schema\/person\/b3006b4bccdc2cb50abc2bd344c6df67\",\"name\":\"thomas\",\"image\":{\"@type\":\"ImageObject\",\"inLanguage\":\"nb-NO\",\"@id\":\"https:\/\/www.normisjon.no\/hordaland\/#\/schema\/person\/image\/\",\"url\":\"https:\/\/secure.gravatar.com\/avatar\/f97c1097615a20f4b67ad47de64cbf69ae546c210cbfdd15aab241cb06bae284?s=96&d=mm&r=g\",\"contentUrl\":\"https:\/\/secure.gravatar.com\/avatar\/f97c1097615a20f4b67ad47de64cbf69ae546c210cbfdd15aab241cb06bae284?s=96&d=mm&r=g\",\"caption\":\"thomas\"},\"url\":\"https:\/\/www.normisjon.no\/hordaland\/author\/thomas\/\"}]}<\/script>\n<!-- \/ Yoast SEO plugin. -->","yoast_head_json":{"title":"Pastorveksling i Norkirken Nordhordland &#8211; Normisjon Hordaland","robots":{"index":"index","follow":"follow","max-snippet":"max-snippet:-1","max-image-preview":"max-image-preview:large","max-video-preview":"max-video-preview:-1"},"canonical":"https:\/\/www.normisjon.no\/hordaland\/2024\/08\/19\/pastorveksling-i-norkirken-nordhordland\/","og_locale":"nb_NO","og_type":"article","og_title":"Pastorveksling i Norkirken Nordhordland &#8211; Normisjon Hordaland","og_description":"Norkirken Nordhordland feirer i \u00e5r sitt 20-\u00e5rsjubileum, samtidig som menigheten markerer et viktig lederskifte. Under pinsefesten i mai ble pastor Arve Reigstad takket av etter [&hellip;]","og_url":"https:\/\/www.normisjon.no\/hordaland\/2024\/08\/19\/pastorveksling-i-norkirken-nordhordland\/","og_site_name":"Normisjon Hordaland","article_publisher":"https:\/\/www.facebook.com\/normisjon.hordaland","article_published_time":"2024-08-19T13:26:00+00:00","article_modified_time":"2024-11-19T14:28:45+00:00","og_image":[{"width":2560,"height":1920,"url":"https:\/\/www.normisjon.no\/content\/uploads\/sites\/13\/2024\/11\/IMG_5799-scaled.jpg","type":"image\/jpeg"}],"author":"thomas","twitter_card":"summary_large_image","twitter_creator":"@Normisjon_hord","twitter_site":"@Normisjon_hord","twitter_misc":{"Skrevet av":"thomas","Ansl. lesetid":"2 minutter"},"schema":{"@context":"https:\/\/schema.org","@graph":[{"@type":"Article","@id":"https:\/\/www.normisjon.no\/hordaland\/2024\/08\/19\/pastorveksling-i-norkirken-nordhordland\/#article","isPartOf":{"@id":"https:\/\/www.normisjon.no\/hordaland\/2024\/08\/19\/pastorveksling-i-norkirken-nordhordland\/"},"author":{"name":"thomas","@id":"https:\/\/www.normisjon.no\/hordaland\/#\/schema\/person\/b3006b4bccdc2cb50abc2bd344c6df67"},"headline":"Pastorveksling i Norkirken Nordhordland","datePublished":"2024-08-19T13:26:00+00:00","dateModified":"2024-11-19T14:28:45+00:00","mainEntityOfPage":{"@id":"https:\/\/www.normisjon.no\/hordaland\/2024\/08\/19\/pastorveksling-i-norkirken-nordhordland\/"},"wordCount":336,"publisher":{"@id":"https:\/\/www.normisjon.no\/hordaland\/#organization"},"image":{"@id":"https:\/\/www.normisjon.no\/hordaland\/2024\/08\/19\/pastorveksling-i-norkirken-nordhordland\/#primaryimage"},"thumbnailUrl":"https:\/\/www.normisjon.no\/content\/uploads\/sites\/13\/2024\/11\/IMG_5799-scaled.jpg","articleSection":["Menighet"],"inLanguage":"nb-NO"},{"@type":"WebPage","@id":"https:\/\/www.normisjon.no\/hordaland\/2024\/08\/19\/pastorveksling-i-norkirken-nordhordland\/","url":"https:\/\/www.normisjon.no\/hordaland\/2024\/08\/19\/pastorveksling-i-norkirken-nordhordland\/","name":"Pastorveksling i Norkirken Nordhordland &#8211; Normisjon Hordaland","isPartOf":{"@id":"https:\/\/www.normisjon.no\/hordaland\/#website"},"primaryImageOfPage":{"@id":"https:\/\/www.normisjon.no\/hordaland\/2024\/08\/19\/pastorveksling-i-norkirken-nordhordland\/#primaryimage"},"image":{"@id":"https:\/\/www.normisjon.no\/hordaland\/2024\/08\/19\/pastorveksling-i-norkirken-nordhordland\/#primaryimage"},"thumbnailUrl":"https:\/\/www.normisjon.no\/content\/uploads\/sites\/13\/2024\/11\/IMG_5799-scaled.jpg","datePublished":"2024-08-19T13:26:00+00:00","dateModified":"2024-11-19T14:28:45+00:00","breadcrumb":{"@id":"https:\/\/www.normisjon.no\/hordaland\/2024\/08\/19\/pastorveksling-i-norkirken-nordhordland\/#breadcrumb"},"inLanguage":"nb-NO","potentialAction":[{"@type":"ReadAction","target":["https:\/\/www.normisjon.no\/hordaland\/2024\/08\/19\/pastorveksling-i-norkirken-nordhordland\/"]}]},{"@type":"ImageObject","inLanguage":"nb-NO","@id":"https:\/\/www.normisjon.no\/hordaland\/2024\/08\/19\/pastorveksling-i-norkirken-nordhordland\/#primaryimage","url":"https:\/\/www.normisjon.no\/content\/uploads\/sites\/13\/2024\/11\/IMG_5799-scaled.jpg","contentUrl":"https:\/\/www.normisjon.no\/content\/uploads\/sites\/13\/2024\/11\/IMG_5799-scaled.jpg","width":2560,"height":1920},{"@type":"BreadcrumbList","@id":"https:\/\/www.normisjon.no\/hordaland\/2024\/08\/19\/pastorveksling-i-norkirken-nordhordland\/#breadcrumb","itemListElement":[{"@type":"ListItem","position":1,"name":"Home","item":"https:\/\/www.normisjon.no\/hordaland\/"},{"@type":"ListItem","position":2,"name":"Pastorveksling i Norkirken Nordhordland"}]},{"@type":"WebSite","@id":"https:\/\/www.normisjon.no\/hordaland\/#website","url":"https:\/\/www.normisjon.no\/hordaland\/","name":"Normisjon Hordaland","description":"","publisher":{"@id":"https:\/\/www.normisjon.no\/hordaland\/#organization"},"potentialAction":[{"@type":"SearchAction","target":{"@type":"EntryPoint","urlTemplate":"https:\/\/www.normisjon.no\/hordaland\/?s={search_term_string}"},"query-input":{"@type":"PropertyValueSpecification","valueRequired":true,"valueName":"search_term_string"}}],"inLanguage":"nb-NO"},{"@type":"Organization","@id":"https:\/\/www.normisjon.no\/hordaland\/#organization","name":"Normisjon Hordaland","url":"https:\/\/www.normisjon.no\/hordaland\/","logo":{"@type":"ImageObject","inLanguage":"nb-NO","@id":"https:\/\/www.normisjon.no\/hordaland\/#\/schema\/logo\/image\/","url":"https:\/\/www.normisjon.no\/content\/uploads\/sites\/13\/2021\/10\/normisjon-liggende-logo.jpg","contentUrl":"https:\/\/www.normisjon.no\/content\/uploads\/sites\/13\/2021\/10\/normisjon-liggende-logo.jpg","width":850,"height":216,"caption":"Normisjon Hordaland"},"image":{"@id":"https:\/\/www.normisjon.no\/hordaland\/#\/schema\/logo\/image\/"},"sameAs":["https:\/\/www.facebook.com\/normisjon.hordaland","https:\/\/x.com\/Normisjon_hord"]},{"@type":"Person","@id":"https:\/\/www.normisjon.no\/hordaland\/#\/schema\/person\/b3006b4bccdc2cb50abc2bd344c6df67","name":"thomas","image":{"@type":"ImageObject","inLanguage":"nb-NO","@id":"https:\/\/www.normisjon.no\/hordaland\/#\/schema\/person\/image\/","url":"https:\/\/secure.gravatar.com\/avatar\/f97c1097615a20f4b67ad47de64cbf69ae546c210cbfdd15aab241cb06bae284?s=96&d=mm&r=g","contentUrl":"https:\/\/secure.gravatar.com\/avatar\/f97c1097615a20f4b67ad47de64cbf69ae546c210cbfdd15aab241cb06bae284?s=96&d=mm&r=g","caption":"thomas"},"url":"https:\/\/www.normisjon.no\/hordaland\/author\/thomas\/"}]}},"_links":{"self":[{"href":"https:\/\/www.normisjon.no\/hordaland\/wp-json\/wp\/v2\/posts\/4685","targetHints":{"allow":["GET"]}}],"collection":[{"href":"https:\/\/www.normisjon.no\/hordaland\/wp-json\/wp\/v2\/posts"}],"about":[{"href":"https:\/\/www.normisjon.no\/hordaland\/wp-json\/wp\/v2\/types\/post"}],"author":[{"embeddable":true,"href":"https:\/\/www.normisjon.no\/hordaland\/wp-json\/wp\/v2\/users\/57"}],"replies":[{"embeddable":true,"href":"https:\/\/www.normisjon.no\/hordaland\/wp-json\/wp\/v2\/comments?post=4685"}],"version-history":[{"count":2,"href":"https:\/\/www.normisjon.no\/hordaland\/wp-json\/wp\/v2\/posts\/4685\/revisions"}],"predecessor-version":[{"id":4688,"href":"https:\/\/www.normisjon.no\/hordaland\/wp-json\/wp\/v2\/posts\/4685\/revisions\/4688"}],"wp:featuredmedia":[{"embeddable":true,"href":"https:\/\/www.normisjon.no\/hordaland\/wp-json\/wp\/v2\/media\/4686"}],"wp:attachment":[{"href":"https:\/\/www.normisjon.no\/hordaland\/wp-json\/wp\/v2\/media?parent=4685"}],"wp:term":[{"taxonomy":"category","embeddable":true,"href":"https:\/\/www.normisjon.no\/hordaland\/wp-json\/wp\/v2\/categories?post=4685"},{"taxonomy":"post_tag","embeddable":true,"href":"https:\/\/www.normisjon.no\/hordaland\/wp-json\/wp\/v2\/tags?post=4685"}],"curies":[{"name":"wp","href":"https:\/\/api.w.org\/{rel}","templated":true}]}}