{"id":4693,"date":"2024-10-19T15:31:00","date_gmt":"2024-10-19T13:31:00","guid":{"rendered":"https:\/\/www.normisjon.no\/hordaland\/?p=4693"},"modified":"2024-11-19T15:36:57","modified_gmt":"2024-11-19T14:36:57","slug":"misjonskveld-med-tore-giil-bjorsvik","status":"publish","type":"post","link":"https:\/\/www.normisjon.no\/hordaland\/2024\/10\/19\/misjonskveld-med-tore-giil-bjorsvik\/","title":{"rendered":"Misjonskveld med Tore Giil Bj\u00f8rsvik"},"content":{"rendered":"<div class=\"entry-content alignfull wp-block-post-content has-global-padding is-layout-constrained wp-block-post-content-is-layout-constrained\">\n<figure class=\"wp-block-image size-large\"><img loading=\"lazy\" decoding=\"async\" width=\"1024\" height=\"575\" src=\"https:\/\/www.normisjon.no\/content\/uploads\/sites\/13\/2024\/11\/IMG_0238-1024x575.jpg\" alt=\"\" class=\"wp-image-4694\" srcset=\"https:\/\/www.normisjon.no\/content\/uploads\/sites\/13\/2024\/11\/IMG_0238-1024x575.jpg 1024w, https:\/\/www.normisjon.no\/content\/uploads\/sites\/13\/2024\/11\/IMG_0238-300x169.jpg 300w, https:\/\/www.normisjon.no\/content\/uploads\/sites\/13\/2024\/11\/IMG_0238-768x432.jpg 768w, https:\/\/www.normisjon.no\/content\/uploads\/sites\/13\/2024\/11\/IMG_0238-1536x863.jpg 1536w, https:\/\/www.normisjon.no\/content\/uploads\/sites\/13\/2024\/11\/IMG_0238-2048x1151.jpg 2048w, https:\/\/www.normisjon.no\/content\/uploads\/sites\/13\/2024\/11\/IMG_0238-1920x1079.jpg 1920w, https:\/\/www.normisjon.no\/content\/uploads\/sites\/13\/2024\/11\/IMG_0238-1360x764.jpg 1360w, https:\/\/www.normisjon.no\/content\/uploads\/sites\/13\/2024\/11\/IMG_0238-960x540.jpg 960w\" sizes=\"auto, (max-width: 1024px) 100vw, 1024px\" \/><\/figure>\n\n\n\n<h2 class=\"wp-block-heading\">Om samlingene i Bergen<\/h2>\n\n\n\n<p>I Bergen arrangeres noen samlinger i \u00e5ret med fokus p\u00e5 misjon. De forrige samlingene har hatt fokus p\u00e5 prosjektet Trygg Barndom i Bangladesh, Agenda1-arbeid i Bangladesh og Agenda1-arbeid i Mali.<\/p>\n\n\n\n<p>Onsdag 16. oktober 2024 var fokuset p\u00e5 Normisjons misjonsengasjement i dag, om forholdet mellom lokalt arbeid og internasjonal misjon, misjonsstrategi og det Tore Bj\u00f8rsvik ellers har p\u00e5 hjertet for veien videre i framtiden.<\/p>\n\n\n\n<h2 class=\"wp-block-heading\">Om Tore Bj\u00f8rsvik<\/h2>\n\n\n\n<p>Mandag 18. mai 2020 tiltr\u00e5dte Tore Bj\u00f8rsvik som Normisjons internasjonale leder. Da var Tore Bj\u00f8rsvik 46 \u00e5r. Han er gift og har tre barn. Han er utdannet teolog og har v\u00e6rt utsending for Norsk Luthersk Misjonssamband i Peru. Familien Bj\u00f8rsvik reiste til Peru i 2012, og bodde der i \u00e5tte \u00e5r.<\/p>\n\n\n\n<p>De siste fire \u00e5rene var han stedlig representant for NLM i S\u00f8r-Amerika, og var da leder for rundt 15 misjon\u00e6rer. Familien flyttet hjem til Norge i april 2020, og Tore Bj\u00f8rsvik tiltr\u00e5dte stillingen som internasjonal leder i Normisjon i mai 2020.<\/p>\n\n\n\n<h3 class=\"wp-block-heading\">Gleder og utfordringer<\/h3>\n\n\n\n<p>\u2013 Det vi satte mest pris p\u00e5 ved \u00e5 v\u00e6re misjon\u00e6rer, var \u00e5 bli kjent med s\u00e5 mange forskjellige mennesker, og jobbe i en annen kontekst, med alt det innebar av kultur og spr\u00e5k. Vi fikk v\u00e6re med \u00e5 p\u00e5virke p\u00e5 en m\u00e5te som vi nok aldri ville f\u00e5tt gj\u00f8re i Norge, sier Tore Bj\u00f8rsvik<\/p>\n\n\n\n<p>\u2013 Noe som var vanskelig var n\u00e5r det oppstod konflikter, s\u00e6rlig dersom dette rammer misjon\u00e6rfellesskapet. Vi er s\u00e5 f\u00e5 her ute, og vi er b\u00e5de arbeidskollegaer, venner og hverandres familie. Tore merket det s\u00e6rlig godt siden han hadde overordnet ansvar for NLMs arbeid b\u00e5de i Peru og Bolivia, samt ansvar for to nasjonale kirker og et teologisk seminar.<\/p>\n\n\n\n<p>\u2013 Vi er veldig glade for at Tore har takket ja til \u00e5 g\u00e5 inn i stillingen som internasjonal leder, sa generalsekret\u00e6r i Normisjon, Anne Birgitta Langmoen Kvelland, da Tore Bj\u00f8rsvik ble ansatt.<br>\u2013 Tore er en dyktig leder for fremtiden, en god administrator og teolog.<\/p>\n\n\n\n<p>\u2013 Jeg er spent og ser frem til \u00e5 bli en del av arbeidsfellesskapet i Normisjon. Jeg er veldig forn\u00f8yd med \u00e5 f\u00e5 jobbe med misjon videre og takker for tilliten Normisjon viser meg, sa Tore Bj\u00f8rsvik<\/p>\n\n\n\n<p>\u2013 Tore Bj\u00f8rsvik er en nytenkende, handlekraftig og m\u00e5lrettet person leder Normisjons internasjonale arbeid p\u00e5 en sv\u00e6rt god m\u00e5te, sa Kvelland.<\/p>\n\n\n\n<h2 class=\"wp-block-heading\">Jobben som internasjonal leder<\/h2>\n\n\n\n<p>Misjon m\u00e5 eies av det lokalt engasjerte menneske og det lokale arbeidet. Det var s\u00e5nn jeg fikk hjerte for misjon, ved at jeg fikk komme tett p\u00e5.<\/p>\n\n\n\n<p>Han beskriver seg selv slik: \u00abJeg er far, s\u00f8nn, bror og ektemann. Teolog, prest og misjon\u00e6r. Frelst, Guds barn, synder og ford\u00f8mt, ren og rettferdig og himmelen verdig.\u00bb<\/p>\n\n\n\n<p>P\u00e5 sp\u00f8rsm\u00e5l om han har en historie hvor misjon ble viktig for han, forteller han om familien Fauske, en misjon\u00e6rfamilie fra Sunnfjord der han vokste opp, som dro til Peru.<br>\u2013 \u00c5 se mennesker som jeg kjenner reise ut og komme tilbake med fortellinger om det de hadde opplevd, har v\u00e6rt med \u00e5 personifisere misjon for meg. Det gav meg en opplevelse av \u00e5 v\u00e6re hekta p\u00e5 det som skjer der ute.<\/p>\n\n\n\n<p>Da han var ungdomsarbeider i studietiden i Oslo, ble storbyen en hjertesak for han, s\u00e5 ble han prest, og menigheten og de pastorale oppgavene ble viktig. Dette fulgte ogs\u00e5 med han inn i tjenesten som misjon\u00e6r.<\/p>\n\n\n\n<p>\u2013 Normisjon er en mangfoldig og spennende organisasjon, der det ligger muligheter i at den er s\u00e5 mangfoldig, men ogs\u00e5 utfordringer knyttet til det \u00e5 st\u00e5 sammen og \u00e5 ha felles m\u00e5l.<br>\u2013 Det har v\u00e6rt litt vanskelig \u00e5 f\u00e5 \u00f8ye p\u00e5 hva Normisjon vil, fordi vi vil s\u00e5 mye forskjellig.<\/p>\n\n\n\n<p>En av utfordringene han ser er det lokale eierskapet i organisasjonen. Det oppsummeres godt i bestillingen han har f\u00e5tt fra landsstyret, nemlig \u00e5 desentralisere misjon samtidig som det skal ivaretas et godt strategisk fokus. Her ligger det en stor utfordring i \u00e5 f\u00e5 dette til \u00e5 henge sammen.<\/p>\n\n\n\n<p>\u2013 Vi m\u00e5 jobbe med \u00e5 f\u00e5 misjon til \u00e5 v\u00e6re mennesker og menigheter n\u00e6r, og samtidig ivareta kvalitet og strategisk fokus hvor vi ivaretar helheten. Vi m\u00e5 ikke i strategiene miste for \u00f8ye at misjon m\u00e5 eies av de lokalt engasjerte. Det var s\u00e5nn jeg fikk hjerte for misjon, ved at jeg fikk komme tett p\u00e5, sier han.<\/p>\n\n\n\n<p>Til slutt sier han at han dr\u00f8mmer om at det internasjonale arbeidet skal vokse og at vi i \u00f8kt grad skal kjenne eierskap til misjon b\u00e5de lokalt og internasjonalt.<\/p>\n\n\n\n<h2 class=\"wp-block-heading\">Slik ber han for 2024<\/h2>\n\n\n\n<p>I 2024 gikk Tore Giil Bj\u00f8rsvik inn i sitt fjerde \u00e5r som internasjonal leder i Normisjon. Han forteller at det er mye spennende som ligger i farvannet framover. Men hva engasjerer han, og hva ber han for?<\/p>\n\n\n\n<p>\u2013 N\u00e5r du sitter for deg selv og ber for Normisjon, hva ber du om da Tore?<\/p>\n\n\n\n<p>\u2013 Jeg ber om at utsendingene v\u00e5re skal v\u00e6re trygge og at de skal ha det bra, forteller Bj\u00f8rsvik med alvor i stemmen.<br>I skrivende stund har Normisjon 23 utsendinger. Blant annet i Senegal, Bangladesh, Tsjekkia, Thailand og Nepal.<\/p>\n\n\n\n<p>Blant utsendingene er det ogs\u00e5 flere som arbeider inn mot sensitive folkegrupper. For \u00e5 bevare deres sikkerhet forteller vi verken hvem de er, eller hvilket land det handler om.<\/p>\n\n\n\n<p>\u2013 I tillegg ber jeg for mine egne medarbeidere, at de skal v\u00e6re friske og ha god helse. Vi er s\u00e5rbare i den forstand at vi er avhengige av enkeltmennesker.<\/p>\n\n\n\n<p>\u2013 Jeg ber for partnere og for arbeidet, om at vi m\u00e5 lykkes i Jesu navn! Jeg ber om Jesus m\u00e5 bli stor i de m\u00f8tepunktene som vi f\u00e5r ha med andre mennesker, deler Bj\u00f8rsvik entusiastisk.<\/p>\n\n\n\n<h2 class=\"wp-block-heading\">Ny strategi \u2013 samme visjon<\/h2>\n\n\n\n<p>Bj\u00f8rsvik nevner partnere, gjensidighet, ledelse og organisasjonsutvikling som sentrale temaer i den nye strategien. Han opplever at strategien tydelig l\u00f8fter frem pionermisjon og barn og unge som viktige fokus.<\/p>\n\n\n\n<p>\u2013 Normisjons visjon er \u00e5 n\u00e5 nye folkeslag, i betydningen un\u00e5dde folkeslag. I tillegg vil en st\u00f8rre andel av v\u00e5re ressurser rette seg mot barne- og ungdomsperspektivet internasjonalt.<\/p>\n\n\n\n<p>\u2013 Det tenker jeg at er to s\u00e5 viktige ting fordi de er som klistret p\u00e5 v\u00e5r overordnede visjon.<\/p>\n\n\n\n<h3 class=\"wp-block-heading\">Nye prosjekter<\/h3>\n\n\n\n<p>I \u00e5ret som ligger foran er det mye spennende, forteller Bj\u00f8rsvik, b\u00e5de videref\u00f8ring av eksisterende prosjekter og oppstart av nye. Bj\u00f8rsvik trekker frem et nytt prosjekt som n\u00e5 har startet i India:<\/p>\n\n\n\n<p>\u2013 Det er et utrolig spennende social buisness-prosjekt, hvor form\u00e5let med n\u00e6ringsvirksomheten ikke prim\u00e6rt er profitt for egen del, men et \u00f8nske om at det skal hjelpe folk ut av fattigdom.<\/p>\n\n\n\n<p>\u2013 Det skal etableres inn i noen av de fattigste og mest un\u00e5dde omr\u00e5dene i India, sier han.<\/p>\n\n\n\n<p>I det samme omr\u00e5det har Normisjon historiske r\u00f8tter med misjonsarbeid siden Lars Olsens Skrefsrud sin tid.<\/p>\n\n\n\n<h3 class=\"wp-block-heading\">Nytt samarbeidsland<\/h3>\n\n\n\n<p>\u00c9n av v\u00e5re menigheter, IMI-kirken i Stavanger, har hatt arbeid i Thailand over mange \u00e5r. Samtalen mellom hovedkontoret og IMI-kirken om dette arbeidet har v\u00e6rt god i flere \u00e5r. I 2024 ble arbeidet koblet p\u00e5 Normisjon sentralt.<\/p>\n\n\n\n<p>\u2013 Og m\u00e5lgruppen i Thailand er jo definitivt barn og unge og definitivt un\u00e5dde, sier Bj\u00f8rsvik.<\/p>\n<\/div>","protected":false},"excerpt":{"rendered":"<p>Om samlingene i Bergen I Bergen arrangeres noen samlinger i \u00e5ret med fokus p\u00e5 misjon. De forrige samlingene har hatt fokus p\u00e5 prosjektet Trygg Barndom [&hellip;]<\/p>\n","protected":false},"author":57,"featured_media":4694,"comment_status":"closed","ping_status":"closed","sticky":false,"template":"","format":"standard","meta":{"_acf_changed":false,"footnotes":""},"categories":[20,12],"tags":[],"class_list":["post-4693","post","type-post","status-publish","format-standard","has-post-thumbnail","hentry","category-internasjonalt","category-motepunkt"],"acf":[],"yoast_head":"<!-- This site is optimized with the Yoast SEO plugin v25.9 - https:\/\/yoast.com\/wordpress\/plugins\/seo\/ -->\n<title>Misjonskveld med Tore Giil Bj\u00f8rsvik &#8211; Normisjon Hordaland<\/title>\n<meta name=\"robots\" content=\"index, follow, max-snippet:-1, max-image-preview:large, max-video-preview:-1\" \/>\n<link rel=\"canonical\" href=\"https:\/\/www.normisjon.no\/hordaland\/2024\/10\/19\/misjonskveld-med-tore-giil-bjorsvik\/\" \/>\n<meta property=\"og:locale\" content=\"nb_NO\" \/>\n<meta property=\"og:type\" content=\"article\" \/>\n<meta property=\"og:title\" content=\"Misjonskveld med Tore Giil Bj\u00f8rsvik &#8211; Normisjon Hordaland\" \/>\n<meta property=\"og:description\" content=\"Om samlingene i Bergen I Bergen arrangeres noen samlinger i \u00e5ret med fokus p\u00e5 misjon. De forrige samlingene har hatt fokus p\u00e5 prosjektet Trygg Barndom [&hellip;]\" \/>\n<meta property=\"og:url\" content=\"https:\/\/www.normisjon.no\/hordaland\/2024\/10\/19\/misjonskveld-med-tore-giil-bjorsvik\/\" \/>\n<meta property=\"og:site_name\" content=\"Normisjon Hordaland\" \/>\n<meta property=\"article:publisher\" content=\"https:\/\/www.facebook.com\/normisjon.hordaland\" \/>\n<meta property=\"article:published_time\" content=\"2024-10-19T13:31:00+00:00\" \/>\n<meta property=\"article:modified_time\" content=\"2024-11-19T14:36:57+00:00\" \/>\n<meta property=\"og:image\" content=\"https:\/\/www.normisjon.no\/content\/uploads\/sites\/13\/2024\/11\/IMG_0238-scaled.jpg\" \/>\n\t<meta property=\"og:image:width\" content=\"2560\" \/>\n\t<meta property=\"og:image:height\" content=\"1439\" \/>\n\t<meta property=\"og:image:type\" content=\"image\/jpeg\" \/>\n<meta name=\"author\" content=\"thomas\" \/>\n<meta name=\"twitter:card\" content=\"summary_large_image\" \/>\n<meta name=\"twitter:creator\" content=\"@Normisjon_hord\" \/>\n<meta name=\"twitter:site\" content=\"@Normisjon_hord\" \/>\n<meta name=\"twitter:label1\" content=\"Skrevet av\" \/>\n\t<meta name=\"twitter:data1\" content=\"thomas\" \/>\n\t<meta name=\"twitter:label2\" content=\"Ansl. lesetid\" \/>\n\t<meta name=\"twitter:data2\" content=\"7 minutter\" \/>\n<script type=\"application\/ld+json\" class=\"yoast-schema-graph\">{\"@context\":\"https:\/\/schema.org\",\"@graph\":[{\"@type\":\"Article\",\"@id\":\"https:\/\/www.normisjon.no\/hordaland\/2024\/10\/19\/misjonskveld-med-tore-giil-bjorsvik\/#article\",\"isPartOf\":{\"@id\":\"https:\/\/www.normisjon.no\/hordaland\/2024\/10\/19\/misjonskveld-med-tore-giil-bjorsvik\/\"},\"author\":{\"name\":\"thomas\",\"@id\":\"https:\/\/www.normisjon.no\/hordaland\/#\/schema\/person\/b3006b4bccdc2cb50abc2bd344c6df67\"},\"headline\":\"Misjonskveld med Tore Giil Bj\u00f8rsvik\",\"datePublished\":\"2024-10-19T13:31:00+00:00\",\"dateModified\":\"2024-11-19T14:36:57+00:00\",\"mainEntityOfPage\":{\"@id\":\"https:\/\/www.normisjon.no\/hordaland\/2024\/10\/19\/misjonskveld-med-tore-giil-bjorsvik\/\"},\"wordCount\":1204,\"publisher\":{\"@id\":\"https:\/\/www.normisjon.no\/hordaland\/#organization\"},\"image\":{\"@id\":\"https:\/\/www.normisjon.no\/hordaland\/2024\/10\/19\/misjonskveld-med-tore-giil-bjorsvik\/#primaryimage\"},\"thumbnailUrl\":\"https:\/\/www.normisjon.no\/content\/uploads\/sites\/13\/2024\/11\/IMG_0238-scaled.jpg\",\"articleSection\":[\"Internasjonalt\",\"M\u00f8tepunkt\"],\"inLanguage\":\"nb-NO\"},{\"@type\":\"WebPage\",\"@id\":\"https:\/\/www.normisjon.no\/hordaland\/2024\/10\/19\/misjonskveld-med-tore-giil-bjorsvik\/\",\"url\":\"https:\/\/www.normisjon.no\/hordaland\/2024\/10\/19\/misjonskveld-med-tore-giil-bjorsvik\/\",\"name\":\"Misjonskveld med Tore Giil Bj\u00f8rsvik &#8211; Normisjon Hordaland\",\"isPartOf\":{\"@id\":\"https:\/\/www.normisjon.no\/hordaland\/#website\"},\"primaryImageOfPage\":{\"@id\":\"https:\/\/www.normisjon.no\/hordaland\/2024\/10\/19\/misjonskveld-med-tore-giil-bjorsvik\/#primaryimage\"},\"image\":{\"@id\":\"https:\/\/www.normisjon.no\/hordaland\/2024\/10\/19\/misjonskveld-med-tore-giil-bjorsvik\/#primaryimage\"},\"thumbnailUrl\":\"https:\/\/www.normisjon.no\/content\/uploads\/sites\/13\/2024\/11\/IMG_0238-scaled.jpg\",\"datePublished\":\"2024-10-19T13:31:00+00:00\",\"dateModified\":\"2024-11-19T14:36:57+00:00\",\"breadcrumb\":{\"@id\":\"https:\/\/www.normisjon.no\/hordaland\/2024\/10\/19\/misjonskveld-med-tore-giil-bjorsvik\/#breadcrumb\"},\"inLanguage\":\"nb-NO\",\"potentialAction\":[{\"@type\":\"ReadAction\",\"target\":[\"https:\/\/www.normisjon.no\/hordaland\/2024\/10\/19\/misjonskveld-med-tore-giil-bjorsvik\/\"]}]},{\"@type\":\"ImageObject\",\"inLanguage\":\"nb-NO\",\"@id\":\"https:\/\/www.normisjon.no\/hordaland\/2024\/10\/19\/misjonskveld-med-tore-giil-bjorsvik\/#primaryimage\",\"url\":\"https:\/\/www.normisjon.no\/content\/uploads\/sites\/13\/2024\/11\/IMG_0238-scaled.jpg\",\"contentUrl\":\"https:\/\/www.normisjon.no\/content\/uploads\/sites\/13\/2024\/11\/IMG_0238-scaled.jpg\",\"width\":2560,\"height\":1439},{\"@type\":\"BreadcrumbList\",\"@id\":\"https:\/\/www.normisjon.no\/hordaland\/2024\/10\/19\/misjonskveld-med-tore-giil-bjorsvik\/#breadcrumb\",\"itemListElement\":[{\"@type\":\"ListItem\",\"position\":1,\"name\":\"Home\",\"item\":\"https:\/\/www.normisjon.no\/hordaland\/\"},{\"@type\":\"ListItem\",\"position\":2,\"name\":\"Misjonskveld med Tore Giil Bj\u00f8rsvik\"}]},{\"@type\":\"WebSite\",\"@id\":\"https:\/\/www.normisjon.no\/hordaland\/#website\",\"url\":\"https:\/\/www.normisjon.no\/hordaland\/\",\"name\":\"Normisjon Hordaland\",\"description\":\"\",\"publisher\":{\"@id\":\"https:\/\/www.normisjon.no\/hordaland\/#organization\"},\"potentialAction\":[{\"@type\":\"SearchAction\",\"target\":{\"@type\":\"EntryPoint\",\"urlTemplate\":\"https:\/\/www.normisjon.no\/hordaland\/?s={search_term_string}\"},\"query-input\":{\"@type\":\"PropertyValueSpecification\",\"valueRequired\":true,\"valueName\":\"search_term_string\"}}],\"inLanguage\":\"nb-NO\"},{\"@type\":\"Organization\",\"@id\":\"https:\/\/www.normisjon.no\/hordaland\/#organization\",\"name\":\"Normisjon Hordaland\",\"url\":\"https:\/\/www.normisjon.no\/hordaland\/\",\"logo\":{\"@type\":\"ImageObject\",\"inLanguage\":\"nb-NO\",\"@id\":\"https:\/\/www.normisjon.no\/hordaland\/#\/schema\/logo\/image\/\",\"url\":\"https:\/\/www.normisjon.no\/content\/uploads\/sites\/13\/2021\/10\/normisjon-liggende-logo.jpg\",\"contentUrl\":\"https:\/\/www.normisjon.no\/content\/uploads\/sites\/13\/2021\/10\/normisjon-liggende-logo.jpg\",\"width\":850,\"height\":216,\"caption\":\"Normisjon Hordaland\"},\"image\":{\"@id\":\"https:\/\/www.normisjon.no\/hordaland\/#\/schema\/logo\/image\/\"},\"sameAs\":[\"https:\/\/www.facebook.com\/normisjon.hordaland\",\"https:\/\/x.com\/Normisjon_hord\"]},{\"@type\":\"Person\",\"@id\":\"https:\/\/www.normisjon.no\/hordaland\/#\/schema\/person\/b3006b4bccdc2cb50abc2bd344c6df67\",\"name\":\"thomas\",\"image\":{\"@type\":\"ImageObject\",\"inLanguage\":\"nb-NO\",\"@id\":\"https:\/\/www.normisjon.no\/hordaland\/#\/schema\/person\/image\/\",\"url\":\"https:\/\/secure.gravatar.com\/avatar\/f97c1097615a20f4b67ad47de64cbf69ae546c210cbfdd15aab241cb06bae284?s=96&d=mm&r=g\",\"contentUrl\":\"https:\/\/secure.gravatar.com\/avatar\/f97c1097615a20f4b67ad47de64cbf69ae546c210cbfdd15aab241cb06bae284?s=96&d=mm&r=g\",\"caption\":\"thomas\"},\"url\":\"https:\/\/www.normisjon.no\/hordaland\/author\/thomas\/\"}]}<\/script>\n<!-- \/ Yoast SEO plugin. -->","yoast_head_json":{"title":"Misjonskveld med Tore Giil Bj\u00f8rsvik &#8211; Normisjon Hordaland","robots":{"index":"index","follow":"follow","max-snippet":"max-snippet:-1","max-image-preview":"max-image-preview:large","max-video-preview":"max-video-preview:-1"},"canonical":"https:\/\/www.normisjon.no\/hordaland\/2024\/10\/19\/misjonskveld-med-tore-giil-bjorsvik\/","og_locale":"nb_NO","og_type":"article","og_title":"Misjonskveld med Tore Giil Bj\u00f8rsvik &#8211; Normisjon Hordaland","og_description":"Om samlingene i Bergen I Bergen arrangeres noen samlinger i \u00e5ret med fokus p\u00e5 misjon. De forrige samlingene har hatt fokus p\u00e5 prosjektet Trygg Barndom [&hellip;]","og_url":"https:\/\/www.normisjon.no\/hordaland\/2024\/10\/19\/misjonskveld-med-tore-giil-bjorsvik\/","og_site_name":"Normisjon Hordaland","article_publisher":"https:\/\/www.facebook.com\/normisjon.hordaland","article_published_time":"2024-10-19T13:31:00+00:00","article_modified_time":"2024-11-19T14:36:57+00:00","og_image":[{"width":2560,"height":1439,"url":"https:\/\/www.normisjon.no\/content\/uploads\/sites\/13\/2024\/11\/IMG_0238-scaled.jpg","type":"image\/jpeg"}],"author":"thomas","twitter_card":"summary_large_image","twitter_creator":"@Normisjon_hord","twitter_site":"@Normisjon_hord","twitter_misc":{"Skrevet av":"thomas","Ansl. lesetid":"7 minutter"},"schema":{"@context":"https:\/\/schema.org","@graph":[{"@type":"Article","@id":"https:\/\/www.normisjon.no\/hordaland\/2024\/10\/19\/misjonskveld-med-tore-giil-bjorsvik\/#article","isPartOf":{"@id":"https:\/\/www.normisjon.no\/hordaland\/2024\/10\/19\/misjonskveld-med-tore-giil-bjorsvik\/"},"author":{"name":"thomas","@id":"https:\/\/www.normisjon.no\/hordaland\/#\/schema\/person\/b3006b4bccdc2cb50abc2bd344c6df67"},"headline":"Misjonskveld med Tore Giil Bj\u00f8rsvik","datePublished":"2024-10-19T13:31:00+00:00","dateModified":"2024-11-19T14:36:57+00:00","mainEntityOfPage":{"@id":"https:\/\/www.normisjon.no\/hordaland\/2024\/10\/19\/misjonskveld-med-tore-giil-bjorsvik\/"},"wordCount":1204,"publisher":{"@id":"https:\/\/www.normisjon.no\/hordaland\/#organization"},"image":{"@id":"https:\/\/www.normisjon.no\/hordaland\/2024\/10\/19\/misjonskveld-med-tore-giil-bjorsvik\/#primaryimage"},"thumbnailUrl":"https:\/\/www.normisjon.no\/content\/uploads\/sites\/13\/2024\/11\/IMG_0238-scaled.jpg","articleSection":["Internasjonalt","M\u00f8tepunkt"],"inLanguage":"nb-NO"},{"@type":"WebPage","@id":"https:\/\/www.normisjon.no\/hordaland\/2024\/10\/19\/misjonskveld-med-tore-giil-bjorsvik\/","url":"https:\/\/www.normisjon.no\/hordaland\/2024\/10\/19\/misjonskveld-med-tore-giil-bjorsvik\/","name":"Misjonskveld med Tore Giil Bj\u00f8rsvik &#8211; Normisjon Hordaland","isPartOf":{"@id":"https:\/\/www.normisjon.no\/hordaland\/#website"},"primaryImageOfPage":{"@id":"https:\/\/www.normisjon.no\/hordaland\/2024\/10\/19\/misjonskveld-med-tore-giil-bjorsvik\/#primaryimage"},"image":{"@id":"https:\/\/www.normisjon.no\/hordaland\/2024\/10\/19\/misjonskveld-med-tore-giil-bjorsvik\/#primaryimage"},"thumbnailUrl":"https:\/\/www.normisjon.no\/content\/uploads\/sites\/13\/2024\/11\/IMG_0238-scaled.jpg","datePublished":"2024-10-19T13:31:00+00:00","dateModified":"2024-11-19T14:36:57+00:00","breadcrumb":{"@id":"https:\/\/www.normisjon.no\/hordaland\/2024\/10\/19\/misjonskveld-med-tore-giil-bjorsvik\/#breadcrumb"},"inLanguage":"nb-NO","potentialAction":[{"@type":"ReadAction","target":["https:\/\/www.normisjon.no\/hordaland\/2024\/10\/19\/misjonskveld-med-tore-giil-bjorsvik\/"]}]},{"@type":"ImageObject","inLanguage":"nb-NO","@id":"https:\/\/www.normisjon.no\/hordaland\/2024\/10\/19\/misjonskveld-med-tore-giil-bjorsvik\/#primaryimage","url":"https:\/\/www.normisjon.no\/content\/uploads\/sites\/13\/2024\/11\/IMG_0238-scaled.jpg","contentUrl":"https:\/\/www.normisjon.no\/content\/uploads\/sites\/13\/2024\/11\/IMG_0238-scaled.jpg","width":2560,"height":1439},{"@type":"BreadcrumbList","@id":"https:\/\/www.normisjon.no\/hordaland\/2024\/10\/19\/misjonskveld-med-tore-giil-bjorsvik\/#breadcrumb","itemListElement":[{"@type":"ListItem","position":1,"name":"Home","item":"https:\/\/www.normisjon.no\/hordaland\/"},{"@type":"ListItem","position":2,"name":"Misjonskveld med Tore Giil Bj\u00f8rsvik"}]},{"@type":"WebSite","@id":"https:\/\/www.normisjon.no\/hordaland\/#website","url":"https:\/\/www.normisjon.no\/hordaland\/","name":"Normisjon Hordaland","description":"","publisher":{"@id":"https:\/\/www.normisjon.no\/hordaland\/#organization"},"potentialAction":[{"@type":"SearchAction","target":{"@type":"EntryPoint","urlTemplate":"https:\/\/www.normisjon.no\/hordaland\/?s={search_term_string}"},"query-input":{"@type":"PropertyValueSpecification","valueRequired":true,"valueName":"search_term_string"}}],"inLanguage":"nb-NO"},{"@type":"Organization","@id":"https:\/\/www.normisjon.no\/hordaland\/#organization","name":"Normisjon Hordaland","url":"https:\/\/www.normisjon.no\/hordaland\/","logo":{"@type":"ImageObject","inLanguage":"nb-NO","@id":"https:\/\/www.normisjon.no\/hordaland\/#\/schema\/logo\/image\/","url":"https:\/\/www.normisjon.no\/content\/uploads\/sites\/13\/2021\/10\/normisjon-liggende-logo.jpg","contentUrl":"https:\/\/www.normisjon.no\/content\/uploads\/sites\/13\/2021\/10\/normisjon-liggende-logo.jpg","width":850,"height":216,"caption":"Normisjon Hordaland"},"image":{"@id":"https:\/\/www.normisjon.no\/hordaland\/#\/schema\/logo\/image\/"},"sameAs":["https:\/\/www.facebook.com\/normisjon.hordaland","https:\/\/x.com\/Normisjon_hord"]},{"@type":"Person","@id":"https:\/\/www.normisjon.no\/hordaland\/#\/schema\/person\/b3006b4bccdc2cb50abc2bd344c6df67","name":"thomas","image":{"@type":"ImageObject","inLanguage":"nb-NO","@id":"https:\/\/www.normisjon.no\/hordaland\/#\/schema\/person\/image\/","url":"https:\/\/secure.gravatar.com\/avatar\/f97c1097615a20f4b67ad47de64cbf69ae546c210cbfdd15aab241cb06bae284?s=96&d=mm&r=g","contentUrl":"https:\/\/secure.gravatar.com\/avatar\/f97c1097615a20f4b67ad47de64cbf69ae546c210cbfdd15aab241cb06bae284?s=96&d=mm&r=g","caption":"thomas"},"url":"https:\/\/www.normisjon.no\/hordaland\/author\/thomas\/"}]}},"_links":{"self":[{"href":"https:\/\/www.normisjon.no\/hordaland\/wp-json\/wp\/v2\/posts\/4693","targetHints":{"allow":["GET"]}}],"collection":[{"href":"https:\/\/www.normisjon.no\/hordaland\/wp-json\/wp\/v2\/posts"}],"about":[{"href":"https:\/\/www.normisjon.no\/hordaland\/wp-json\/wp\/v2\/types\/post"}],"author":[{"embeddable":true,"href":"https:\/\/www.normisjon.no\/hordaland\/wp-json\/wp\/v2\/users\/57"}],"replies":[{"embeddable":true,"href":"https:\/\/www.normisjon.no\/hordaland\/wp-json\/wp\/v2\/comments?post=4693"}],"version-history":[{"count":2,"href":"https:\/\/www.normisjon.no\/hordaland\/wp-json\/wp\/v2\/posts\/4693\/revisions"}],"predecessor-version":[{"id":4696,"href":"https:\/\/www.normisjon.no\/hordaland\/wp-json\/wp\/v2\/posts\/4693\/revisions\/4696"}],"wp:featuredmedia":[{"embeddable":true,"href":"https:\/\/www.normisjon.no\/hordaland\/wp-json\/wp\/v2\/media\/4694"}],"wp:attachment":[{"href":"https:\/\/www.normisjon.no\/hordaland\/wp-json\/wp\/v2\/media?parent=4693"}],"wp:term":[{"taxonomy":"category","embeddable":true,"href":"https:\/\/www.normisjon.no\/hordaland\/wp-json\/wp\/v2\/categories?post=4693"},{"taxonomy":"post_tag","embeddable":true,"href":"https:\/\/www.normisjon.no\/hordaland\/wp-json\/wp\/v2\/tags?post=4693"}],"curies":[{"name":"wp","href":"https:\/\/api.w.org\/{rel}","templated":true}]}}