{"id":513,"date":"2020-04-03T14:30:52","date_gmt":"2020-04-03T12:30:52","guid":{"rendered":"https:\/\/www.normisjon.no\/hordaland\/?p=513"},"modified":"2020-05-08T11:09:06","modified_gmt":"2020-05-08T09:09:06","slug":"liv-berit-pilskog-er-ny-regionstyreleder","status":"publish","type":"post","link":"https:\/\/www.normisjon.no\/hordaland\/2020\/04\/03\/liv-berit-pilskog-er-ny-regionstyreleder\/","title":{"rendered":"Liv Berit Pilskog er ny regionstyreleder"},"content":{"rendered":"<div class=\"entry-content alignfull wp-block-post-content has-global-padding is-layout-constrained wp-block-post-content-is-layout-constrained\">\n<p class=\"has-large-font-size\">Under \u00e5rets digitale region\u00e5rsm\u00f8te ble Liv Berit Pilskog valgt som leder av regionstyret.<\/p>\n\n\n\n<figure class=\"wp-block-image\"><img loading=\"lazy\" decoding=\"async\" width=\"1024\" height=\"576\" src=\"https:\/\/www.normisjon.no\/content\/uploads\/sites\/13\/2020\/04\/20200330_134408-1-1024x576.jpg\" alt=\"\" class=\"wp-image-551\" srcset=\"https:\/\/www.normisjon.no\/content\/uploads\/sites\/13\/2020\/04\/20200330_134408-1-1024x576.jpg 1024w, https:\/\/www.normisjon.no\/content\/uploads\/sites\/13\/2020\/04\/20200330_134408-1-300x169.jpg 300w, https:\/\/www.normisjon.no\/content\/uploads\/sites\/13\/2020\/04\/20200330_134408-1-768x432.jpg 768w, https:\/\/www.normisjon.no\/content\/uploads\/sites\/13\/2020\/04\/20200330_134408-1-1920x1080.jpg 1920w, https:\/\/www.normisjon.no\/content\/uploads\/sites\/13\/2020\/04\/20200330_134408-1-1360x765.jpg 1360w, https:\/\/www.normisjon.no\/content\/uploads\/sites\/13\/2020\/04\/20200330_134408-1-960x540.jpg 960w\" sizes=\"auto, (max-width: 1024px) 100vw, 1024px\" \/><figcaption>Tekst: Kristin Winther J\u00f8rgensen &#8212; Foto: Privat<\/figcaption><\/figure>\n\n\n\n<p>\u2013 Jeg takker for tilliten, sier Pilskog som n\u00e5 tar over styrevervet etter Svein Inge Myhr. <\/p>\n\n\n\n<p>\u2013 Jeg vil benytte anledningen til \u00e5 takke Svein Inge Myhr for tiden han har v\u00e6rt styreleder for Region Hordaland. Med Svein Inge har vi hatt en engasjert leder med stor arbeidskapasitet og oversikt over arbeidet i regionen og i Normisjon for\u00f8vrig. Hans vidsyn for misjon og hvordan vi kan v\u00e6re med og gi Guds ord til folket b\u00e5de nasjonalt og internasjonalt, st\u00e5r det stor respekt av. <\/p>\n\n\n\n<p>\u2013 Vi kan bare takke og \u00f8nske Guds rike velsignelse for det som har v\u00e6rt, og for fortsatt tjeneste. Som ny leder er jeg glad for \u00e5 kunne ha Svein Inge som r\u00e5dgiver og st\u00f8ttespiller, og ser frem til \u00e5 samarbeide med han videre.<\/p>\n\n\n\n<h2 class=\"wp-block-heading\">Spennende tid<\/h2>\n\n\n\n<p>Pilskog sier vi n\u00e5 er inne i en spennende tid b\u00e5de som Normisjon og som region. <\/p>\n\n\n\n<p>\u2013 Jeg har tro p\u00e5 at gode m\u00f8tepunkter mellom de ulike lag i Normisjon er med p\u00e5 \u00e5 sette felles fokus, som for eksempel leder og medarbeider-samlingen som var i Stavanger. For \u00e5 opprettholde en felles gl\u00f8d for v\u00e5r visjon, trenger vi klare retningslinjer \u00e5 forholde oss til, slik at vi ikke blir mange \u00abenkeltmannsforetak\u00bb i misjonen, sier den nye regionstyrelederen. <\/p>\n\n\n\n<p>Hun mener videre at vi regionalt g\u00e5r inn i en spennende tid med \u00e5 skape et nytt misjonssenter, som skal erstatte \u00d8K5.<\/p>\n\n\n\n<p>\u2013 Det vil v\u00e6re krevende, men med mange gode ressurser, skal vi f\u00e5 det til. Det vil v\u00e6re viktig at hele regionen kan kjenne dette som sitt, og at en f\u00e5r lyst til \u00e5 stikke innom n\u00e5r en er i byen. Dette er noe vi vil komme tilbake til om ikke s\u00e5 altfor lenge.<\/p>\n\n\n\n<h2 class=\"wp-block-heading\">For hele regionen<\/h2>\n\n\n\n<p>Pilskog sier at hun er veldig bevisst p\u00e5 at hun er leder for regionstyret og ikke for \u00abBergen\u00bb.<\/p>\n\n\n\n<p>\u2013 Det betyr at jeg er opptatt av hvordan vi kan skape engasjement for Normisjon i hele regionen. Hvordan kan vi skape gode m\u00f8tepunkter inn i en ny tid? Dette m\u00e5 vi ha fotfolket med p\u00e5. Slik situasjonen er n\u00e5, ser vi en jevn utvikling om at misjonsforeninger legges ned. Hvordan kan vi tenke fremtidsrettet, f\u00f8r en kommer s\u00e5 langt at en m\u00e5 legge ned foreningen? sp\u00f8r Pilskog. Hun er ogs\u00e5 opptatt av hva en trenger lokalt for \u00e5 skape gl\u00f8d for misjon. <\/p>\n\n\n\n<p>\u2013 Region Hordaland har v\u00e6rt og er en typisk \u00abytremisjonsdel\u00bb av det som i dag er Normisjon, samtidig som det ogs\u00e5 etableres forsamlinger hos oss.  <\/p>\n\n\n\n<p>\u2013 Jeg tenker at vi m\u00e5 ha rom for ulikheter og v\u00e5ge \u00e5 se fremover. Det som er viktig, er at vi opprettholder misjonsengasjementet om \u00e5 n\u00e5 nye generasjoner og folkeslag med Guds ord, det v\u00e6re seg hjemme eller ute.<\/p>\n\n\n\n<h2 class=\"wp-block-heading\">Takker for innsatsen<\/h2>\n\n\n\n<p>Regionleder i Hordaland, Kristian Bj\u00f8rkhaug, \u00f8nsker \u00e5 takke alle de som har gjort en innsats i regionstyret som g\u00e5r av n\u00e5.<\/p>\n\n\n\n<p>\u2013 Tusen takk til Svein Inge Myhr som har gjort en fantastisk innsats. Og takk til Leikny Torvund, Johanne Drageidet, Bj\u00f8rnar S\u00e6le og Arne Bj\u00f8rndal. For\u00f8vrig ble resultat av valget til regionstyret slik: Liv Berit Pilskog valgt til styreleder for to \u00e5r. Johanne Drageidet er valgt som fast styremedlem for tre \u00e5r. Jorunn D\u00f8rdal og Bj\u00f8rnar S\u00e6le er valgt til varamedlemmer for ett \u00e5r. Arne Johan S\u00e6le er valgt som fast medlem i valgkomit\u00e9en for tre \u00e5r og Leikny Torvund er valgt som varamedlem til valgkomit\u00e9en for ett \u00e5r. Kristian Bj\u00f8rkhaug uttrykker takknemlighet over alle disse som gir av sin tid og kapasitet til regionstyret i Hordaland. <\/p>\n\n\n\n<p>\u2013 Vi er ogs\u00e5 veldig glad for at Liv Berit har takket ja til \u00e5 bli regionstyreleder. Hun er veldig flink og kjenner Normisjon godt.<\/p>\n<\/div>","protected":false},"excerpt":{"rendered":"<p>Under \u00e5rets digitale region\u00e5rsm\u00f8te ble Liv Berit Pilskog valgt som leder av regionstyret. \u2013 Jeg takker for tilliten, sier Pilskog som n\u00e5 tar over styrevervet [&hellip;]<\/p>\n","protected":false},"author":57,"featured_media":551,"comment_status":"closed","ping_status":"closed","sticky":false,"template":"","format":"standard","meta":{"_acf_changed":false,"footnotes":""},"categories":[1],"tags":[],"class_list":["post-513","post","type-post","status-publish","format-standard","has-post-thumbnail","hentry","category-ukategorisert"],"acf":[],"yoast_head":"<!-- This site is optimized with the Yoast SEO plugin v25.9 - https:\/\/yoast.com\/wordpress\/plugins\/seo\/ -->\n<title>Liv Berit Pilskog er ny regionstyreleder &#8211; Normisjon Hordaland<\/title>\n<meta name=\"robots\" content=\"index, follow, max-snippet:-1, max-image-preview:large, max-video-preview:-1\" \/>\n<link rel=\"canonical\" href=\"https:\/\/www.normisjon.no\/hordaland\/2020\/04\/03\/liv-berit-pilskog-er-ny-regionstyreleder\/\" \/>\n<meta property=\"og:locale\" content=\"nb_NO\" \/>\n<meta property=\"og:type\" content=\"article\" \/>\n<meta property=\"og:title\" content=\"Liv Berit Pilskog er ny regionstyreleder &#8211; Normisjon Hordaland\" \/>\n<meta property=\"og:description\" content=\"Under \u00e5rets digitale region\u00e5rsm\u00f8te ble Liv Berit Pilskog valgt som leder av regionstyret. \u2013 Jeg takker for tilliten, sier Pilskog som n\u00e5 tar over styrevervet [&hellip;]\" \/>\n<meta property=\"og:url\" content=\"https:\/\/www.normisjon.no\/hordaland\/2020\/04\/03\/liv-berit-pilskog-er-ny-regionstyreleder\/\" \/>\n<meta property=\"og:site_name\" content=\"Normisjon Hordaland\" \/>\n<meta property=\"article:publisher\" content=\"https:\/\/www.facebook.com\/normisjon.hordaland\" \/>\n<meta property=\"article:published_time\" content=\"2020-04-03T12:30:52+00:00\" \/>\n<meta property=\"article:modified_time\" content=\"2020-05-08T09:09:06+00:00\" \/>\n<meta property=\"og:image\" content=\"https:\/\/www.normisjon.no\/content\/uploads\/sites\/13\/2020\/04\/20200330_134408-1.jpg\" \/>\n\t<meta property=\"og:image:width\" content=\"3024\" \/>\n\t<meta property=\"og:image:height\" content=\"1701\" \/>\n\t<meta property=\"og:image:type\" content=\"image\/jpeg\" \/>\n<meta name=\"author\" content=\"thomas\" \/>\n<meta name=\"twitter:card\" content=\"summary_large_image\" \/>\n<meta name=\"twitter:creator\" content=\"@Normisjon_hord\" \/>\n<meta name=\"twitter:site\" content=\"@Normisjon_hord\" \/>\n<meta name=\"twitter:label1\" content=\"Skrevet av\" \/>\n\t<meta name=\"twitter:data1\" content=\"thomas\" \/>\n\t<meta name=\"twitter:label2\" content=\"Ansl. lesetid\" \/>\n\t<meta name=\"twitter:data2\" content=\"3 minutter\" \/>\n<script type=\"application\/ld+json\" class=\"yoast-schema-graph\">{\"@context\":\"https:\/\/schema.org\",\"@graph\":[{\"@type\":\"Article\",\"@id\":\"https:\/\/www.normisjon.no\/hordaland\/2020\/04\/03\/liv-berit-pilskog-er-ny-regionstyreleder\/#article\",\"isPartOf\":{\"@id\":\"https:\/\/www.normisjon.no\/hordaland\/2020\/04\/03\/liv-berit-pilskog-er-ny-regionstyreleder\/\"},\"author\":{\"name\":\"thomas\",\"@id\":\"https:\/\/www.normisjon.no\/hordaland\/#\/schema\/person\/b3006b4bccdc2cb50abc2bd344c6df67\"},\"headline\":\"Liv Berit Pilskog er ny regionstyreleder\",\"datePublished\":\"2020-04-03T12:30:52+00:00\",\"dateModified\":\"2020-05-08T09:09:06+00:00\",\"mainEntityOfPage\":{\"@id\":\"https:\/\/www.normisjon.no\/hordaland\/2020\/04\/03\/liv-berit-pilskog-er-ny-regionstyreleder\/\"},\"wordCount\":650,\"publisher\":{\"@id\":\"https:\/\/www.normisjon.no\/hordaland\/#organization\"},\"image\":{\"@id\":\"https:\/\/www.normisjon.no\/hordaland\/2020\/04\/03\/liv-berit-pilskog-er-ny-regionstyreleder\/#primaryimage\"},\"thumbnailUrl\":\"https:\/\/www.normisjon.no\/content\/uploads\/sites\/13\/2020\/04\/20200330_134408-1.jpg\",\"inLanguage\":\"nb-NO\"},{\"@type\":\"WebPage\",\"@id\":\"https:\/\/www.normisjon.no\/hordaland\/2020\/04\/03\/liv-berit-pilskog-er-ny-regionstyreleder\/\",\"url\":\"https:\/\/www.normisjon.no\/hordaland\/2020\/04\/03\/liv-berit-pilskog-er-ny-regionstyreleder\/\",\"name\":\"Liv Berit Pilskog er ny regionstyreleder &#8211; Normisjon Hordaland\",\"isPartOf\":{\"@id\":\"https:\/\/www.normisjon.no\/hordaland\/#website\"},\"primaryImageOfPage\":{\"@id\":\"https:\/\/www.normisjon.no\/hordaland\/2020\/04\/03\/liv-berit-pilskog-er-ny-regionstyreleder\/#primaryimage\"},\"image\":{\"@id\":\"https:\/\/www.normisjon.no\/hordaland\/2020\/04\/03\/liv-berit-pilskog-er-ny-regionstyreleder\/#primaryimage\"},\"thumbnailUrl\":\"https:\/\/www.normisjon.no\/content\/uploads\/sites\/13\/2020\/04\/20200330_134408-1.jpg\",\"datePublished\":\"2020-04-03T12:30:52+00:00\",\"dateModified\":\"2020-05-08T09:09:06+00:00\",\"breadcrumb\":{\"@id\":\"https:\/\/www.normisjon.no\/hordaland\/2020\/04\/03\/liv-berit-pilskog-er-ny-regionstyreleder\/#breadcrumb\"},\"inLanguage\":\"nb-NO\",\"potentialAction\":[{\"@type\":\"ReadAction\",\"target\":[\"https:\/\/www.normisjon.no\/hordaland\/2020\/04\/03\/liv-berit-pilskog-er-ny-regionstyreleder\/\"]}]},{\"@type\":\"ImageObject\",\"inLanguage\":\"nb-NO\",\"@id\":\"https:\/\/www.normisjon.no\/hordaland\/2020\/04\/03\/liv-berit-pilskog-er-ny-regionstyreleder\/#primaryimage\",\"url\":\"https:\/\/www.normisjon.no\/content\/uploads\/sites\/13\/2020\/04\/20200330_134408-1.jpg\",\"contentUrl\":\"https:\/\/www.normisjon.no\/content\/uploads\/sites\/13\/2020\/04\/20200330_134408-1.jpg\",\"width\":3024,\"height\":1701},{\"@type\":\"BreadcrumbList\",\"@id\":\"https:\/\/www.normisjon.no\/hordaland\/2020\/04\/03\/liv-berit-pilskog-er-ny-regionstyreleder\/#breadcrumb\",\"itemListElement\":[{\"@type\":\"ListItem\",\"position\":1,\"name\":\"Home\",\"item\":\"https:\/\/www.normisjon.no\/hordaland\/\"},{\"@type\":\"ListItem\",\"position\":2,\"name\":\"Liv Berit Pilskog er ny regionstyreleder\"}]},{\"@type\":\"WebSite\",\"@id\":\"https:\/\/www.normisjon.no\/hordaland\/#website\",\"url\":\"https:\/\/www.normisjon.no\/hordaland\/\",\"name\":\"Normisjon Hordaland\",\"description\":\"\",\"publisher\":{\"@id\":\"https:\/\/www.normisjon.no\/hordaland\/#organization\"},\"potentialAction\":[{\"@type\":\"SearchAction\",\"target\":{\"@type\":\"EntryPoint\",\"urlTemplate\":\"https:\/\/www.normisjon.no\/hordaland\/?s={search_term_string}\"},\"query-input\":{\"@type\":\"PropertyValueSpecification\",\"valueRequired\":true,\"valueName\":\"search_term_string\"}}],\"inLanguage\":\"nb-NO\"},{\"@type\":\"Organization\",\"@id\":\"https:\/\/www.normisjon.no\/hordaland\/#organization\",\"name\":\"Normisjon Hordaland\",\"url\":\"https:\/\/www.normisjon.no\/hordaland\/\",\"logo\":{\"@type\":\"ImageObject\",\"inLanguage\":\"nb-NO\",\"@id\":\"https:\/\/www.normisjon.no\/hordaland\/#\/schema\/logo\/image\/\",\"url\":\"https:\/\/www.normisjon.no\/content\/uploads\/sites\/13\/2021\/10\/normisjon-liggende-logo.jpg\",\"contentUrl\":\"https:\/\/www.normisjon.no\/content\/uploads\/sites\/13\/2021\/10\/normisjon-liggende-logo.jpg\",\"width\":850,\"height\":216,\"caption\":\"Normisjon Hordaland\"},\"image\":{\"@id\":\"https:\/\/www.normisjon.no\/hordaland\/#\/schema\/logo\/image\/\"},\"sameAs\":[\"https:\/\/www.facebook.com\/normisjon.hordaland\",\"https:\/\/x.com\/Normisjon_hord\"]},{\"@type\":\"Person\",\"@id\":\"https:\/\/www.normisjon.no\/hordaland\/#\/schema\/person\/b3006b4bccdc2cb50abc2bd344c6df67\",\"name\":\"thomas\",\"image\":{\"@type\":\"ImageObject\",\"inLanguage\":\"nb-NO\",\"@id\":\"https:\/\/www.normisjon.no\/hordaland\/#\/schema\/person\/image\/\",\"url\":\"https:\/\/secure.gravatar.com\/avatar\/f97c1097615a20f4b67ad47de64cbf69ae546c210cbfdd15aab241cb06bae284?s=96&d=mm&r=g\",\"contentUrl\":\"https:\/\/secure.gravatar.com\/avatar\/f97c1097615a20f4b67ad47de64cbf69ae546c210cbfdd15aab241cb06bae284?s=96&d=mm&r=g\",\"caption\":\"thomas\"},\"url\":\"https:\/\/www.normisjon.no\/hordaland\/author\/thomas\/\"}]}<\/script>\n<!-- \/ Yoast SEO plugin. -->","yoast_head_json":{"title":"Liv Berit Pilskog er ny regionstyreleder &#8211; Normisjon Hordaland","robots":{"index":"index","follow":"follow","max-snippet":"max-snippet:-1","max-image-preview":"max-image-preview:large","max-video-preview":"max-video-preview:-1"},"canonical":"https:\/\/www.normisjon.no\/hordaland\/2020\/04\/03\/liv-berit-pilskog-er-ny-regionstyreleder\/","og_locale":"nb_NO","og_type":"article","og_title":"Liv Berit Pilskog er ny regionstyreleder &#8211; Normisjon Hordaland","og_description":"Under \u00e5rets digitale region\u00e5rsm\u00f8te ble Liv Berit Pilskog valgt som leder av regionstyret. \u2013 Jeg takker for tilliten, sier Pilskog som n\u00e5 tar over styrevervet [&hellip;]","og_url":"https:\/\/www.normisjon.no\/hordaland\/2020\/04\/03\/liv-berit-pilskog-er-ny-regionstyreleder\/","og_site_name":"Normisjon Hordaland","article_publisher":"https:\/\/www.facebook.com\/normisjon.hordaland","article_published_time":"2020-04-03T12:30:52+00:00","article_modified_time":"2020-05-08T09:09:06+00:00","og_image":[{"width":3024,"height":1701,"url":"https:\/\/www.normisjon.no\/content\/uploads\/sites\/13\/2020\/04\/20200330_134408-1.jpg","type":"image\/jpeg"}],"author":"thomas","twitter_card":"summary_large_image","twitter_creator":"@Normisjon_hord","twitter_site":"@Normisjon_hord","twitter_misc":{"Skrevet av":"thomas","Ansl. lesetid":"3 minutter"},"schema":{"@context":"https:\/\/schema.org","@graph":[{"@type":"Article","@id":"https:\/\/www.normisjon.no\/hordaland\/2020\/04\/03\/liv-berit-pilskog-er-ny-regionstyreleder\/#article","isPartOf":{"@id":"https:\/\/www.normisjon.no\/hordaland\/2020\/04\/03\/liv-berit-pilskog-er-ny-regionstyreleder\/"},"author":{"name":"thomas","@id":"https:\/\/www.normisjon.no\/hordaland\/#\/schema\/person\/b3006b4bccdc2cb50abc2bd344c6df67"},"headline":"Liv Berit Pilskog er ny regionstyreleder","datePublished":"2020-04-03T12:30:52+00:00","dateModified":"2020-05-08T09:09:06+00:00","mainEntityOfPage":{"@id":"https:\/\/www.normisjon.no\/hordaland\/2020\/04\/03\/liv-berit-pilskog-er-ny-regionstyreleder\/"},"wordCount":650,"publisher":{"@id":"https:\/\/www.normisjon.no\/hordaland\/#organization"},"image":{"@id":"https:\/\/www.normisjon.no\/hordaland\/2020\/04\/03\/liv-berit-pilskog-er-ny-regionstyreleder\/#primaryimage"},"thumbnailUrl":"https:\/\/www.normisjon.no\/content\/uploads\/sites\/13\/2020\/04\/20200330_134408-1.jpg","inLanguage":"nb-NO"},{"@type":"WebPage","@id":"https:\/\/www.normisjon.no\/hordaland\/2020\/04\/03\/liv-berit-pilskog-er-ny-regionstyreleder\/","url":"https:\/\/www.normisjon.no\/hordaland\/2020\/04\/03\/liv-berit-pilskog-er-ny-regionstyreleder\/","name":"Liv Berit Pilskog er ny regionstyreleder &#8211; Normisjon Hordaland","isPartOf":{"@id":"https:\/\/www.normisjon.no\/hordaland\/#website"},"primaryImageOfPage":{"@id":"https:\/\/www.normisjon.no\/hordaland\/2020\/04\/03\/liv-berit-pilskog-er-ny-regionstyreleder\/#primaryimage"},"image":{"@id":"https:\/\/www.normisjon.no\/hordaland\/2020\/04\/03\/liv-berit-pilskog-er-ny-regionstyreleder\/#primaryimage"},"thumbnailUrl":"https:\/\/www.normisjon.no\/content\/uploads\/sites\/13\/2020\/04\/20200330_134408-1.jpg","datePublished":"2020-04-03T12:30:52+00:00","dateModified":"2020-05-08T09:09:06+00:00","breadcrumb":{"@id":"https:\/\/www.normisjon.no\/hordaland\/2020\/04\/03\/liv-berit-pilskog-er-ny-regionstyreleder\/#breadcrumb"},"inLanguage":"nb-NO","potentialAction":[{"@type":"ReadAction","target":["https:\/\/www.normisjon.no\/hordaland\/2020\/04\/03\/liv-berit-pilskog-er-ny-regionstyreleder\/"]}]},{"@type":"ImageObject","inLanguage":"nb-NO","@id":"https:\/\/www.normisjon.no\/hordaland\/2020\/04\/03\/liv-berit-pilskog-er-ny-regionstyreleder\/#primaryimage","url":"https:\/\/www.normisjon.no\/content\/uploads\/sites\/13\/2020\/04\/20200330_134408-1.jpg","contentUrl":"https:\/\/www.normisjon.no\/content\/uploads\/sites\/13\/2020\/04\/20200330_134408-1.jpg","width":3024,"height":1701},{"@type":"BreadcrumbList","@id":"https:\/\/www.normisjon.no\/hordaland\/2020\/04\/03\/liv-berit-pilskog-er-ny-regionstyreleder\/#breadcrumb","itemListElement":[{"@type":"ListItem","position":1,"name":"Home","item":"https:\/\/www.normisjon.no\/hordaland\/"},{"@type":"ListItem","position":2,"name":"Liv Berit Pilskog er ny regionstyreleder"}]},{"@type":"WebSite","@id":"https:\/\/www.normisjon.no\/hordaland\/#website","url":"https:\/\/www.normisjon.no\/hordaland\/","name":"Normisjon Hordaland","description":"","publisher":{"@id":"https:\/\/www.normisjon.no\/hordaland\/#organization"},"potentialAction":[{"@type":"SearchAction","target":{"@type":"EntryPoint","urlTemplate":"https:\/\/www.normisjon.no\/hordaland\/?s={search_term_string}"},"query-input":{"@type":"PropertyValueSpecification","valueRequired":true,"valueName":"search_term_string"}}],"inLanguage":"nb-NO"},{"@type":"Organization","@id":"https:\/\/www.normisjon.no\/hordaland\/#organization","name":"Normisjon Hordaland","url":"https:\/\/www.normisjon.no\/hordaland\/","logo":{"@type":"ImageObject","inLanguage":"nb-NO","@id":"https:\/\/www.normisjon.no\/hordaland\/#\/schema\/logo\/image\/","url":"https:\/\/www.normisjon.no\/content\/uploads\/sites\/13\/2021\/10\/normisjon-liggende-logo.jpg","contentUrl":"https:\/\/www.normisjon.no\/content\/uploads\/sites\/13\/2021\/10\/normisjon-liggende-logo.jpg","width":850,"height":216,"caption":"Normisjon Hordaland"},"image":{"@id":"https:\/\/www.normisjon.no\/hordaland\/#\/schema\/logo\/image\/"},"sameAs":["https:\/\/www.facebook.com\/normisjon.hordaland","https:\/\/x.com\/Normisjon_hord"]},{"@type":"Person","@id":"https:\/\/www.normisjon.no\/hordaland\/#\/schema\/person\/b3006b4bccdc2cb50abc2bd344c6df67","name":"thomas","image":{"@type":"ImageObject","inLanguage":"nb-NO","@id":"https:\/\/www.normisjon.no\/hordaland\/#\/schema\/person\/image\/","url":"https:\/\/secure.gravatar.com\/avatar\/f97c1097615a20f4b67ad47de64cbf69ae546c210cbfdd15aab241cb06bae284?s=96&d=mm&r=g","contentUrl":"https:\/\/secure.gravatar.com\/avatar\/f97c1097615a20f4b67ad47de64cbf69ae546c210cbfdd15aab241cb06bae284?s=96&d=mm&r=g","caption":"thomas"},"url":"https:\/\/www.normisjon.no\/hordaland\/author\/thomas\/"}]}},"_links":{"self":[{"href":"https:\/\/www.normisjon.no\/hordaland\/wp-json\/wp\/v2\/posts\/513","targetHints":{"allow":["GET"]}}],"collection":[{"href":"https:\/\/www.normisjon.no\/hordaland\/wp-json\/wp\/v2\/posts"}],"about":[{"href":"https:\/\/www.normisjon.no\/hordaland\/wp-json\/wp\/v2\/types\/post"}],"author":[{"embeddable":true,"href":"https:\/\/www.normisjon.no\/hordaland\/wp-json\/wp\/v2\/users\/57"}],"replies":[{"embeddable":true,"href":"https:\/\/www.normisjon.no\/hordaland\/wp-json\/wp\/v2\/comments?post=513"}],"version-history":[{"count":3,"href":"https:\/\/www.normisjon.no\/hordaland\/wp-json\/wp\/v2\/posts\/513\/revisions"}],"predecessor-version":[{"id":571,"href":"https:\/\/www.normisjon.no\/hordaland\/wp-json\/wp\/v2\/posts\/513\/revisions\/571"}],"wp:featuredmedia":[{"embeddable":true,"href":"https:\/\/www.normisjon.no\/hordaland\/wp-json\/wp\/v2\/media\/551"}],"wp:attachment":[{"href":"https:\/\/www.normisjon.no\/hordaland\/wp-json\/wp\/v2\/media?parent=513"}],"wp:term":[{"taxonomy":"category","embeddable":true,"href":"https:\/\/www.normisjon.no\/hordaland\/wp-json\/wp\/v2\/categories?post=513"},{"taxonomy":"post_tag","embeddable":true,"href":"https:\/\/www.normisjon.no\/hordaland\/wp-json\/wp\/v2\/tags?post=513"}],"curies":[{"name":"wp","href":"https:\/\/api.w.org\/{rel}","templated":true}]}}