{"id":5202,"date":"2025-10-09T11:45:00","date_gmt":"2025-10-09T09:45:00","guid":{"rendered":"https:\/\/www.normisjon.no\/hordaland\/?p=5202"},"modified":"2025-11-14T13:15:15","modified_gmt":"2025-11-14T12:15:15","slug":"noen-ma-ga-foran","status":"publish","type":"post","link":"https:\/\/www.normisjon.no\/hordaland\/2025\/10\/09\/noen-ma-ga-foran\/","title":{"rendered":"Noen m\u00e5 g\u00e5 foran"},"content":{"rendered":"<div class=\"entry-content alignfull wp-block-post-content has-global-padding is-layout-constrained wp-block-post-content-is-layout-constrained\">\n<p>Av Martin Olsen<\/p>\n\n\n\n<p>Ting skjer ikke av seg selv. Noen m\u00e5 v\u00e5ge \u00e5 stikke hodet frem og g\u00e5 foran. I Acta, i Normisjon og i kirken i verden er det mange helter som st\u00e5r opp for det de har tro p\u00e5 og f\u00e5r folk med seg.<\/p>\n\n\n\n<figure class=\"wp-block-image size-large\"><img loading=\"lazy\" decoding=\"async\" width=\"1024\" height=\"575\" src=\"https:\/\/www.normisjon.no\/content\/uploads\/sites\/13\/2025\/10\/2025-Martin-Olsen-1024x575.jpg\" alt=\"\" class=\"wp-image-5234\" srcset=\"https:\/\/www.normisjon.no\/content\/uploads\/sites\/13\/2025\/10\/2025-Martin-Olsen-1024x575.jpg 1024w, https:\/\/www.normisjon.no\/content\/uploads\/sites\/13\/2025\/10\/2025-Martin-Olsen-300x169.jpg 300w, https:\/\/www.normisjon.no\/content\/uploads\/sites\/13\/2025\/10\/2025-Martin-Olsen-768x432.jpg 768w, https:\/\/www.normisjon.no\/content\/uploads\/sites\/13\/2025\/10\/2025-Martin-Olsen-1536x863.jpg 1536w, https:\/\/www.normisjon.no\/content\/uploads\/sites\/13\/2025\/10\/2025-Martin-Olsen-2048x1151.jpg 2048w, https:\/\/www.normisjon.no\/content\/uploads\/sites\/13\/2025\/10\/2025-Martin-Olsen-1920x1079.jpg 1920w, https:\/\/www.normisjon.no\/content\/uploads\/sites\/13\/2025\/10\/2025-Martin-Olsen-1360x764.jpg 1360w, https:\/\/www.normisjon.no\/content\/uploads\/sites\/13\/2025\/10\/2025-Martin-Olsen-960x539.jpg 960w\" sizes=\"auto, (max-width: 1024px) 100vw, 1024px\" \/><\/figure>\n\n\n\n<p>Den amerikanske pastoren og eksperten p\u00e5 ledelse, John Maxwell, sier det s\u00e5 enkelt \u00e5 tydelig som dette:<\/p>\n\n\n\n<blockquote class=\"wp-block-quote is-layout-flow wp-block-quote-is-layout-flow\">\n<p>Alt st\u00e5r og faller p\u00e5 ledelse<\/p>\n<\/blockquote>\n\n\n\n<p>Det er s\u00e5rbart \u00e5 stikke seg frem og gj\u00f8re nye ting. Kanskje f\u00f8ler man seg dum og inkompetent. Kanskje f\u00e5r man ikke ting til slik man h\u00e5pet. Kanskje blir man gjort narr av. Kanskje f\u00e5r man kritikk for \u00e5 gj\u00f8re ting p\u00e5 feil m\u00e5te. Det er slettes ikke lett \u00e5 lede an.<\/p>\n\n\n\n<p>Men vi erfarer mye godt i dag fordi noen v\u00e5get. Noen v\u00e5get \u00e5 ta tak i en id\u00e9, en tanke eller en visjon om noe som kunne bli. Lars Olsen Skrefsrud reiste til India for \u00e5 dele evangeliet. Det ble starten p\u00e5 Santalmisjonen. Hans Nilsen Hauge forkynte evangeliet og inspirerte til samfunnsbygging. Det ble starten p\u00e5 lekmannsbevegelsen, og var viktig for landets utvikling.<\/p>\n\n\n\n<p>Du er kanskje med i et fellesskap. Det startet ikke av seg selv. Noen v\u00e5get \u00e5 si: Bli med. Vi skal samles om Guds Ord, i b\u00f8nn, tilbedelse og med en visjon om \u00e5 n\u00e5 flere med det fantastiske budskapet om at Jesus er v\u00e5r redningsmann. <\/p>\n\n\n\n<p>Ragnhild Hiis \u00c5nestad startet kor. Det ble til Soul Children-bevegelsen. Rundt omkring er det mange andre korstartere. De bygger trosfellesskap for barn og unge i en skj\u00f8r tid.<\/p>\n\n\n\n<p>Dere er mange som g\u00e5r foran der ute i grender, bygder, byer, p\u00e5 \u00f8yer og i lokalsamfunn. Dere samler til fellesskap og tilbyr en trygg havn hos Jesus i en vanskelig verden. Betydningen av det dere st\u00e5r i og gj\u00f8r kan ikke undervurderes. Dere er med p\u00e5 \u00e5 forandre liv og investere i de evige verdier. Takk for at dere st\u00e5r p\u00e5!<\/p>\n\n\n\n<p>S\u00e5, hva n\u00e5?<\/p>\n\n\n\n<p>N\u00e5 er ogs\u00e5 en tid for \u00e5 bygge, for \u00e5 starte og for \u00e5 g\u00e5 foran. Det er ikke godt \u00e5 si hva fremtiden vil bringe eller hvor utviklingen vil g\u00e5. Men en ting er sikkert: Det st\u00e5r og faller p\u00e5 ledelse og du kan utgj\u00f8re en avgj\u00f8rende forskjell med ditt bidrag.<\/p>\n\n\n\n<p>Se ikke ned p\u00e5 deg selv, men l\u00f8ft blikket p\u00e5 Gud. Han er det som b\u00e6rer oss, skaper tro og beveger mennesker med sin \u00c5nd. Alt er mulig. Ta et steg frem og se hva Gud vil gj\u00f8re gjennom deg.<\/p>\n\n\n\n<p>H\u00f8sten er moden og arbeiderne trengs som aldri f\u00f8r. Hva har Gud lagt ned i ditt hjerte, i din tanke, som du skal gj\u00f8re noe med? Hvem \u00f8nsker du \u00e5 bety noe for? F\u00e5 med deg noen og sett i gang.<\/p>\n<\/div>","protected":false},"excerpt":{"rendered":"<p>Av Martin Olsen Ting skjer ikke av seg selv. Noen m\u00e5 v\u00e5ge \u00e5 stikke hodet frem og g\u00e5 foran. I Acta, i Normisjon og i [&hellip;]<\/p>\n","protected":false},"author":57,"featured_media":5234,"comment_status":"closed","ping_status":"closed","sticky":false,"template":"","format":"standard","meta":{"_acf_changed":false,"footnotes":""},"categories":[25],"tags":[],"class_list":["post-5202","post","type-post","status-publish","format-standard","has-post-thumbnail","hentry","category-leder"],"acf":[],"yoast_head":"<!-- This site is optimized with the Yoast SEO plugin v25.9 - https:\/\/yoast.com\/wordpress\/plugins\/seo\/ -->\n<title>Noen m\u00e5 g\u00e5 foran &#8211; Normisjon Hordaland<\/title>\n<meta name=\"robots\" content=\"index, follow, max-snippet:-1, max-image-preview:large, max-video-preview:-1\" \/>\n<link rel=\"canonical\" href=\"https:\/\/www.normisjon.no\/hordaland\/2025\/10\/09\/noen-ma-ga-foran\/\" \/>\n<meta property=\"og:locale\" content=\"nb_NO\" \/>\n<meta property=\"og:type\" content=\"article\" \/>\n<meta property=\"og:title\" content=\"Noen m\u00e5 g\u00e5 foran &#8211; Normisjon Hordaland\" \/>\n<meta property=\"og:description\" content=\"Av Martin Olsen Ting skjer ikke av seg selv. Noen m\u00e5 v\u00e5ge \u00e5 stikke hodet frem og g\u00e5 foran. I Acta, i Normisjon og i [&hellip;]\" \/>\n<meta property=\"og:url\" content=\"https:\/\/www.normisjon.no\/hordaland\/2025\/10\/09\/noen-ma-ga-foran\/\" \/>\n<meta property=\"og:site_name\" content=\"Normisjon Hordaland\" \/>\n<meta property=\"article:publisher\" content=\"https:\/\/www.facebook.com\/normisjon.hordaland\" \/>\n<meta property=\"article:published_time\" content=\"2025-10-09T09:45:00+00:00\" \/>\n<meta property=\"article:modified_time\" content=\"2025-11-14T12:15:15+00:00\" \/>\n<meta property=\"og:image\" content=\"https:\/\/www.normisjon.no\/content\/uploads\/sites\/13\/2025\/10\/2025-Martin-Olsen-scaled.jpg\" \/>\n\t<meta property=\"og:image:width\" content=\"2560\" \/>\n\t<meta property=\"og:image:height\" content=\"1438\" \/>\n\t<meta property=\"og:image:type\" content=\"image\/jpeg\" \/>\n<meta name=\"author\" content=\"thomas\" \/>\n<meta name=\"twitter:card\" content=\"summary_large_image\" \/>\n<meta name=\"twitter:creator\" content=\"@Normisjon_hord\" \/>\n<meta name=\"twitter:site\" content=\"@Normisjon_hord\" \/>\n<meta name=\"twitter:label1\" content=\"Skrevet av\" \/>\n\t<meta name=\"twitter:data1\" content=\"thomas\" \/>\n\t<meta name=\"twitter:label2\" content=\"Ansl. lesetid\" \/>\n\t<meta name=\"twitter:data2\" content=\"3 minutter\" \/>\n<script type=\"application\/ld+json\" class=\"yoast-schema-graph\">{\"@context\":\"https:\/\/schema.org\",\"@graph\":[{\"@type\":\"Article\",\"@id\":\"https:\/\/www.normisjon.no\/hordaland\/2025\/10\/09\/noen-ma-ga-foran\/#article\",\"isPartOf\":{\"@id\":\"https:\/\/www.normisjon.no\/hordaland\/2025\/10\/09\/noen-ma-ga-foran\/\"},\"author\":{\"name\":\"thomas\",\"@id\":\"https:\/\/www.normisjon.no\/hordaland\/#\/schema\/person\/b3006b4bccdc2cb50abc2bd344c6df67\"},\"headline\":\"Noen m\u00e5 g\u00e5 foran\",\"datePublished\":\"2025-10-09T09:45:00+00:00\",\"dateModified\":\"2025-11-14T12:15:15+00:00\",\"mainEntityOfPage\":{\"@id\":\"https:\/\/www.normisjon.no\/hordaland\/2025\/10\/09\/noen-ma-ga-foran\/\"},\"wordCount\":476,\"publisher\":{\"@id\":\"https:\/\/www.normisjon.no\/hordaland\/#organization\"},\"image\":{\"@id\":\"https:\/\/www.normisjon.no\/hordaland\/2025\/10\/09\/noen-ma-ga-foran\/#primaryimage\"},\"thumbnailUrl\":\"https:\/\/www.normisjon.no\/content\/uploads\/sites\/13\/2025\/10\/2025-Martin-Olsen-scaled.jpg\",\"articleSection\":[\"Leder\"],\"inLanguage\":\"nb-NO\"},{\"@type\":\"WebPage\",\"@id\":\"https:\/\/www.normisjon.no\/hordaland\/2025\/10\/09\/noen-ma-ga-foran\/\",\"url\":\"https:\/\/www.normisjon.no\/hordaland\/2025\/10\/09\/noen-ma-ga-foran\/\",\"name\":\"Noen m\u00e5 g\u00e5 foran &#8211; Normisjon Hordaland\",\"isPartOf\":{\"@id\":\"https:\/\/www.normisjon.no\/hordaland\/#website\"},\"primaryImageOfPage\":{\"@id\":\"https:\/\/www.normisjon.no\/hordaland\/2025\/10\/09\/noen-ma-ga-foran\/#primaryimage\"},\"image\":{\"@id\":\"https:\/\/www.normisjon.no\/hordaland\/2025\/10\/09\/noen-ma-ga-foran\/#primaryimage\"},\"thumbnailUrl\":\"https:\/\/www.normisjon.no\/content\/uploads\/sites\/13\/2025\/10\/2025-Martin-Olsen-scaled.jpg\",\"datePublished\":\"2025-10-09T09:45:00+00:00\",\"dateModified\":\"2025-11-14T12:15:15+00:00\",\"breadcrumb\":{\"@id\":\"https:\/\/www.normisjon.no\/hordaland\/2025\/10\/09\/noen-ma-ga-foran\/#breadcrumb\"},\"inLanguage\":\"nb-NO\",\"potentialAction\":[{\"@type\":\"ReadAction\",\"target\":[\"https:\/\/www.normisjon.no\/hordaland\/2025\/10\/09\/noen-ma-ga-foran\/\"]}]},{\"@type\":\"ImageObject\",\"inLanguage\":\"nb-NO\",\"@id\":\"https:\/\/www.normisjon.no\/hordaland\/2025\/10\/09\/noen-ma-ga-foran\/#primaryimage\",\"url\":\"https:\/\/www.normisjon.no\/content\/uploads\/sites\/13\/2025\/10\/2025-Martin-Olsen-scaled.jpg\",\"contentUrl\":\"https:\/\/www.normisjon.no\/content\/uploads\/sites\/13\/2025\/10\/2025-Martin-Olsen-scaled.jpg\",\"width\":2560,\"height\":1438},{\"@type\":\"BreadcrumbList\",\"@id\":\"https:\/\/www.normisjon.no\/hordaland\/2025\/10\/09\/noen-ma-ga-foran\/#breadcrumb\",\"itemListElement\":[{\"@type\":\"ListItem\",\"position\":1,\"name\":\"Home\",\"item\":\"https:\/\/www.normisjon.no\/hordaland\/\"},{\"@type\":\"ListItem\",\"position\":2,\"name\":\"Noen m\u00e5 g\u00e5 foran\"}]},{\"@type\":\"WebSite\",\"@id\":\"https:\/\/www.normisjon.no\/hordaland\/#website\",\"url\":\"https:\/\/www.normisjon.no\/hordaland\/\",\"name\":\"Normisjon Hordaland\",\"description\":\"\",\"publisher\":{\"@id\":\"https:\/\/www.normisjon.no\/hordaland\/#organization\"},\"potentialAction\":[{\"@type\":\"SearchAction\",\"target\":{\"@type\":\"EntryPoint\",\"urlTemplate\":\"https:\/\/www.normisjon.no\/hordaland\/?s={search_term_string}\"},\"query-input\":{\"@type\":\"PropertyValueSpecification\",\"valueRequired\":true,\"valueName\":\"search_term_string\"}}],\"inLanguage\":\"nb-NO\"},{\"@type\":\"Organization\",\"@id\":\"https:\/\/www.normisjon.no\/hordaland\/#organization\",\"name\":\"Normisjon Hordaland\",\"url\":\"https:\/\/www.normisjon.no\/hordaland\/\",\"logo\":{\"@type\":\"ImageObject\",\"inLanguage\":\"nb-NO\",\"@id\":\"https:\/\/www.normisjon.no\/hordaland\/#\/schema\/logo\/image\/\",\"url\":\"https:\/\/www.normisjon.no\/content\/uploads\/sites\/13\/2021\/10\/normisjon-liggende-logo.jpg\",\"contentUrl\":\"https:\/\/www.normisjon.no\/content\/uploads\/sites\/13\/2021\/10\/normisjon-liggende-logo.jpg\",\"width\":850,\"height\":216,\"caption\":\"Normisjon Hordaland\"},\"image\":{\"@id\":\"https:\/\/www.normisjon.no\/hordaland\/#\/schema\/logo\/image\/\"},\"sameAs\":[\"https:\/\/www.facebook.com\/normisjon.hordaland\",\"https:\/\/x.com\/Normisjon_hord\"]},{\"@type\":\"Person\",\"@id\":\"https:\/\/www.normisjon.no\/hordaland\/#\/schema\/person\/b3006b4bccdc2cb50abc2bd344c6df67\",\"name\":\"thomas\",\"image\":{\"@type\":\"ImageObject\",\"inLanguage\":\"nb-NO\",\"@id\":\"https:\/\/www.normisjon.no\/hordaland\/#\/schema\/person\/image\/\",\"url\":\"https:\/\/secure.gravatar.com\/avatar\/f97c1097615a20f4b67ad47de64cbf69ae546c210cbfdd15aab241cb06bae284?s=96&d=mm&r=g\",\"contentUrl\":\"https:\/\/secure.gravatar.com\/avatar\/f97c1097615a20f4b67ad47de64cbf69ae546c210cbfdd15aab241cb06bae284?s=96&d=mm&r=g\",\"caption\":\"thomas\"},\"url\":\"https:\/\/www.normisjon.no\/hordaland\/author\/thomas\/\"}]}<\/script>\n<!-- \/ Yoast SEO plugin. -->","yoast_head_json":{"title":"Noen m\u00e5 g\u00e5 foran &#8211; Normisjon Hordaland","robots":{"index":"index","follow":"follow","max-snippet":"max-snippet:-1","max-image-preview":"max-image-preview:large","max-video-preview":"max-video-preview:-1"},"canonical":"https:\/\/www.normisjon.no\/hordaland\/2025\/10\/09\/noen-ma-ga-foran\/","og_locale":"nb_NO","og_type":"article","og_title":"Noen m\u00e5 g\u00e5 foran &#8211; Normisjon Hordaland","og_description":"Av Martin Olsen Ting skjer ikke av seg selv. Noen m\u00e5 v\u00e5ge \u00e5 stikke hodet frem og g\u00e5 foran. I Acta, i Normisjon og i [&hellip;]","og_url":"https:\/\/www.normisjon.no\/hordaland\/2025\/10\/09\/noen-ma-ga-foran\/","og_site_name":"Normisjon Hordaland","article_publisher":"https:\/\/www.facebook.com\/normisjon.hordaland","article_published_time":"2025-10-09T09:45:00+00:00","article_modified_time":"2025-11-14T12:15:15+00:00","og_image":[{"width":2560,"height":1438,"url":"https:\/\/www.normisjon.no\/content\/uploads\/sites\/13\/2025\/10\/2025-Martin-Olsen-scaled.jpg","type":"image\/jpeg"}],"author":"thomas","twitter_card":"summary_large_image","twitter_creator":"@Normisjon_hord","twitter_site":"@Normisjon_hord","twitter_misc":{"Skrevet av":"thomas","Ansl. lesetid":"3 minutter"},"schema":{"@context":"https:\/\/schema.org","@graph":[{"@type":"Article","@id":"https:\/\/www.normisjon.no\/hordaland\/2025\/10\/09\/noen-ma-ga-foran\/#article","isPartOf":{"@id":"https:\/\/www.normisjon.no\/hordaland\/2025\/10\/09\/noen-ma-ga-foran\/"},"author":{"name":"thomas","@id":"https:\/\/www.normisjon.no\/hordaland\/#\/schema\/person\/b3006b4bccdc2cb50abc2bd344c6df67"},"headline":"Noen m\u00e5 g\u00e5 foran","datePublished":"2025-10-09T09:45:00+00:00","dateModified":"2025-11-14T12:15:15+00:00","mainEntityOfPage":{"@id":"https:\/\/www.normisjon.no\/hordaland\/2025\/10\/09\/noen-ma-ga-foran\/"},"wordCount":476,"publisher":{"@id":"https:\/\/www.normisjon.no\/hordaland\/#organization"},"image":{"@id":"https:\/\/www.normisjon.no\/hordaland\/2025\/10\/09\/noen-ma-ga-foran\/#primaryimage"},"thumbnailUrl":"https:\/\/www.normisjon.no\/content\/uploads\/sites\/13\/2025\/10\/2025-Martin-Olsen-scaled.jpg","articleSection":["Leder"],"inLanguage":"nb-NO"},{"@type":"WebPage","@id":"https:\/\/www.normisjon.no\/hordaland\/2025\/10\/09\/noen-ma-ga-foran\/","url":"https:\/\/www.normisjon.no\/hordaland\/2025\/10\/09\/noen-ma-ga-foran\/","name":"Noen m\u00e5 g\u00e5 foran &#8211; Normisjon Hordaland","isPartOf":{"@id":"https:\/\/www.normisjon.no\/hordaland\/#website"},"primaryImageOfPage":{"@id":"https:\/\/www.normisjon.no\/hordaland\/2025\/10\/09\/noen-ma-ga-foran\/#primaryimage"},"image":{"@id":"https:\/\/www.normisjon.no\/hordaland\/2025\/10\/09\/noen-ma-ga-foran\/#primaryimage"},"thumbnailUrl":"https:\/\/www.normisjon.no\/content\/uploads\/sites\/13\/2025\/10\/2025-Martin-Olsen-scaled.jpg","datePublished":"2025-10-09T09:45:00+00:00","dateModified":"2025-11-14T12:15:15+00:00","breadcrumb":{"@id":"https:\/\/www.normisjon.no\/hordaland\/2025\/10\/09\/noen-ma-ga-foran\/#breadcrumb"},"inLanguage":"nb-NO","potentialAction":[{"@type":"ReadAction","target":["https:\/\/www.normisjon.no\/hordaland\/2025\/10\/09\/noen-ma-ga-foran\/"]}]},{"@type":"ImageObject","inLanguage":"nb-NO","@id":"https:\/\/www.normisjon.no\/hordaland\/2025\/10\/09\/noen-ma-ga-foran\/#primaryimage","url":"https:\/\/www.normisjon.no\/content\/uploads\/sites\/13\/2025\/10\/2025-Martin-Olsen-scaled.jpg","contentUrl":"https:\/\/www.normisjon.no\/content\/uploads\/sites\/13\/2025\/10\/2025-Martin-Olsen-scaled.jpg","width":2560,"height":1438},{"@type":"BreadcrumbList","@id":"https:\/\/www.normisjon.no\/hordaland\/2025\/10\/09\/noen-ma-ga-foran\/#breadcrumb","itemListElement":[{"@type":"ListItem","position":1,"name":"Home","item":"https:\/\/www.normisjon.no\/hordaland\/"},{"@type":"ListItem","position":2,"name":"Noen m\u00e5 g\u00e5 foran"}]},{"@type":"WebSite","@id":"https:\/\/www.normisjon.no\/hordaland\/#website","url":"https:\/\/www.normisjon.no\/hordaland\/","name":"Normisjon Hordaland","description":"","publisher":{"@id":"https:\/\/www.normisjon.no\/hordaland\/#organization"},"potentialAction":[{"@type":"SearchAction","target":{"@type":"EntryPoint","urlTemplate":"https:\/\/www.normisjon.no\/hordaland\/?s={search_term_string}"},"query-input":{"@type":"PropertyValueSpecification","valueRequired":true,"valueName":"search_term_string"}}],"inLanguage":"nb-NO"},{"@type":"Organization","@id":"https:\/\/www.normisjon.no\/hordaland\/#organization","name":"Normisjon Hordaland","url":"https:\/\/www.normisjon.no\/hordaland\/","logo":{"@type":"ImageObject","inLanguage":"nb-NO","@id":"https:\/\/www.normisjon.no\/hordaland\/#\/schema\/logo\/image\/","url":"https:\/\/www.normisjon.no\/content\/uploads\/sites\/13\/2021\/10\/normisjon-liggende-logo.jpg","contentUrl":"https:\/\/www.normisjon.no\/content\/uploads\/sites\/13\/2021\/10\/normisjon-liggende-logo.jpg","width":850,"height":216,"caption":"Normisjon Hordaland"},"image":{"@id":"https:\/\/www.normisjon.no\/hordaland\/#\/schema\/logo\/image\/"},"sameAs":["https:\/\/www.facebook.com\/normisjon.hordaland","https:\/\/x.com\/Normisjon_hord"]},{"@type":"Person","@id":"https:\/\/www.normisjon.no\/hordaland\/#\/schema\/person\/b3006b4bccdc2cb50abc2bd344c6df67","name":"thomas","image":{"@type":"ImageObject","inLanguage":"nb-NO","@id":"https:\/\/www.normisjon.no\/hordaland\/#\/schema\/person\/image\/","url":"https:\/\/secure.gravatar.com\/avatar\/f97c1097615a20f4b67ad47de64cbf69ae546c210cbfdd15aab241cb06bae284?s=96&d=mm&r=g","contentUrl":"https:\/\/secure.gravatar.com\/avatar\/f97c1097615a20f4b67ad47de64cbf69ae546c210cbfdd15aab241cb06bae284?s=96&d=mm&r=g","caption":"thomas"},"url":"https:\/\/www.normisjon.no\/hordaland\/author\/thomas\/"}]}},"_links":{"self":[{"href":"https:\/\/www.normisjon.no\/hordaland\/wp-json\/wp\/v2\/posts\/5202","targetHints":{"allow":["GET"]}}],"collection":[{"href":"https:\/\/www.normisjon.no\/hordaland\/wp-json\/wp\/v2\/posts"}],"about":[{"href":"https:\/\/www.normisjon.no\/hordaland\/wp-json\/wp\/v2\/types\/post"}],"author":[{"embeddable":true,"href":"https:\/\/www.normisjon.no\/hordaland\/wp-json\/wp\/v2\/users\/57"}],"replies":[{"embeddable":true,"href":"https:\/\/www.normisjon.no\/hordaland\/wp-json\/wp\/v2\/comments?post=5202"}],"version-history":[{"count":4,"href":"https:\/\/www.normisjon.no\/hordaland\/wp-json\/wp\/v2\/posts\/5202\/revisions"}],"predecessor-version":[{"id":5248,"href":"https:\/\/www.normisjon.no\/hordaland\/wp-json\/wp\/v2\/posts\/5202\/revisions\/5248"}],"wp:featuredmedia":[{"embeddable":true,"href":"https:\/\/www.normisjon.no\/hordaland\/wp-json\/wp\/v2\/media\/5234"}],"wp:attachment":[{"href":"https:\/\/www.normisjon.no\/hordaland\/wp-json\/wp\/v2\/media?parent=5202"}],"wp:term":[{"taxonomy":"category","embeddable":true,"href":"https:\/\/www.normisjon.no\/hordaland\/wp-json\/wp\/v2\/categories?post=5202"},{"taxonomy":"post_tag","embeddable":true,"href":"https:\/\/www.normisjon.no\/hordaland\/wp-json\/wp\/v2\/tags?post=5202"}],"curies":[{"name":"wp","href":"https:\/\/api.w.org\/{rel}","templated":true}]}}