{"id":5204,"date":"2025-10-23T11:45:00","date_gmt":"2025-10-23T09:45:00","guid":{"rendered":"https:\/\/www.normisjon.no\/hordaland\/?p=5204"},"modified":"2025-11-14T15:03:16","modified_gmt":"2025-11-14T14:03:16","slug":"da-0700-motet-tente-vestlandet","status":"publish","type":"post","link":"https:\/\/www.normisjon.no\/hordaland\/2025\/10\/23\/da-0700-motet-tente-vestlandet\/","title":{"rendered":"Da 07:00-m\u00f8tet tente Vestlandet"},"content":{"rendered":"<div class=\"entry-content alignfull wp-block-post-content has-global-padding is-layout-constrained wp-block-post-content-is-layout-constrained\">\n<p>Sommeren 1882 var Bergen full av misjonsfolk. Det Norske Misjonsselskap holdt generalforsamling, og en mann hadde en s\u00e5nn gjennomslagskraft at by og bygder aldri ble de samme. Mannen var Lars Olsen Skrefsrud.<\/p>\n\n\n\n<figure class=\"wp-block-image size-large\"><img loading=\"lazy\" decoding=\"async\" width=\"1024\" height=\"575\" src=\"https:\/\/www.normisjon.no\/content\/uploads\/sites\/13\/2025\/10\/Lars-Olsen-Skrefsrud-1024x575.jpg\" alt=\"\" class=\"wp-image-5239\" srcset=\"https:\/\/www.normisjon.no\/content\/uploads\/sites\/13\/2025\/10\/Lars-Olsen-Skrefsrud-1024x575.jpg 1024w, https:\/\/www.normisjon.no\/content\/uploads\/sites\/13\/2025\/10\/Lars-Olsen-Skrefsrud-300x169.jpg 300w, https:\/\/www.normisjon.no\/content\/uploads\/sites\/13\/2025\/10\/Lars-Olsen-Skrefsrud-768x432.jpg 768w, https:\/\/www.normisjon.no\/content\/uploads\/sites\/13\/2025\/10\/Lars-Olsen-Skrefsrud-1536x863.jpg 1536w, https:\/\/www.normisjon.no\/content\/uploads\/sites\/13\/2025\/10\/Lars-Olsen-Skrefsrud-2048x1151.jpg 2048w, https:\/\/www.normisjon.no\/content\/uploads\/sites\/13\/2025\/10\/Lars-Olsen-Skrefsrud-1920x1079.jpg 1920w, https:\/\/www.normisjon.no\/content\/uploads\/sites\/13\/2025\/10\/Lars-Olsen-Skrefsrud-1360x764.jpg 1360w, https:\/\/www.normisjon.no\/content\/uploads\/sites\/13\/2025\/10\/Lars-Olsen-Skrefsrud-960x539.jpg 960w\" sizes=\"auto, (max-width: 1024px) 100vw, 1024px\" \/><\/figure>\n\n\n\n<p>I l\u00f8pet av dagene han bes\u00f8kte Bergen talte Skrefsrud p\u00e5 flere m\u00f8ter, men det var det aller siste m\u00f8tet som har blitt st\u00e5ende som et legendarisk \u00f8yeblikk i norsk misjonshistorie. Nykirken, klokken 07:00 om morgenen, ved generalforsamlingens avslutning. Kirken var stappfull \u2013 og forventningen like tett som luften i benkeradene. <\/p>\n\n\n\n<p>Da Skrefsrud begynte \u00e5 tale, var det som om tid og sted forsvant. Han glemte klokken, og det gjorde tilh\u00f8rerne ogs\u00e5. De ville h\u00f8re alt han hadde p\u00e5 hjertet \u2013 om evangeliet, om santalfolket og om Guds kall til misjon. Skrefsrud ble s\u00e5 grepet av budskapet at han glemte en viktig detalj: Han skulle rekke en b\u00e5t, den som skulle ta ham videre inn Hardangerfjorden p\u00e5 reisen mot Kristiania, hvor han skulle ordineres av biskop Essendrop. <\/p>\n\n\n\n<p>Til slutt m\u00e5tte en mann liste seg opp til prekestolen, b\u00f8ye seg inn mot ham og hviske: \u00abN\u00e5 m\u00e5 du si amen, ellers g\u00e5r b\u00e5ten fra deg!\u00bb Det fortelles at Skrefsrud avsluttet \u2013 men bare s\u00e5 vidt. Slikt skjer n\u00e5r hjertet brenner og menneskers hjerter tennes. <\/p>\n\n\n\n<p>Skrefsruds gjennomslagskraft var ikke begrenset til Bergen. Han ble mottatt som en superstjerne i hovedstaden. Historiker Daniel Thrap skrev at han \u00abfor tiden er Dagens L\u00f8ve her i Byen\u00bb, og beskrev \u00abSkrefsrudomani\u00bb. I K\u00f8benhavn snakket man om Skrefsrudfeber, og da han tok farvel i Kristiania, samlet det seg 10\u201312 000 mennesker \u2013 med s\u00f8ttende-mai-stemning for misjonens sak. <\/p>\n\n\n\n<p>Ilden spredte seg raskt her i vest. Bokhandler J. Traasdahl og lekmannsleder Andreas Lavik bar gl\u00f8den videre. I Ytre Arna ble det dannet kvinnelag og komit\u00e9 i 1883, p\u00e5 Evanger spant kvinner garn til basarer, og p\u00e5 Vossestrand ble mannslag etablert. Kvinner og menn organiserte foreninger, bar basarer, ba og ga. Ildsjeler bar arbeidet. I 1907 fikk flammen form gjennom Santalmisjonen Bergen krins, som i dag er Normisjon region Hordaland. <\/p>\n\n\n\n<p>Og flammen brenner fortsatt. N\u00e5r vi i dag ser Normisjon Bangladesh \u2013 ledet av lokale kristne, preget av kj\u00e6rlighet og rettferdighet i praksis \u2013 ser vi sporene tilbake til morgenen da en mann i Nykirken ikke klarte \u00e5 avslutte, fordi Gud hadde mer p\u00e5 hjertet. Vi ber om at gl\u00f8den fra 07:00-m\u00f8tet kan tenne oss, s\u00e5 vi kan gj\u00f8re v\u00e5r del i den store fortellingen til Guds misjon.<\/p>\n<\/div>","protected":false},"excerpt":{"rendered":"<p>Sommeren 1882 var Bergen full av misjonsfolk. Det Norske Misjonsselskap holdt generalforsamling, og en mann hadde en s\u00e5nn gjennomslagskraft at by og bygder aldri ble [&hellip;]<\/p>\n","protected":false},"author":57,"featured_media":5239,"comment_status":"closed","ping_status":"closed","sticky":false,"template":"","format":"standard","meta":{"_acf_changed":false,"footnotes":""},"categories":[1],"tags":[],"class_list":["post-5204","post","type-post","status-publish","format-standard","has-post-thumbnail","hentry","category-ukategorisert"],"acf":[],"yoast_head":"<!-- This site is optimized with the Yoast SEO plugin v25.9 - https:\/\/yoast.com\/wordpress\/plugins\/seo\/ -->\n<title>Da 07:00-m\u00f8tet tente Vestlandet &#8211; Normisjon Hordaland<\/title>\n<meta name=\"robots\" content=\"index, follow, max-snippet:-1, max-image-preview:large, max-video-preview:-1\" \/>\n<link rel=\"canonical\" href=\"https:\/\/www.normisjon.no\/hordaland\/2025\/10\/23\/da-0700-motet-tente-vestlandet\/\" \/>\n<meta property=\"og:locale\" content=\"nb_NO\" \/>\n<meta property=\"og:type\" content=\"article\" \/>\n<meta property=\"og:title\" content=\"Da 07:00-m\u00f8tet tente Vestlandet &#8211; Normisjon Hordaland\" \/>\n<meta property=\"og:description\" content=\"Sommeren 1882 var Bergen full av misjonsfolk. Det Norske Misjonsselskap holdt generalforsamling, og en mann hadde en s\u00e5nn gjennomslagskraft at by og bygder aldri ble [&hellip;]\" \/>\n<meta property=\"og:url\" content=\"https:\/\/www.normisjon.no\/hordaland\/2025\/10\/23\/da-0700-motet-tente-vestlandet\/\" \/>\n<meta property=\"og:site_name\" content=\"Normisjon Hordaland\" \/>\n<meta property=\"article:publisher\" content=\"https:\/\/www.facebook.com\/normisjon.hordaland\" \/>\n<meta property=\"article:published_time\" content=\"2025-10-23T09:45:00+00:00\" \/>\n<meta property=\"article:modified_time\" content=\"2025-11-14T14:03:16+00:00\" \/>\n<meta property=\"og:image\" content=\"https:\/\/www.normisjon.no\/content\/uploads\/sites\/13\/2025\/10\/Lars-Olsen-Skrefsrud-scaled.jpg\" \/>\n\t<meta property=\"og:image:width\" content=\"2560\" \/>\n\t<meta property=\"og:image:height\" content=\"1438\" \/>\n\t<meta property=\"og:image:type\" content=\"image\/jpeg\" \/>\n<meta name=\"author\" content=\"thomas\" \/>\n<meta name=\"twitter:card\" content=\"summary_large_image\" \/>\n<meta name=\"twitter:creator\" content=\"@Normisjon_hord\" \/>\n<meta name=\"twitter:site\" content=\"@Normisjon_hord\" \/>\n<meta name=\"twitter:label1\" content=\"Skrevet av\" \/>\n\t<meta name=\"twitter:data1\" content=\"thomas\" \/>\n\t<meta name=\"twitter:label2\" content=\"Ansl. lesetid\" \/>\n\t<meta name=\"twitter:data2\" content=\"3 minutter\" \/>\n<script type=\"application\/ld+json\" class=\"yoast-schema-graph\">{\"@context\":\"https:\/\/schema.org\",\"@graph\":[{\"@type\":\"Article\",\"@id\":\"https:\/\/www.normisjon.no\/hordaland\/2025\/10\/23\/da-0700-motet-tente-vestlandet\/#article\",\"isPartOf\":{\"@id\":\"https:\/\/www.normisjon.no\/hordaland\/2025\/10\/23\/da-0700-motet-tente-vestlandet\/\"},\"author\":{\"name\":\"thomas\",\"@id\":\"https:\/\/www.normisjon.no\/hordaland\/#\/schema\/person\/b3006b4bccdc2cb50abc2bd344c6df67\"},\"headline\":\"Da 07:00-m\u00f8tet tente Vestlandet\",\"datePublished\":\"2025-10-23T09:45:00+00:00\",\"dateModified\":\"2025-11-14T14:03:16+00:00\",\"mainEntityOfPage\":{\"@id\":\"https:\/\/www.normisjon.no\/hordaland\/2025\/10\/23\/da-0700-motet-tente-vestlandet\/\"},\"wordCount\":414,\"publisher\":{\"@id\":\"https:\/\/www.normisjon.no\/hordaland\/#organization\"},\"image\":{\"@id\":\"https:\/\/www.normisjon.no\/hordaland\/2025\/10\/23\/da-0700-motet-tente-vestlandet\/#primaryimage\"},\"thumbnailUrl\":\"https:\/\/www.normisjon.no\/content\/uploads\/sites\/13\/2025\/10\/Lars-Olsen-Skrefsrud-scaled.jpg\",\"inLanguage\":\"nb-NO\"},{\"@type\":\"WebPage\",\"@id\":\"https:\/\/www.normisjon.no\/hordaland\/2025\/10\/23\/da-0700-motet-tente-vestlandet\/\",\"url\":\"https:\/\/www.normisjon.no\/hordaland\/2025\/10\/23\/da-0700-motet-tente-vestlandet\/\",\"name\":\"Da 07:00-m\u00f8tet tente Vestlandet &#8211; Normisjon Hordaland\",\"isPartOf\":{\"@id\":\"https:\/\/www.normisjon.no\/hordaland\/#website\"},\"primaryImageOfPage\":{\"@id\":\"https:\/\/www.normisjon.no\/hordaland\/2025\/10\/23\/da-0700-motet-tente-vestlandet\/#primaryimage\"},\"image\":{\"@id\":\"https:\/\/www.normisjon.no\/hordaland\/2025\/10\/23\/da-0700-motet-tente-vestlandet\/#primaryimage\"},\"thumbnailUrl\":\"https:\/\/www.normisjon.no\/content\/uploads\/sites\/13\/2025\/10\/Lars-Olsen-Skrefsrud-scaled.jpg\",\"datePublished\":\"2025-10-23T09:45:00+00:00\",\"dateModified\":\"2025-11-14T14:03:16+00:00\",\"breadcrumb\":{\"@id\":\"https:\/\/www.normisjon.no\/hordaland\/2025\/10\/23\/da-0700-motet-tente-vestlandet\/#breadcrumb\"},\"inLanguage\":\"nb-NO\",\"potentialAction\":[{\"@type\":\"ReadAction\",\"target\":[\"https:\/\/www.normisjon.no\/hordaland\/2025\/10\/23\/da-0700-motet-tente-vestlandet\/\"]}]},{\"@type\":\"ImageObject\",\"inLanguage\":\"nb-NO\",\"@id\":\"https:\/\/www.normisjon.no\/hordaland\/2025\/10\/23\/da-0700-motet-tente-vestlandet\/#primaryimage\",\"url\":\"https:\/\/www.normisjon.no\/content\/uploads\/sites\/13\/2025\/10\/Lars-Olsen-Skrefsrud-scaled.jpg\",\"contentUrl\":\"https:\/\/www.normisjon.no\/content\/uploads\/sites\/13\/2025\/10\/Lars-Olsen-Skrefsrud-scaled.jpg\",\"width\":2560,\"height\":1438},{\"@type\":\"BreadcrumbList\",\"@id\":\"https:\/\/www.normisjon.no\/hordaland\/2025\/10\/23\/da-0700-motet-tente-vestlandet\/#breadcrumb\",\"itemListElement\":[{\"@type\":\"ListItem\",\"position\":1,\"name\":\"Home\",\"item\":\"https:\/\/www.normisjon.no\/hordaland\/\"},{\"@type\":\"ListItem\",\"position\":2,\"name\":\"Da 07:00-m\u00f8tet tente Vestlandet\"}]},{\"@type\":\"WebSite\",\"@id\":\"https:\/\/www.normisjon.no\/hordaland\/#website\",\"url\":\"https:\/\/www.normisjon.no\/hordaland\/\",\"name\":\"Normisjon Hordaland\",\"description\":\"\",\"publisher\":{\"@id\":\"https:\/\/www.normisjon.no\/hordaland\/#organization\"},\"potentialAction\":[{\"@type\":\"SearchAction\",\"target\":{\"@type\":\"EntryPoint\",\"urlTemplate\":\"https:\/\/www.normisjon.no\/hordaland\/?s={search_term_string}\"},\"query-input\":{\"@type\":\"PropertyValueSpecification\",\"valueRequired\":true,\"valueName\":\"search_term_string\"}}],\"inLanguage\":\"nb-NO\"},{\"@type\":\"Organization\",\"@id\":\"https:\/\/www.normisjon.no\/hordaland\/#organization\",\"name\":\"Normisjon Hordaland\",\"url\":\"https:\/\/www.normisjon.no\/hordaland\/\",\"logo\":{\"@type\":\"ImageObject\",\"inLanguage\":\"nb-NO\",\"@id\":\"https:\/\/www.normisjon.no\/hordaland\/#\/schema\/logo\/image\/\",\"url\":\"https:\/\/www.normisjon.no\/content\/uploads\/sites\/13\/2021\/10\/normisjon-liggende-logo.jpg\",\"contentUrl\":\"https:\/\/www.normisjon.no\/content\/uploads\/sites\/13\/2021\/10\/normisjon-liggende-logo.jpg\",\"width\":850,\"height\":216,\"caption\":\"Normisjon Hordaland\"},\"image\":{\"@id\":\"https:\/\/www.normisjon.no\/hordaland\/#\/schema\/logo\/image\/\"},\"sameAs\":[\"https:\/\/www.facebook.com\/normisjon.hordaland\",\"https:\/\/x.com\/Normisjon_hord\"]},{\"@type\":\"Person\",\"@id\":\"https:\/\/www.normisjon.no\/hordaland\/#\/schema\/person\/b3006b4bccdc2cb50abc2bd344c6df67\",\"name\":\"thomas\",\"image\":{\"@type\":\"ImageObject\",\"inLanguage\":\"nb-NO\",\"@id\":\"https:\/\/www.normisjon.no\/hordaland\/#\/schema\/person\/image\/\",\"url\":\"https:\/\/secure.gravatar.com\/avatar\/f97c1097615a20f4b67ad47de64cbf69ae546c210cbfdd15aab241cb06bae284?s=96&d=mm&r=g\",\"contentUrl\":\"https:\/\/secure.gravatar.com\/avatar\/f97c1097615a20f4b67ad47de64cbf69ae546c210cbfdd15aab241cb06bae284?s=96&d=mm&r=g\",\"caption\":\"thomas\"},\"url\":\"https:\/\/www.normisjon.no\/hordaland\/author\/thomas\/\"}]}<\/script>\n<!-- \/ Yoast SEO plugin. -->","yoast_head_json":{"title":"Da 07:00-m\u00f8tet tente Vestlandet &#8211; Normisjon Hordaland","robots":{"index":"index","follow":"follow","max-snippet":"max-snippet:-1","max-image-preview":"max-image-preview:large","max-video-preview":"max-video-preview:-1"},"canonical":"https:\/\/www.normisjon.no\/hordaland\/2025\/10\/23\/da-0700-motet-tente-vestlandet\/","og_locale":"nb_NO","og_type":"article","og_title":"Da 07:00-m\u00f8tet tente Vestlandet &#8211; Normisjon Hordaland","og_description":"Sommeren 1882 var Bergen full av misjonsfolk. Det Norske Misjonsselskap holdt generalforsamling, og en mann hadde en s\u00e5nn gjennomslagskraft at by og bygder aldri ble [&hellip;]","og_url":"https:\/\/www.normisjon.no\/hordaland\/2025\/10\/23\/da-0700-motet-tente-vestlandet\/","og_site_name":"Normisjon Hordaland","article_publisher":"https:\/\/www.facebook.com\/normisjon.hordaland","article_published_time":"2025-10-23T09:45:00+00:00","article_modified_time":"2025-11-14T14:03:16+00:00","og_image":[{"width":2560,"height":1438,"url":"https:\/\/www.normisjon.no\/content\/uploads\/sites\/13\/2025\/10\/Lars-Olsen-Skrefsrud-scaled.jpg","type":"image\/jpeg"}],"author":"thomas","twitter_card":"summary_large_image","twitter_creator":"@Normisjon_hord","twitter_site":"@Normisjon_hord","twitter_misc":{"Skrevet av":"thomas","Ansl. lesetid":"3 minutter"},"schema":{"@context":"https:\/\/schema.org","@graph":[{"@type":"Article","@id":"https:\/\/www.normisjon.no\/hordaland\/2025\/10\/23\/da-0700-motet-tente-vestlandet\/#article","isPartOf":{"@id":"https:\/\/www.normisjon.no\/hordaland\/2025\/10\/23\/da-0700-motet-tente-vestlandet\/"},"author":{"name":"thomas","@id":"https:\/\/www.normisjon.no\/hordaland\/#\/schema\/person\/b3006b4bccdc2cb50abc2bd344c6df67"},"headline":"Da 07:00-m\u00f8tet tente Vestlandet","datePublished":"2025-10-23T09:45:00+00:00","dateModified":"2025-11-14T14:03:16+00:00","mainEntityOfPage":{"@id":"https:\/\/www.normisjon.no\/hordaland\/2025\/10\/23\/da-0700-motet-tente-vestlandet\/"},"wordCount":414,"publisher":{"@id":"https:\/\/www.normisjon.no\/hordaland\/#organization"},"image":{"@id":"https:\/\/www.normisjon.no\/hordaland\/2025\/10\/23\/da-0700-motet-tente-vestlandet\/#primaryimage"},"thumbnailUrl":"https:\/\/www.normisjon.no\/content\/uploads\/sites\/13\/2025\/10\/Lars-Olsen-Skrefsrud-scaled.jpg","inLanguage":"nb-NO"},{"@type":"WebPage","@id":"https:\/\/www.normisjon.no\/hordaland\/2025\/10\/23\/da-0700-motet-tente-vestlandet\/","url":"https:\/\/www.normisjon.no\/hordaland\/2025\/10\/23\/da-0700-motet-tente-vestlandet\/","name":"Da 07:00-m\u00f8tet tente Vestlandet &#8211; Normisjon Hordaland","isPartOf":{"@id":"https:\/\/www.normisjon.no\/hordaland\/#website"},"primaryImageOfPage":{"@id":"https:\/\/www.normisjon.no\/hordaland\/2025\/10\/23\/da-0700-motet-tente-vestlandet\/#primaryimage"},"image":{"@id":"https:\/\/www.normisjon.no\/hordaland\/2025\/10\/23\/da-0700-motet-tente-vestlandet\/#primaryimage"},"thumbnailUrl":"https:\/\/www.normisjon.no\/content\/uploads\/sites\/13\/2025\/10\/Lars-Olsen-Skrefsrud-scaled.jpg","datePublished":"2025-10-23T09:45:00+00:00","dateModified":"2025-11-14T14:03:16+00:00","breadcrumb":{"@id":"https:\/\/www.normisjon.no\/hordaland\/2025\/10\/23\/da-0700-motet-tente-vestlandet\/#breadcrumb"},"inLanguage":"nb-NO","potentialAction":[{"@type":"ReadAction","target":["https:\/\/www.normisjon.no\/hordaland\/2025\/10\/23\/da-0700-motet-tente-vestlandet\/"]}]},{"@type":"ImageObject","inLanguage":"nb-NO","@id":"https:\/\/www.normisjon.no\/hordaland\/2025\/10\/23\/da-0700-motet-tente-vestlandet\/#primaryimage","url":"https:\/\/www.normisjon.no\/content\/uploads\/sites\/13\/2025\/10\/Lars-Olsen-Skrefsrud-scaled.jpg","contentUrl":"https:\/\/www.normisjon.no\/content\/uploads\/sites\/13\/2025\/10\/Lars-Olsen-Skrefsrud-scaled.jpg","width":2560,"height":1438},{"@type":"BreadcrumbList","@id":"https:\/\/www.normisjon.no\/hordaland\/2025\/10\/23\/da-0700-motet-tente-vestlandet\/#breadcrumb","itemListElement":[{"@type":"ListItem","position":1,"name":"Home","item":"https:\/\/www.normisjon.no\/hordaland\/"},{"@type":"ListItem","position":2,"name":"Da 07:00-m\u00f8tet tente Vestlandet"}]},{"@type":"WebSite","@id":"https:\/\/www.normisjon.no\/hordaland\/#website","url":"https:\/\/www.normisjon.no\/hordaland\/","name":"Normisjon Hordaland","description":"","publisher":{"@id":"https:\/\/www.normisjon.no\/hordaland\/#organization"},"potentialAction":[{"@type":"SearchAction","target":{"@type":"EntryPoint","urlTemplate":"https:\/\/www.normisjon.no\/hordaland\/?s={search_term_string}"},"query-input":{"@type":"PropertyValueSpecification","valueRequired":true,"valueName":"search_term_string"}}],"inLanguage":"nb-NO"},{"@type":"Organization","@id":"https:\/\/www.normisjon.no\/hordaland\/#organization","name":"Normisjon Hordaland","url":"https:\/\/www.normisjon.no\/hordaland\/","logo":{"@type":"ImageObject","inLanguage":"nb-NO","@id":"https:\/\/www.normisjon.no\/hordaland\/#\/schema\/logo\/image\/","url":"https:\/\/www.normisjon.no\/content\/uploads\/sites\/13\/2021\/10\/normisjon-liggende-logo.jpg","contentUrl":"https:\/\/www.normisjon.no\/content\/uploads\/sites\/13\/2021\/10\/normisjon-liggende-logo.jpg","width":850,"height":216,"caption":"Normisjon Hordaland"},"image":{"@id":"https:\/\/www.normisjon.no\/hordaland\/#\/schema\/logo\/image\/"},"sameAs":["https:\/\/www.facebook.com\/normisjon.hordaland","https:\/\/x.com\/Normisjon_hord"]},{"@type":"Person","@id":"https:\/\/www.normisjon.no\/hordaland\/#\/schema\/person\/b3006b4bccdc2cb50abc2bd344c6df67","name":"thomas","image":{"@type":"ImageObject","inLanguage":"nb-NO","@id":"https:\/\/www.normisjon.no\/hordaland\/#\/schema\/person\/image\/","url":"https:\/\/secure.gravatar.com\/avatar\/f97c1097615a20f4b67ad47de64cbf69ae546c210cbfdd15aab241cb06bae284?s=96&d=mm&r=g","contentUrl":"https:\/\/secure.gravatar.com\/avatar\/f97c1097615a20f4b67ad47de64cbf69ae546c210cbfdd15aab241cb06bae284?s=96&d=mm&r=g","caption":"thomas"},"url":"https:\/\/www.normisjon.no\/hordaland\/author\/thomas\/"}]}},"_links":{"self":[{"href":"https:\/\/www.normisjon.no\/hordaland\/wp-json\/wp\/v2\/posts\/5204","targetHints":{"allow":["GET"]}}],"collection":[{"href":"https:\/\/www.normisjon.no\/hordaland\/wp-json\/wp\/v2\/posts"}],"about":[{"href":"https:\/\/www.normisjon.no\/hordaland\/wp-json\/wp\/v2\/types\/post"}],"author":[{"embeddable":true,"href":"https:\/\/www.normisjon.no\/hordaland\/wp-json\/wp\/v2\/users\/57"}],"replies":[{"embeddable":true,"href":"https:\/\/www.normisjon.no\/hordaland\/wp-json\/wp\/v2\/comments?post=5204"}],"version-history":[{"count":4,"href":"https:\/\/www.normisjon.no\/hordaland\/wp-json\/wp\/v2\/posts\/5204\/revisions"}],"predecessor-version":[{"id":5257,"href":"https:\/\/www.normisjon.no\/hordaland\/wp-json\/wp\/v2\/posts\/5204\/revisions\/5257"}],"wp:featuredmedia":[{"embeddable":true,"href":"https:\/\/www.normisjon.no\/hordaland\/wp-json\/wp\/v2\/media\/5239"}],"wp:attachment":[{"href":"https:\/\/www.normisjon.no\/hordaland\/wp-json\/wp\/v2\/media?parent=5204"}],"wp:term":[{"taxonomy":"category","embeddable":true,"href":"https:\/\/www.normisjon.no\/hordaland\/wp-json\/wp\/v2\/categories?post=5204"},{"taxonomy":"post_tag","embeddable":true,"href":"https:\/\/www.normisjon.no\/hordaland\/wp-json\/wp\/v2\/tags?post=5204"}],"curies":[{"name":"wp","href":"https:\/\/api.w.org\/{rel}","templated":true}]}}