{"id":5206,"date":"2025-11-06T11:47:09","date_gmt":"2025-11-06T10:47:09","guid":{"rendered":"https:\/\/www.normisjon.no\/hordaland\/?p=5206"},"modified":"2025-11-14T15:02:10","modified_gmt":"2025-11-14T14:02:10","slug":"nordhordlandsfest-for-de-unge","status":"publish","type":"post","link":"https:\/\/www.normisjon.no\/hordaland\/2025\/11\/06\/nordhordlandsfest-for-de-unge\/","title":{"rendered":"Nordhordlandsfest for de unge"},"content":{"rendered":"<div class=\"entry-content alignfull wp-block-post-content has-global-padding is-layout-constrained wp-block-post-content-is-layout-constrained\">\n<p>Av Bj\u00f8rnar S\u00e6le<\/p>\n\n\n\n<p>Festen vart opna med Kick off 11.30, med opningsshow, info om dagen og lovsang f\u00f8r det bar vidare p\u00e5 seminar. I f\u00f8rste seminarbolk kunne ein velje mellom gutte- og jente-seminar og seminaret \u00abEt liv i frihet\u00bb med vitnesbyrd og om et liv som Jesu disippel styrkt av Den heilage ande.<\/p>\n\n\n\n<figure class=\"wp-block-gallery has-nested-images columns-default is-cropped wp-block-gallery-1 is-layout-flex wp-block-gallery-is-layout-flex\">\n<figure class=\"wp-block-image size-large\"><img loading=\"lazy\" decoding=\"async\" width=\"1024\" height=\"575\" data-id=\"5226\" src=\"https:\/\/www.normisjon.no\/content\/uploads\/sites\/13\/2025\/11\/2025-11-01-Nordhordlandsfest-IMG_8434-1024x575.jpg\" alt=\"\" class=\"wp-image-5226\" srcset=\"https:\/\/www.normisjon.no\/content\/uploads\/sites\/13\/2025\/11\/2025-11-01-Nordhordlandsfest-IMG_8434-1024x575.jpg 1024w, https:\/\/www.normisjon.no\/content\/uploads\/sites\/13\/2025\/11\/2025-11-01-Nordhordlandsfest-IMG_8434-300x169.jpg 300w, https:\/\/www.normisjon.no\/content\/uploads\/sites\/13\/2025\/11\/2025-11-01-Nordhordlandsfest-IMG_8434-768x432.jpg 768w, https:\/\/www.normisjon.no\/content\/uploads\/sites\/13\/2025\/11\/2025-11-01-Nordhordlandsfest-IMG_8434-1536x863.jpg 1536w, https:\/\/www.normisjon.no\/content\/uploads\/sites\/13\/2025\/11\/2025-11-01-Nordhordlandsfest-IMG_8434-2048x1151.jpg 2048w, https:\/\/www.normisjon.no\/content\/uploads\/sites\/13\/2025\/11\/2025-11-01-Nordhordlandsfest-IMG_8434-1920x1079.jpg 1920w, https:\/\/www.normisjon.no\/content\/uploads\/sites\/13\/2025\/11\/2025-11-01-Nordhordlandsfest-IMG_8434-1360x764.jpg 1360w, https:\/\/www.normisjon.no\/content\/uploads\/sites\/13\/2025\/11\/2025-11-01-Nordhordlandsfest-IMG_8434-960x539.jpg 960w\" sizes=\"auto, (max-width: 1024px) 100vw, 1024px\" \/><\/figure>\n\n\n\n<figure class=\"wp-block-image size-large\"><img loading=\"lazy\" decoding=\"async\" width=\"1024\" height=\"575\" data-id=\"5225\" src=\"https:\/\/www.normisjon.no\/content\/uploads\/sites\/13\/2025\/11\/2025-11-01-Nordhordlandsfest-IMG_8432-1024x575.jpg\" alt=\"\" class=\"wp-image-5225\" srcset=\"https:\/\/www.normisjon.no\/content\/uploads\/sites\/13\/2025\/11\/2025-11-01-Nordhordlandsfest-IMG_8432-1024x575.jpg 1024w, https:\/\/www.normisjon.no\/content\/uploads\/sites\/13\/2025\/11\/2025-11-01-Nordhordlandsfest-IMG_8432-300x169.jpg 300w, https:\/\/www.normisjon.no\/content\/uploads\/sites\/13\/2025\/11\/2025-11-01-Nordhordlandsfest-IMG_8432-768x432.jpg 768w, https:\/\/www.normisjon.no\/content\/uploads\/sites\/13\/2025\/11\/2025-11-01-Nordhordlandsfest-IMG_8432-1536x863.jpg 1536w, https:\/\/www.normisjon.no\/content\/uploads\/sites\/13\/2025\/11\/2025-11-01-Nordhordlandsfest-IMG_8432-2048x1151.jpg 2048w, https:\/\/www.normisjon.no\/content\/uploads\/sites\/13\/2025\/11\/2025-11-01-Nordhordlandsfest-IMG_8432-1920x1079.jpg 1920w, https:\/\/www.normisjon.no\/content\/uploads\/sites\/13\/2025\/11\/2025-11-01-Nordhordlandsfest-IMG_8432-1360x764.jpg 1360w, https:\/\/www.normisjon.no\/content\/uploads\/sites\/13\/2025\/11\/2025-11-01-Nordhordlandsfest-IMG_8432-960x539.jpg 960w\" sizes=\"auto, (max-width: 1024px) 100vw, 1024px\" \/><\/figure>\n\n\n\n<figure class=\"wp-block-image size-large\"><img loading=\"lazy\" decoding=\"async\" width=\"1024\" height=\"575\" data-id=\"5224\" src=\"https:\/\/www.normisjon.no\/content\/uploads\/sites\/13\/2025\/11\/2025-11-01-Nordhordlandsfest-IMG_8428-1024x575.jpg\" alt=\"\" class=\"wp-image-5224\" srcset=\"https:\/\/www.normisjon.no\/content\/uploads\/sites\/13\/2025\/11\/2025-11-01-Nordhordlandsfest-IMG_8428-1024x575.jpg 1024w, https:\/\/www.normisjon.no\/content\/uploads\/sites\/13\/2025\/11\/2025-11-01-Nordhordlandsfest-IMG_8428-300x169.jpg 300w, https:\/\/www.normisjon.no\/content\/uploads\/sites\/13\/2025\/11\/2025-11-01-Nordhordlandsfest-IMG_8428-768x432.jpg 768w, https:\/\/www.normisjon.no\/content\/uploads\/sites\/13\/2025\/11\/2025-11-01-Nordhordlandsfest-IMG_8428-1536x863.jpg 1536w, https:\/\/www.normisjon.no\/content\/uploads\/sites\/13\/2025\/11\/2025-11-01-Nordhordlandsfest-IMG_8428-2048x1151.jpg 2048w, https:\/\/www.normisjon.no\/content\/uploads\/sites\/13\/2025\/11\/2025-11-01-Nordhordlandsfest-IMG_8428-1920x1079.jpg 1920w, https:\/\/www.normisjon.no\/content\/uploads\/sites\/13\/2025\/11\/2025-11-01-Nordhordlandsfest-IMG_8428-1360x764.jpg 1360w, https:\/\/www.normisjon.no\/content\/uploads\/sites\/13\/2025\/11\/2025-11-01-Nordhordlandsfest-IMG_8428-960x539.jpg 960w\" sizes=\"auto, (max-width: 1024px) 100vw, 1024px\" \/><\/figure>\n\n\n\n<figure class=\"wp-block-image size-large\"><img loading=\"lazy\" decoding=\"async\" width=\"1024\" height=\"575\" data-id=\"5221\" src=\"https:\/\/www.normisjon.no\/content\/uploads\/sites\/13\/2025\/11\/2025-11-01-Nordhordlandsfest-IMG_8422-1024x575.jpg\" alt=\"\" class=\"wp-image-5221\" srcset=\"https:\/\/www.normisjon.no\/content\/uploads\/sites\/13\/2025\/11\/2025-11-01-Nordhordlandsfest-IMG_8422-1024x575.jpg 1024w, https:\/\/www.normisjon.no\/content\/uploads\/sites\/13\/2025\/11\/2025-11-01-Nordhordlandsfest-IMG_8422-300x169.jpg 300w, https:\/\/www.normisjon.no\/content\/uploads\/sites\/13\/2025\/11\/2025-11-01-Nordhordlandsfest-IMG_8422-768x432.jpg 768w, https:\/\/www.normisjon.no\/content\/uploads\/sites\/13\/2025\/11\/2025-11-01-Nordhordlandsfest-IMG_8422-1536x863.jpg 1536w, https:\/\/www.normisjon.no\/content\/uploads\/sites\/13\/2025\/11\/2025-11-01-Nordhordlandsfest-IMG_8422-2048x1151.jpg 2048w, https:\/\/www.normisjon.no\/content\/uploads\/sites\/13\/2025\/11\/2025-11-01-Nordhordlandsfest-IMG_8422-1920x1079.jpg 1920w, https:\/\/www.normisjon.no\/content\/uploads\/sites\/13\/2025\/11\/2025-11-01-Nordhordlandsfest-IMG_8422-1360x764.jpg 1360w, https:\/\/www.normisjon.no\/content\/uploads\/sites\/13\/2025\/11\/2025-11-01-Nordhordlandsfest-IMG_8422-960x539.jpg 960w\" sizes=\"auto, (max-width: 1024px) 100vw, 1024px\" \/><\/figure>\n\n\n\n<figure class=\"wp-block-image size-large\"><img loading=\"lazy\" decoding=\"async\" width=\"1024\" height=\"576\" data-id=\"5222\" src=\"https:\/\/www.normisjon.no\/content\/uploads\/sites\/13\/2025\/11\/2025-11-01-Nordhordlandsfest-IMG_8425-1024x576.jpg\" alt=\"\" class=\"wp-image-5222\" srcset=\"https:\/\/www.normisjon.no\/content\/uploads\/sites\/13\/2025\/11\/2025-11-01-Nordhordlandsfest-IMG_8425-1024x576.jpg 1024w, https:\/\/www.normisjon.no\/content\/uploads\/sites\/13\/2025\/11\/2025-11-01-Nordhordlandsfest-IMG_8425-300x169.jpg 300w, https:\/\/www.normisjon.no\/content\/uploads\/sites\/13\/2025\/11\/2025-11-01-Nordhordlandsfest-IMG_8425-768x432.jpg 768w, https:\/\/www.normisjon.no\/content\/uploads\/sites\/13\/2025\/11\/2025-11-01-Nordhordlandsfest-IMG_8425-1536x864.jpg 1536w, https:\/\/www.normisjon.no\/content\/uploads\/sites\/13\/2025\/11\/2025-11-01-Nordhordlandsfest-IMG_8425-2048x1152.jpg 2048w, https:\/\/www.normisjon.no\/content\/uploads\/sites\/13\/2025\/11\/2025-11-01-Nordhordlandsfest-IMG_8425-1920x1080.jpg 1920w, https:\/\/www.normisjon.no\/content\/uploads\/sites\/13\/2025\/11\/2025-11-01-Nordhordlandsfest-IMG_8425-1360x765.jpg 1360w, https:\/\/www.normisjon.no\/content\/uploads\/sites\/13\/2025\/11\/2025-11-01-Nordhordlandsfest-IMG_8425-960x540.jpg 960w\" sizes=\"auto, (max-width: 1024px) 100vw, 1024px\" \/><\/figure>\n\n\n\n<figure class=\"wp-block-image size-large\"><img loading=\"lazy\" decoding=\"async\" width=\"1024\" height=\"575\" data-id=\"5220\" src=\"https:\/\/www.normisjon.no\/content\/uploads\/sites\/13\/2025\/11\/2025-11-01-Nordhordlandsfest-IMG_8413-1024x575.jpg\" alt=\"\" class=\"wp-image-5220\" srcset=\"https:\/\/www.normisjon.no\/content\/uploads\/sites\/13\/2025\/11\/2025-11-01-Nordhordlandsfest-IMG_8413-1024x575.jpg 1024w, https:\/\/www.normisjon.no\/content\/uploads\/sites\/13\/2025\/11\/2025-11-01-Nordhordlandsfest-IMG_8413-300x169.jpg 300w, https:\/\/www.normisjon.no\/content\/uploads\/sites\/13\/2025\/11\/2025-11-01-Nordhordlandsfest-IMG_8413-768x432.jpg 768w, https:\/\/www.normisjon.no\/content\/uploads\/sites\/13\/2025\/11\/2025-11-01-Nordhordlandsfest-IMG_8413-1536x863.jpg 1536w, https:\/\/www.normisjon.no\/content\/uploads\/sites\/13\/2025\/11\/2025-11-01-Nordhordlandsfest-IMG_8413-2048x1151.jpg 2048w, https:\/\/www.normisjon.no\/content\/uploads\/sites\/13\/2025\/11\/2025-11-01-Nordhordlandsfest-IMG_8413-1920x1079.jpg 1920w, https:\/\/www.normisjon.no\/content\/uploads\/sites\/13\/2025\/11\/2025-11-01-Nordhordlandsfest-IMG_8413-1360x764.jpg 1360w, https:\/\/www.normisjon.no\/content\/uploads\/sites\/13\/2025\/11\/2025-11-01-Nordhordlandsfest-IMG_8413-960x539.jpg 960w\" sizes=\"auto, (max-width: 1024px) 100vw, 1024px\" \/><\/figure>\n\n\n\n<figure class=\"wp-block-image size-large\"><img loading=\"lazy\" decoding=\"async\" width=\"1024\" height=\"575\" data-id=\"5219\" src=\"https:\/\/www.normisjon.no\/content\/uploads\/sites\/13\/2025\/11\/2025-11-01-Nordhordlandsfest-Gode-nyheter-1024x575.jpg\" alt=\"\" class=\"wp-image-5219\" srcset=\"https:\/\/www.normisjon.no\/content\/uploads\/sites\/13\/2025\/11\/2025-11-01-Nordhordlandsfest-Gode-nyheter-1024x575.jpg 1024w, https:\/\/www.normisjon.no\/content\/uploads\/sites\/13\/2025\/11\/2025-11-01-Nordhordlandsfest-Gode-nyheter-300x169.jpg 300w, https:\/\/www.normisjon.no\/content\/uploads\/sites\/13\/2025\/11\/2025-11-01-Nordhordlandsfest-Gode-nyheter-768x432.jpg 768w, https:\/\/www.normisjon.no\/content\/uploads\/sites\/13\/2025\/11\/2025-11-01-Nordhordlandsfest-Gode-nyheter-1536x863.jpg 1536w, https:\/\/www.normisjon.no\/content\/uploads\/sites\/13\/2025\/11\/2025-11-01-Nordhordlandsfest-Gode-nyheter-2048x1151.jpg 2048w, https:\/\/www.normisjon.no\/content\/uploads\/sites\/13\/2025\/11\/2025-11-01-Nordhordlandsfest-Gode-nyheter-1920x1079.jpg 1920w, https:\/\/www.normisjon.no\/content\/uploads\/sites\/13\/2025\/11\/2025-11-01-Nordhordlandsfest-Gode-nyheter-1360x764.jpg 1360w, https:\/\/www.normisjon.no\/content\/uploads\/sites\/13\/2025\/11\/2025-11-01-Nordhordlandsfest-Gode-nyheter-960x539.jpg 960w\" sizes=\"auto, (max-width: 1024px) 100vw, 1024px\" \/><\/figure>\n\n\n\n<figure class=\"wp-block-image size-large\"><img loading=\"lazy\" decoding=\"async\" width=\"1024\" height=\"576\" data-id=\"5228\" src=\"https:\/\/www.normisjon.no\/content\/uploads\/sites\/13\/2025\/11\/2025-11-01-Nordhordlandsfest-Sofaprat-1024x576.jpg\" alt=\"\" class=\"wp-image-5228\" srcset=\"https:\/\/www.normisjon.no\/content\/uploads\/sites\/13\/2025\/11\/2025-11-01-Nordhordlandsfest-Sofaprat-1024x576.jpg 1024w, https:\/\/www.normisjon.no\/content\/uploads\/sites\/13\/2025\/11\/2025-11-01-Nordhordlandsfest-Sofaprat-300x169.jpg 300w, https:\/\/www.normisjon.no\/content\/uploads\/sites\/13\/2025\/11\/2025-11-01-Nordhordlandsfest-Sofaprat-768x432.jpg 768w, https:\/\/www.normisjon.no\/content\/uploads\/sites\/13\/2025\/11\/2025-11-01-Nordhordlandsfest-Sofaprat-1536x864.jpg 1536w, https:\/\/www.normisjon.no\/content\/uploads\/sites\/13\/2025\/11\/2025-11-01-Nordhordlandsfest-Sofaprat-2048x1152.jpg 2048w, https:\/\/www.normisjon.no\/content\/uploads\/sites\/13\/2025\/11\/2025-11-01-Nordhordlandsfest-Sofaprat-1920x1080.jpg 1920w, https:\/\/www.normisjon.no\/content\/uploads\/sites\/13\/2025\/11\/2025-11-01-Nordhordlandsfest-Sofaprat-1360x765.jpg 1360w, https:\/\/www.normisjon.no\/content\/uploads\/sites\/13\/2025\/11\/2025-11-01-Nordhordlandsfest-Sofaprat-960x540.jpg 960w\" sizes=\"auto, (max-width: 1024px) 100vw, 1024px\" \/><\/figure>\n\n\n\n<figure class=\"wp-block-image size-large\"><img loading=\"lazy\" decoding=\"async\" width=\"1024\" height=\"575\" data-id=\"5229\" src=\"https:\/\/www.normisjon.no\/content\/uploads\/sites\/13\/2025\/11\/2025-11-01-Nordhordlandsfest-apningsshow-1024x575.jpg\" alt=\"\" class=\"wp-image-5229\" srcset=\"https:\/\/www.normisjon.no\/content\/uploads\/sites\/13\/2025\/11\/2025-11-01-Nordhordlandsfest-apningsshow-1024x575.jpg 1024w, https:\/\/www.normisjon.no\/content\/uploads\/sites\/13\/2025\/11\/2025-11-01-Nordhordlandsfest-apningsshow-300x169.jpg 300w, https:\/\/www.normisjon.no\/content\/uploads\/sites\/13\/2025\/11\/2025-11-01-Nordhordlandsfest-apningsshow-768x432.jpg 768w, https:\/\/www.normisjon.no\/content\/uploads\/sites\/13\/2025\/11\/2025-11-01-Nordhordlandsfest-apningsshow-1536x863.jpg 1536w, https:\/\/www.normisjon.no\/content\/uploads\/sites\/13\/2025\/11\/2025-11-01-Nordhordlandsfest-apningsshow-2048x1151.jpg 2048w, https:\/\/www.normisjon.no\/content\/uploads\/sites\/13\/2025\/11\/2025-11-01-Nordhordlandsfest-apningsshow-1920x1079.jpg 1920w, https:\/\/www.normisjon.no\/content\/uploads\/sites\/13\/2025\/11\/2025-11-01-Nordhordlandsfest-apningsshow-1360x764.jpg 1360w, https:\/\/www.normisjon.no\/content\/uploads\/sites\/13\/2025\/11\/2025-11-01-Nordhordlandsfest-apningsshow-960x539.jpg 960w\" sizes=\"auto, (max-width: 1024px) 100vw, 1024px\" \/><\/figure>\n<\/figure>\n\n\n\n<p>Andre seminarbolk bestod av aktivitetane Volleyballturnering, Swing-kurs og Disc Golf-turnering. Det var god stemning b\u00e5de i gymsal og dansesalen, medan det vart v\u00e5tt for dei som ville ut for \u00e5 kasta plast. <\/p>\n\n\n\n<p>Dagens talar, Thomas Neteland, holdt seminar i hovedsalen for over 250 ungdommar: \u00abEn tid som denne &#8211; om \u00e5 forst\u00e5 og v\u00e6re kristen i v\u00e5r samtid\u00bb. Neteland talte \u00f2g p\u00e5 kveldsm\u00f8tet om adressa, adgangen og arven vi har som Guds barn, med utgangspunkt i forteljinga om Sonen som kom heim. Kveldsm\u00f8tet, i ein fullsatt festsal p\u00e5 Nordhordland fhs, starta med eit opningsshow ved underholdningskomiteen f\u00f8r det haldt fram med lovsang leia av lokale ungdommar. <\/p>\n\n\n\n<p>Det som vart sterkast for underteikna gjennom dagen var ein sofaprat med tre av karane som har vore med \u00e5 gjere draumen om ein lokal ungdomsfestival til r\u00f8yndom. Dei satte ord p\u00e5 kraften ved \u00e5 st\u00e5 saman som kristne s\u00f8sken \u2013 \u00e9i tru, \u00e9in Herre, \u00e9in familie. Historia inneheldt \u00f2g eit vitnesbyrd om \u00e5 finne tilbake til trua, finne gode kristne vener som kan ha det kjekt saman og saman erfare at Jesus ikkje er ein kjedeleg Jesus. Dei fortalte om \u00e5 g\u00e5 i tru p\u00e5 ein draum og id\u00e9 s\u00e5 god at Gud m\u00e5 f\u00e5 \u00e6ra for den, og om \u00e5 kunne bety noko for andre ved \u00e5 stole p\u00e5 Gud i dette. Samstundes er det \u00f2g ein historie om kamp, ein \u00e5ndskamp, men ein kamp som Jesus allereie har vunnet p\u00e5 korset. <\/p>\n\n\n\n<p>Det var ikkje fritt for at fleire av oss som har f\u00e5tt f\u00f8lgje desse karane p\u00e5 deler av denne vegen fekk t\u00e5rer i auga b\u00e5de ein og to gonger ila sofapraten. <\/p>\n\n\n\n<p>M\u00f8tet holdt fram med forkynnelse, lovsang og respons der mange unge gjekk til forb\u00f8nn \u2013 forbedarane kunne melde om at dei saman med mange unge fekk be Gud om \u00e5 hjelpe dei til meir heilhjarta etterf\u00f8lgjing av Jesus. <\/p>\n\n\n\n<p>Utover kvelden var det basar \u2013 NF-basar er neppe som alle andre basarar.. \u2013 og Silent Disco til midnatt. Dagen vart avslutta i ein stor sirkel der vi sang velsigninga over kvarandre. Det er med stor takknemlighet vi ser tilbake p\u00e5 nok ein vellykka Nordhordlandsfest! Det er spennande \u00e5 sj\u00e5 kva Gud gjer \u2013 desse unge vitnar om det fleire vitnar om rundt om i landet, og i vesten for\u00f8vrig, om at det verkar som om om temperaturen hj\u00e5 unge etterf\u00f8lgjarar av Jesus er skrudd opp nokre hakk den siste tida. S\u00e5 er utfordringa til oss som st\u00e5r rundt, b\u00e5de kyrkjer, ungdomsarbeid og kristne som har g\u00e5tt nokre fleire \u00e5r med Jesus, om \u00e5 legge til rette for gode arenaer der ungdommane kan kome med kvardagsliva sine, oppturar og nedturar, bli disippelgjort og invitere med seg sine vener som end\u00e5 ikkje kjenner Jesus. <\/p>\n\n\n\n<p>S\u00e5 samlast vi nok til fest igjen neste haust! <\/p>\n\n\n\n<p>Bj\u00f8rnar S\u00e6le, Pastor i Norkirken Nordhordland<\/p>\n<\/div>","protected":false},"excerpt":{"rendered":"<p>Av Bj\u00f8rnar S\u00e6le Festen vart opna med Kick off 11.30, med opningsshow, info om dagen og lovsang f\u00f8r det bar vidare p\u00e5 seminar. I f\u00f8rste [&hellip;]<\/p>\n","protected":false},"author":57,"featured_media":5222,"comment_status":"closed","ping_status":"closed","sticky":false,"template":"","format":"standard","meta":{"_acf_changed":false,"footnotes":""},"categories":[4],"tags":[],"class_list":["post-5206","post","type-post","status-publish","format-standard","has-post-thumbnail","hentry","category-acta-hordaland"],"acf":[],"yoast_head":"<!-- This site is optimized with the Yoast SEO plugin v25.9 - https:\/\/yoast.com\/wordpress\/plugins\/seo\/ -->\n<title>Nordhordlandsfest for de unge &#8211; Normisjon Hordaland<\/title>\n<meta name=\"robots\" content=\"index, follow, max-snippet:-1, max-image-preview:large, max-video-preview:-1\" \/>\n<link rel=\"canonical\" href=\"https:\/\/www.normisjon.no\/hordaland\/2025\/11\/06\/nordhordlandsfest-for-de-unge\/\" \/>\n<meta property=\"og:locale\" content=\"nb_NO\" \/>\n<meta property=\"og:type\" content=\"article\" \/>\n<meta property=\"og:title\" content=\"Nordhordlandsfest for de unge &#8211; Normisjon Hordaland\" \/>\n<meta property=\"og:description\" content=\"Av Bj\u00f8rnar S\u00e6le Festen vart opna med Kick off 11.30, med opningsshow, info om dagen og lovsang f\u00f8r det bar vidare p\u00e5 seminar. I f\u00f8rste [&hellip;]\" \/>\n<meta property=\"og:url\" content=\"https:\/\/www.normisjon.no\/hordaland\/2025\/11\/06\/nordhordlandsfest-for-de-unge\/\" \/>\n<meta property=\"og:site_name\" content=\"Normisjon Hordaland\" \/>\n<meta property=\"article:publisher\" content=\"https:\/\/www.facebook.com\/normisjon.hordaland\" \/>\n<meta property=\"article:published_time\" content=\"2025-11-06T10:47:09+00:00\" \/>\n<meta property=\"article:modified_time\" content=\"2025-11-14T14:02:10+00:00\" \/>\n<meta property=\"og:image\" content=\"https:\/\/www.normisjon.no\/content\/uploads\/sites\/13\/2025\/11\/2025-11-01-Nordhordlandsfest-IMG_8425-scaled.jpg\" \/>\n\t<meta property=\"og:image:width\" content=\"2560\" \/>\n\t<meta property=\"og:image:height\" content=\"1440\" \/>\n\t<meta property=\"og:image:type\" content=\"image\/jpeg\" \/>\n<meta name=\"author\" content=\"thomas\" \/>\n<meta name=\"twitter:card\" content=\"summary_large_image\" \/>\n<meta name=\"twitter:creator\" content=\"@Normisjon_hord\" \/>\n<meta name=\"twitter:site\" content=\"@Normisjon_hord\" \/>\n<meta name=\"twitter:label1\" content=\"Skrevet av\" \/>\n\t<meta name=\"twitter:data1\" content=\"thomas\" \/>\n\t<meta name=\"twitter:label2\" content=\"Ansl. lesetid\" \/>\n\t<meta name=\"twitter:data2\" content=\"5 minutter\" \/>\n<script type=\"application\/ld+json\" class=\"yoast-schema-graph\">{\"@context\":\"https:\/\/schema.org\",\"@graph\":[{\"@type\":\"Article\",\"@id\":\"https:\/\/www.normisjon.no\/hordaland\/2025\/11\/06\/nordhordlandsfest-for-de-unge\/#article\",\"isPartOf\":{\"@id\":\"https:\/\/www.normisjon.no\/hordaland\/2025\/11\/06\/nordhordlandsfest-for-de-unge\/\"},\"author\":{\"name\":\"thomas\",\"@id\":\"https:\/\/www.normisjon.no\/hordaland\/#\/schema\/person\/b3006b4bccdc2cb50abc2bd344c6df67\"},\"headline\":\"Nordhordlandsfest for de unge\",\"datePublished\":\"2025-11-06T10:47:09+00:00\",\"dateModified\":\"2025-11-14T14:02:10+00:00\",\"mainEntityOfPage\":{\"@id\":\"https:\/\/www.normisjon.no\/hordaland\/2025\/11\/06\/nordhordlandsfest-for-de-unge\/\"},\"wordCount\":533,\"publisher\":{\"@id\":\"https:\/\/www.normisjon.no\/hordaland\/#organization\"},\"image\":{\"@id\":\"https:\/\/www.normisjon.no\/hordaland\/2025\/11\/06\/nordhordlandsfest-for-de-unge\/#primaryimage\"},\"thumbnailUrl\":\"https:\/\/www.normisjon.no\/content\/uploads\/sites\/13\/2025\/11\/2025-11-01-Nordhordlandsfest-IMG_8425-scaled.jpg\",\"articleSection\":[\"Acta Hordaland\"],\"inLanguage\":\"nb-NO\"},{\"@type\":\"WebPage\",\"@id\":\"https:\/\/www.normisjon.no\/hordaland\/2025\/11\/06\/nordhordlandsfest-for-de-unge\/\",\"url\":\"https:\/\/www.normisjon.no\/hordaland\/2025\/11\/06\/nordhordlandsfest-for-de-unge\/\",\"name\":\"Nordhordlandsfest for de unge &#8211; Normisjon Hordaland\",\"isPartOf\":{\"@id\":\"https:\/\/www.normisjon.no\/hordaland\/#website\"},\"primaryImageOfPage\":{\"@id\":\"https:\/\/www.normisjon.no\/hordaland\/2025\/11\/06\/nordhordlandsfest-for-de-unge\/#primaryimage\"},\"image\":{\"@id\":\"https:\/\/www.normisjon.no\/hordaland\/2025\/11\/06\/nordhordlandsfest-for-de-unge\/#primaryimage\"},\"thumbnailUrl\":\"https:\/\/www.normisjon.no\/content\/uploads\/sites\/13\/2025\/11\/2025-11-01-Nordhordlandsfest-IMG_8425-scaled.jpg\",\"datePublished\":\"2025-11-06T10:47:09+00:00\",\"dateModified\":\"2025-11-14T14:02:10+00:00\",\"breadcrumb\":{\"@id\":\"https:\/\/www.normisjon.no\/hordaland\/2025\/11\/06\/nordhordlandsfest-for-de-unge\/#breadcrumb\"},\"inLanguage\":\"nb-NO\",\"potentialAction\":[{\"@type\":\"ReadAction\",\"target\":[\"https:\/\/www.normisjon.no\/hordaland\/2025\/11\/06\/nordhordlandsfest-for-de-unge\/\"]}]},{\"@type\":\"ImageObject\",\"inLanguage\":\"nb-NO\",\"@id\":\"https:\/\/www.normisjon.no\/hordaland\/2025\/11\/06\/nordhordlandsfest-for-de-unge\/#primaryimage\",\"url\":\"https:\/\/www.normisjon.no\/content\/uploads\/sites\/13\/2025\/11\/2025-11-01-Nordhordlandsfest-IMG_8425-scaled.jpg\",\"contentUrl\":\"https:\/\/www.normisjon.no\/content\/uploads\/sites\/13\/2025\/11\/2025-11-01-Nordhordlandsfest-IMG_8425-scaled.jpg\",\"width\":2560,\"height\":1440},{\"@type\":\"BreadcrumbList\",\"@id\":\"https:\/\/www.normisjon.no\/hordaland\/2025\/11\/06\/nordhordlandsfest-for-de-unge\/#breadcrumb\",\"itemListElement\":[{\"@type\":\"ListItem\",\"position\":1,\"name\":\"Home\",\"item\":\"https:\/\/www.normisjon.no\/hordaland\/\"},{\"@type\":\"ListItem\",\"position\":2,\"name\":\"Nordhordlandsfest for de unge\"}]},{\"@type\":\"WebSite\",\"@id\":\"https:\/\/www.normisjon.no\/hordaland\/#website\",\"url\":\"https:\/\/www.normisjon.no\/hordaland\/\",\"name\":\"Normisjon Hordaland\",\"description\":\"\",\"publisher\":{\"@id\":\"https:\/\/www.normisjon.no\/hordaland\/#organization\"},\"potentialAction\":[{\"@type\":\"SearchAction\",\"target\":{\"@type\":\"EntryPoint\",\"urlTemplate\":\"https:\/\/www.normisjon.no\/hordaland\/?s={search_term_string}\"},\"query-input\":{\"@type\":\"PropertyValueSpecification\",\"valueRequired\":true,\"valueName\":\"search_term_string\"}}],\"inLanguage\":\"nb-NO\"},{\"@type\":\"Organization\",\"@id\":\"https:\/\/www.normisjon.no\/hordaland\/#organization\",\"name\":\"Normisjon Hordaland\",\"url\":\"https:\/\/www.normisjon.no\/hordaland\/\",\"logo\":{\"@type\":\"ImageObject\",\"inLanguage\":\"nb-NO\",\"@id\":\"https:\/\/www.normisjon.no\/hordaland\/#\/schema\/logo\/image\/\",\"url\":\"https:\/\/www.normisjon.no\/content\/uploads\/sites\/13\/2021\/10\/normisjon-liggende-logo.jpg\",\"contentUrl\":\"https:\/\/www.normisjon.no\/content\/uploads\/sites\/13\/2021\/10\/normisjon-liggende-logo.jpg\",\"width\":850,\"height\":216,\"caption\":\"Normisjon Hordaland\"},\"image\":{\"@id\":\"https:\/\/www.normisjon.no\/hordaland\/#\/schema\/logo\/image\/\"},\"sameAs\":[\"https:\/\/www.facebook.com\/normisjon.hordaland\",\"https:\/\/x.com\/Normisjon_hord\"]},{\"@type\":\"Person\",\"@id\":\"https:\/\/www.normisjon.no\/hordaland\/#\/schema\/person\/b3006b4bccdc2cb50abc2bd344c6df67\",\"name\":\"thomas\",\"image\":{\"@type\":\"ImageObject\",\"inLanguage\":\"nb-NO\",\"@id\":\"https:\/\/www.normisjon.no\/hordaland\/#\/schema\/person\/image\/\",\"url\":\"https:\/\/secure.gravatar.com\/avatar\/f97c1097615a20f4b67ad47de64cbf69ae546c210cbfdd15aab241cb06bae284?s=96&d=mm&r=g\",\"contentUrl\":\"https:\/\/secure.gravatar.com\/avatar\/f97c1097615a20f4b67ad47de64cbf69ae546c210cbfdd15aab241cb06bae284?s=96&d=mm&r=g\",\"caption\":\"thomas\"},\"url\":\"https:\/\/www.normisjon.no\/hordaland\/author\/thomas\/\"}]}<\/script>\n<!-- \/ Yoast SEO plugin. -->","yoast_head_json":{"title":"Nordhordlandsfest for de unge &#8211; Normisjon Hordaland","robots":{"index":"index","follow":"follow","max-snippet":"max-snippet:-1","max-image-preview":"max-image-preview:large","max-video-preview":"max-video-preview:-1"},"canonical":"https:\/\/www.normisjon.no\/hordaland\/2025\/11\/06\/nordhordlandsfest-for-de-unge\/","og_locale":"nb_NO","og_type":"article","og_title":"Nordhordlandsfest for de unge &#8211; Normisjon Hordaland","og_description":"Av Bj\u00f8rnar S\u00e6le Festen vart opna med Kick off 11.30, med opningsshow, info om dagen og lovsang f\u00f8r det bar vidare p\u00e5 seminar. I f\u00f8rste [&hellip;]","og_url":"https:\/\/www.normisjon.no\/hordaland\/2025\/11\/06\/nordhordlandsfest-for-de-unge\/","og_site_name":"Normisjon Hordaland","article_publisher":"https:\/\/www.facebook.com\/normisjon.hordaland","article_published_time":"2025-11-06T10:47:09+00:00","article_modified_time":"2025-11-14T14:02:10+00:00","og_image":[{"width":2560,"height":1440,"url":"https:\/\/www.normisjon.no\/content\/uploads\/sites\/13\/2025\/11\/2025-11-01-Nordhordlandsfest-IMG_8425-scaled.jpg","type":"image\/jpeg"}],"author":"thomas","twitter_card":"summary_large_image","twitter_creator":"@Normisjon_hord","twitter_site":"@Normisjon_hord","twitter_misc":{"Skrevet av":"thomas","Ansl. lesetid":"5 minutter"},"schema":{"@context":"https:\/\/schema.org","@graph":[{"@type":"Article","@id":"https:\/\/www.normisjon.no\/hordaland\/2025\/11\/06\/nordhordlandsfest-for-de-unge\/#article","isPartOf":{"@id":"https:\/\/www.normisjon.no\/hordaland\/2025\/11\/06\/nordhordlandsfest-for-de-unge\/"},"author":{"name":"thomas","@id":"https:\/\/www.normisjon.no\/hordaland\/#\/schema\/person\/b3006b4bccdc2cb50abc2bd344c6df67"},"headline":"Nordhordlandsfest for de unge","datePublished":"2025-11-06T10:47:09+00:00","dateModified":"2025-11-14T14:02:10+00:00","mainEntityOfPage":{"@id":"https:\/\/www.normisjon.no\/hordaland\/2025\/11\/06\/nordhordlandsfest-for-de-unge\/"},"wordCount":533,"publisher":{"@id":"https:\/\/www.normisjon.no\/hordaland\/#organization"},"image":{"@id":"https:\/\/www.normisjon.no\/hordaland\/2025\/11\/06\/nordhordlandsfest-for-de-unge\/#primaryimage"},"thumbnailUrl":"https:\/\/www.normisjon.no\/content\/uploads\/sites\/13\/2025\/11\/2025-11-01-Nordhordlandsfest-IMG_8425-scaled.jpg","articleSection":["Acta Hordaland"],"inLanguage":"nb-NO"},{"@type":"WebPage","@id":"https:\/\/www.normisjon.no\/hordaland\/2025\/11\/06\/nordhordlandsfest-for-de-unge\/","url":"https:\/\/www.normisjon.no\/hordaland\/2025\/11\/06\/nordhordlandsfest-for-de-unge\/","name":"Nordhordlandsfest for de unge &#8211; Normisjon Hordaland","isPartOf":{"@id":"https:\/\/www.normisjon.no\/hordaland\/#website"},"primaryImageOfPage":{"@id":"https:\/\/www.normisjon.no\/hordaland\/2025\/11\/06\/nordhordlandsfest-for-de-unge\/#primaryimage"},"image":{"@id":"https:\/\/www.normisjon.no\/hordaland\/2025\/11\/06\/nordhordlandsfest-for-de-unge\/#primaryimage"},"thumbnailUrl":"https:\/\/www.normisjon.no\/content\/uploads\/sites\/13\/2025\/11\/2025-11-01-Nordhordlandsfest-IMG_8425-scaled.jpg","datePublished":"2025-11-06T10:47:09+00:00","dateModified":"2025-11-14T14:02:10+00:00","breadcrumb":{"@id":"https:\/\/www.normisjon.no\/hordaland\/2025\/11\/06\/nordhordlandsfest-for-de-unge\/#breadcrumb"},"inLanguage":"nb-NO","potentialAction":[{"@type":"ReadAction","target":["https:\/\/www.normisjon.no\/hordaland\/2025\/11\/06\/nordhordlandsfest-for-de-unge\/"]}]},{"@type":"ImageObject","inLanguage":"nb-NO","@id":"https:\/\/www.normisjon.no\/hordaland\/2025\/11\/06\/nordhordlandsfest-for-de-unge\/#primaryimage","url":"https:\/\/www.normisjon.no\/content\/uploads\/sites\/13\/2025\/11\/2025-11-01-Nordhordlandsfest-IMG_8425-scaled.jpg","contentUrl":"https:\/\/www.normisjon.no\/content\/uploads\/sites\/13\/2025\/11\/2025-11-01-Nordhordlandsfest-IMG_8425-scaled.jpg","width":2560,"height":1440},{"@type":"BreadcrumbList","@id":"https:\/\/www.normisjon.no\/hordaland\/2025\/11\/06\/nordhordlandsfest-for-de-unge\/#breadcrumb","itemListElement":[{"@type":"ListItem","position":1,"name":"Home","item":"https:\/\/www.normisjon.no\/hordaland\/"},{"@type":"ListItem","position":2,"name":"Nordhordlandsfest for de unge"}]},{"@type":"WebSite","@id":"https:\/\/www.normisjon.no\/hordaland\/#website","url":"https:\/\/www.normisjon.no\/hordaland\/","name":"Normisjon Hordaland","description":"","publisher":{"@id":"https:\/\/www.normisjon.no\/hordaland\/#organization"},"potentialAction":[{"@type":"SearchAction","target":{"@type":"EntryPoint","urlTemplate":"https:\/\/www.normisjon.no\/hordaland\/?s={search_term_string}"},"query-input":{"@type":"PropertyValueSpecification","valueRequired":true,"valueName":"search_term_string"}}],"inLanguage":"nb-NO"},{"@type":"Organization","@id":"https:\/\/www.normisjon.no\/hordaland\/#organization","name":"Normisjon Hordaland","url":"https:\/\/www.normisjon.no\/hordaland\/","logo":{"@type":"ImageObject","inLanguage":"nb-NO","@id":"https:\/\/www.normisjon.no\/hordaland\/#\/schema\/logo\/image\/","url":"https:\/\/www.normisjon.no\/content\/uploads\/sites\/13\/2021\/10\/normisjon-liggende-logo.jpg","contentUrl":"https:\/\/www.normisjon.no\/content\/uploads\/sites\/13\/2021\/10\/normisjon-liggende-logo.jpg","width":850,"height":216,"caption":"Normisjon Hordaland"},"image":{"@id":"https:\/\/www.normisjon.no\/hordaland\/#\/schema\/logo\/image\/"},"sameAs":["https:\/\/www.facebook.com\/normisjon.hordaland","https:\/\/x.com\/Normisjon_hord"]},{"@type":"Person","@id":"https:\/\/www.normisjon.no\/hordaland\/#\/schema\/person\/b3006b4bccdc2cb50abc2bd344c6df67","name":"thomas","image":{"@type":"ImageObject","inLanguage":"nb-NO","@id":"https:\/\/www.normisjon.no\/hordaland\/#\/schema\/person\/image\/","url":"https:\/\/secure.gravatar.com\/avatar\/f97c1097615a20f4b67ad47de64cbf69ae546c210cbfdd15aab241cb06bae284?s=96&d=mm&r=g","contentUrl":"https:\/\/secure.gravatar.com\/avatar\/f97c1097615a20f4b67ad47de64cbf69ae546c210cbfdd15aab241cb06bae284?s=96&d=mm&r=g","caption":"thomas"},"url":"https:\/\/www.normisjon.no\/hordaland\/author\/thomas\/"}]}},"_links":{"self":[{"href":"https:\/\/www.normisjon.no\/hordaland\/wp-json\/wp\/v2\/posts\/5206","targetHints":{"allow":["GET"]}}],"collection":[{"href":"https:\/\/www.normisjon.no\/hordaland\/wp-json\/wp\/v2\/posts"}],"about":[{"href":"https:\/\/www.normisjon.no\/hordaland\/wp-json\/wp\/v2\/types\/post"}],"author":[{"embeddable":true,"href":"https:\/\/www.normisjon.no\/hordaland\/wp-json\/wp\/v2\/users\/57"}],"replies":[{"embeddable":true,"href":"https:\/\/www.normisjon.no\/hordaland\/wp-json\/wp\/v2\/comments?post=5206"}],"version-history":[{"count":3,"href":"https:\/\/www.normisjon.no\/hordaland\/wp-json\/wp\/v2\/posts\/5206\/revisions"}],"predecessor-version":[{"id":5256,"href":"https:\/\/www.normisjon.no\/hordaland\/wp-json\/wp\/v2\/posts\/5206\/revisions\/5256"}],"wp:featuredmedia":[{"embeddable":true,"href":"https:\/\/www.normisjon.no\/hordaland\/wp-json\/wp\/v2\/media\/5222"}],"wp:attachment":[{"href":"https:\/\/www.normisjon.no\/hordaland\/wp-json\/wp\/v2\/media?parent=5206"}],"wp:term":[{"taxonomy":"category","embeddable":true,"href":"https:\/\/www.normisjon.no\/hordaland\/wp-json\/wp\/v2\/categories?post=5206"},{"taxonomy":"post_tag","embeddable":true,"href":"https:\/\/www.normisjon.no\/hordaland\/wp-json\/wp\/v2\/tags?post=5206"}],"curies":[{"name":"wp","href":"https:\/\/api.w.org\/{rel}","templated":true}]}}