{"id":5208,"date":"2025-12-04T11:48:04","date_gmt":"2025-12-04T10:48:04","guid":{"rendered":"https:\/\/www.normisjon.no\/hordaland\/?p=5208"},"modified":"2026-01-14T10:44:11","modified_gmt":"2026-01-14T09:44:11","slug":"bonn-i-bevegelse-hva-skjer-nar-hele-norge-ber","status":"publish","type":"post","link":"https:\/\/www.normisjon.no\/hordaland\/2025\/12\/04\/bonn-i-bevegelse-hva-skjer-nar-hele-norge-ber\/","title":{"rendered":"B\u00f8nn i bevegelse \u2013 hva skjer n\u00e5r hele Norge ber?"},"content":{"rendered":"<div class=\"entry-content alignfull wp-block-post-content has-global-padding is-layout-constrained wp-block-post-content-is-layout-constrained\">\n<p>I slutten av oktober samlet b\u00f8nnebevegelsen 24\/7 Prayer mennesker fra hele Europa til konferanse i Stuttgart. Kristian Bj\u00f8rkhaug fra Normisjon region Hordaland deltok sammen med en norsk delegasjon.<\/p>\n\n\n\n<figure class=\"wp-block-image size-large\"><img loading=\"lazy\" decoding=\"async\" width=\"1024\" height=\"575\" src=\"https:\/\/www.normisjon.no\/content\/uploads\/sites\/13\/2025\/12\/2025-Esslingen-24-7-prayer-1024x575.jpg\" alt=\"\" class=\"wp-image-5214\" srcset=\"https:\/\/www.normisjon.no\/content\/uploads\/sites\/13\/2025\/12\/2025-Esslingen-24-7-prayer-1024x575.jpg 1024w, https:\/\/www.normisjon.no\/content\/uploads\/sites\/13\/2025\/12\/2025-Esslingen-24-7-prayer-300x169.jpg 300w, https:\/\/www.normisjon.no\/content\/uploads\/sites\/13\/2025\/12\/2025-Esslingen-24-7-prayer-768x432.jpg 768w, https:\/\/www.normisjon.no\/content\/uploads\/sites\/13\/2025\/12\/2025-Esslingen-24-7-prayer-1536x863.jpg 1536w, https:\/\/www.normisjon.no\/content\/uploads\/sites\/13\/2025\/12\/2025-Esslingen-24-7-prayer-2048x1151.jpg 2048w, https:\/\/www.normisjon.no\/content\/uploads\/sites\/13\/2025\/12\/2025-Esslingen-24-7-prayer-1920x1079.jpg 1920w, https:\/\/www.normisjon.no\/content\/uploads\/sites\/13\/2025\/12\/2025-Esslingen-24-7-prayer-1360x764.jpg 1360w, https:\/\/www.normisjon.no\/content\/uploads\/sites\/13\/2025\/12\/2025-Esslingen-24-7-prayer-960x539.jpg 960w\" sizes=\"auto, (max-width: 1024px) 100vw, 1024px\" \/><\/figure>\n\n\n\n<p> \u2013 Bevegelsen arbeider for \u00e5 mobilisere menigheter over hele verden til \u00e5 be \u2013 for mennesker, byer, nasjoner og at Guds rike skal f\u00e5 fremgang. I flere europeiske land har dette p\u00e5g\u00e5tt i mange \u00e5r. N\u00e5 merker vi ogs\u00e5 en voksende bevegelse i Norden, forteller Kristian. Flere rapporterer om en ny \u00e5penhet for kristen tro, s\u00e6rlig blant unge. Mange kommer til tro etter sterke m\u00f8ter med Guds n\u00e6rv\u00e6r som leder dem inn i kristne fellesskap. \u2013 Det fortelles om \u00e6rlige samtaler, bekjennelse av synd og erfaringen av Jesu tilgivelse. For noen \u00e5r siden ble vi minnet om dette da studenter ved Asbury University i USA opplevde en vekkelse preget av nettopp b\u00f8nn, omvendelse og fornyelse. \u2013 24\/7-bevegelsen peker p\u00e5 et tydelig kall: \u00c5 gi b\u00f8nnen st\u00f8rre plass i menighetene v\u00e5re, og \u00e5 lytte til lengselen som finnes i mennesker rundt oss i dag. Vekkelse trenger ikke se ut slik den gjorde f\u00f8r \u2013 men sentrum er det samme: Jesus Kristus og m\u00f8tet med ham. Ogs\u00e5 i Norge vokser oppmerksomheten rundt b\u00f8nnetjenesten. Initiativet \u00abHele Norge ber\u00bb \u00f8nsker \u00e5 samle menigheter til et \u00e5r med kontinuerlig b\u00f8nn i 2026. Menigheter utfordres til \u00e5 ta ansvar for ett d\u00f8gn \u2013 med b\u00f8nnevakter gjennom hele d\u00f8gnet \u2013 slik at landet v\u00e5rt er omsluttet av b\u00f8nn hver dag dette \u00e5ret. \u2013 For Normisjon er dette ikke bare inspirerende, men ogs\u00e5 i tr\u00e5d med v\u00e5r egen strategi: \u00e5 leve og lede i b\u00f8nn. N\u00e5 kommer det en h\u00e5ndsrekning fra en global bevegelse som inviterer oss til \u00e5 st\u00e5 sammen i b\u00f8nn for Norge, sier Kristian \u2013 Tenk hva som kan skje dersom Guds folk i hele landet ber \u2013 ikke bare \u00e9n helg eller \u00e9n uke \u2013 men et helt \u00e5r? \u00c9n ting kan vi v\u00e6re sikre p\u00e5: B\u00f8nnen vil forandre oss. Og n\u00e5r Guds folk forvandles, kan ogs\u00e5 landet forvandles, sier han.<\/p>\n<\/div>","protected":false},"excerpt":{"rendered":"<p>I slutten av oktober samlet b\u00f8nnebevegelsen 24\/7 Prayer mennesker fra hele Europa til konferanse i Stuttgart. Kristian Bj\u00f8rkhaug fra Normisjon region Hordaland deltok sammen med [&hellip;]<\/p>\n","protected":false},"author":57,"featured_media":5214,"comment_status":"closed","ping_status":"closed","sticky":false,"template":"","format":"standard","meta":{"_acf_changed":false,"footnotes":""},"categories":[1],"tags":[],"class_list":["post-5208","post","type-post","status-publish","format-standard","has-post-thumbnail","hentry","category-ukategorisert"],"acf":[],"yoast_head":"<!-- This site is optimized with the Yoast SEO plugin v25.9 - https:\/\/yoast.com\/wordpress\/plugins\/seo\/ -->\n<title>B\u00f8nn i bevegelse \u2013 hva skjer n\u00e5r hele Norge ber? &#8211; Normisjon Hordaland<\/title>\n<meta name=\"robots\" content=\"index, follow, max-snippet:-1, max-image-preview:large, max-video-preview:-1\" \/>\n<link rel=\"canonical\" href=\"https:\/\/www.normisjon.no\/hordaland\/2025\/12\/04\/bonn-i-bevegelse-hva-skjer-nar-hele-norge-ber\/\" \/>\n<meta property=\"og:locale\" content=\"nb_NO\" \/>\n<meta property=\"og:type\" content=\"article\" \/>\n<meta property=\"og:title\" content=\"B\u00f8nn i bevegelse \u2013 hva skjer n\u00e5r hele Norge ber? &#8211; Normisjon Hordaland\" \/>\n<meta property=\"og:description\" content=\"I slutten av oktober samlet b\u00f8nnebevegelsen 24\/7 Prayer mennesker fra hele Europa til konferanse i Stuttgart. Kristian Bj\u00f8rkhaug fra Normisjon region Hordaland deltok sammen med [&hellip;]\" \/>\n<meta property=\"og:url\" content=\"https:\/\/www.normisjon.no\/hordaland\/2025\/12\/04\/bonn-i-bevegelse-hva-skjer-nar-hele-norge-ber\/\" \/>\n<meta property=\"og:site_name\" content=\"Normisjon Hordaland\" \/>\n<meta property=\"article:publisher\" content=\"https:\/\/www.facebook.com\/normisjon.hordaland\" \/>\n<meta property=\"article:published_time\" content=\"2025-12-04T10:48:04+00:00\" \/>\n<meta property=\"article:modified_time\" content=\"2026-01-14T09:44:11+00:00\" \/>\n<meta property=\"og:image\" content=\"https:\/\/www.normisjon.no\/content\/uploads\/sites\/13\/2025\/12\/2025-Esslingen-24-7-prayer-scaled.jpg\" \/>\n\t<meta property=\"og:image:width\" content=\"2560\" \/>\n\t<meta property=\"og:image:height\" content=\"1438\" \/>\n\t<meta property=\"og:image:type\" content=\"image\/jpeg\" \/>\n<meta name=\"author\" content=\"thomas\" \/>\n<meta name=\"twitter:card\" content=\"summary_large_image\" \/>\n<meta name=\"twitter:creator\" content=\"@Normisjon_hord\" \/>\n<meta name=\"twitter:site\" content=\"@Normisjon_hord\" \/>\n<meta name=\"twitter:label1\" content=\"Skrevet av\" \/>\n\t<meta name=\"twitter:data1\" content=\"thomas\" \/>\n\t<meta name=\"twitter:label2\" content=\"Ansl. lesetid\" \/>\n\t<meta name=\"twitter:data2\" content=\"3 minutter\" \/>\n<script type=\"application\/ld+json\" class=\"yoast-schema-graph\">{\"@context\":\"https:\/\/schema.org\",\"@graph\":[{\"@type\":\"Article\",\"@id\":\"https:\/\/www.normisjon.no\/hordaland\/2025\/12\/04\/bonn-i-bevegelse-hva-skjer-nar-hele-norge-ber\/#article\",\"isPartOf\":{\"@id\":\"https:\/\/www.normisjon.no\/hordaland\/2025\/12\/04\/bonn-i-bevegelse-hva-skjer-nar-hele-norge-ber\/\"},\"author\":{\"name\":\"thomas\",\"@id\":\"https:\/\/www.normisjon.no\/hordaland\/#\/schema\/person\/b3006b4bccdc2cb50abc2bd344c6df67\"},\"headline\":\"B\u00f8nn i bevegelse \u2013 hva skjer n\u00e5r hele Norge ber?\",\"datePublished\":\"2025-12-04T10:48:04+00:00\",\"dateModified\":\"2026-01-14T09:44:11+00:00\",\"mainEntityOfPage\":{\"@id\":\"https:\/\/www.normisjon.no\/hordaland\/2025\/12\/04\/bonn-i-bevegelse-hva-skjer-nar-hele-norge-ber\/\"},\"wordCount\":354,\"publisher\":{\"@id\":\"https:\/\/www.normisjon.no\/hordaland\/#organization\"},\"image\":{\"@id\":\"https:\/\/www.normisjon.no\/hordaland\/2025\/12\/04\/bonn-i-bevegelse-hva-skjer-nar-hele-norge-ber\/#primaryimage\"},\"thumbnailUrl\":\"https:\/\/www.normisjon.no\/content\/uploads\/sites\/13\/2025\/12\/2025-Esslingen-24-7-prayer-scaled.jpg\",\"inLanguage\":\"nb-NO\"},{\"@type\":\"WebPage\",\"@id\":\"https:\/\/www.normisjon.no\/hordaland\/2025\/12\/04\/bonn-i-bevegelse-hva-skjer-nar-hele-norge-ber\/\",\"url\":\"https:\/\/www.normisjon.no\/hordaland\/2025\/12\/04\/bonn-i-bevegelse-hva-skjer-nar-hele-norge-ber\/\",\"name\":\"B\u00f8nn i bevegelse \u2013 hva skjer n\u00e5r hele Norge ber? &#8211; Normisjon Hordaland\",\"isPartOf\":{\"@id\":\"https:\/\/www.normisjon.no\/hordaland\/#website\"},\"primaryImageOfPage\":{\"@id\":\"https:\/\/www.normisjon.no\/hordaland\/2025\/12\/04\/bonn-i-bevegelse-hva-skjer-nar-hele-norge-ber\/#primaryimage\"},\"image\":{\"@id\":\"https:\/\/www.normisjon.no\/hordaland\/2025\/12\/04\/bonn-i-bevegelse-hva-skjer-nar-hele-norge-ber\/#primaryimage\"},\"thumbnailUrl\":\"https:\/\/www.normisjon.no\/content\/uploads\/sites\/13\/2025\/12\/2025-Esslingen-24-7-prayer-scaled.jpg\",\"datePublished\":\"2025-12-04T10:48:04+00:00\",\"dateModified\":\"2026-01-14T09:44:11+00:00\",\"breadcrumb\":{\"@id\":\"https:\/\/www.normisjon.no\/hordaland\/2025\/12\/04\/bonn-i-bevegelse-hva-skjer-nar-hele-norge-ber\/#breadcrumb\"},\"inLanguage\":\"nb-NO\",\"potentialAction\":[{\"@type\":\"ReadAction\",\"target\":[\"https:\/\/www.normisjon.no\/hordaland\/2025\/12\/04\/bonn-i-bevegelse-hva-skjer-nar-hele-norge-ber\/\"]}]},{\"@type\":\"ImageObject\",\"inLanguage\":\"nb-NO\",\"@id\":\"https:\/\/www.normisjon.no\/hordaland\/2025\/12\/04\/bonn-i-bevegelse-hva-skjer-nar-hele-norge-ber\/#primaryimage\",\"url\":\"https:\/\/www.normisjon.no\/content\/uploads\/sites\/13\/2025\/12\/2025-Esslingen-24-7-prayer-scaled.jpg\",\"contentUrl\":\"https:\/\/www.normisjon.no\/content\/uploads\/sites\/13\/2025\/12\/2025-Esslingen-24-7-prayer-scaled.jpg\",\"width\":2560,\"height\":1438},{\"@type\":\"BreadcrumbList\",\"@id\":\"https:\/\/www.normisjon.no\/hordaland\/2025\/12\/04\/bonn-i-bevegelse-hva-skjer-nar-hele-norge-ber\/#breadcrumb\",\"itemListElement\":[{\"@type\":\"ListItem\",\"position\":1,\"name\":\"Home\",\"item\":\"https:\/\/www.normisjon.no\/hordaland\/\"},{\"@type\":\"ListItem\",\"position\":2,\"name\":\"B\u00f8nn i bevegelse \u2013 hva skjer n\u00e5r hele Norge ber?\"}]},{\"@type\":\"WebSite\",\"@id\":\"https:\/\/www.normisjon.no\/hordaland\/#website\",\"url\":\"https:\/\/www.normisjon.no\/hordaland\/\",\"name\":\"Normisjon Hordaland\",\"description\":\"\",\"publisher\":{\"@id\":\"https:\/\/www.normisjon.no\/hordaland\/#organization\"},\"potentialAction\":[{\"@type\":\"SearchAction\",\"target\":{\"@type\":\"EntryPoint\",\"urlTemplate\":\"https:\/\/www.normisjon.no\/hordaland\/?s={search_term_string}\"},\"query-input\":{\"@type\":\"PropertyValueSpecification\",\"valueRequired\":true,\"valueName\":\"search_term_string\"}}],\"inLanguage\":\"nb-NO\"},{\"@type\":\"Organization\",\"@id\":\"https:\/\/www.normisjon.no\/hordaland\/#organization\",\"name\":\"Normisjon Hordaland\",\"url\":\"https:\/\/www.normisjon.no\/hordaland\/\",\"logo\":{\"@type\":\"ImageObject\",\"inLanguage\":\"nb-NO\",\"@id\":\"https:\/\/www.normisjon.no\/hordaland\/#\/schema\/logo\/image\/\",\"url\":\"https:\/\/www.normisjon.no\/content\/uploads\/sites\/13\/2021\/10\/normisjon-liggende-logo.jpg\",\"contentUrl\":\"https:\/\/www.normisjon.no\/content\/uploads\/sites\/13\/2021\/10\/normisjon-liggende-logo.jpg\",\"width\":850,\"height\":216,\"caption\":\"Normisjon Hordaland\"},\"image\":{\"@id\":\"https:\/\/www.normisjon.no\/hordaland\/#\/schema\/logo\/image\/\"},\"sameAs\":[\"https:\/\/www.facebook.com\/normisjon.hordaland\",\"https:\/\/x.com\/Normisjon_hord\"]},{\"@type\":\"Person\",\"@id\":\"https:\/\/www.normisjon.no\/hordaland\/#\/schema\/person\/b3006b4bccdc2cb50abc2bd344c6df67\",\"name\":\"thomas\",\"image\":{\"@type\":\"ImageObject\",\"inLanguage\":\"nb-NO\",\"@id\":\"https:\/\/www.normisjon.no\/hordaland\/#\/schema\/person\/image\/\",\"url\":\"https:\/\/secure.gravatar.com\/avatar\/f97c1097615a20f4b67ad47de64cbf69ae546c210cbfdd15aab241cb06bae284?s=96&d=mm&r=g\",\"contentUrl\":\"https:\/\/secure.gravatar.com\/avatar\/f97c1097615a20f4b67ad47de64cbf69ae546c210cbfdd15aab241cb06bae284?s=96&d=mm&r=g\",\"caption\":\"thomas\"},\"url\":\"https:\/\/www.normisjon.no\/hordaland\/author\/thomas\/\"}]}<\/script>\n<!-- \/ Yoast SEO plugin. -->","yoast_head_json":{"title":"B\u00f8nn i bevegelse \u2013 hva skjer n\u00e5r hele Norge ber? &#8211; Normisjon Hordaland","robots":{"index":"index","follow":"follow","max-snippet":"max-snippet:-1","max-image-preview":"max-image-preview:large","max-video-preview":"max-video-preview:-1"},"canonical":"https:\/\/www.normisjon.no\/hordaland\/2025\/12\/04\/bonn-i-bevegelse-hva-skjer-nar-hele-norge-ber\/","og_locale":"nb_NO","og_type":"article","og_title":"B\u00f8nn i bevegelse \u2013 hva skjer n\u00e5r hele Norge ber? &#8211; Normisjon Hordaland","og_description":"I slutten av oktober samlet b\u00f8nnebevegelsen 24\/7 Prayer mennesker fra hele Europa til konferanse i Stuttgart. Kristian Bj\u00f8rkhaug fra Normisjon region Hordaland deltok sammen med [&hellip;]","og_url":"https:\/\/www.normisjon.no\/hordaland\/2025\/12\/04\/bonn-i-bevegelse-hva-skjer-nar-hele-norge-ber\/","og_site_name":"Normisjon Hordaland","article_publisher":"https:\/\/www.facebook.com\/normisjon.hordaland","article_published_time":"2025-12-04T10:48:04+00:00","article_modified_time":"2026-01-14T09:44:11+00:00","og_image":[{"width":2560,"height":1438,"url":"https:\/\/www.normisjon.no\/content\/uploads\/sites\/13\/2025\/12\/2025-Esslingen-24-7-prayer-scaled.jpg","type":"image\/jpeg"}],"author":"thomas","twitter_card":"summary_large_image","twitter_creator":"@Normisjon_hord","twitter_site":"@Normisjon_hord","twitter_misc":{"Skrevet av":"thomas","Ansl. lesetid":"3 minutter"},"schema":{"@context":"https:\/\/schema.org","@graph":[{"@type":"Article","@id":"https:\/\/www.normisjon.no\/hordaland\/2025\/12\/04\/bonn-i-bevegelse-hva-skjer-nar-hele-norge-ber\/#article","isPartOf":{"@id":"https:\/\/www.normisjon.no\/hordaland\/2025\/12\/04\/bonn-i-bevegelse-hva-skjer-nar-hele-norge-ber\/"},"author":{"name":"thomas","@id":"https:\/\/www.normisjon.no\/hordaland\/#\/schema\/person\/b3006b4bccdc2cb50abc2bd344c6df67"},"headline":"B\u00f8nn i bevegelse \u2013 hva skjer n\u00e5r hele Norge ber?","datePublished":"2025-12-04T10:48:04+00:00","dateModified":"2026-01-14T09:44:11+00:00","mainEntityOfPage":{"@id":"https:\/\/www.normisjon.no\/hordaland\/2025\/12\/04\/bonn-i-bevegelse-hva-skjer-nar-hele-norge-ber\/"},"wordCount":354,"publisher":{"@id":"https:\/\/www.normisjon.no\/hordaland\/#organization"},"image":{"@id":"https:\/\/www.normisjon.no\/hordaland\/2025\/12\/04\/bonn-i-bevegelse-hva-skjer-nar-hele-norge-ber\/#primaryimage"},"thumbnailUrl":"https:\/\/www.normisjon.no\/content\/uploads\/sites\/13\/2025\/12\/2025-Esslingen-24-7-prayer-scaled.jpg","inLanguage":"nb-NO"},{"@type":"WebPage","@id":"https:\/\/www.normisjon.no\/hordaland\/2025\/12\/04\/bonn-i-bevegelse-hva-skjer-nar-hele-norge-ber\/","url":"https:\/\/www.normisjon.no\/hordaland\/2025\/12\/04\/bonn-i-bevegelse-hva-skjer-nar-hele-norge-ber\/","name":"B\u00f8nn i bevegelse \u2013 hva skjer n\u00e5r hele Norge ber? &#8211; Normisjon Hordaland","isPartOf":{"@id":"https:\/\/www.normisjon.no\/hordaland\/#website"},"primaryImageOfPage":{"@id":"https:\/\/www.normisjon.no\/hordaland\/2025\/12\/04\/bonn-i-bevegelse-hva-skjer-nar-hele-norge-ber\/#primaryimage"},"image":{"@id":"https:\/\/www.normisjon.no\/hordaland\/2025\/12\/04\/bonn-i-bevegelse-hva-skjer-nar-hele-norge-ber\/#primaryimage"},"thumbnailUrl":"https:\/\/www.normisjon.no\/content\/uploads\/sites\/13\/2025\/12\/2025-Esslingen-24-7-prayer-scaled.jpg","datePublished":"2025-12-04T10:48:04+00:00","dateModified":"2026-01-14T09:44:11+00:00","breadcrumb":{"@id":"https:\/\/www.normisjon.no\/hordaland\/2025\/12\/04\/bonn-i-bevegelse-hva-skjer-nar-hele-norge-ber\/#breadcrumb"},"inLanguage":"nb-NO","potentialAction":[{"@type":"ReadAction","target":["https:\/\/www.normisjon.no\/hordaland\/2025\/12\/04\/bonn-i-bevegelse-hva-skjer-nar-hele-norge-ber\/"]}]},{"@type":"ImageObject","inLanguage":"nb-NO","@id":"https:\/\/www.normisjon.no\/hordaland\/2025\/12\/04\/bonn-i-bevegelse-hva-skjer-nar-hele-norge-ber\/#primaryimage","url":"https:\/\/www.normisjon.no\/content\/uploads\/sites\/13\/2025\/12\/2025-Esslingen-24-7-prayer-scaled.jpg","contentUrl":"https:\/\/www.normisjon.no\/content\/uploads\/sites\/13\/2025\/12\/2025-Esslingen-24-7-prayer-scaled.jpg","width":2560,"height":1438},{"@type":"BreadcrumbList","@id":"https:\/\/www.normisjon.no\/hordaland\/2025\/12\/04\/bonn-i-bevegelse-hva-skjer-nar-hele-norge-ber\/#breadcrumb","itemListElement":[{"@type":"ListItem","position":1,"name":"Home","item":"https:\/\/www.normisjon.no\/hordaland\/"},{"@type":"ListItem","position":2,"name":"B\u00f8nn i bevegelse \u2013 hva skjer n\u00e5r hele Norge ber?"}]},{"@type":"WebSite","@id":"https:\/\/www.normisjon.no\/hordaland\/#website","url":"https:\/\/www.normisjon.no\/hordaland\/","name":"Normisjon Hordaland","description":"","publisher":{"@id":"https:\/\/www.normisjon.no\/hordaland\/#organization"},"potentialAction":[{"@type":"SearchAction","target":{"@type":"EntryPoint","urlTemplate":"https:\/\/www.normisjon.no\/hordaland\/?s={search_term_string}"},"query-input":{"@type":"PropertyValueSpecification","valueRequired":true,"valueName":"search_term_string"}}],"inLanguage":"nb-NO"},{"@type":"Organization","@id":"https:\/\/www.normisjon.no\/hordaland\/#organization","name":"Normisjon Hordaland","url":"https:\/\/www.normisjon.no\/hordaland\/","logo":{"@type":"ImageObject","inLanguage":"nb-NO","@id":"https:\/\/www.normisjon.no\/hordaland\/#\/schema\/logo\/image\/","url":"https:\/\/www.normisjon.no\/content\/uploads\/sites\/13\/2021\/10\/normisjon-liggende-logo.jpg","contentUrl":"https:\/\/www.normisjon.no\/content\/uploads\/sites\/13\/2021\/10\/normisjon-liggende-logo.jpg","width":850,"height":216,"caption":"Normisjon Hordaland"},"image":{"@id":"https:\/\/www.normisjon.no\/hordaland\/#\/schema\/logo\/image\/"},"sameAs":["https:\/\/www.facebook.com\/normisjon.hordaland","https:\/\/x.com\/Normisjon_hord"]},{"@type":"Person","@id":"https:\/\/www.normisjon.no\/hordaland\/#\/schema\/person\/b3006b4bccdc2cb50abc2bd344c6df67","name":"thomas","image":{"@type":"ImageObject","inLanguage":"nb-NO","@id":"https:\/\/www.normisjon.no\/hordaland\/#\/schema\/person\/image\/","url":"https:\/\/secure.gravatar.com\/avatar\/f97c1097615a20f4b67ad47de64cbf69ae546c210cbfdd15aab241cb06bae284?s=96&d=mm&r=g","contentUrl":"https:\/\/secure.gravatar.com\/avatar\/f97c1097615a20f4b67ad47de64cbf69ae546c210cbfdd15aab241cb06bae284?s=96&d=mm&r=g","caption":"thomas"},"url":"https:\/\/www.normisjon.no\/hordaland\/author\/thomas\/"}]}},"_links":{"self":[{"href":"https:\/\/www.normisjon.no\/hordaland\/wp-json\/wp\/v2\/posts\/5208","targetHints":{"allow":["GET"]}}],"collection":[{"href":"https:\/\/www.normisjon.no\/hordaland\/wp-json\/wp\/v2\/posts"}],"about":[{"href":"https:\/\/www.normisjon.no\/hordaland\/wp-json\/wp\/v2\/types\/post"}],"author":[{"embeddable":true,"href":"https:\/\/www.normisjon.no\/hordaland\/wp-json\/wp\/v2\/users\/57"}],"replies":[{"embeddable":true,"href":"https:\/\/www.normisjon.no\/hordaland\/wp-json\/wp\/v2\/comments?post=5208"}],"version-history":[{"count":3,"href":"https:\/\/www.normisjon.no\/hordaland\/wp-json\/wp\/v2\/posts\/5208\/revisions"}],"predecessor-version":[{"id":5215,"href":"https:\/\/www.normisjon.no\/hordaland\/wp-json\/wp\/v2\/posts\/5208\/revisions\/5215"}],"wp:featuredmedia":[{"embeddable":true,"href":"https:\/\/www.normisjon.no\/hordaland\/wp-json\/wp\/v2\/media\/5214"}],"wp:attachment":[{"href":"https:\/\/www.normisjon.no\/hordaland\/wp-json\/wp\/v2\/media?parent=5208"}],"wp:term":[{"taxonomy":"category","embeddable":true,"href":"https:\/\/www.normisjon.no\/hordaland\/wp-json\/wp\/v2\/categories?post=5208"},{"taxonomy":"post_tag","embeddable":true,"href":"https:\/\/www.normisjon.no\/hordaland\/wp-json\/wp\/v2\/tags?post=5208"}],"curies":[{"name":"wp","href":"https:\/\/api.w.org\/{rel}","templated":true}]}}