{"id":5210,"date":"2025-11-13T11:48:43","date_gmt":"2025-11-13T10:48:43","guid":{"rendered":"https:\/\/www.normisjon.no\/hordaland\/?p=5210"},"modified":"2026-01-15T16:50:59","modified_gmt":"2026-01-15T15:50:59","slug":"gud-brakte-meg-hit-et-nytt-kapittel-for-normisjon-i-bangladesh","status":"publish","type":"post","link":"https:\/\/www.normisjon.no\/hordaland\/2025\/11\/13\/gud-brakte-meg-hit-et-nytt-kapittel-for-normisjon-i-bangladesh\/","title":{"rendered":"Gud brakte meg hit &#8211; Et nytt kapittel for Normisjon i Bangladesh"},"content":{"rendered":"<div class=\"entry-content alignfull wp-block-post-content has-global-padding is-layout-constrained wp-block-post-content-is-layout-constrained\">\n<p>N\u00e5r Rana Dipankar Mazumder blir spurt hvordan han endte opp som ny leder for Normisjon Bangladesh, svarer han uten \u00e5 n\u00f8le: \u2013 Gud brakte meg hit.<\/p>\n\n\n\n<figure class=\"wp-block-image size-large\"><img loading=\"lazy\" decoding=\"async\" width=\"1024\" height=\"575\" src=\"https:\/\/www.normisjon.no\/content\/uploads\/sites\/13\/2025\/11\/2025-Rana-1-1024x575.jpg\" alt=\"\" class=\"wp-image-5308\" srcset=\"https:\/\/www.normisjon.no\/content\/uploads\/sites\/13\/2025\/11\/2025-Rana-1-1024x575.jpg 1024w, https:\/\/www.normisjon.no\/content\/uploads\/sites\/13\/2025\/11\/2025-Rana-1-300x169.jpg 300w, https:\/\/www.normisjon.no\/content\/uploads\/sites\/13\/2025\/11\/2025-Rana-1-768x432.jpg 768w, https:\/\/www.normisjon.no\/content\/uploads\/sites\/13\/2025\/11\/2025-Rana-1-1536x863.jpg 1536w, https:\/\/www.normisjon.no\/content\/uploads\/sites\/13\/2025\/11\/2025-Rana-1-2048x1151.jpg 2048w, https:\/\/www.normisjon.no\/content\/uploads\/sites\/13\/2025\/11\/2025-Rana-1-1920x1079.jpg 1920w, https:\/\/www.normisjon.no\/content\/uploads\/sites\/13\/2025\/11\/2025-Rana-1-1360x764.jpg 1360w, https:\/\/www.normisjon.no\/content\/uploads\/sites\/13\/2025\/11\/2025-Rana-1-960x539.jpg 960w\" sizes=\"auto, (max-width: 1024px) 100vw, 1024px\" \/><\/figure>\n\n\n\n<p>Han kommer for \u00e5 dele glimt fra livet, troen og misjonsoppdraget han n\u00e5 leder i Bangladesh \u2013 et arbeid som bygger videre p\u00e5 en historie som startet langt f\u00f8r oss. Fra Skrefsrud til i dag Historien om Normisjons arbeid i Bangladesh g\u00e5r tilbake til Lars Olsen Skrefsrud, som ble kalt til santalfolket i Bengal p\u00e5 1800-tallet. Det som begynte som sm\u00e5 misjonsstasjoner, utviklet seg til levende fellesskap der tro, omsorg, skole og h\u00e5p fikk sl\u00e5 rot.<\/p>\n\n\n\n<p>Gjennom generasjoner vokste arbeidet videre. Det gikk fra klassisk misjon til helhetlig utviklingsarbeid \u2013 og videre til et arbeid som i dag st\u00e5r sterkt p\u00e5 lokalt lederskap. Normisjon Bangladesh er ikke lenger noe som gj\u00f8res for folket i Bangladesh, men sammen med dem.<\/p>\n\n\n\n<p>Den arven b\u00e6rer Rana videre. Et arbeid som forandrer liv Normisjon Bangladesh jobber i dag for \u00e5 skape et tryggere og mer rettferdig samfunn \u2013 s\u00e6rlig for barn, unge og kvinner. Rana brenner spesielt for prosjektene Trygg Barndom og Like mye verdt, som l\u00f8fter barns trygghet, kvinners rettigheter og menneskeverd i praksis.<\/p>\n\n\n\n<p>\u2013 Vi \u00f8nsker at hvert barn skal vokse opp med trygghet, tro og muligheter. Og at hver kvinne skal vite at hun er skapt og elsket av Gud, sier Rana.<\/p>\n\n\n\n<p>Med bakgrunn fra World Vision og mange \u00e5r som mentor for kristen ungdom, b\u00e6rer Rana en sterk visjon: at Normisjon Bangladesh skal v\u00e6re et forbilde for kristne organisasjoner i landet \u2013 preget av varme, tjenende lederskap og Jesu kj\u00e6rlighet i praksis. En kveld for fellesskap, tro og misjon<\/p>\n\n\n\n<p>N\u00e5r Rana kommer til Bergen i januar, inviterer vi til en kveld med fortellinger fra Bangladesh, lovsang, fellesskap og forb\u00f8nn. Dette blir ikke bare et m\u00f8te med en leder, men et m\u00f8te med hva Gud gj\u00f8r i verden \u2013 og en anledning til \u00e5 st\u00e5 sammen i det globale misjonsoppdraget. Kom og la deg inspirere av troen, motet og h\u00e5pet som b\u00e6rer kirken i Bangladesh.<\/p>\n\n\n\n<p>Kanskje Gud ogs\u00e5 minner oss om v\u00e5r plass i misjonens store fortelling?<\/p>\n<\/div>","protected":false},"excerpt":{"rendered":"<p>N\u00e5r Rana Dipankar Mazumder blir spurt hvordan han endte opp som ny leder for Normisjon Bangladesh, svarer han uten \u00e5 n\u00f8le: \u2013 Gud brakte meg [&hellip;]<\/p>\n","protected":false},"author":57,"featured_media":5308,"comment_status":"closed","ping_status":"closed","sticky":false,"template":"","format":"standard","meta":{"_acf_changed":false,"footnotes":""},"categories":[11,20],"tags":[],"class_list":["post-5210","post","type-post","status-publish","format-standard","has-post-thumbnail","hentry","category-bangladesh","category-internasjonalt"],"acf":[],"yoast_head":"<!-- This site is optimized with the Yoast SEO plugin v25.9 - https:\/\/yoast.com\/wordpress\/plugins\/seo\/ -->\n<title>Gud brakte meg hit - Et nytt kapittel for Normisjon i Bangladesh &#8211; Normisjon Hordaland<\/title>\n<meta name=\"robots\" content=\"index, follow, max-snippet:-1, max-image-preview:large, max-video-preview:-1\" \/>\n<link rel=\"canonical\" href=\"https:\/\/www.normisjon.no\/hordaland\/2025\/11\/13\/gud-brakte-meg-hit-et-nytt-kapittel-for-normisjon-i-bangladesh\/\" \/>\n<meta property=\"og:locale\" content=\"nb_NO\" \/>\n<meta property=\"og:type\" content=\"article\" \/>\n<meta property=\"og:title\" content=\"Gud brakte meg hit - Et nytt kapittel for Normisjon i Bangladesh &#8211; Normisjon Hordaland\" \/>\n<meta property=\"og:description\" content=\"N\u00e5r Rana Dipankar Mazumder blir spurt hvordan han endte opp som ny leder for Normisjon Bangladesh, svarer han uten \u00e5 n\u00f8le: \u2013 Gud brakte meg [&hellip;]\" \/>\n<meta property=\"og:url\" content=\"https:\/\/www.normisjon.no\/hordaland\/2025\/11\/13\/gud-brakte-meg-hit-et-nytt-kapittel-for-normisjon-i-bangladesh\/\" \/>\n<meta property=\"og:site_name\" content=\"Normisjon Hordaland\" \/>\n<meta property=\"article:publisher\" content=\"https:\/\/www.facebook.com\/normisjon.hordaland\" \/>\n<meta property=\"article:published_time\" content=\"2025-11-13T10:48:43+00:00\" \/>\n<meta property=\"article:modified_time\" content=\"2026-01-15T15:50:59+00:00\" \/>\n<meta property=\"og:image\" content=\"https:\/\/www.normisjon.no\/content\/uploads\/sites\/13\/2025\/11\/2025-Rana-1-scaled.jpg\" \/>\n\t<meta property=\"og:image:width\" content=\"2560\" \/>\n\t<meta property=\"og:image:height\" content=\"1438\" \/>\n\t<meta property=\"og:image:type\" content=\"image\/jpeg\" \/>\n<meta name=\"author\" content=\"thomas\" \/>\n<meta name=\"twitter:card\" content=\"summary_large_image\" \/>\n<meta name=\"twitter:creator\" content=\"@Normisjon_hord\" \/>\n<meta name=\"twitter:site\" content=\"@Normisjon_hord\" \/>\n<meta name=\"twitter:label1\" content=\"Skrevet av\" \/>\n\t<meta name=\"twitter:data1\" content=\"thomas\" \/>\n\t<meta name=\"twitter:label2\" content=\"Ansl. lesetid\" \/>\n\t<meta name=\"twitter:data2\" content=\"3 minutter\" \/>\n<script type=\"application\/ld+json\" class=\"yoast-schema-graph\">{\"@context\":\"https:\/\/schema.org\",\"@graph\":[{\"@type\":\"Article\",\"@id\":\"https:\/\/www.normisjon.no\/hordaland\/2025\/11\/13\/gud-brakte-meg-hit-et-nytt-kapittel-for-normisjon-i-bangladesh\/#article\",\"isPartOf\":{\"@id\":\"https:\/\/www.normisjon.no\/hordaland\/2025\/11\/13\/gud-brakte-meg-hit-et-nytt-kapittel-for-normisjon-i-bangladesh\/\"},\"author\":{\"name\":\"thomas\",\"@id\":\"https:\/\/www.normisjon.no\/hordaland\/#\/schema\/person\/b3006b4bccdc2cb50abc2bd344c6df67\"},\"headline\":\"Gud brakte meg hit &#8211; Et nytt kapittel for Normisjon i Bangladesh\",\"datePublished\":\"2025-11-13T10:48:43+00:00\",\"dateModified\":\"2026-01-15T15:50:59+00:00\",\"mainEntityOfPage\":{\"@id\":\"https:\/\/www.normisjon.no\/hordaland\/2025\/11\/13\/gud-brakte-meg-hit-et-nytt-kapittel-for-normisjon-i-bangladesh\/\"},\"wordCount\":374,\"publisher\":{\"@id\":\"https:\/\/www.normisjon.no\/hordaland\/#organization\"},\"image\":{\"@id\":\"https:\/\/www.normisjon.no\/hordaland\/2025\/11\/13\/gud-brakte-meg-hit-et-nytt-kapittel-for-normisjon-i-bangladesh\/#primaryimage\"},\"thumbnailUrl\":\"https:\/\/www.normisjon.no\/content\/uploads\/sites\/13\/2025\/11\/2025-Rana-1-scaled.jpg\",\"articleSection\":[\"Bangladesh\",\"Internasjonalt\"],\"inLanguage\":\"nb-NO\"},{\"@type\":\"WebPage\",\"@id\":\"https:\/\/www.normisjon.no\/hordaland\/2025\/11\/13\/gud-brakte-meg-hit-et-nytt-kapittel-for-normisjon-i-bangladesh\/\",\"url\":\"https:\/\/www.normisjon.no\/hordaland\/2025\/11\/13\/gud-brakte-meg-hit-et-nytt-kapittel-for-normisjon-i-bangladesh\/\",\"name\":\"Gud brakte meg hit - Et nytt kapittel for Normisjon i Bangladesh &#8211; Normisjon Hordaland\",\"isPartOf\":{\"@id\":\"https:\/\/www.normisjon.no\/hordaland\/#website\"},\"primaryImageOfPage\":{\"@id\":\"https:\/\/www.normisjon.no\/hordaland\/2025\/11\/13\/gud-brakte-meg-hit-et-nytt-kapittel-for-normisjon-i-bangladesh\/#primaryimage\"},\"image\":{\"@id\":\"https:\/\/www.normisjon.no\/hordaland\/2025\/11\/13\/gud-brakte-meg-hit-et-nytt-kapittel-for-normisjon-i-bangladesh\/#primaryimage\"},\"thumbnailUrl\":\"https:\/\/www.normisjon.no\/content\/uploads\/sites\/13\/2025\/11\/2025-Rana-1-scaled.jpg\",\"datePublished\":\"2025-11-13T10:48:43+00:00\",\"dateModified\":\"2026-01-15T15:50:59+00:00\",\"breadcrumb\":{\"@id\":\"https:\/\/www.normisjon.no\/hordaland\/2025\/11\/13\/gud-brakte-meg-hit-et-nytt-kapittel-for-normisjon-i-bangladesh\/#breadcrumb\"},\"inLanguage\":\"nb-NO\",\"potentialAction\":[{\"@type\":\"ReadAction\",\"target\":[\"https:\/\/www.normisjon.no\/hordaland\/2025\/11\/13\/gud-brakte-meg-hit-et-nytt-kapittel-for-normisjon-i-bangladesh\/\"]}]},{\"@type\":\"ImageObject\",\"inLanguage\":\"nb-NO\",\"@id\":\"https:\/\/www.normisjon.no\/hordaland\/2025\/11\/13\/gud-brakte-meg-hit-et-nytt-kapittel-for-normisjon-i-bangladesh\/#primaryimage\",\"url\":\"https:\/\/www.normisjon.no\/content\/uploads\/sites\/13\/2025\/11\/2025-Rana-1-scaled.jpg\",\"contentUrl\":\"https:\/\/www.normisjon.no\/content\/uploads\/sites\/13\/2025\/11\/2025-Rana-1-scaled.jpg\",\"width\":2560,\"height\":1438},{\"@type\":\"BreadcrumbList\",\"@id\":\"https:\/\/www.normisjon.no\/hordaland\/2025\/11\/13\/gud-brakte-meg-hit-et-nytt-kapittel-for-normisjon-i-bangladesh\/#breadcrumb\",\"itemListElement\":[{\"@type\":\"ListItem\",\"position\":1,\"name\":\"Home\",\"item\":\"https:\/\/www.normisjon.no\/hordaland\/\"},{\"@type\":\"ListItem\",\"position\":2,\"name\":\"Gud brakte meg hit &#8211; Et nytt kapittel for Normisjon i Bangladesh\"}]},{\"@type\":\"WebSite\",\"@id\":\"https:\/\/www.normisjon.no\/hordaland\/#website\",\"url\":\"https:\/\/www.normisjon.no\/hordaland\/\",\"name\":\"Normisjon Hordaland\",\"description\":\"\",\"publisher\":{\"@id\":\"https:\/\/www.normisjon.no\/hordaland\/#organization\"},\"potentialAction\":[{\"@type\":\"SearchAction\",\"target\":{\"@type\":\"EntryPoint\",\"urlTemplate\":\"https:\/\/www.normisjon.no\/hordaland\/?s={search_term_string}\"},\"query-input\":{\"@type\":\"PropertyValueSpecification\",\"valueRequired\":true,\"valueName\":\"search_term_string\"}}],\"inLanguage\":\"nb-NO\"},{\"@type\":\"Organization\",\"@id\":\"https:\/\/www.normisjon.no\/hordaland\/#organization\",\"name\":\"Normisjon Hordaland\",\"url\":\"https:\/\/www.normisjon.no\/hordaland\/\",\"logo\":{\"@type\":\"ImageObject\",\"inLanguage\":\"nb-NO\",\"@id\":\"https:\/\/www.normisjon.no\/hordaland\/#\/schema\/logo\/image\/\",\"url\":\"https:\/\/www.normisjon.no\/content\/uploads\/sites\/13\/2021\/10\/normisjon-liggende-logo.jpg\",\"contentUrl\":\"https:\/\/www.normisjon.no\/content\/uploads\/sites\/13\/2021\/10\/normisjon-liggende-logo.jpg\",\"width\":850,\"height\":216,\"caption\":\"Normisjon Hordaland\"},\"image\":{\"@id\":\"https:\/\/www.normisjon.no\/hordaland\/#\/schema\/logo\/image\/\"},\"sameAs\":[\"https:\/\/www.facebook.com\/normisjon.hordaland\",\"https:\/\/x.com\/Normisjon_hord\"]},{\"@type\":\"Person\",\"@id\":\"https:\/\/www.normisjon.no\/hordaland\/#\/schema\/person\/b3006b4bccdc2cb50abc2bd344c6df67\",\"name\":\"thomas\",\"image\":{\"@type\":\"ImageObject\",\"inLanguage\":\"nb-NO\",\"@id\":\"https:\/\/www.normisjon.no\/hordaland\/#\/schema\/person\/image\/\",\"url\":\"https:\/\/secure.gravatar.com\/avatar\/f97c1097615a20f4b67ad47de64cbf69ae546c210cbfdd15aab241cb06bae284?s=96&d=mm&r=g\",\"contentUrl\":\"https:\/\/secure.gravatar.com\/avatar\/f97c1097615a20f4b67ad47de64cbf69ae546c210cbfdd15aab241cb06bae284?s=96&d=mm&r=g\",\"caption\":\"thomas\"},\"url\":\"https:\/\/www.normisjon.no\/hordaland\/author\/thomas\/\"}]}<\/script>\n<!-- \/ Yoast SEO plugin. -->","yoast_head_json":{"title":"Gud brakte meg hit - Et nytt kapittel for Normisjon i Bangladesh &#8211; Normisjon Hordaland","robots":{"index":"index","follow":"follow","max-snippet":"max-snippet:-1","max-image-preview":"max-image-preview:large","max-video-preview":"max-video-preview:-1"},"canonical":"https:\/\/www.normisjon.no\/hordaland\/2025\/11\/13\/gud-brakte-meg-hit-et-nytt-kapittel-for-normisjon-i-bangladesh\/","og_locale":"nb_NO","og_type":"article","og_title":"Gud brakte meg hit - Et nytt kapittel for Normisjon i Bangladesh &#8211; Normisjon Hordaland","og_description":"N\u00e5r Rana Dipankar Mazumder blir spurt hvordan han endte opp som ny leder for Normisjon Bangladesh, svarer han uten \u00e5 n\u00f8le: \u2013 Gud brakte meg [&hellip;]","og_url":"https:\/\/www.normisjon.no\/hordaland\/2025\/11\/13\/gud-brakte-meg-hit-et-nytt-kapittel-for-normisjon-i-bangladesh\/","og_site_name":"Normisjon Hordaland","article_publisher":"https:\/\/www.facebook.com\/normisjon.hordaland","article_published_time":"2025-11-13T10:48:43+00:00","article_modified_time":"2026-01-15T15:50:59+00:00","og_image":[{"width":2560,"height":1438,"url":"https:\/\/www.normisjon.no\/content\/uploads\/sites\/13\/2025\/11\/2025-Rana-1-scaled.jpg","type":"image\/jpeg"}],"author":"thomas","twitter_card":"summary_large_image","twitter_creator":"@Normisjon_hord","twitter_site":"@Normisjon_hord","twitter_misc":{"Skrevet av":"thomas","Ansl. lesetid":"3 minutter"},"schema":{"@context":"https:\/\/schema.org","@graph":[{"@type":"Article","@id":"https:\/\/www.normisjon.no\/hordaland\/2025\/11\/13\/gud-brakte-meg-hit-et-nytt-kapittel-for-normisjon-i-bangladesh\/#article","isPartOf":{"@id":"https:\/\/www.normisjon.no\/hordaland\/2025\/11\/13\/gud-brakte-meg-hit-et-nytt-kapittel-for-normisjon-i-bangladesh\/"},"author":{"name":"thomas","@id":"https:\/\/www.normisjon.no\/hordaland\/#\/schema\/person\/b3006b4bccdc2cb50abc2bd344c6df67"},"headline":"Gud brakte meg hit &#8211; Et nytt kapittel for Normisjon i Bangladesh","datePublished":"2025-11-13T10:48:43+00:00","dateModified":"2026-01-15T15:50:59+00:00","mainEntityOfPage":{"@id":"https:\/\/www.normisjon.no\/hordaland\/2025\/11\/13\/gud-brakte-meg-hit-et-nytt-kapittel-for-normisjon-i-bangladesh\/"},"wordCount":374,"publisher":{"@id":"https:\/\/www.normisjon.no\/hordaland\/#organization"},"image":{"@id":"https:\/\/www.normisjon.no\/hordaland\/2025\/11\/13\/gud-brakte-meg-hit-et-nytt-kapittel-for-normisjon-i-bangladesh\/#primaryimage"},"thumbnailUrl":"https:\/\/www.normisjon.no\/content\/uploads\/sites\/13\/2025\/11\/2025-Rana-1-scaled.jpg","articleSection":["Bangladesh","Internasjonalt"],"inLanguage":"nb-NO"},{"@type":"WebPage","@id":"https:\/\/www.normisjon.no\/hordaland\/2025\/11\/13\/gud-brakte-meg-hit-et-nytt-kapittel-for-normisjon-i-bangladesh\/","url":"https:\/\/www.normisjon.no\/hordaland\/2025\/11\/13\/gud-brakte-meg-hit-et-nytt-kapittel-for-normisjon-i-bangladesh\/","name":"Gud brakte meg hit - Et nytt kapittel for Normisjon i Bangladesh &#8211; Normisjon Hordaland","isPartOf":{"@id":"https:\/\/www.normisjon.no\/hordaland\/#website"},"primaryImageOfPage":{"@id":"https:\/\/www.normisjon.no\/hordaland\/2025\/11\/13\/gud-brakte-meg-hit-et-nytt-kapittel-for-normisjon-i-bangladesh\/#primaryimage"},"image":{"@id":"https:\/\/www.normisjon.no\/hordaland\/2025\/11\/13\/gud-brakte-meg-hit-et-nytt-kapittel-for-normisjon-i-bangladesh\/#primaryimage"},"thumbnailUrl":"https:\/\/www.normisjon.no\/content\/uploads\/sites\/13\/2025\/11\/2025-Rana-1-scaled.jpg","datePublished":"2025-11-13T10:48:43+00:00","dateModified":"2026-01-15T15:50:59+00:00","breadcrumb":{"@id":"https:\/\/www.normisjon.no\/hordaland\/2025\/11\/13\/gud-brakte-meg-hit-et-nytt-kapittel-for-normisjon-i-bangladesh\/#breadcrumb"},"inLanguage":"nb-NO","potentialAction":[{"@type":"ReadAction","target":["https:\/\/www.normisjon.no\/hordaland\/2025\/11\/13\/gud-brakte-meg-hit-et-nytt-kapittel-for-normisjon-i-bangladesh\/"]}]},{"@type":"ImageObject","inLanguage":"nb-NO","@id":"https:\/\/www.normisjon.no\/hordaland\/2025\/11\/13\/gud-brakte-meg-hit-et-nytt-kapittel-for-normisjon-i-bangladesh\/#primaryimage","url":"https:\/\/www.normisjon.no\/content\/uploads\/sites\/13\/2025\/11\/2025-Rana-1-scaled.jpg","contentUrl":"https:\/\/www.normisjon.no\/content\/uploads\/sites\/13\/2025\/11\/2025-Rana-1-scaled.jpg","width":2560,"height":1438},{"@type":"BreadcrumbList","@id":"https:\/\/www.normisjon.no\/hordaland\/2025\/11\/13\/gud-brakte-meg-hit-et-nytt-kapittel-for-normisjon-i-bangladesh\/#breadcrumb","itemListElement":[{"@type":"ListItem","position":1,"name":"Home","item":"https:\/\/www.normisjon.no\/hordaland\/"},{"@type":"ListItem","position":2,"name":"Gud brakte meg hit &#8211; Et nytt kapittel for Normisjon i Bangladesh"}]},{"@type":"WebSite","@id":"https:\/\/www.normisjon.no\/hordaland\/#website","url":"https:\/\/www.normisjon.no\/hordaland\/","name":"Normisjon Hordaland","description":"","publisher":{"@id":"https:\/\/www.normisjon.no\/hordaland\/#organization"},"potentialAction":[{"@type":"SearchAction","target":{"@type":"EntryPoint","urlTemplate":"https:\/\/www.normisjon.no\/hordaland\/?s={search_term_string}"},"query-input":{"@type":"PropertyValueSpecification","valueRequired":true,"valueName":"search_term_string"}}],"inLanguage":"nb-NO"},{"@type":"Organization","@id":"https:\/\/www.normisjon.no\/hordaland\/#organization","name":"Normisjon Hordaland","url":"https:\/\/www.normisjon.no\/hordaland\/","logo":{"@type":"ImageObject","inLanguage":"nb-NO","@id":"https:\/\/www.normisjon.no\/hordaland\/#\/schema\/logo\/image\/","url":"https:\/\/www.normisjon.no\/content\/uploads\/sites\/13\/2021\/10\/normisjon-liggende-logo.jpg","contentUrl":"https:\/\/www.normisjon.no\/content\/uploads\/sites\/13\/2021\/10\/normisjon-liggende-logo.jpg","width":850,"height":216,"caption":"Normisjon Hordaland"},"image":{"@id":"https:\/\/www.normisjon.no\/hordaland\/#\/schema\/logo\/image\/"},"sameAs":["https:\/\/www.facebook.com\/normisjon.hordaland","https:\/\/x.com\/Normisjon_hord"]},{"@type":"Person","@id":"https:\/\/www.normisjon.no\/hordaland\/#\/schema\/person\/b3006b4bccdc2cb50abc2bd344c6df67","name":"thomas","image":{"@type":"ImageObject","inLanguage":"nb-NO","@id":"https:\/\/www.normisjon.no\/hordaland\/#\/schema\/person\/image\/","url":"https:\/\/secure.gravatar.com\/avatar\/f97c1097615a20f4b67ad47de64cbf69ae546c210cbfdd15aab241cb06bae284?s=96&d=mm&r=g","contentUrl":"https:\/\/secure.gravatar.com\/avatar\/f97c1097615a20f4b67ad47de64cbf69ae546c210cbfdd15aab241cb06bae284?s=96&d=mm&r=g","caption":"thomas"},"url":"https:\/\/www.normisjon.no\/hordaland\/author\/thomas\/"}]}},"_links":{"self":[{"href":"https:\/\/www.normisjon.no\/hordaland\/wp-json\/wp\/v2\/posts\/5210","targetHints":{"allow":["GET"]}}],"collection":[{"href":"https:\/\/www.normisjon.no\/hordaland\/wp-json\/wp\/v2\/posts"}],"about":[{"href":"https:\/\/www.normisjon.no\/hordaland\/wp-json\/wp\/v2\/types\/post"}],"author":[{"embeddable":true,"href":"https:\/\/www.normisjon.no\/hordaland\/wp-json\/wp\/v2\/users\/57"}],"replies":[{"embeddable":true,"href":"https:\/\/www.normisjon.no\/hordaland\/wp-json\/wp\/v2\/comments?post=5210"}],"version-history":[{"count":5,"href":"https:\/\/www.normisjon.no\/hordaland\/wp-json\/wp\/v2\/posts\/5210\/revisions"}],"predecessor-version":[{"id":5309,"href":"https:\/\/www.normisjon.no\/hordaland\/wp-json\/wp\/v2\/posts\/5210\/revisions\/5309"}],"wp:featuredmedia":[{"embeddable":true,"href":"https:\/\/www.normisjon.no\/hordaland\/wp-json\/wp\/v2\/media\/5308"}],"wp:attachment":[{"href":"https:\/\/www.normisjon.no\/hordaland\/wp-json\/wp\/v2\/media?parent=5210"}],"wp:term":[{"taxonomy":"category","embeddable":true,"href":"https:\/\/www.normisjon.no\/hordaland\/wp-json\/wp\/v2\/categories?post=5210"},{"taxonomy":"post_tag","embeddable":true,"href":"https:\/\/www.normisjon.no\/hordaland\/wp-json\/wp\/v2\/tags?post=5210"}],"curies":[{"name":"wp","href":"https:\/\/api.w.org\/{rel}","templated":true}]}}