{"id":5319,"date":"2026-02-05T15:40:15","date_gmt":"2026-02-05T14:40:15","guid":{"rendered":"https:\/\/www.normisjon.no\/hordaland\/?p=5319"},"modified":"2026-03-27T11:35:33","modified_gmt":"2026-03-27T10:35:33","slug":"studentkafe-i-bergen-lesesal-med-lave-skuldre","status":"publish","type":"post","link":"https:\/\/www.normisjon.no\/hordaland\/2026\/02\/05\/studentkafe-i-bergen-lesesal-med-lave-skuldre\/","title":{"rendered":"Studentkaf\u00e9 i Bergen \u2013 lesesal med lave skuldre"},"content":{"rendered":"<div class=\"entry-content alignfull wp-block-post-content has-global-padding is-layout-constrained wp-block-post-content-is-layout-constrained\">\n<p>Hver torsdag \u00e5pner Studentkaf\u00e9 d\u00f8rene i Misjonssenteret i Bergen. Studentkaf\u00e9 fungerer som en lesesal med kaf\u00e9stemning: God kaffe, arbeidsro og mennesker rundt deg \u2013 med lave skuldre.<\/p>\n\n\n\n<figure class=\"wp-block-image size-large\"><img loading=\"lazy\" decoding=\"async\" width=\"1024\" height=\"576\" src=\"https:\/\/www.normisjon.no\/content\/uploads\/sites\/13\/2026\/03\/2025-05-01-Studentkafe-00012-1024x576.jpg\" alt=\"\" class=\"wp-image-5369\" srcset=\"https:\/\/www.normisjon.no\/content\/uploads\/sites\/13\/2026\/03\/2025-05-01-Studentkafe-00012-1024x576.jpg 1024w, https:\/\/www.normisjon.no\/content\/uploads\/sites\/13\/2026\/03\/2025-05-01-Studentkafe-00012-300x169.jpg 300w, https:\/\/www.normisjon.no\/content\/uploads\/sites\/13\/2026\/03\/2025-05-01-Studentkafe-00012-768x432.jpg 768w, https:\/\/www.normisjon.no\/content\/uploads\/sites\/13\/2026\/03\/2025-05-01-Studentkafe-00012-1536x864.jpg 1536w, https:\/\/www.normisjon.no\/content\/uploads\/sites\/13\/2026\/03\/2025-05-01-Studentkafe-00012-1360x765.jpg 1360w, https:\/\/www.normisjon.no\/content\/uploads\/sites\/13\/2026\/03\/2025-05-01-Studentkafe-00012-960x540.jpg 960w, https:\/\/www.normisjon.no\/content\/uploads\/sites\/13\/2026\/03\/2025-05-01-Studentkafe-00012.jpg 1920w\" sizes=\"auto, (max-width: 1024px) 100vw, 1024px\" \/><\/figure>\n\n\n\n<p>Her kan studenter komme og g\u00e5 n\u00e5r det passer, jobbe i stillhet, ta pauser og v\u00e6re s\u00e5 sosial \u2013 eller usosial \u2013 som de selv \u00f8nsker. Det er plass til b\u00e5de pensumb\u00f8ker og PC, og cappuccinoen st\u00e5r klar.<\/p>\n\n\n\n<p>Midt p\u00e5 dagen spiser man lunsj sammen, og som regel setter de ansatte i regionen seg ned sammen med studentene. Helt uformelt \u2013 mest for \u00e5 v\u00e6re til stede og dele et m\u00e5ltid.<\/p>\n\n\n\n<figure class=\"wp-block-image size-large\"><img loading=\"lazy\" decoding=\"async\" width=\"1024\" height=\"576\" src=\"https:\/\/www.normisjon.no\/content\/uploads\/sites\/13\/2026\/03\/2025-04-10-Studentkafe-00001-1024x576.jpg\" alt=\"\" class=\"wp-image-5362\" srcset=\"https:\/\/www.normisjon.no\/content\/uploads\/sites\/13\/2026\/03\/2025-04-10-Studentkafe-00001-1024x576.jpg 1024w, https:\/\/www.normisjon.no\/content\/uploads\/sites\/13\/2026\/03\/2025-04-10-Studentkafe-00001-300x169.jpg 300w, https:\/\/www.normisjon.no\/content\/uploads\/sites\/13\/2026\/03\/2025-04-10-Studentkafe-00001-768x432.jpg 768w, https:\/\/www.normisjon.no\/content\/uploads\/sites\/13\/2026\/03\/2025-04-10-Studentkafe-00001-1536x864.jpg 1536w, https:\/\/www.normisjon.no\/content\/uploads\/sites\/13\/2026\/03\/2025-04-10-Studentkafe-00001-1360x765.jpg 1360w, https:\/\/www.normisjon.no\/content\/uploads\/sites\/13\/2026\/03\/2025-04-10-Studentkafe-00001-960x540.jpg 960w, https:\/\/www.normisjon.no\/content\/uploads\/sites\/13\/2026\/03\/2025-04-10-Studentkafe-00001.jpg 1920w\" sizes=\"auto, (max-width: 1024px) 100vw, 1024px\" \/><\/figure>\n\n\n\n<p>Studentkaf\u00e9 er et enkelt fellesskap for studenter \u2013 og et fint sted \u00e5 h\u00f8re til i en travel studenthverdag.<\/p>\n\n\n\n<p>Tid: Torsdager kl. 09.00\u201315.00<br>Sted: Kompagniet, Bj\u00f8rnsons gate 11, Bergen<\/p>\n<\/div>","protected":false},"excerpt":{"rendered":"<p>Hver torsdag \u00e5pner Studentkaf\u00e9 d\u00f8rene i Misjonssenteret i Bergen. Studentkaf\u00e9 fungerer som en lesesal med kaf\u00e9stemning: God kaffe, arbeidsro og mennesker rundt deg \u2013 med [&hellip;]<\/p>\n","protected":false},"author":57,"featured_media":5369,"comment_status":"closed","ping_status":"closed","sticky":false,"template":"","format":"standard","meta":{"_acf_changed":false,"footnotes":""},"categories":[1],"tags":[],"class_list":["post-5319","post","type-post","status-publish","format-standard","has-post-thumbnail","hentry","category-ukategorisert"],"acf":[],"yoast_head":"<!-- This site is optimized with the Yoast SEO plugin v25.9 - https:\/\/yoast.com\/wordpress\/plugins\/seo\/ -->\n<title>Studentkaf\u00e9 i Bergen \u2013 lesesal med lave skuldre &#8211; Normisjon Hordaland<\/title>\n<meta name=\"robots\" content=\"index, follow, max-snippet:-1, max-image-preview:large, max-video-preview:-1\" \/>\n<link rel=\"canonical\" href=\"https:\/\/www.normisjon.no\/hordaland\/2026\/02\/05\/studentkafe-i-bergen-lesesal-med-lave-skuldre\/\" \/>\n<meta property=\"og:locale\" content=\"nb_NO\" \/>\n<meta property=\"og:type\" content=\"article\" \/>\n<meta property=\"og:title\" content=\"Studentkaf\u00e9 i Bergen \u2013 lesesal med lave skuldre &#8211; Normisjon Hordaland\" \/>\n<meta property=\"og:description\" content=\"Hver torsdag \u00e5pner Studentkaf\u00e9 d\u00f8rene i Misjonssenteret i Bergen. Studentkaf\u00e9 fungerer som en lesesal med kaf\u00e9stemning: God kaffe, arbeidsro og mennesker rundt deg \u2013 med [&hellip;]\" \/>\n<meta property=\"og:url\" content=\"https:\/\/www.normisjon.no\/hordaland\/2026\/02\/05\/studentkafe-i-bergen-lesesal-med-lave-skuldre\/\" \/>\n<meta property=\"og:site_name\" content=\"Normisjon Hordaland\" \/>\n<meta property=\"article:publisher\" content=\"https:\/\/www.facebook.com\/normisjon.hordaland\" \/>\n<meta property=\"article:published_time\" content=\"2026-02-05T14:40:15+00:00\" \/>\n<meta property=\"article:modified_time\" content=\"2026-03-27T10:35:33+00:00\" \/>\n<meta property=\"og:image\" content=\"https:\/\/www.normisjon.no\/content\/uploads\/sites\/13\/2026\/03\/2025-05-01-Studentkafe-00012.jpg\" \/>\n\t<meta property=\"og:image:width\" content=\"1920\" \/>\n\t<meta property=\"og:image:height\" content=\"1080\" \/>\n\t<meta property=\"og:image:type\" content=\"image\/jpeg\" \/>\n<meta name=\"author\" content=\"thomas\" \/>\n<meta name=\"twitter:card\" content=\"summary_large_image\" \/>\n<meta name=\"twitter:creator\" content=\"@Normisjon_hord\" \/>\n<meta name=\"twitter:site\" content=\"@Normisjon_hord\" \/>\n<meta name=\"twitter:label1\" content=\"Skrevet av\" \/>\n\t<meta name=\"twitter:data1\" content=\"thomas\" \/>\n\t<meta name=\"twitter:label2\" content=\"Ansl. lesetid\" \/>\n\t<meta name=\"twitter:data2\" content=\"2 minutter\" \/>\n<script type=\"application\/ld+json\" class=\"yoast-schema-graph\">{\"@context\":\"https:\/\/schema.org\",\"@graph\":[{\"@type\":\"Article\",\"@id\":\"https:\/\/www.normisjon.no\/hordaland\/2026\/02\/05\/studentkafe-i-bergen-lesesal-med-lave-skuldre\/#article\",\"isPartOf\":{\"@id\":\"https:\/\/www.normisjon.no\/hordaland\/2026\/02\/05\/studentkafe-i-bergen-lesesal-med-lave-skuldre\/\"},\"author\":{\"name\":\"thomas\",\"@id\":\"https:\/\/www.normisjon.no\/hordaland\/#\/schema\/person\/b3006b4bccdc2cb50abc2bd344c6df67\"},\"headline\":\"Studentkaf\u00e9 i Bergen \u2013 lesesal med lave skuldre\",\"datePublished\":\"2026-02-05T14:40:15+00:00\",\"dateModified\":\"2026-03-27T10:35:33+00:00\",\"mainEntityOfPage\":{\"@id\":\"https:\/\/www.normisjon.no\/hordaland\/2026\/02\/05\/studentkafe-i-bergen-lesesal-med-lave-skuldre\/\"},\"wordCount\":136,\"publisher\":{\"@id\":\"https:\/\/www.normisjon.no\/hordaland\/#organization\"},\"image\":{\"@id\":\"https:\/\/www.normisjon.no\/hordaland\/2026\/02\/05\/studentkafe-i-bergen-lesesal-med-lave-skuldre\/#primaryimage\"},\"thumbnailUrl\":\"https:\/\/www.normisjon.no\/content\/uploads\/sites\/13\/2026\/03\/2025-05-01-Studentkafe-00012.jpg\",\"inLanguage\":\"nb-NO\"},{\"@type\":\"WebPage\",\"@id\":\"https:\/\/www.normisjon.no\/hordaland\/2026\/02\/05\/studentkafe-i-bergen-lesesal-med-lave-skuldre\/\",\"url\":\"https:\/\/www.normisjon.no\/hordaland\/2026\/02\/05\/studentkafe-i-bergen-lesesal-med-lave-skuldre\/\",\"name\":\"Studentkaf\u00e9 i Bergen \u2013 lesesal med lave skuldre &#8211; Normisjon Hordaland\",\"isPartOf\":{\"@id\":\"https:\/\/www.normisjon.no\/hordaland\/#website\"},\"primaryImageOfPage\":{\"@id\":\"https:\/\/www.normisjon.no\/hordaland\/2026\/02\/05\/studentkafe-i-bergen-lesesal-med-lave-skuldre\/#primaryimage\"},\"image\":{\"@id\":\"https:\/\/www.normisjon.no\/hordaland\/2026\/02\/05\/studentkafe-i-bergen-lesesal-med-lave-skuldre\/#primaryimage\"},\"thumbnailUrl\":\"https:\/\/www.normisjon.no\/content\/uploads\/sites\/13\/2026\/03\/2025-05-01-Studentkafe-00012.jpg\",\"datePublished\":\"2026-02-05T14:40:15+00:00\",\"dateModified\":\"2026-03-27T10:35:33+00:00\",\"breadcrumb\":{\"@id\":\"https:\/\/www.normisjon.no\/hordaland\/2026\/02\/05\/studentkafe-i-bergen-lesesal-med-lave-skuldre\/#breadcrumb\"},\"inLanguage\":\"nb-NO\",\"potentialAction\":[{\"@type\":\"ReadAction\",\"target\":[\"https:\/\/www.normisjon.no\/hordaland\/2026\/02\/05\/studentkafe-i-bergen-lesesal-med-lave-skuldre\/\"]}]},{\"@type\":\"ImageObject\",\"inLanguage\":\"nb-NO\",\"@id\":\"https:\/\/www.normisjon.no\/hordaland\/2026\/02\/05\/studentkafe-i-bergen-lesesal-med-lave-skuldre\/#primaryimage\",\"url\":\"https:\/\/www.normisjon.no\/content\/uploads\/sites\/13\/2026\/03\/2025-05-01-Studentkafe-00012.jpg\",\"contentUrl\":\"https:\/\/www.normisjon.no\/content\/uploads\/sites\/13\/2026\/03\/2025-05-01-Studentkafe-00012.jpg\",\"width\":1920,\"height\":1080},{\"@type\":\"BreadcrumbList\",\"@id\":\"https:\/\/www.normisjon.no\/hordaland\/2026\/02\/05\/studentkafe-i-bergen-lesesal-med-lave-skuldre\/#breadcrumb\",\"itemListElement\":[{\"@type\":\"ListItem\",\"position\":1,\"name\":\"Home\",\"item\":\"https:\/\/www.normisjon.no\/hordaland\/\"},{\"@type\":\"ListItem\",\"position\":2,\"name\":\"Studentkaf\u00e9 i Bergen \u2013 lesesal med lave skuldre\"}]},{\"@type\":\"WebSite\",\"@id\":\"https:\/\/www.normisjon.no\/hordaland\/#website\",\"url\":\"https:\/\/www.normisjon.no\/hordaland\/\",\"name\":\"Normisjon Hordaland\",\"description\":\"\",\"publisher\":{\"@id\":\"https:\/\/www.normisjon.no\/hordaland\/#organization\"},\"potentialAction\":[{\"@type\":\"SearchAction\",\"target\":{\"@type\":\"EntryPoint\",\"urlTemplate\":\"https:\/\/www.normisjon.no\/hordaland\/?s={search_term_string}\"},\"query-input\":{\"@type\":\"PropertyValueSpecification\",\"valueRequired\":true,\"valueName\":\"search_term_string\"}}],\"inLanguage\":\"nb-NO\"},{\"@type\":\"Organization\",\"@id\":\"https:\/\/www.normisjon.no\/hordaland\/#organization\",\"name\":\"Normisjon Hordaland\",\"url\":\"https:\/\/www.normisjon.no\/hordaland\/\",\"logo\":{\"@type\":\"ImageObject\",\"inLanguage\":\"nb-NO\",\"@id\":\"https:\/\/www.normisjon.no\/hordaland\/#\/schema\/logo\/image\/\",\"url\":\"https:\/\/www.normisjon.no\/content\/uploads\/sites\/13\/2021\/10\/normisjon-liggende-logo.jpg\",\"contentUrl\":\"https:\/\/www.normisjon.no\/content\/uploads\/sites\/13\/2021\/10\/normisjon-liggende-logo.jpg\",\"width\":850,\"height\":216,\"caption\":\"Normisjon Hordaland\"},\"image\":{\"@id\":\"https:\/\/www.normisjon.no\/hordaland\/#\/schema\/logo\/image\/\"},\"sameAs\":[\"https:\/\/www.facebook.com\/normisjon.hordaland\",\"https:\/\/x.com\/Normisjon_hord\"]},{\"@type\":\"Person\",\"@id\":\"https:\/\/www.normisjon.no\/hordaland\/#\/schema\/person\/b3006b4bccdc2cb50abc2bd344c6df67\",\"name\":\"thomas\",\"image\":{\"@type\":\"ImageObject\",\"inLanguage\":\"nb-NO\",\"@id\":\"https:\/\/www.normisjon.no\/hordaland\/#\/schema\/person\/image\/\",\"url\":\"https:\/\/secure.gravatar.com\/avatar\/f97c1097615a20f4b67ad47de64cbf69ae546c210cbfdd15aab241cb06bae284?s=96&d=mm&r=g\",\"contentUrl\":\"https:\/\/secure.gravatar.com\/avatar\/f97c1097615a20f4b67ad47de64cbf69ae546c210cbfdd15aab241cb06bae284?s=96&d=mm&r=g\",\"caption\":\"thomas\"},\"url\":\"https:\/\/www.normisjon.no\/hordaland\/author\/thomas\/\"}]}<\/script>\n<!-- \/ Yoast SEO plugin. -->","yoast_head_json":{"title":"Studentkaf\u00e9 i Bergen \u2013 lesesal med lave skuldre &#8211; Normisjon Hordaland","robots":{"index":"index","follow":"follow","max-snippet":"max-snippet:-1","max-image-preview":"max-image-preview:large","max-video-preview":"max-video-preview:-1"},"canonical":"https:\/\/www.normisjon.no\/hordaland\/2026\/02\/05\/studentkafe-i-bergen-lesesal-med-lave-skuldre\/","og_locale":"nb_NO","og_type":"article","og_title":"Studentkaf\u00e9 i Bergen \u2013 lesesal med lave skuldre &#8211; Normisjon Hordaland","og_description":"Hver torsdag \u00e5pner Studentkaf\u00e9 d\u00f8rene i Misjonssenteret i Bergen. Studentkaf\u00e9 fungerer som en lesesal med kaf\u00e9stemning: God kaffe, arbeidsro og mennesker rundt deg \u2013 med [&hellip;]","og_url":"https:\/\/www.normisjon.no\/hordaland\/2026\/02\/05\/studentkafe-i-bergen-lesesal-med-lave-skuldre\/","og_site_name":"Normisjon Hordaland","article_publisher":"https:\/\/www.facebook.com\/normisjon.hordaland","article_published_time":"2026-02-05T14:40:15+00:00","article_modified_time":"2026-03-27T10:35:33+00:00","og_image":[{"width":1920,"height":1080,"url":"https:\/\/www.normisjon.no\/content\/uploads\/sites\/13\/2026\/03\/2025-05-01-Studentkafe-00012.jpg","type":"image\/jpeg"}],"author":"thomas","twitter_card":"summary_large_image","twitter_creator":"@Normisjon_hord","twitter_site":"@Normisjon_hord","twitter_misc":{"Skrevet av":"thomas","Ansl. lesetid":"2 minutter"},"schema":{"@context":"https:\/\/schema.org","@graph":[{"@type":"Article","@id":"https:\/\/www.normisjon.no\/hordaland\/2026\/02\/05\/studentkafe-i-bergen-lesesal-med-lave-skuldre\/#article","isPartOf":{"@id":"https:\/\/www.normisjon.no\/hordaland\/2026\/02\/05\/studentkafe-i-bergen-lesesal-med-lave-skuldre\/"},"author":{"name":"thomas","@id":"https:\/\/www.normisjon.no\/hordaland\/#\/schema\/person\/b3006b4bccdc2cb50abc2bd344c6df67"},"headline":"Studentkaf\u00e9 i Bergen \u2013 lesesal med lave skuldre","datePublished":"2026-02-05T14:40:15+00:00","dateModified":"2026-03-27T10:35:33+00:00","mainEntityOfPage":{"@id":"https:\/\/www.normisjon.no\/hordaland\/2026\/02\/05\/studentkafe-i-bergen-lesesal-med-lave-skuldre\/"},"wordCount":136,"publisher":{"@id":"https:\/\/www.normisjon.no\/hordaland\/#organization"},"image":{"@id":"https:\/\/www.normisjon.no\/hordaland\/2026\/02\/05\/studentkafe-i-bergen-lesesal-med-lave-skuldre\/#primaryimage"},"thumbnailUrl":"https:\/\/www.normisjon.no\/content\/uploads\/sites\/13\/2026\/03\/2025-05-01-Studentkafe-00012.jpg","inLanguage":"nb-NO"},{"@type":"WebPage","@id":"https:\/\/www.normisjon.no\/hordaland\/2026\/02\/05\/studentkafe-i-bergen-lesesal-med-lave-skuldre\/","url":"https:\/\/www.normisjon.no\/hordaland\/2026\/02\/05\/studentkafe-i-bergen-lesesal-med-lave-skuldre\/","name":"Studentkaf\u00e9 i Bergen \u2013 lesesal med lave skuldre &#8211; Normisjon Hordaland","isPartOf":{"@id":"https:\/\/www.normisjon.no\/hordaland\/#website"},"primaryImageOfPage":{"@id":"https:\/\/www.normisjon.no\/hordaland\/2026\/02\/05\/studentkafe-i-bergen-lesesal-med-lave-skuldre\/#primaryimage"},"image":{"@id":"https:\/\/www.normisjon.no\/hordaland\/2026\/02\/05\/studentkafe-i-bergen-lesesal-med-lave-skuldre\/#primaryimage"},"thumbnailUrl":"https:\/\/www.normisjon.no\/content\/uploads\/sites\/13\/2026\/03\/2025-05-01-Studentkafe-00012.jpg","datePublished":"2026-02-05T14:40:15+00:00","dateModified":"2026-03-27T10:35:33+00:00","breadcrumb":{"@id":"https:\/\/www.normisjon.no\/hordaland\/2026\/02\/05\/studentkafe-i-bergen-lesesal-med-lave-skuldre\/#breadcrumb"},"inLanguage":"nb-NO","potentialAction":[{"@type":"ReadAction","target":["https:\/\/www.normisjon.no\/hordaland\/2026\/02\/05\/studentkafe-i-bergen-lesesal-med-lave-skuldre\/"]}]},{"@type":"ImageObject","inLanguage":"nb-NO","@id":"https:\/\/www.normisjon.no\/hordaland\/2026\/02\/05\/studentkafe-i-bergen-lesesal-med-lave-skuldre\/#primaryimage","url":"https:\/\/www.normisjon.no\/content\/uploads\/sites\/13\/2026\/03\/2025-05-01-Studentkafe-00012.jpg","contentUrl":"https:\/\/www.normisjon.no\/content\/uploads\/sites\/13\/2026\/03\/2025-05-01-Studentkafe-00012.jpg","width":1920,"height":1080},{"@type":"BreadcrumbList","@id":"https:\/\/www.normisjon.no\/hordaland\/2026\/02\/05\/studentkafe-i-bergen-lesesal-med-lave-skuldre\/#breadcrumb","itemListElement":[{"@type":"ListItem","position":1,"name":"Home","item":"https:\/\/www.normisjon.no\/hordaland\/"},{"@type":"ListItem","position":2,"name":"Studentkaf\u00e9 i Bergen \u2013 lesesal med lave skuldre"}]},{"@type":"WebSite","@id":"https:\/\/www.normisjon.no\/hordaland\/#website","url":"https:\/\/www.normisjon.no\/hordaland\/","name":"Normisjon Hordaland","description":"","publisher":{"@id":"https:\/\/www.normisjon.no\/hordaland\/#organization"},"potentialAction":[{"@type":"SearchAction","target":{"@type":"EntryPoint","urlTemplate":"https:\/\/www.normisjon.no\/hordaland\/?s={search_term_string}"},"query-input":{"@type":"PropertyValueSpecification","valueRequired":true,"valueName":"search_term_string"}}],"inLanguage":"nb-NO"},{"@type":"Organization","@id":"https:\/\/www.normisjon.no\/hordaland\/#organization","name":"Normisjon Hordaland","url":"https:\/\/www.normisjon.no\/hordaland\/","logo":{"@type":"ImageObject","inLanguage":"nb-NO","@id":"https:\/\/www.normisjon.no\/hordaland\/#\/schema\/logo\/image\/","url":"https:\/\/www.normisjon.no\/content\/uploads\/sites\/13\/2021\/10\/normisjon-liggende-logo.jpg","contentUrl":"https:\/\/www.normisjon.no\/content\/uploads\/sites\/13\/2021\/10\/normisjon-liggende-logo.jpg","width":850,"height":216,"caption":"Normisjon Hordaland"},"image":{"@id":"https:\/\/www.normisjon.no\/hordaland\/#\/schema\/logo\/image\/"},"sameAs":["https:\/\/www.facebook.com\/normisjon.hordaland","https:\/\/x.com\/Normisjon_hord"]},{"@type":"Person","@id":"https:\/\/www.normisjon.no\/hordaland\/#\/schema\/person\/b3006b4bccdc2cb50abc2bd344c6df67","name":"thomas","image":{"@type":"ImageObject","inLanguage":"nb-NO","@id":"https:\/\/www.normisjon.no\/hordaland\/#\/schema\/person\/image\/","url":"https:\/\/secure.gravatar.com\/avatar\/f97c1097615a20f4b67ad47de64cbf69ae546c210cbfdd15aab241cb06bae284?s=96&d=mm&r=g","contentUrl":"https:\/\/secure.gravatar.com\/avatar\/f97c1097615a20f4b67ad47de64cbf69ae546c210cbfdd15aab241cb06bae284?s=96&d=mm&r=g","caption":"thomas"},"url":"https:\/\/www.normisjon.no\/hordaland\/author\/thomas\/"}]}},"_links":{"self":[{"href":"https:\/\/www.normisjon.no\/hordaland\/wp-json\/wp\/v2\/posts\/5319","targetHints":{"allow":["GET"]}}],"collection":[{"href":"https:\/\/www.normisjon.no\/hordaland\/wp-json\/wp\/v2\/posts"}],"about":[{"href":"https:\/\/www.normisjon.no\/hordaland\/wp-json\/wp\/v2\/types\/post"}],"author":[{"embeddable":true,"href":"https:\/\/www.normisjon.no\/hordaland\/wp-json\/wp\/v2\/users\/57"}],"replies":[{"embeddable":true,"href":"https:\/\/www.normisjon.no\/hordaland\/wp-json\/wp\/v2\/comments?post=5319"}],"version-history":[{"count":3,"href":"https:\/\/www.normisjon.no\/hordaland\/wp-json\/wp\/v2\/posts\/5319\/revisions"}],"predecessor-version":[{"id":5469,"href":"https:\/\/www.normisjon.no\/hordaland\/wp-json\/wp\/v2\/posts\/5319\/revisions\/5469"}],"wp:featuredmedia":[{"embeddable":true,"href":"https:\/\/www.normisjon.no\/hordaland\/wp-json\/wp\/v2\/media\/5369"}],"wp:attachment":[{"href":"https:\/\/www.normisjon.no\/hordaland\/wp-json\/wp\/v2\/media?parent=5319"}],"wp:term":[{"taxonomy":"category","embeddable":true,"href":"https:\/\/www.normisjon.no\/hordaland\/wp-json\/wp\/v2\/categories?post=5319"},{"taxonomy":"post_tag","embeddable":true,"href":"https:\/\/www.normisjon.no\/hordaland\/wp-json\/wp\/v2\/tags?post=5319"}],"curies":[{"name":"wp","href":"https:\/\/api.w.org\/{rel}","templated":true}]}}