{"id":542,"date":"2020-04-03T14:00:49","date_gmt":"2020-04-03T12:00:49","guid":{"rendered":"https:\/\/www.normisjon.no\/hordaland\/?p=542"},"modified":"2020-04-03T14:37:01","modified_gmt":"2020-04-03T12:37:01","slug":"motepunkt-videohilsen-fra-svein-hoysaeter","status":"publish","type":"post","link":"https:\/\/www.normisjon.no\/hordaland\/2020\/04\/03\/motepunkt-videohilsen-fra-svein-hoysaeter\/","title":{"rendered":"M\u00f8tepunkt \u2014 Videohilsen fra Svein H\u00f8ys\u00e6ter"},"content":{"rendered":"<div class=\"entry-content alignfull wp-block-post-content has-global-padding is-layout-constrained wp-block-post-content-is-layout-constrained\">\n<p class=\"has-large-font-size\">B\u00f8nneemner og sp\u00f8rsm\u00e5l til samtale kommer i denne videohilsenen fra fra Svein H\u00f8ys\u00e6ter og Normisjon region Hordaland.<br><\/p>\n\n\n\n<figure class=\"wp-block-embed-vimeo wp-block-embed is-type-video is-provider-vimeo wp-embed-aspect-16-9 wp-has-aspect-ratio\"><div class=\"wp-block-embed__wrapper\">\n<div class=\"embed-responsive\" style=\"padding-bottom: 56.2%;\"><iframe title=\"M\u00f8tepunkt Normisjon Hordaland\" src=\"https:\/\/player.vimeo.com\/video\/403356455?dnt=1&amp;app_id=122963\" frameborder=\"0\" allow=\"autoplay; fullscreen; picture-in-picture; clipboard-write; encrypted-media; web-share\" referrerpolicy=\"strict-origin-when-cross-origin\"><\/iframe><\/div>\n<\/div><\/figure>\n\n\n\n<h2 class=\"wp-block-heading\">La oss be:<\/h2>\n\n\n\n<ul class=\"wp-block-list\"><li>for lederne i menighetene i Bangladesh \u2013 at de m\u00e5 f\u00e5 hvile godt og lede godt<\/li><li>for Normisjons ledelse i en utfordrende tid<\/li><li>for v\u00e5re familier, naboer, kolleger som kjenner seg innestengt og som har det vanskelig.<\/li><\/ul>\n\n\n\n<h2 class=\"wp-block-heading\">Sp\u00f8rsm\u00e5l til samtale:<\/h2>\n\n\n\n<ol class=\"wp-block-list\"><li>Hvordan&nbsp;<em>hviler<\/em>&nbsp;jeg godt i Gud?<\/li><li>Hvordan kan jeg la&nbsp;<em>gleden<\/em>&nbsp;i Herren v\u00e6re min styrke?<\/li><li>Hvordan opplever jeg Jesu fred som gj\u00f8r meg&nbsp;<em>trygg<\/em>?<\/li><li>Hvordan opplever jeg Jesu fred som&nbsp;<em>sender<\/em>&nbsp;meg til andre?<\/li><\/ol>\n\n\n\n<p>Spre gjerne dette til andre som kan ha glede av det!<\/p>\n<\/div>","protected":false},"excerpt":{"rendered":"<p>B\u00f8nneemner og sp\u00f8rsm\u00e5l til samtale kommer i denne videohilsenen fra fra Svein H\u00f8ys\u00e6ter og Normisjon region Hordaland. La oss be: for lederne i menighetene i [&hellip;]<\/p>\n","protected":false},"author":57,"featured_media":548,"comment_status":"closed","ping_status":"closed","sticky":false,"template":"","format":"standard","meta":{"_acf_changed":false,"footnotes":""},"categories":[1],"tags":[],"class_list":["post-542","post","type-post","status-publish","format-standard","has-post-thumbnail","hentry","category-ukategorisert"],"acf":[],"yoast_head":"<!-- This site is optimized with the Yoast SEO plugin v25.9 - https:\/\/yoast.com\/wordpress\/plugins\/seo\/ -->\n<title>M\u00f8tepunkt \u2014 Videohilsen fra Svein H\u00f8ys\u00e6ter &#8211; Normisjon Hordaland<\/title>\n<meta name=\"robots\" content=\"index, follow, max-snippet:-1, max-image-preview:large, max-video-preview:-1\" \/>\n<link rel=\"canonical\" href=\"https:\/\/www.normisjon.no\/hordaland\/2020\/04\/03\/motepunkt-videohilsen-fra-svein-hoysaeter\/\" \/>\n<meta property=\"og:locale\" content=\"nb_NO\" \/>\n<meta property=\"og:type\" content=\"article\" \/>\n<meta property=\"og:title\" content=\"M\u00f8tepunkt \u2014 Videohilsen fra Svein H\u00f8ys\u00e6ter &#8211; Normisjon Hordaland\" \/>\n<meta property=\"og:description\" content=\"B\u00f8nneemner og sp\u00f8rsm\u00e5l til samtale kommer i denne videohilsenen fra fra Svein H\u00f8ys\u00e6ter og Normisjon region Hordaland. La oss be: for lederne i menighetene i [&hellip;]\" \/>\n<meta property=\"og:url\" content=\"https:\/\/www.normisjon.no\/hordaland\/2020\/04\/03\/motepunkt-videohilsen-fra-svein-hoysaeter\/\" \/>\n<meta property=\"og:site_name\" content=\"Normisjon Hordaland\" \/>\n<meta property=\"article:publisher\" content=\"https:\/\/www.facebook.com\/normisjon.hordaland\" \/>\n<meta property=\"article:published_time\" content=\"2020-04-03T12:00:49+00:00\" \/>\n<meta property=\"article:modified_time\" content=\"2020-04-03T12:37:01+00:00\" \/>\n<meta property=\"og:image\" content=\"https:\/\/www.normisjon.no\/content\/uploads\/sites\/13\/2020\/04\/image.jpeg\" \/>\n\t<meta property=\"og:image:width\" content=\"1080\" \/>\n\t<meta property=\"og:image:height\" content=\"720\" \/>\n\t<meta property=\"og:image:type\" content=\"image\/jpeg\" \/>\n<meta name=\"author\" content=\"thomas\" \/>\n<meta name=\"twitter:card\" content=\"summary_large_image\" \/>\n<meta name=\"twitter:creator\" content=\"@Normisjon_hord\" \/>\n<meta name=\"twitter:site\" content=\"@Normisjon_hord\" \/>\n<meta name=\"twitter:label1\" content=\"Skrevet av\" \/>\n\t<meta name=\"twitter:data1\" content=\"thomas\" \/>\n\t<meta name=\"twitter:label2\" content=\"Ansl. lesetid\" \/>\n\t<meta name=\"twitter:data2\" content=\"1 minutt\" \/>\n<script type=\"application\/ld+json\" class=\"yoast-schema-graph\">{\"@context\":\"https:\/\/schema.org\",\"@graph\":[{\"@type\":\"Article\",\"@id\":\"https:\/\/www.normisjon.no\/hordaland\/2020\/04\/03\/motepunkt-videohilsen-fra-svein-hoysaeter\/#article\",\"isPartOf\":{\"@id\":\"https:\/\/www.normisjon.no\/hordaland\/2020\/04\/03\/motepunkt-videohilsen-fra-svein-hoysaeter\/\"},\"author\":{\"name\":\"thomas\",\"@id\":\"https:\/\/www.normisjon.no\/hordaland\/#\/schema\/person\/b3006b4bccdc2cb50abc2bd344c6df67\"},\"headline\":\"M\u00f8tepunkt \u2014 Videohilsen fra Svein H\u00f8ys\u00e6ter\",\"datePublished\":\"2020-04-03T12:00:49+00:00\",\"dateModified\":\"2020-04-03T12:37:01+00:00\",\"mainEntityOfPage\":{\"@id\":\"https:\/\/www.normisjon.no\/hordaland\/2020\/04\/03\/motepunkt-videohilsen-fra-svein-hoysaeter\/\"},\"wordCount\":133,\"publisher\":{\"@id\":\"https:\/\/www.normisjon.no\/hordaland\/#organization\"},\"image\":{\"@id\":\"https:\/\/www.normisjon.no\/hordaland\/2020\/04\/03\/motepunkt-videohilsen-fra-svein-hoysaeter\/#primaryimage\"},\"thumbnailUrl\":\"https:\/\/www.normisjon.no\/content\/uploads\/sites\/13\/2020\/04\/image.jpeg\",\"inLanguage\":\"nb-NO\"},{\"@type\":\"WebPage\",\"@id\":\"https:\/\/www.normisjon.no\/hordaland\/2020\/04\/03\/motepunkt-videohilsen-fra-svein-hoysaeter\/\",\"url\":\"https:\/\/www.normisjon.no\/hordaland\/2020\/04\/03\/motepunkt-videohilsen-fra-svein-hoysaeter\/\",\"name\":\"M\u00f8tepunkt \u2014 Videohilsen fra Svein H\u00f8ys\u00e6ter &#8211; Normisjon Hordaland\",\"isPartOf\":{\"@id\":\"https:\/\/www.normisjon.no\/hordaland\/#website\"},\"primaryImageOfPage\":{\"@id\":\"https:\/\/www.normisjon.no\/hordaland\/2020\/04\/03\/motepunkt-videohilsen-fra-svein-hoysaeter\/#primaryimage\"},\"image\":{\"@id\":\"https:\/\/www.normisjon.no\/hordaland\/2020\/04\/03\/motepunkt-videohilsen-fra-svein-hoysaeter\/#primaryimage\"},\"thumbnailUrl\":\"https:\/\/www.normisjon.no\/content\/uploads\/sites\/13\/2020\/04\/image.jpeg\",\"datePublished\":\"2020-04-03T12:00:49+00:00\",\"dateModified\":\"2020-04-03T12:37:01+00:00\",\"breadcrumb\":{\"@id\":\"https:\/\/www.normisjon.no\/hordaland\/2020\/04\/03\/motepunkt-videohilsen-fra-svein-hoysaeter\/#breadcrumb\"},\"inLanguage\":\"nb-NO\",\"potentialAction\":[{\"@type\":\"ReadAction\",\"target\":[\"https:\/\/www.normisjon.no\/hordaland\/2020\/04\/03\/motepunkt-videohilsen-fra-svein-hoysaeter\/\"]}]},{\"@type\":\"ImageObject\",\"inLanguage\":\"nb-NO\",\"@id\":\"https:\/\/www.normisjon.no\/hordaland\/2020\/04\/03\/motepunkt-videohilsen-fra-svein-hoysaeter\/#primaryimage\",\"url\":\"https:\/\/www.normisjon.no\/content\/uploads\/sites\/13\/2020\/04\/image.jpeg\",\"contentUrl\":\"https:\/\/www.normisjon.no\/content\/uploads\/sites\/13\/2020\/04\/image.jpeg\",\"width\":1080,\"height\":720},{\"@type\":\"BreadcrumbList\",\"@id\":\"https:\/\/www.normisjon.no\/hordaland\/2020\/04\/03\/motepunkt-videohilsen-fra-svein-hoysaeter\/#breadcrumb\",\"itemListElement\":[{\"@type\":\"ListItem\",\"position\":1,\"name\":\"Home\",\"item\":\"https:\/\/www.normisjon.no\/hordaland\/\"},{\"@type\":\"ListItem\",\"position\":2,\"name\":\"M\u00f8tepunkt \u2014 Videohilsen fra Svein H\u00f8ys\u00e6ter\"}]},{\"@type\":\"WebSite\",\"@id\":\"https:\/\/www.normisjon.no\/hordaland\/#website\",\"url\":\"https:\/\/www.normisjon.no\/hordaland\/\",\"name\":\"Normisjon Hordaland\",\"description\":\"\",\"publisher\":{\"@id\":\"https:\/\/www.normisjon.no\/hordaland\/#organization\"},\"potentialAction\":[{\"@type\":\"SearchAction\",\"target\":{\"@type\":\"EntryPoint\",\"urlTemplate\":\"https:\/\/www.normisjon.no\/hordaland\/?s={search_term_string}\"},\"query-input\":{\"@type\":\"PropertyValueSpecification\",\"valueRequired\":true,\"valueName\":\"search_term_string\"}}],\"inLanguage\":\"nb-NO\"},{\"@type\":\"Organization\",\"@id\":\"https:\/\/www.normisjon.no\/hordaland\/#organization\",\"name\":\"Normisjon Hordaland\",\"url\":\"https:\/\/www.normisjon.no\/hordaland\/\",\"logo\":{\"@type\":\"ImageObject\",\"inLanguage\":\"nb-NO\",\"@id\":\"https:\/\/www.normisjon.no\/hordaland\/#\/schema\/logo\/image\/\",\"url\":\"https:\/\/www.normisjon.no\/content\/uploads\/sites\/13\/2021\/10\/normisjon-liggende-logo.jpg\",\"contentUrl\":\"https:\/\/www.normisjon.no\/content\/uploads\/sites\/13\/2021\/10\/normisjon-liggende-logo.jpg\",\"width\":850,\"height\":216,\"caption\":\"Normisjon Hordaland\"},\"image\":{\"@id\":\"https:\/\/www.normisjon.no\/hordaland\/#\/schema\/logo\/image\/\"},\"sameAs\":[\"https:\/\/www.facebook.com\/normisjon.hordaland\",\"https:\/\/x.com\/Normisjon_hord\"]},{\"@type\":\"Person\",\"@id\":\"https:\/\/www.normisjon.no\/hordaland\/#\/schema\/person\/b3006b4bccdc2cb50abc2bd344c6df67\",\"name\":\"thomas\",\"image\":{\"@type\":\"ImageObject\",\"inLanguage\":\"nb-NO\",\"@id\":\"https:\/\/www.normisjon.no\/hordaland\/#\/schema\/person\/image\/\",\"url\":\"https:\/\/secure.gravatar.com\/avatar\/f97c1097615a20f4b67ad47de64cbf69ae546c210cbfdd15aab241cb06bae284?s=96&d=mm&r=g\",\"contentUrl\":\"https:\/\/secure.gravatar.com\/avatar\/f97c1097615a20f4b67ad47de64cbf69ae546c210cbfdd15aab241cb06bae284?s=96&d=mm&r=g\",\"caption\":\"thomas\"},\"url\":\"https:\/\/www.normisjon.no\/hordaland\/author\/thomas\/\"}]}<\/script>\n<!-- \/ Yoast SEO plugin. -->","yoast_head_json":{"title":"M\u00f8tepunkt \u2014 Videohilsen fra Svein H\u00f8ys\u00e6ter &#8211; Normisjon Hordaland","robots":{"index":"index","follow":"follow","max-snippet":"max-snippet:-1","max-image-preview":"max-image-preview:large","max-video-preview":"max-video-preview:-1"},"canonical":"https:\/\/www.normisjon.no\/hordaland\/2020\/04\/03\/motepunkt-videohilsen-fra-svein-hoysaeter\/","og_locale":"nb_NO","og_type":"article","og_title":"M\u00f8tepunkt \u2014 Videohilsen fra Svein H\u00f8ys\u00e6ter &#8211; Normisjon Hordaland","og_description":"B\u00f8nneemner og sp\u00f8rsm\u00e5l til samtale kommer i denne videohilsenen fra fra Svein H\u00f8ys\u00e6ter og Normisjon region Hordaland. La oss be: for lederne i menighetene i [&hellip;]","og_url":"https:\/\/www.normisjon.no\/hordaland\/2020\/04\/03\/motepunkt-videohilsen-fra-svein-hoysaeter\/","og_site_name":"Normisjon Hordaland","article_publisher":"https:\/\/www.facebook.com\/normisjon.hordaland","article_published_time":"2020-04-03T12:00:49+00:00","article_modified_time":"2020-04-03T12:37:01+00:00","og_image":[{"width":1080,"height":720,"url":"https:\/\/www.normisjon.no\/content\/uploads\/sites\/13\/2020\/04\/image.jpeg","type":"image\/jpeg"}],"author":"thomas","twitter_card":"summary_large_image","twitter_creator":"@Normisjon_hord","twitter_site":"@Normisjon_hord","twitter_misc":{"Skrevet av":"thomas","Ansl. lesetid":"1 minutt"},"schema":{"@context":"https:\/\/schema.org","@graph":[{"@type":"Article","@id":"https:\/\/www.normisjon.no\/hordaland\/2020\/04\/03\/motepunkt-videohilsen-fra-svein-hoysaeter\/#article","isPartOf":{"@id":"https:\/\/www.normisjon.no\/hordaland\/2020\/04\/03\/motepunkt-videohilsen-fra-svein-hoysaeter\/"},"author":{"name":"thomas","@id":"https:\/\/www.normisjon.no\/hordaland\/#\/schema\/person\/b3006b4bccdc2cb50abc2bd344c6df67"},"headline":"M\u00f8tepunkt \u2014 Videohilsen fra Svein H\u00f8ys\u00e6ter","datePublished":"2020-04-03T12:00:49+00:00","dateModified":"2020-04-03T12:37:01+00:00","mainEntityOfPage":{"@id":"https:\/\/www.normisjon.no\/hordaland\/2020\/04\/03\/motepunkt-videohilsen-fra-svein-hoysaeter\/"},"wordCount":133,"publisher":{"@id":"https:\/\/www.normisjon.no\/hordaland\/#organization"},"image":{"@id":"https:\/\/www.normisjon.no\/hordaland\/2020\/04\/03\/motepunkt-videohilsen-fra-svein-hoysaeter\/#primaryimage"},"thumbnailUrl":"https:\/\/www.normisjon.no\/content\/uploads\/sites\/13\/2020\/04\/image.jpeg","inLanguage":"nb-NO"},{"@type":"WebPage","@id":"https:\/\/www.normisjon.no\/hordaland\/2020\/04\/03\/motepunkt-videohilsen-fra-svein-hoysaeter\/","url":"https:\/\/www.normisjon.no\/hordaland\/2020\/04\/03\/motepunkt-videohilsen-fra-svein-hoysaeter\/","name":"M\u00f8tepunkt \u2014 Videohilsen fra Svein H\u00f8ys\u00e6ter &#8211; Normisjon Hordaland","isPartOf":{"@id":"https:\/\/www.normisjon.no\/hordaland\/#website"},"primaryImageOfPage":{"@id":"https:\/\/www.normisjon.no\/hordaland\/2020\/04\/03\/motepunkt-videohilsen-fra-svein-hoysaeter\/#primaryimage"},"image":{"@id":"https:\/\/www.normisjon.no\/hordaland\/2020\/04\/03\/motepunkt-videohilsen-fra-svein-hoysaeter\/#primaryimage"},"thumbnailUrl":"https:\/\/www.normisjon.no\/content\/uploads\/sites\/13\/2020\/04\/image.jpeg","datePublished":"2020-04-03T12:00:49+00:00","dateModified":"2020-04-03T12:37:01+00:00","breadcrumb":{"@id":"https:\/\/www.normisjon.no\/hordaland\/2020\/04\/03\/motepunkt-videohilsen-fra-svein-hoysaeter\/#breadcrumb"},"inLanguage":"nb-NO","potentialAction":[{"@type":"ReadAction","target":["https:\/\/www.normisjon.no\/hordaland\/2020\/04\/03\/motepunkt-videohilsen-fra-svein-hoysaeter\/"]}]},{"@type":"ImageObject","inLanguage":"nb-NO","@id":"https:\/\/www.normisjon.no\/hordaland\/2020\/04\/03\/motepunkt-videohilsen-fra-svein-hoysaeter\/#primaryimage","url":"https:\/\/www.normisjon.no\/content\/uploads\/sites\/13\/2020\/04\/image.jpeg","contentUrl":"https:\/\/www.normisjon.no\/content\/uploads\/sites\/13\/2020\/04\/image.jpeg","width":1080,"height":720},{"@type":"BreadcrumbList","@id":"https:\/\/www.normisjon.no\/hordaland\/2020\/04\/03\/motepunkt-videohilsen-fra-svein-hoysaeter\/#breadcrumb","itemListElement":[{"@type":"ListItem","position":1,"name":"Home","item":"https:\/\/www.normisjon.no\/hordaland\/"},{"@type":"ListItem","position":2,"name":"M\u00f8tepunkt \u2014 Videohilsen fra Svein H\u00f8ys\u00e6ter"}]},{"@type":"WebSite","@id":"https:\/\/www.normisjon.no\/hordaland\/#website","url":"https:\/\/www.normisjon.no\/hordaland\/","name":"Normisjon Hordaland","description":"","publisher":{"@id":"https:\/\/www.normisjon.no\/hordaland\/#organization"},"potentialAction":[{"@type":"SearchAction","target":{"@type":"EntryPoint","urlTemplate":"https:\/\/www.normisjon.no\/hordaland\/?s={search_term_string}"},"query-input":{"@type":"PropertyValueSpecification","valueRequired":true,"valueName":"search_term_string"}}],"inLanguage":"nb-NO"},{"@type":"Organization","@id":"https:\/\/www.normisjon.no\/hordaland\/#organization","name":"Normisjon Hordaland","url":"https:\/\/www.normisjon.no\/hordaland\/","logo":{"@type":"ImageObject","inLanguage":"nb-NO","@id":"https:\/\/www.normisjon.no\/hordaland\/#\/schema\/logo\/image\/","url":"https:\/\/www.normisjon.no\/content\/uploads\/sites\/13\/2021\/10\/normisjon-liggende-logo.jpg","contentUrl":"https:\/\/www.normisjon.no\/content\/uploads\/sites\/13\/2021\/10\/normisjon-liggende-logo.jpg","width":850,"height":216,"caption":"Normisjon Hordaland"},"image":{"@id":"https:\/\/www.normisjon.no\/hordaland\/#\/schema\/logo\/image\/"},"sameAs":["https:\/\/www.facebook.com\/normisjon.hordaland","https:\/\/x.com\/Normisjon_hord"]},{"@type":"Person","@id":"https:\/\/www.normisjon.no\/hordaland\/#\/schema\/person\/b3006b4bccdc2cb50abc2bd344c6df67","name":"thomas","image":{"@type":"ImageObject","inLanguage":"nb-NO","@id":"https:\/\/www.normisjon.no\/hordaland\/#\/schema\/person\/image\/","url":"https:\/\/secure.gravatar.com\/avatar\/f97c1097615a20f4b67ad47de64cbf69ae546c210cbfdd15aab241cb06bae284?s=96&d=mm&r=g","contentUrl":"https:\/\/secure.gravatar.com\/avatar\/f97c1097615a20f4b67ad47de64cbf69ae546c210cbfdd15aab241cb06bae284?s=96&d=mm&r=g","caption":"thomas"},"url":"https:\/\/www.normisjon.no\/hordaland\/author\/thomas\/"}]}},"_links":{"self":[{"href":"https:\/\/www.normisjon.no\/hordaland\/wp-json\/wp\/v2\/posts\/542","targetHints":{"allow":["GET"]}}],"collection":[{"href":"https:\/\/www.normisjon.no\/hordaland\/wp-json\/wp\/v2\/posts"}],"about":[{"href":"https:\/\/www.normisjon.no\/hordaland\/wp-json\/wp\/v2\/types\/post"}],"author":[{"embeddable":true,"href":"https:\/\/www.normisjon.no\/hordaland\/wp-json\/wp\/v2\/users\/57"}],"replies":[{"embeddable":true,"href":"https:\/\/www.normisjon.no\/hordaland\/wp-json\/wp\/v2\/comments?post=542"}],"version-history":[{"count":3,"href":"https:\/\/www.normisjon.no\/hordaland\/wp-json\/wp\/v2\/posts\/542\/revisions"}],"predecessor-version":[{"id":550,"href":"https:\/\/www.normisjon.no\/hordaland\/wp-json\/wp\/v2\/posts\/542\/revisions\/550"}],"wp:featuredmedia":[{"embeddable":true,"href":"https:\/\/www.normisjon.no\/hordaland\/wp-json\/wp\/v2\/media\/548"}],"wp:attachment":[{"href":"https:\/\/www.normisjon.no\/hordaland\/wp-json\/wp\/v2\/media?parent=542"}],"wp:term":[{"taxonomy":"category","embeddable":true,"href":"https:\/\/www.normisjon.no\/hordaland\/wp-json\/wp\/v2\/categories?post=542"},{"taxonomy":"post_tag","embeddable":true,"href":"https:\/\/www.normisjon.no\/hordaland\/wp-json\/wp\/v2\/tags?post=542"}],"curies":[{"name":"wp","href":"https:\/\/api.w.org\/{rel}","templated":true}]}}