{"id":625,"date":"2021-02-25T21:19:31","date_gmt":"2021-02-25T20:19:31","guid":{"rendered":"https:\/\/www.normisjon.no\/hordaland\/?p=625"},"modified":"2021-02-25T21:24:02","modified_gmt":"2021-02-25T20:24:02","slug":"verkstedet-fra-1916-skal-fortsatt-vaere-verksted","status":"publish","type":"post","link":"https:\/\/www.normisjon.no\/hordaland\/2021\/02\/25\/verkstedet-fra-1916-skal-fortsatt-vaere-verksted\/","title":{"rendered":"Verkstedet fra 1916 skal fortsatt v\u00e6re verksted"},"content":{"rendered":"<div class=\"entry-content alignfull wp-block-post-content has-global-padding is-layout-constrained wp-block-post-content-is-layout-constrained\">\n<p>Garage Kompagniets bilverksted og utstillingsrom i Bj\u00f8rnsons gate 11 ble bygget i 1916. Der ble biler montert i f\u00f8rste etasje, p\u00e5 gateplanet, og s\u00e5 ble de heist opp i andre etasje, der disse moderne vidunderene ble stilt ut, s\u00e5nn at potensielle kj\u00f8pere og andre interesserte kunne komme og inspisere.<\/p>\n\n\n\n<figure class=\"wp-block-image\"><img loading=\"lazy\" decoding=\"async\" width=\"1024\" height=\"752\" src=\"https:\/\/www.normisjon.no\/content\/uploads\/sites\/13\/2021\/02\/image-1024x752.jpeg\" alt=\"\" class=\"wp-image-628\" srcset=\"https:\/\/www.normisjon.no\/content\/uploads\/sites\/13\/2021\/02\/image.jpeg 1024w, https:\/\/www.normisjon.no\/content\/uploads\/sites\/13\/2021\/02\/image-300x220.jpeg 300w, https:\/\/www.normisjon.no\/content\/uploads\/sites\/13\/2021\/02\/image-768x564.jpeg 768w, https:\/\/www.normisjon.no\/content\/uploads\/sites\/13\/2021\/02\/image-960x705.jpeg 960w\" sizes=\"auto, (max-width: 1024px) 100vw, 1024px\" \/><\/figure>\n\n\n\n<p>Bj\u00f8rnsons gate 11 har historisk sus over seg. For ett \u00e5r siden, i februar 2020, vedtok Normisjon region Hordaland \u00e5 kj\u00f8pe dette historiske bygget, og overtok det i april.<\/p>\n\n\n\n<p>Siden da har arbeidet g\u00e5tt framover, f\u00f8rst utvendig, med vinduer og d\u00f8rer, siden riving innvendig. N\u00e5 er det like f\u00f8r arbeidet med byggingen skyter fart, og hjulene virkelig begynner \u00e5 rulle.<\/p>\n\n\n\n<figure class=\"wp-block-image\"><img loading=\"lazy\" decoding=\"async\" width=\"1024\" height=\"768\" src=\"https:\/\/www.normisjon.no\/content\/uploads\/sites\/13\/2021\/02\/image-1-1024x768.jpeg\" alt=\"\" class=\"wp-image-629\" srcset=\"https:\/\/www.normisjon.no\/content\/uploads\/sites\/13\/2021\/02\/image-1-1024x768.jpeg 1024w, https:\/\/www.normisjon.no\/content\/uploads\/sites\/13\/2021\/02\/image-1-300x225.jpeg 300w, https:\/\/www.normisjon.no\/content\/uploads\/sites\/13\/2021\/02\/image-1-768x576.jpeg 768w, https:\/\/www.normisjon.no\/content\/uploads\/sites\/13\/2021\/02\/image-1-1920x1440.jpeg 1920w, https:\/\/www.normisjon.no\/content\/uploads\/sites\/13\/2021\/02\/image-1-1360x1020.jpeg 1360w, https:\/\/www.normisjon.no\/content\/uploads\/sites\/13\/2021\/02\/image-1-960x720.jpeg 960w\" sizes=\"auto, (max-width: 1024px) 100vw, 1024px\" \/><\/figure>\n\n\n\n<p>Der det en gang ble klargjort nye bildeler, skal det snart bli kj\u00f8kken. Der man f\u00f8r monterte biler, blir det snart kaf\u00e9 med gode samtaler og en god kopp kaffe. P\u00e5 et vis skal det fortsette \u00e5 v\u00e6re et verksted, men det blir et annerledes verksted enn i 1916 \u2014 n\u00e5 blir det et verksted der vi bygger hverandre opp.<\/p>\n\n\n\n<figure class=\"wp-block-image is-resized\"><img loading=\"lazy\" decoding=\"async\" src=\"https:\/\/www.normisjon.no\/content\/uploads\/sites\/13\/2021\/02\/image-2-1024x683.jpeg\" alt=\"\" class=\"wp-image-630\" width=\"512\" height=\"342\" srcset=\"https:\/\/www.normisjon.no\/content\/uploads\/sites\/13\/2021\/02\/image-2-1024x683.jpeg 1024w, https:\/\/www.normisjon.no\/content\/uploads\/sites\/13\/2021\/02\/image-2-300x200.jpeg 300w, https:\/\/www.normisjon.no\/content\/uploads\/sites\/13\/2021\/02\/image-2-768x512.jpeg 768w, https:\/\/www.normisjon.no\/content\/uploads\/sites\/13\/2021\/02\/image-2-960x640.jpeg 960w, https:\/\/www.normisjon.no\/content\/uploads\/sites\/13\/2021\/02\/image-2.jpeg 1200w\" sizes=\"auto, (max-width: 512px) 100vw, 512px\" \/><\/figure>\n\n\n\n<p>Et verksted der fellesskap bygges, et verksted der det som er g\u00e5tt i stykker kan repareres, et verksted der man utrustes til liv og tjeneste og et kreativt, nyskapende verksted der nye ting kan bli til.<\/p>\n\n\n\n<p>Men f\u00f8rst er det alts\u00e5 huset som skal bygges. Dette blir spennende!<\/p>\n\n\n\n<figure class=\"wp-block-image\"><img loading=\"lazy\" decoding=\"async\" width=\"1024\" height=\"753\" src=\"https:\/\/www.normisjon.no\/content\/uploads\/sites\/13\/2021\/02\/image-3-1024x753.jpeg\" alt=\"\" class=\"wp-image-631\" srcset=\"https:\/\/www.normisjon.no\/content\/uploads\/sites\/13\/2021\/02\/image-3.jpeg 1024w, https:\/\/www.normisjon.no\/content\/uploads\/sites\/13\/2021\/02\/image-3-300x221.jpeg 300w, https:\/\/www.normisjon.no\/content\/uploads\/sites\/13\/2021\/02\/image-3-768x565.jpeg 768w, https:\/\/www.normisjon.no\/content\/uploads\/sites\/13\/2021\/02\/image-3-960x706.jpeg 960w\" sizes=\"auto, (max-width: 1024px) 100vw, 1024px\" \/><\/figure>\n<\/div>","protected":false},"excerpt":{"rendered":"<p>Garage Kompagniets bilverksted og utstillingsrom i Bj\u00f8rnsons gate 11 ble bygget i 1916. Der ble biler montert i f\u00f8rste etasje, p\u00e5 gateplanet, og s\u00e5 ble [&hellip;]<\/p>\n","protected":false},"author":57,"featured_media":628,"comment_status":"closed","ping_status":"closed","sticky":false,"template":"","format":"standard","meta":{"_acf_changed":false,"footnotes":""},"categories":[1],"tags":[],"class_list":["post-625","post","type-post","status-publish","format-standard","has-post-thumbnail","hentry","category-ukategorisert"],"acf":[],"yoast_head":"<!-- This site is optimized with the Yoast SEO plugin v25.9 - https:\/\/yoast.com\/wordpress\/plugins\/seo\/ -->\n<title>Verkstedet fra 1916 skal fortsatt v\u00e6re verksted &#8211; Normisjon Hordaland<\/title>\n<meta name=\"robots\" content=\"index, follow, max-snippet:-1, max-image-preview:large, max-video-preview:-1\" \/>\n<link rel=\"canonical\" href=\"https:\/\/www.normisjon.no\/hordaland\/2021\/02\/25\/verkstedet-fra-1916-skal-fortsatt-vaere-verksted\/\" \/>\n<meta property=\"og:locale\" content=\"nb_NO\" \/>\n<meta property=\"og:type\" content=\"article\" \/>\n<meta property=\"og:title\" content=\"Verkstedet fra 1916 skal fortsatt v\u00e6re verksted &#8211; Normisjon Hordaland\" \/>\n<meta property=\"og:description\" content=\"Garage Kompagniets bilverksted og utstillingsrom i Bj\u00f8rnsons gate 11 ble bygget i 1916. Der ble biler montert i f\u00f8rste etasje, p\u00e5 gateplanet, og s\u00e5 ble [&hellip;]\" \/>\n<meta property=\"og:url\" content=\"https:\/\/www.normisjon.no\/hordaland\/2021\/02\/25\/verkstedet-fra-1916-skal-fortsatt-vaere-verksted\/\" \/>\n<meta property=\"og:site_name\" content=\"Normisjon Hordaland\" \/>\n<meta property=\"article:publisher\" content=\"https:\/\/www.facebook.com\/normisjon.hordaland\" \/>\n<meta property=\"article:published_time\" content=\"2021-02-25T20:19:31+00:00\" \/>\n<meta property=\"article:modified_time\" content=\"2021-02-25T20:24:02+00:00\" \/>\n<meta property=\"og:image\" content=\"https:\/\/www.normisjon.no\/content\/uploads\/sites\/13\/2021\/02\/image.jpeg\" \/>\n\t<meta property=\"og:image:width\" content=\"1024\" \/>\n\t<meta property=\"og:image:height\" content=\"752\" \/>\n\t<meta property=\"og:image:type\" content=\"image\/jpeg\" \/>\n<meta name=\"author\" content=\"thomas\" \/>\n<meta name=\"twitter:card\" content=\"summary_large_image\" \/>\n<meta name=\"twitter:creator\" content=\"@Normisjon_hord\" \/>\n<meta name=\"twitter:site\" content=\"@Normisjon_hord\" \/>\n<meta name=\"twitter:label1\" content=\"Skrevet av\" \/>\n\t<meta name=\"twitter:data1\" content=\"thomas\" \/>\n\t<meta name=\"twitter:label2\" content=\"Ansl. lesetid\" \/>\n\t<meta name=\"twitter:data2\" content=\"1 minutt\" \/>\n<script type=\"application\/ld+json\" class=\"yoast-schema-graph\">{\"@context\":\"https:\/\/schema.org\",\"@graph\":[{\"@type\":\"Article\",\"@id\":\"https:\/\/www.normisjon.no\/hordaland\/2021\/02\/25\/verkstedet-fra-1916-skal-fortsatt-vaere-verksted\/#article\",\"isPartOf\":{\"@id\":\"https:\/\/www.normisjon.no\/hordaland\/2021\/02\/25\/verkstedet-fra-1916-skal-fortsatt-vaere-verksted\/\"},\"author\":{\"name\":\"thomas\",\"@id\":\"https:\/\/www.normisjon.no\/hordaland\/#\/schema\/person\/b3006b4bccdc2cb50abc2bd344c6df67\"},\"headline\":\"Verkstedet fra 1916 skal fortsatt v\u00e6re verksted\",\"datePublished\":\"2021-02-25T20:19:31+00:00\",\"dateModified\":\"2021-02-25T20:24:02+00:00\",\"mainEntityOfPage\":{\"@id\":\"https:\/\/www.normisjon.no\/hordaland\/2021\/02\/25\/verkstedet-fra-1916-skal-fortsatt-vaere-verksted\/\"},\"wordCount\":230,\"publisher\":{\"@id\":\"https:\/\/www.normisjon.no\/hordaland\/#organization\"},\"image\":{\"@id\":\"https:\/\/www.normisjon.no\/hordaland\/2021\/02\/25\/verkstedet-fra-1916-skal-fortsatt-vaere-verksted\/#primaryimage\"},\"thumbnailUrl\":\"https:\/\/www.normisjon.no\/content\/uploads\/sites\/13\/2021\/02\/image.jpeg\",\"inLanguage\":\"nb-NO\"},{\"@type\":\"WebPage\",\"@id\":\"https:\/\/www.normisjon.no\/hordaland\/2021\/02\/25\/verkstedet-fra-1916-skal-fortsatt-vaere-verksted\/\",\"url\":\"https:\/\/www.normisjon.no\/hordaland\/2021\/02\/25\/verkstedet-fra-1916-skal-fortsatt-vaere-verksted\/\",\"name\":\"Verkstedet fra 1916 skal fortsatt v\u00e6re verksted &#8211; Normisjon Hordaland\",\"isPartOf\":{\"@id\":\"https:\/\/www.normisjon.no\/hordaland\/#website\"},\"primaryImageOfPage\":{\"@id\":\"https:\/\/www.normisjon.no\/hordaland\/2021\/02\/25\/verkstedet-fra-1916-skal-fortsatt-vaere-verksted\/#primaryimage\"},\"image\":{\"@id\":\"https:\/\/www.normisjon.no\/hordaland\/2021\/02\/25\/verkstedet-fra-1916-skal-fortsatt-vaere-verksted\/#primaryimage\"},\"thumbnailUrl\":\"https:\/\/www.normisjon.no\/content\/uploads\/sites\/13\/2021\/02\/image.jpeg\",\"datePublished\":\"2021-02-25T20:19:31+00:00\",\"dateModified\":\"2021-02-25T20:24:02+00:00\",\"breadcrumb\":{\"@id\":\"https:\/\/www.normisjon.no\/hordaland\/2021\/02\/25\/verkstedet-fra-1916-skal-fortsatt-vaere-verksted\/#breadcrumb\"},\"inLanguage\":\"nb-NO\",\"potentialAction\":[{\"@type\":\"ReadAction\",\"target\":[\"https:\/\/www.normisjon.no\/hordaland\/2021\/02\/25\/verkstedet-fra-1916-skal-fortsatt-vaere-verksted\/\"]}]},{\"@type\":\"ImageObject\",\"inLanguage\":\"nb-NO\",\"@id\":\"https:\/\/www.normisjon.no\/hordaland\/2021\/02\/25\/verkstedet-fra-1916-skal-fortsatt-vaere-verksted\/#primaryimage\",\"url\":\"https:\/\/www.normisjon.no\/content\/uploads\/sites\/13\/2021\/02\/image.jpeg\",\"contentUrl\":\"https:\/\/www.normisjon.no\/content\/uploads\/sites\/13\/2021\/02\/image.jpeg\",\"width\":1024,\"height\":752},{\"@type\":\"BreadcrumbList\",\"@id\":\"https:\/\/www.normisjon.no\/hordaland\/2021\/02\/25\/verkstedet-fra-1916-skal-fortsatt-vaere-verksted\/#breadcrumb\",\"itemListElement\":[{\"@type\":\"ListItem\",\"position\":1,\"name\":\"Home\",\"item\":\"https:\/\/www.normisjon.no\/hordaland\/\"},{\"@type\":\"ListItem\",\"position\":2,\"name\":\"Verkstedet fra 1916 skal fortsatt v\u00e6re verksted\"}]},{\"@type\":\"WebSite\",\"@id\":\"https:\/\/www.normisjon.no\/hordaland\/#website\",\"url\":\"https:\/\/www.normisjon.no\/hordaland\/\",\"name\":\"Normisjon Hordaland\",\"description\":\"\",\"publisher\":{\"@id\":\"https:\/\/www.normisjon.no\/hordaland\/#organization\"},\"potentialAction\":[{\"@type\":\"SearchAction\",\"target\":{\"@type\":\"EntryPoint\",\"urlTemplate\":\"https:\/\/www.normisjon.no\/hordaland\/?s={search_term_string}\"},\"query-input\":{\"@type\":\"PropertyValueSpecification\",\"valueRequired\":true,\"valueName\":\"search_term_string\"}}],\"inLanguage\":\"nb-NO\"},{\"@type\":\"Organization\",\"@id\":\"https:\/\/www.normisjon.no\/hordaland\/#organization\",\"name\":\"Normisjon Hordaland\",\"url\":\"https:\/\/www.normisjon.no\/hordaland\/\",\"logo\":{\"@type\":\"ImageObject\",\"inLanguage\":\"nb-NO\",\"@id\":\"https:\/\/www.normisjon.no\/hordaland\/#\/schema\/logo\/image\/\",\"url\":\"https:\/\/www.normisjon.no\/content\/uploads\/sites\/13\/2021\/10\/normisjon-liggende-logo.jpg\",\"contentUrl\":\"https:\/\/www.normisjon.no\/content\/uploads\/sites\/13\/2021\/10\/normisjon-liggende-logo.jpg\",\"width\":850,\"height\":216,\"caption\":\"Normisjon Hordaland\"},\"image\":{\"@id\":\"https:\/\/www.normisjon.no\/hordaland\/#\/schema\/logo\/image\/\"},\"sameAs\":[\"https:\/\/www.facebook.com\/normisjon.hordaland\",\"https:\/\/x.com\/Normisjon_hord\"]},{\"@type\":\"Person\",\"@id\":\"https:\/\/www.normisjon.no\/hordaland\/#\/schema\/person\/b3006b4bccdc2cb50abc2bd344c6df67\",\"name\":\"thomas\",\"image\":{\"@type\":\"ImageObject\",\"inLanguage\":\"nb-NO\",\"@id\":\"https:\/\/www.normisjon.no\/hordaland\/#\/schema\/person\/image\/\",\"url\":\"https:\/\/secure.gravatar.com\/avatar\/f97c1097615a20f4b67ad47de64cbf69ae546c210cbfdd15aab241cb06bae284?s=96&d=mm&r=g\",\"contentUrl\":\"https:\/\/secure.gravatar.com\/avatar\/f97c1097615a20f4b67ad47de64cbf69ae546c210cbfdd15aab241cb06bae284?s=96&d=mm&r=g\",\"caption\":\"thomas\"},\"url\":\"https:\/\/www.normisjon.no\/hordaland\/author\/thomas\/\"}]}<\/script>\n<!-- \/ Yoast SEO plugin. -->","yoast_head_json":{"title":"Verkstedet fra 1916 skal fortsatt v\u00e6re verksted &#8211; Normisjon Hordaland","robots":{"index":"index","follow":"follow","max-snippet":"max-snippet:-1","max-image-preview":"max-image-preview:large","max-video-preview":"max-video-preview:-1"},"canonical":"https:\/\/www.normisjon.no\/hordaland\/2021\/02\/25\/verkstedet-fra-1916-skal-fortsatt-vaere-verksted\/","og_locale":"nb_NO","og_type":"article","og_title":"Verkstedet fra 1916 skal fortsatt v\u00e6re verksted &#8211; Normisjon Hordaland","og_description":"Garage Kompagniets bilverksted og utstillingsrom i Bj\u00f8rnsons gate 11 ble bygget i 1916. Der ble biler montert i f\u00f8rste etasje, p\u00e5 gateplanet, og s\u00e5 ble [&hellip;]","og_url":"https:\/\/www.normisjon.no\/hordaland\/2021\/02\/25\/verkstedet-fra-1916-skal-fortsatt-vaere-verksted\/","og_site_name":"Normisjon Hordaland","article_publisher":"https:\/\/www.facebook.com\/normisjon.hordaland","article_published_time":"2021-02-25T20:19:31+00:00","article_modified_time":"2021-02-25T20:24:02+00:00","og_image":[{"width":1024,"height":752,"url":"https:\/\/www.normisjon.no\/content\/uploads\/sites\/13\/2021\/02\/image.jpeg","type":"image\/jpeg"}],"author":"thomas","twitter_card":"summary_large_image","twitter_creator":"@Normisjon_hord","twitter_site":"@Normisjon_hord","twitter_misc":{"Skrevet av":"thomas","Ansl. lesetid":"1 minutt"},"schema":{"@context":"https:\/\/schema.org","@graph":[{"@type":"Article","@id":"https:\/\/www.normisjon.no\/hordaland\/2021\/02\/25\/verkstedet-fra-1916-skal-fortsatt-vaere-verksted\/#article","isPartOf":{"@id":"https:\/\/www.normisjon.no\/hordaland\/2021\/02\/25\/verkstedet-fra-1916-skal-fortsatt-vaere-verksted\/"},"author":{"name":"thomas","@id":"https:\/\/www.normisjon.no\/hordaland\/#\/schema\/person\/b3006b4bccdc2cb50abc2bd344c6df67"},"headline":"Verkstedet fra 1916 skal fortsatt v\u00e6re verksted","datePublished":"2021-02-25T20:19:31+00:00","dateModified":"2021-02-25T20:24:02+00:00","mainEntityOfPage":{"@id":"https:\/\/www.normisjon.no\/hordaland\/2021\/02\/25\/verkstedet-fra-1916-skal-fortsatt-vaere-verksted\/"},"wordCount":230,"publisher":{"@id":"https:\/\/www.normisjon.no\/hordaland\/#organization"},"image":{"@id":"https:\/\/www.normisjon.no\/hordaland\/2021\/02\/25\/verkstedet-fra-1916-skal-fortsatt-vaere-verksted\/#primaryimage"},"thumbnailUrl":"https:\/\/www.normisjon.no\/content\/uploads\/sites\/13\/2021\/02\/image.jpeg","inLanguage":"nb-NO"},{"@type":"WebPage","@id":"https:\/\/www.normisjon.no\/hordaland\/2021\/02\/25\/verkstedet-fra-1916-skal-fortsatt-vaere-verksted\/","url":"https:\/\/www.normisjon.no\/hordaland\/2021\/02\/25\/verkstedet-fra-1916-skal-fortsatt-vaere-verksted\/","name":"Verkstedet fra 1916 skal fortsatt v\u00e6re verksted &#8211; Normisjon Hordaland","isPartOf":{"@id":"https:\/\/www.normisjon.no\/hordaland\/#website"},"primaryImageOfPage":{"@id":"https:\/\/www.normisjon.no\/hordaland\/2021\/02\/25\/verkstedet-fra-1916-skal-fortsatt-vaere-verksted\/#primaryimage"},"image":{"@id":"https:\/\/www.normisjon.no\/hordaland\/2021\/02\/25\/verkstedet-fra-1916-skal-fortsatt-vaere-verksted\/#primaryimage"},"thumbnailUrl":"https:\/\/www.normisjon.no\/content\/uploads\/sites\/13\/2021\/02\/image.jpeg","datePublished":"2021-02-25T20:19:31+00:00","dateModified":"2021-02-25T20:24:02+00:00","breadcrumb":{"@id":"https:\/\/www.normisjon.no\/hordaland\/2021\/02\/25\/verkstedet-fra-1916-skal-fortsatt-vaere-verksted\/#breadcrumb"},"inLanguage":"nb-NO","potentialAction":[{"@type":"ReadAction","target":["https:\/\/www.normisjon.no\/hordaland\/2021\/02\/25\/verkstedet-fra-1916-skal-fortsatt-vaere-verksted\/"]}]},{"@type":"ImageObject","inLanguage":"nb-NO","@id":"https:\/\/www.normisjon.no\/hordaland\/2021\/02\/25\/verkstedet-fra-1916-skal-fortsatt-vaere-verksted\/#primaryimage","url":"https:\/\/www.normisjon.no\/content\/uploads\/sites\/13\/2021\/02\/image.jpeg","contentUrl":"https:\/\/www.normisjon.no\/content\/uploads\/sites\/13\/2021\/02\/image.jpeg","width":1024,"height":752},{"@type":"BreadcrumbList","@id":"https:\/\/www.normisjon.no\/hordaland\/2021\/02\/25\/verkstedet-fra-1916-skal-fortsatt-vaere-verksted\/#breadcrumb","itemListElement":[{"@type":"ListItem","position":1,"name":"Home","item":"https:\/\/www.normisjon.no\/hordaland\/"},{"@type":"ListItem","position":2,"name":"Verkstedet fra 1916 skal fortsatt v\u00e6re verksted"}]},{"@type":"WebSite","@id":"https:\/\/www.normisjon.no\/hordaland\/#website","url":"https:\/\/www.normisjon.no\/hordaland\/","name":"Normisjon Hordaland","description":"","publisher":{"@id":"https:\/\/www.normisjon.no\/hordaland\/#organization"},"potentialAction":[{"@type":"SearchAction","target":{"@type":"EntryPoint","urlTemplate":"https:\/\/www.normisjon.no\/hordaland\/?s={search_term_string}"},"query-input":{"@type":"PropertyValueSpecification","valueRequired":true,"valueName":"search_term_string"}}],"inLanguage":"nb-NO"},{"@type":"Organization","@id":"https:\/\/www.normisjon.no\/hordaland\/#organization","name":"Normisjon Hordaland","url":"https:\/\/www.normisjon.no\/hordaland\/","logo":{"@type":"ImageObject","inLanguage":"nb-NO","@id":"https:\/\/www.normisjon.no\/hordaland\/#\/schema\/logo\/image\/","url":"https:\/\/www.normisjon.no\/content\/uploads\/sites\/13\/2021\/10\/normisjon-liggende-logo.jpg","contentUrl":"https:\/\/www.normisjon.no\/content\/uploads\/sites\/13\/2021\/10\/normisjon-liggende-logo.jpg","width":850,"height":216,"caption":"Normisjon Hordaland"},"image":{"@id":"https:\/\/www.normisjon.no\/hordaland\/#\/schema\/logo\/image\/"},"sameAs":["https:\/\/www.facebook.com\/normisjon.hordaland","https:\/\/x.com\/Normisjon_hord"]},{"@type":"Person","@id":"https:\/\/www.normisjon.no\/hordaland\/#\/schema\/person\/b3006b4bccdc2cb50abc2bd344c6df67","name":"thomas","image":{"@type":"ImageObject","inLanguage":"nb-NO","@id":"https:\/\/www.normisjon.no\/hordaland\/#\/schema\/person\/image\/","url":"https:\/\/secure.gravatar.com\/avatar\/f97c1097615a20f4b67ad47de64cbf69ae546c210cbfdd15aab241cb06bae284?s=96&d=mm&r=g","contentUrl":"https:\/\/secure.gravatar.com\/avatar\/f97c1097615a20f4b67ad47de64cbf69ae546c210cbfdd15aab241cb06bae284?s=96&d=mm&r=g","caption":"thomas"},"url":"https:\/\/www.normisjon.no\/hordaland\/author\/thomas\/"}]}},"_links":{"self":[{"href":"https:\/\/www.normisjon.no\/hordaland\/wp-json\/wp\/v2\/posts\/625","targetHints":{"allow":["GET"]}}],"collection":[{"href":"https:\/\/www.normisjon.no\/hordaland\/wp-json\/wp\/v2\/posts"}],"about":[{"href":"https:\/\/www.normisjon.no\/hordaland\/wp-json\/wp\/v2\/types\/post"}],"author":[{"embeddable":true,"href":"https:\/\/www.normisjon.no\/hordaland\/wp-json\/wp\/v2\/users\/57"}],"replies":[{"embeddable":true,"href":"https:\/\/www.normisjon.no\/hordaland\/wp-json\/wp\/v2\/comments?post=625"}],"version-history":[{"count":3,"href":"https:\/\/www.normisjon.no\/hordaland\/wp-json\/wp\/v2\/posts\/625\/revisions"}],"predecessor-version":[{"id":635,"href":"https:\/\/www.normisjon.no\/hordaland\/wp-json\/wp\/v2\/posts\/625\/revisions\/635"}],"wp:featuredmedia":[{"embeddable":true,"href":"https:\/\/www.normisjon.no\/hordaland\/wp-json\/wp\/v2\/media\/628"}],"wp:attachment":[{"href":"https:\/\/www.normisjon.no\/hordaland\/wp-json\/wp\/v2\/media?parent=625"}],"wp:term":[{"taxonomy":"category","embeddable":true,"href":"https:\/\/www.normisjon.no\/hordaland\/wp-json\/wp\/v2\/categories?post=625"},{"taxonomy":"post_tag","embeddable":true,"href":"https:\/\/www.normisjon.no\/hordaland\/wp-json\/wp\/v2\/tags?post=625"}],"curies":[{"name":"wp","href":"https:\/\/api.w.org\/{rel}","templated":true}]}}