{"id":1612,"date":"2019-09-10T10:57:25","date_gmt":"2019-09-10T08:57:25","guid":{"rendered":"https:\/\/www.normisjon.no\/ostfold\/?p=1612"},"modified":"2019-09-10T10:58:07","modified_gmt":"2019-09-10T08:58:07","slug":"ny-acta-medarbeider","status":"publish","type":"post","link":"https:\/\/www.normisjon.no\/ostfold\/2019\/09\/10\/ny-acta-medarbeider\/","title":{"rendered":"Ny Acta-medarbeider"},"content":{"rendered":"<div class=\"entry-content alignfull wp-block-post-content has-global-padding is-layout-constrained wp-block-post-content-is-layout-constrained\">\n<figure class=\"wp-block-image\"><img loading=\"lazy\" decoding=\"async\" width=\"1024\" height=\"680\" src=\"https:\/\/www.normisjon.no\/content\/uploads\/sites\/24\/2019\/09\/DSC_0965-1024x680.jpg\" alt=\"\" class=\"wp-image-1613\" srcset=\"https:\/\/www.normisjon.no\/content\/uploads\/sites\/24\/2019\/09\/DSC_0965-1024x680.jpg 1024w, https:\/\/www.normisjon.no\/content\/uploads\/sites\/24\/2019\/09\/DSC_0965-300x199.jpg 300w, https:\/\/www.normisjon.no\/content\/uploads\/sites\/24\/2019\/09\/DSC_0965-768x510.jpg 768w, https:\/\/www.normisjon.no\/content\/uploads\/sites\/24\/2019\/09\/DSC_0965-1920x1275.jpg 1920w, https:\/\/www.normisjon.no\/content\/uploads\/sites\/24\/2019\/09\/DSC_0965-1360x903.jpg 1360w, https:\/\/www.normisjon.no\/content\/uploads\/sites\/24\/2019\/09\/DSC_0965-960x638.jpg 960w\" sizes=\"auto, (max-width: 1024px) 100vw, 1024px\" \/><figcaption>Ingrid Melv\u00e6r (25) er ansatt som ny Acta-medarbeider i region \u00d8stfold.<\/figcaption><\/figure>\n\n\n\n<p>Ingrid Melv\u00e6r (25) er ansatt som ny Acta-medarbeider i region \u00d8stfold. Hun vil i f\u00f8rste rekke ha oppgaver med leir- og lokallagsarbeid p\u00e5 barnesektoren.&nbsp;<br>&#8211; Men jeg brenner ogs\u00e5 for flyktningarbeid og h\u00e5per \u00e5 f\u00e5 v\u00e6re med \u00e5 starte opp dette, sier Ingrid. <br>Hun kommer fra Hob\u00f8l, hvor hun ogs\u00e5 n\u00e5 er bosatt. Etter videreg\u00e5ende ved Kongshaug musikkgymnas gikk hun to \u00e5r p\u00e5 Bibelskolen i Grimstad, p\u00e5 linjene for idrett og friluftsliv og Til Tjeneste. Deretter et \u00e5rsstudium i Krle ved MF. De tre siste \u00e5rene har hun tatt en bachelor i sosialt arbeid ved H\u00f8gskolen i Innlandet. <br>&#8211; N\u00e5r jeg n\u00e5 skulle s\u00f8ke min f\u00f8rste jobb, dukket denne stillingen opp. Jeg er takknemlig for \u00e5 f\u00e5 bidra i Acta, sier Ingrid, som har erfaring fra en rekke lederverv i foreninger og leirvirksomhet. <br>Vi kommer tilbake til en n\u00e6rmere presentasjon i neste nummer av Nytt fra Normisjon. <br><br>Tekst og foto: Boe Johannes Hermansen <\/p>\n<\/div>","protected":false},"excerpt":{"rendered":"<p>Ingrid Melv\u00e6r (25) er ansatt som ny Acta-medarbeider i region \u00d8stfold. Hun vil i f\u00f8rste rekke ha oppgaver med leir- og lokallagsarbeid p\u00e5 barnesektoren.&nbsp;&#8211; Men [&hellip;]<\/p>\n","protected":false},"author":40,"featured_media":1613,"comment_status":"closed","ping_status":"closed","sticky":false,"template":"","format":"standard","meta":{"_acf_changed":false,"footnotes":""},"categories":[1],"tags":[],"class_list":["post-1612","post","type-post","status-publish","format-standard","has-post-thumbnail","hentry","category-ukategorisert"],"acf":[],"yoast_head":"<!-- This site is optimized with the Yoast SEO plugin v25.9 - https:\/\/yoast.com\/wordpress\/plugins\/seo\/ -->\n<title>Ny Acta-medarbeider - Region \u00d8stfold<\/title>\n<meta name=\"robots\" content=\"index, follow, max-snippet:-1, max-image-preview:large, max-video-preview:-1\" \/>\n<link rel=\"canonical\" href=\"https:\/\/www.normisjon.no\/ostfold\/2019\/09\/10\/ny-acta-medarbeider\/\" \/>\n<meta property=\"og:locale\" content=\"nb_NO\" \/>\n<meta property=\"og:type\" content=\"article\" \/>\n<meta property=\"og:title\" content=\"Ny Acta-medarbeider - Region \u00d8stfold\" \/>\n<meta property=\"og:description\" content=\"Ingrid Melv\u00e6r (25) er ansatt som ny Acta-medarbeider i region \u00d8stfold. Hun vil i f\u00f8rste rekke ha oppgaver med leir- og lokallagsarbeid p\u00e5 barnesektoren.&nbsp;&#8211; Men [&hellip;]\" \/>\n<meta property=\"og:url\" content=\"https:\/\/www.normisjon.no\/ostfold\/2019\/09\/10\/ny-acta-medarbeider\/\" \/>\n<meta property=\"og:site_name\" content=\"Region \u00d8stfold\" \/>\n<meta property=\"article:publisher\" content=\"https:\/\/www.facebook.com\/NormisjonRegionOstfold\" \/>\n<meta property=\"article:published_time\" content=\"2019-09-10T08:57:25+00:00\" \/>\n<meta property=\"article:modified_time\" content=\"2019-09-10T08:58:07+00:00\" \/>\n<meta property=\"og:image\" content=\"https:\/\/www.normisjon.no\/content\/uploads\/sites\/24\/2019\/09\/DSC_0965-1024x680.jpg\" \/>\n\t<meta property=\"og:image:width\" content=\"1024\" \/>\n\t<meta property=\"og:image:height\" content=\"680\" \/>\n\t<meta property=\"og:image:type\" content=\"image\/jpeg\" \/>\n<meta name=\"author\" content=\"helene\" \/>\n<meta name=\"twitter:card\" content=\"summary_large_image\" \/>\n<meta name=\"twitter:label1\" content=\"Skrevet av\" \/>\n\t<meta name=\"twitter:data1\" content=\"helene\" \/>\n\t<meta name=\"twitter:label2\" content=\"Ansl. lesetid\" \/>\n\t<meta name=\"twitter:data2\" content=\"1 minutt\" \/>\n<script type=\"application\/ld+json\" class=\"yoast-schema-graph\">{\"@context\":\"https:\/\/schema.org\",\"@graph\":[{\"@type\":\"Article\",\"@id\":\"https:\/\/www.normisjon.no\/ostfold\/2019\/09\/10\/ny-acta-medarbeider\/#article\",\"isPartOf\":{\"@id\":\"https:\/\/www.normisjon.no\/ostfold\/2019\/09\/10\/ny-acta-medarbeider\/\"},\"author\":{\"name\":\"helene\",\"@id\":\"https:\/\/www.normisjon.no\/ostfold\/#\/schema\/person\/1e860c822e70c7040278bb1a4601d60e\"},\"headline\":\"Ny Acta-medarbeider\",\"datePublished\":\"2019-09-10T08:57:25+00:00\",\"dateModified\":\"2019-09-10T08:58:07+00:00\",\"mainEntityOfPage\":{\"@id\":\"https:\/\/www.normisjon.no\/ostfold\/2019\/09\/10\/ny-acta-medarbeider\/\"},\"wordCount\":174,\"publisher\":{\"@id\":\"https:\/\/www.normisjon.no\/ostfold\/#organization\"},\"image\":{\"@id\":\"https:\/\/www.normisjon.no\/ostfold\/2019\/09\/10\/ny-acta-medarbeider\/#primaryimage\"},\"thumbnailUrl\":\"https:\/\/www.normisjon.no\/content\/uploads\/sites\/24\/2019\/09\/DSC_0965.jpg\",\"inLanguage\":\"nb-NO\"},{\"@type\":\"WebPage\",\"@id\":\"https:\/\/www.normisjon.no\/ostfold\/2019\/09\/10\/ny-acta-medarbeider\/\",\"url\":\"https:\/\/www.normisjon.no\/ostfold\/2019\/09\/10\/ny-acta-medarbeider\/\",\"name\":\"Ny Acta-medarbeider - Region \u00d8stfold\",\"isPartOf\":{\"@id\":\"https:\/\/www.normisjon.no\/ostfold\/#website\"},\"primaryImageOfPage\":{\"@id\":\"https:\/\/www.normisjon.no\/ostfold\/2019\/09\/10\/ny-acta-medarbeider\/#primaryimage\"},\"image\":{\"@id\":\"https:\/\/www.normisjon.no\/ostfold\/2019\/09\/10\/ny-acta-medarbeider\/#primaryimage\"},\"thumbnailUrl\":\"https:\/\/www.normisjon.no\/content\/uploads\/sites\/24\/2019\/09\/DSC_0965.jpg\",\"datePublished\":\"2019-09-10T08:57:25+00:00\",\"dateModified\":\"2019-09-10T08:58:07+00:00\",\"breadcrumb\":{\"@id\":\"https:\/\/www.normisjon.no\/ostfold\/2019\/09\/10\/ny-acta-medarbeider\/#breadcrumb\"},\"inLanguage\":\"nb-NO\",\"potentialAction\":[{\"@type\":\"ReadAction\",\"target\":[\"https:\/\/www.normisjon.no\/ostfold\/2019\/09\/10\/ny-acta-medarbeider\/\"]}]},{\"@type\":\"ImageObject\",\"inLanguage\":\"nb-NO\",\"@id\":\"https:\/\/www.normisjon.no\/ostfold\/2019\/09\/10\/ny-acta-medarbeider\/#primaryimage\",\"url\":\"https:\/\/www.normisjon.no\/content\/uploads\/sites\/24\/2019\/09\/DSC_0965.jpg\",\"contentUrl\":\"https:\/\/www.normisjon.no\/content\/uploads\/sites\/24\/2019\/09\/DSC_0965.jpg\",\"width\":3216,\"height\":2136},{\"@type\":\"BreadcrumbList\",\"@id\":\"https:\/\/www.normisjon.no\/ostfold\/2019\/09\/10\/ny-acta-medarbeider\/#breadcrumb\",\"itemListElement\":[{\"@type\":\"ListItem\",\"position\":1,\"name\":\"Home\",\"item\":\"https:\/\/www.normisjon.no\/ostfold\/\"},{\"@type\":\"ListItem\",\"position\":2,\"name\":\"Ny Acta-medarbeider\"}]},{\"@type\":\"WebSite\",\"@id\":\"https:\/\/www.normisjon.no\/ostfold\/#website\",\"url\":\"https:\/\/www.normisjon.no\/ostfold\/\",\"name\":\"Region \u00d8stfold\",\"description\":\"\",\"publisher\":{\"@id\":\"https:\/\/www.normisjon.no\/ostfold\/#organization\"},\"potentialAction\":[{\"@type\":\"SearchAction\",\"target\":{\"@type\":\"EntryPoint\",\"urlTemplate\":\"https:\/\/www.normisjon.no\/ostfold\/?s={search_term_string}\"},\"query-input\":{\"@type\":\"PropertyValueSpecification\",\"valueRequired\":true,\"valueName\":\"search_term_string\"}}],\"inLanguage\":\"nb-NO\"},{\"@type\":\"Organization\",\"@id\":\"https:\/\/www.normisjon.no\/ostfold\/#organization\",\"name\":\"Region \u00d8stfold\",\"url\":\"https:\/\/www.normisjon.no\/ostfold\/\",\"logo\":{\"@type\":\"ImageObject\",\"inLanguage\":\"nb-NO\",\"@id\":\"https:\/\/www.normisjon.no\/ostfold\/#\/schema\/logo\/image\/\",\"url\":\"https:\/\/www.normisjon.no\/content\/uploads\/sites\/24\/2024\/11\/logo_Normisjon_lang_regionostfold_bla\u2560e.png\",\"contentUrl\":\"https:\/\/www.normisjon.no\/content\/uploads\/sites\/24\/2024\/11\/logo_Normisjon_lang_regionostfold_bla\u2560e.png\",\"width\":1952,\"height\":562,\"caption\":\"Region \u00d8stfold\"},\"image\":{\"@id\":\"https:\/\/www.normisjon.no\/ostfold\/#\/schema\/logo\/image\/\"},\"sameAs\":[\"https:\/\/www.facebook.com\/NormisjonRegionOstfold\"]},{\"@type\":\"Person\",\"@id\":\"https:\/\/www.normisjon.no\/ostfold\/#\/schema\/person\/1e860c822e70c7040278bb1a4601d60e\",\"name\":\"helene\",\"image\":{\"@type\":\"ImageObject\",\"inLanguage\":\"nb-NO\",\"@id\":\"https:\/\/www.normisjon.no\/ostfold\/#\/schema\/person\/image\/\",\"url\":\"https:\/\/secure.gravatar.com\/avatar\/2a0771efa949edb0002468df81d1637cf33aa98e982a9101478d2c1573b828bd?s=96&d=mm&r=g\",\"contentUrl\":\"https:\/\/secure.gravatar.com\/avatar\/2a0771efa949edb0002468df81d1637cf33aa98e982a9101478d2c1573b828bd?s=96&d=mm&r=g\",\"caption\":\"helene\"},\"url\":\"https:\/\/www.normisjon.no\/ostfold\/author\/helene\/\"}]}<\/script>\n<!-- \/ Yoast SEO plugin. -->","yoast_head_json":{"title":"Ny Acta-medarbeider - Region \u00d8stfold","robots":{"index":"index","follow":"follow","max-snippet":"max-snippet:-1","max-image-preview":"max-image-preview:large","max-video-preview":"max-video-preview:-1"},"canonical":"https:\/\/www.normisjon.no\/ostfold\/2019\/09\/10\/ny-acta-medarbeider\/","og_locale":"nb_NO","og_type":"article","og_title":"Ny Acta-medarbeider - Region \u00d8stfold","og_description":"Ingrid Melv\u00e6r (25) er ansatt som ny Acta-medarbeider i region \u00d8stfold. Hun vil i f\u00f8rste rekke ha oppgaver med leir- og lokallagsarbeid p\u00e5 barnesektoren.&nbsp;&#8211; Men [&hellip;]","og_url":"https:\/\/www.normisjon.no\/ostfold\/2019\/09\/10\/ny-acta-medarbeider\/","og_site_name":"Region \u00d8stfold","article_publisher":"https:\/\/www.facebook.com\/NormisjonRegionOstfold","article_published_time":"2019-09-10T08:57:25+00:00","article_modified_time":"2019-09-10T08:58:07+00:00","og_image":[{"width":1024,"height":680,"url":"https:\/\/www.normisjon.no\/content\/uploads\/sites\/24\/2019\/09\/DSC_0965-1024x680.jpg","type":"image\/jpeg"}],"author":"helene","twitter_card":"summary_large_image","twitter_misc":{"Skrevet av":"helene","Ansl. lesetid":"1 minutt"},"schema":{"@context":"https:\/\/schema.org","@graph":[{"@type":"Article","@id":"https:\/\/www.normisjon.no\/ostfold\/2019\/09\/10\/ny-acta-medarbeider\/#article","isPartOf":{"@id":"https:\/\/www.normisjon.no\/ostfold\/2019\/09\/10\/ny-acta-medarbeider\/"},"author":{"name":"helene","@id":"https:\/\/www.normisjon.no\/ostfold\/#\/schema\/person\/1e860c822e70c7040278bb1a4601d60e"},"headline":"Ny Acta-medarbeider","datePublished":"2019-09-10T08:57:25+00:00","dateModified":"2019-09-10T08:58:07+00:00","mainEntityOfPage":{"@id":"https:\/\/www.normisjon.no\/ostfold\/2019\/09\/10\/ny-acta-medarbeider\/"},"wordCount":174,"publisher":{"@id":"https:\/\/www.normisjon.no\/ostfold\/#organization"},"image":{"@id":"https:\/\/www.normisjon.no\/ostfold\/2019\/09\/10\/ny-acta-medarbeider\/#primaryimage"},"thumbnailUrl":"https:\/\/www.normisjon.no\/content\/uploads\/sites\/24\/2019\/09\/DSC_0965.jpg","inLanguage":"nb-NO"},{"@type":"WebPage","@id":"https:\/\/www.normisjon.no\/ostfold\/2019\/09\/10\/ny-acta-medarbeider\/","url":"https:\/\/www.normisjon.no\/ostfold\/2019\/09\/10\/ny-acta-medarbeider\/","name":"Ny Acta-medarbeider - Region \u00d8stfold","isPartOf":{"@id":"https:\/\/www.normisjon.no\/ostfold\/#website"},"primaryImageOfPage":{"@id":"https:\/\/www.normisjon.no\/ostfold\/2019\/09\/10\/ny-acta-medarbeider\/#primaryimage"},"image":{"@id":"https:\/\/www.normisjon.no\/ostfold\/2019\/09\/10\/ny-acta-medarbeider\/#primaryimage"},"thumbnailUrl":"https:\/\/www.normisjon.no\/content\/uploads\/sites\/24\/2019\/09\/DSC_0965.jpg","datePublished":"2019-09-10T08:57:25+00:00","dateModified":"2019-09-10T08:58:07+00:00","breadcrumb":{"@id":"https:\/\/www.normisjon.no\/ostfold\/2019\/09\/10\/ny-acta-medarbeider\/#breadcrumb"},"inLanguage":"nb-NO","potentialAction":[{"@type":"ReadAction","target":["https:\/\/www.normisjon.no\/ostfold\/2019\/09\/10\/ny-acta-medarbeider\/"]}]},{"@type":"ImageObject","inLanguage":"nb-NO","@id":"https:\/\/www.normisjon.no\/ostfold\/2019\/09\/10\/ny-acta-medarbeider\/#primaryimage","url":"https:\/\/www.normisjon.no\/content\/uploads\/sites\/24\/2019\/09\/DSC_0965.jpg","contentUrl":"https:\/\/www.normisjon.no\/content\/uploads\/sites\/24\/2019\/09\/DSC_0965.jpg","width":3216,"height":2136},{"@type":"BreadcrumbList","@id":"https:\/\/www.normisjon.no\/ostfold\/2019\/09\/10\/ny-acta-medarbeider\/#breadcrumb","itemListElement":[{"@type":"ListItem","position":1,"name":"Home","item":"https:\/\/www.normisjon.no\/ostfold\/"},{"@type":"ListItem","position":2,"name":"Ny Acta-medarbeider"}]},{"@type":"WebSite","@id":"https:\/\/www.normisjon.no\/ostfold\/#website","url":"https:\/\/www.normisjon.no\/ostfold\/","name":"Region \u00d8stfold","description":"","publisher":{"@id":"https:\/\/www.normisjon.no\/ostfold\/#organization"},"potentialAction":[{"@type":"SearchAction","target":{"@type":"EntryPoint","urlTemplate":"https:\/\/www.normisjon.no\/ostfold\/?s={search_term_string}"},"query-input":{"@type":"PropertyValueSpecification","valueRequired":true,"valueName":"search_term_string"}}],"inLanguage":"nb-NO"},{"@type":"Organization","@id":"https:\/\/www.normisjon.no\/ostfold\/#organization","name":"Region \u00d8stfold","url":"https:\/\/www.normisjon.no\/ostfold\/","logo":{"@type":"ImageObject","inLanguage":"nb-NO","@id":"https:\/\/www.normisjon.no\/ostfold\/#\/schema\/logo\/image\/","url":"https:\/\/www.normisjon.no\/content\/uploads\/sites\/24\/2024\/11\/logo_Normisjon_lang_regionostfold_bla\u2560e.png","contentUrl":"https:\/\/www.normisjon.no\/content\/uploads\/sites\/24\/2024\/11\/logo_Normisjon_lang_regionostfold_bla\u2560e.png","width":1952,"height":562,"caption":"Region \u00d8stfold"},"image":{"@id":"https:\/\/www.normisjon.no\/ostfold\/#\/schema\/logo\/image\/"},"sameAs":["https:\/\/www.facebook.com\/NormisjonRegionOstfold"]},{"@type":"Person","@id":"https:\/\/www.normisjon.no\/ostfold\/#\/schema\/person\/1e860c822e70c7040278bb1a4601d60e","name":"helene","image":{"@type":"ImageObject","inLanguage":"nb-NO","@id":"https:\/\/www.normisjon.no\/ostfold\/#\/schema\/person\/image\/","url":"https:\/\/secure.gravatar.com\/avatar\/2a0771efa949edb0002468df81d1637cf33aa98e982a9101478d2c1573b828bd?s=96&d=mm&r=g","contentUrl":"https:\/\/secure.gravatar.com\/avatar\/2a0771efa949edb0002468df81d1637cf33aa98e982a9101478d2c1573b828bd?s=96&d=mm&r=g","caption":"helene"},"url":"https:\/\/www.normisjon.no\/ostfold\/author\/helene\/"}]}},"_links":{"self":[{"href":"https:\/\/www.normisjon.no\/ostfold\/wp-json\/wp\/v2\/posts\/1612","targetHints":{"allow":["GET"]}}],"collection":[{"href":"https:\/\/www.normisjon.no\/ostfold\/wp-json\/wp\/v2\/posts"}],"about":[{"href":"https:\/\/www.normisjon.no\/ostfold\/wp-json\/wp\/v2\/types\/post"}],"author":[{"embeddable":true,"href":"https:\/\/www.normisjon.no\/ostfold\/wp-json\/wp\/v2\/users\/40"}],"replies":[{"embeddable":true,"href":"https:\/\/www.normisjon.no\/ostfold\/wp-json\/wp\/v2\/comments?post=1612"}],"version-history":[{"count":2,"href":"https:\/\/www.normisjon.no\/ostfold\/wp-json\/wp\/v2\/posts\/1612\/revisions"}],"predecessor-version":[{"id":1615,"href":"https:\/\/www.normisjon.no\/ostfold\/wp-json\/wp\/v2\/posts\/1612\/revisions\/1615"}],"wp:featuredmedia":[{"embeddable":true,"href":"https:\/\/www.normisjon.no\/ostfold\/wp-json\/wp\/v2\/media\/1613"}],"wp:attachment":[{"href":"https:\/\/www.normisjon.no\/ostfold\/wp-json\/wp\/v2\/media?parent=1612"}],"wp:term":[{"taxonomy":"category","embeddable":true,"href":"https:\/\/www.normisjon.no\/ostfold\/wp-json\/wp\/v2\/categories?post=1612"},{"taxonomy":"post_tag","embeddable":true,"href":"https:\/\/www.normisjon.no\/ostfold\/wp-json\/wp\/v2\/tags?post=1612"}],"curies":[{"name":"wp","href":"https:\/\/api.w.org\/{rel}","templated":true}]}}