{"id":2094,"date":"2020-05-18T14:18:07","date_gmt":"2020-05-18T12:18:07","guid":{"rendered":"https:\/\/www.normisjon.no\/ostfold\/?p=2094"},"modified":"2020-05-18T14:23:00","modified_gmt":"2020-05-18T12:23:00","slug":"forste-gang-i-historien","status":"publish","type":"post","link":"https:\/\/www.normisjon.no\/ostfold\/2020\/05\/18\/forste-gang-i-historien\/","title":{"rendered":"F\u00f8rste gang i historien"},"content":{"rendered":"<div class=\"entry-content alignfull wp-block-post-content has-global-padding is-layout-constrained wp-block-post-content-is-layout-constrained\">\n<p>For f\u00f8rste gang gjennom Normisjons 160 \u00e5rige historie i \u00d8stfold ble det dette \u00e5ret avholdt et digitalt region\u00e5rsm\u00f8te. \u00c5rsaken var selvsagt at det var umulig &#8211; p\u00e5 grunn av koronapandemien &#8211; og samles til det fysiske m\u00f8tet som skulle v\u00e6rt avholdt i Askim <br>28. mars. Alle foreninger fikk tilsendt forslag til saksliste med underliggende saksdokumenter pr. e-post eller brev. Det samme fikk alle direktemedlemmer. Alle fikk anledning til \u00e5 gi sin tilslutning til eller stemme imot forslagene til vedtak, samt \u00e5 sende en kommentar. Det var 72 som stemte, dette ligger litt over antallet stemmeberettigede ved forrige \u00e5rsm\u00f8te.<br><br>Alle vedtak var enstemmige, men noen benyttet anledningen til \u00e5 gi noen sm\u00e5 kommentarer til \u00e5rsmeldingen eller regnskapet. Kommentarene kommer med i protokollen fra \u00e5rsm\u00f8tet.<br>Region \u00d8stfold har et omfattende arbeid med totalt 71 foreninger p\u00e5 voksensektoren, som er en nedgang p\u00e5 to fra \u00e5ret f\u00f8r. Acta, barn og unge i Normisjon, i \u00d8stfold har 45 lokallag\/kor for alderen 0-26 \u00e5r, med samlet ca. 1250 medlemmer. Sentralt i regionens arbeid er ogs\u00e5 leirstedene Sauevika og Sj\u00f8glimt, hvor Normisjon\/Acta siste \u00e5r arrangerte 17 leirer med ca. 900 deltagere og ledere. Haugetun folkeh\u00f8yskole og Fermate &#8211; ressurssenteret for sjelesorg og veiledning er ogs\u00e5 viktige arbeidsgrener. Et stort engasjement for Normisjons misjonsarbeid i 10 ulike land, ikke minst Nepal, m\u00e5 ogs\u00e5 nevnes. I den sammenheng er \u00abMisjonsforum\u00bb et viktig arbeidsredskap.<br><br>Region \u00d8stfold har i dag \u00e5tte ansatte, inkludert leirstedene og deltidsstillinger, men utenom Haugetun folkeh\u00f8yskole. I fjor ble to nye ansatt i barne- og ungdomsarbeidet: Ingrid Kristine Melv\u00e6r som har fokus p\u00e5 lokallag og leir og Anne-Kirsti Syverstad Ulseth med kor og leir. I tillegg har Normisjon et stort antall ul\u00f8nnede medarbeidere som ledere og st\u00f8ttespillere i lokale foreninger, lag og p\u00e5 leirer. De samlede inntektene for regionen l\u00e5 i 2019 p\u00e5 ca. 9,3 millioner kroner, herav utgj\u00f8r gavene ca. 3,5 millioner kroner. Tallene viste et regnskap i balanse, noe som er sv\u00e6rt gledelig etter mange \u00e5r med underskudd.<br><br>Valgene ble vedtatt i tr\u00e5d med valgkomiteens innstilling. Regionstyreleder John Thune, Rakkestad sto ikke p\u00e5 valg. Nye medlemmer, etter Gunnar Lilleaasen, Rakkestad og Randi Finstad Sand, Eidsberg, ble Astrid Langmoen Olsen, R\u00e5de og Ruth Marie Vatvedt, Degernes.<br>Gjenst\u00e5ende medlemmer er: Torgeir Flateby, Askim, Ellen Lindheim Slettevold, Borge og Gerd Ninni Solum, Tomter. Varamedlemmer ble Ingar O. Carlsen, Askim, Magnar Aamodt, Rakkestad og Ellen Br\u00f8ttemsmo, Hannestad. Ansattes representant er Boe Johannes Hermansen, og fra Acta m\u00f8ter Jon Henrik Aas. Styrets sekret\u00e6r er regionleder Sverre Fjeldberg.<br><br>Boe Johannes Hermansen, tekst og foto<\/p>\n\n\n\n<figure class=\"wp-block-image\"><img loading=\"lazy\" decoding=\"async\" width=\"1024\" height=\"680\" src=\"https:\/\/www.normisjon.no\/content\/uploads\/sites\/24\/2020\/05\/Thune-John-1024x680.jpg\" alt=\"\" class=\"wp-image-2096\" srcset=\"https:\/\/www.normisjon.no\/content\/uploads\/sites\/24\/2020\/05\/Thune-John-1024x680.jpg 1024w, https:\/\/www.normisjon.no\/content\/uploads\/sites\/24\/2020\/05\/Thune-John-300x199.jpg 300w, https:\/\/www.normisjon.no\/content\/uploads\/sites\/24\/2020\/05\/Thune-John-768x510.jpg 768w, https:\/\/www.normisjon.no\/content\/uploads\/sites\/24\/2020\/05\/Thune-John-1920x1275.jpg 1920w, https:\/\/www.normisjon.no\/content\/uploads\/sites\/24\/2020\/05\/Thune-John-1360x903.jpg 1360w, https:\/\/www.normisjon.no\/content\/uploads\/sites\/24\/2020\/05\/Thune-John-960x638.jpg 960w\" sizes=\"auto, (max-width: 1024px) 100vw, 1024px\" \/><figcaption> <br>John Thune er styreleder i Normisjon region \u00d8stfold.<br><\/figcaption><\/figure>\n\n\n\n<p><\/p>\n<\/div>","protected":false},"excerpt":{"rendered":"<p>For f\u00f8rste gang gjennom Normisjons 160 \u00e5rige historie i \u00d8stfold ble det dette \u00e5ret avholdt et digitalt region\u00e5rsm\u00f8te. \u00c5rsaken var selvsagt at det var umulig [&hellip;]<\/p>\n","protected":false},"author":40,"featured_media":2096,"comment_status":"closed","ping_status":"closed","sticky":false,"template":"","format":"standard","meta":{"_acf_changed":false,"footnotes":""},"categories":[1],"tags":[],"class_list":["post-2094","post","type-post","status-publish","format-standard","has-post-thumbnail","hentry","category-ukategorisert"],"acf":[],"yoast_head":"<!-- This site is optimized with the Yoast SEO plugin v25.9 - https:\/\/yoast.com\/wordpress\/plugins\/seo\/ -->\n<title>F\u00f8rste gang i historien - Region \u00d8stfold<\/title>\n<meta name=\"robots\" content=\"index, follow, max-snippet:-1, max-image-preview:large, max-video-preview:-1\" \/>\n<link rel=\"canonical\" href=\"https:\/\/www.normisjon.no\/ostfold\/2020\/05\/18\/forste-gang-i-historien\/\" \/>\n<meta property=\"og:locale\" content=\"nb_NO\" \/>\n<meta property=\"og:type\" content=\"article\" \/>\n<meta property=\"og:title\" content=\"F\u00f8rste gang i historien - Region \u00d8stfold\" \/>\n<meta property=\"og:description\" content=\"For f\u00f8rste gang gjennom Normisjons 160 \u00e5rige historie i \u00d8stfold ble det dette \u00e5ret avholdt et digitalt region\u00e5rsm\u00f8te. \u00c5rsaken var selvsagt at det var umulig [&hellip;]\" \/>\n<meta property=\"og:url\" content=\"https:\/\/www.normisjon.no\/ostfold\/2020\/05\/18\/forste-gang-i-historien\/\" \/>\n<meta property=\"og:site_name\" content=\"Region \u00d8stfold\" \/>\n<meta property=\"article:publisher\" content=\"https:\/\/www.facebook.com\/NormisjonRegionOstfold\" \/>\n<meta property=\"article:published_time\" content=\"2020-05-18T12:18:07+00:00\" \/>\n<meta property=\"article:modified_time\" content=\"2020-05-18T12:23:00+00:00\" \/>\n<meta property=\"og:image\" content=\"https:\/\/www.normisjon.no\/content\/uploads\/sites\/24\/2020\/05\/Thune-John-1024x680.jpg\" \/>\n\t<meta property=\"og:image:width\" content=\"1024\" \/>\n\t<meta property=\"og:image:height\" content=\"680\" \/>\n\t<meta property=\"og:image:type\" content=\"image\/jpeg\" \/>\n<meta name=\"author\" content=\"helene\" \/>\n<meta name=\"twitter:card\" content=\"summary_large_image\" \/>\n<meta name=\"twitter:label1\" content=\"Skrevet av\" \/>\n\t<meta name=\"twitter:data1\" content=\"helene\" \/>\n\t<meta name=\"twitter:label2\" content=\"Ansl. lesetid\" \/>\n\t<meta name=\"twitter:data2\" content=\"2 minutter\" \/>\n<script type=\"application\/ld+json\" class=\"yoast-schema-graph\">{\"@context\":\"https:\/\/schema.org\",\"@graph\":[{\"@type\":\"Article\",\"@id\":\"https:\/\/www.normisjon.no\/ostfold\/2020\/05\/18\/forste-gang-i-historien\/#article\",\"isPartOf\":{\"@id\":\"https:\/\/www.normisjon.no\/ostfold\/2020\/05\/18\/forste-gang-i-historien\/\"},\"author\":{\"name\":\"helene\",\"@id\":\"https:\/\/www.normisjon.no\/ostfold\/#\/schema\/person\/1e860c822e70c7040278bb1a4601d60e\"},\"headline\":\"F\u00f8rste gang i historien\",\"datePublished\":\"2020-05-18T12:18:07+00:00\",\"dateModified\":\"2020-05-18T12:23:00+00:00\",\"mainEntityOfPage\":{\"@id\":\"https:\/\/www.normisjon.no\/ostfold\/2020\/05\/18\/forste-gang-i-historien\/\"},\"wordCount\":436,\"publisher\":{\"@id\":\"https:\/\/www.normisjon.no\/ostfold\/#organization\"},\"image\":{\"@id\":\"https:\/\/www.normisjon.no\/ostfold\/2020\/05\/18\/forste-gang-i-historien\/#primaryimage\"},\"thumbnailUrl\":\"https:\/\/www.normisjon.no\/content\/uploads\/sites\/24\/2020\/05\/Thune-John.jpg\",\"inLanguage\":\"nb-NO\"},{\"@type\":\"WebPage\",\"@id\":\"https:\/\/www.normisjon.no\/ostfold\/2020\/05\/18\/forste-gang-i-historien\/\",\"url\":\"https:\/\/www.normisjon.no\/ostfold\/2020\/05\/18\/forste-gang-i-historien\/\",\"name\":\"F\u00f8rste gang i historien - Region \u00d8stfold\",\"isPartOf\":{\"@id\":\"https:\/\/www.normisjon.no\/ostfold\/#website\"},\"primaryImageOfPage\":{\"@id\":\"https:\/\/www.normisjon.no\/ostfold\/2020\/05\/18\/forste-gang-i-historien\/#primaryimage\"},\"image\":{\"@id\":\"https:\/\/www.normisjon.no\/ostfold\/2020\/05\/18\/forste-gang-i-historien\/#primaryimage\"},\"thumbnailUrl\":\"https:\/\/www.normisjon.no\/content\/uploads\/sites\/24\/2020\/05\/Thune-John.jpg\",\"datePublished\":\"2020-05-18T12:18:07+00:00\",\"dateModified\":\"2020-05-18T12:23:00+00:00\",\"breadcrumb\":{\"@id\":\"https:\/\/www.normisjon.no\/ostfold\/2020\/05\/18\/forste-gang-i-historien\/#breadcrumb\"},\"inLanguage\":\"nb-NO\",\"potentialAction\":[{\"@type\":\"ReadAction\",\"target\":[\"https:\/\/www.normisjon.no\/ostfold\/2020\/05\/18\/forste-gang-i-historien\/\"]}]},{\"@type\":\"ImageObject\",\"inLanguage\":\"nb-NO\",\"@id\":\"https:\/\/www.normisjon.no\/ostfold\/2020\/05\/18\/forste-gang-i-historien\/#primaryimage\",\"url\":\"https:\/\/www.normisjon.no\/content\/uploads\/sites\/24\/2020\/05\/Thune-John.jpg\",\"contentUrl\":\"https:\/\/www.normisjon.no\/content\/uploads\/sites\/24\/2020\/05\/Thune-John.jpg\",\"width\":3216,\"height\":2136},{\"@type\":\"BreadcrumbList\",\"@id\":\"https:\/\/www.normisjon.no\/ostfold\/2020\/05\/18\/forste-gang-i-historien\/#breadcrumb\",\"itemListElement\":[{\"@type\":\"ListItem\",\"position\":1,\"name\":\"Home\",\"item\":\"https:\/\/www.normisjon.no\/ostfold\/\"},{\"@type\":\"ListItem\",\"position\":2,\"name\":\"F\u00f8rste gang i historien\"}]},{\"@type\":\"WebSite\",\"@id\":\"https:\/\/www.normisjon.no\/ostfold\/#website\",\"url\":\"https:\/\/www.normisjon.no\/ostfold\/\",\"name\":\"Region \u00d8stfold\",\"description\":\"\",\"publisher\":{\"@id\":\"https:\/\/www.normisjon.no\/ostfold\/#organization\"},\"potentialAction\":[{\"@type\":\"SearchAction\",\"target\":{\"@type\":\"EntryPoint\",\"urlTemplate\":\"https:\/\/www.normisjon.no\/ostfold\/?s={search_term_string}\"},\"query-input\":{\"@type\":\"PropertyValueSpecification\",\"valueRequired\":true,\"valueName\":\"search_term_string\"}}],\"inLanguage\":\"nb-NO\"},{\"@type\":\"Organization\",\"@id\":\"https:\/\/www.normisjon.no\/ostfold\/#organization\",\"name\":\"Region \u00d8stfold\",\"url\":\"https:\/\/www.normisjon.no\/ostfold\/\",\"logo\":{\"@type\":\"ImageObject\",\"inLanguage\":\"nb-NO\",\"@id\":\"https:\/\/www.normisjon.no\/ostfold\/#\/schema\/logo\/image\/\",\"url\":\"https:\/\/www.normisjon.no\/content\/uploads\/sites\/24\/2024\/11\/logo_Normisjon_lang_regionostfold_bla\u2560e.png\",\"contentUrl\":\"https:\/\/www.normisjon.no\/content\/uploads\/sites\/24\/2024\/11\/logo_Normisjon_lang_regionostfold_bla\u2560e.png\",\"width\":1952,\"height\":562,\"caption\":\"Region \u00d8stfold\"},\"image\":{\"@id\":\"https:\/\/www.normisjon.no\/ostfold\/#\/schema\/logo\/image\/\"},\"sameAs\":[\"https:\/\/www.facebook.com\/NormisjonRegionOstfold\"]},{\"@type\":\"Person\",\"@id\":\"https:\/\/www.normisjon.no\/ostfold\/#\/schema\/person\/1e860c822e70c7040278bb1a4601d60e\",\"name\":\"helene\",\"image\":{\"@type\":\"ImageObject\",\"inLanguage\":\"nb-NO\",\"@id\":\"https:\/\/www.normisjon.no\/ostfold\/#\/schema\/person\/image\/\",\"url\":\"https:\/\/secure.gravatar.com\/avatar\/2a0771efa949edb0002468df81d1637cf33aa98e982a9101478d2c1573b828bd?s=96&d=mm&r=g\",\"contentUrl\":\"https:\/\/secure.gravatar.com\/avatar\/2a0771efa949edb0002468df81d1637cf33aa98e982a9101478d2c1573b828bd?s=96&d=mm&r=g\",\"caption\":\"helene\"},\"url\":\"https:\/\/www.normisjon.no\/ostfold\/author\/helene\/\"}]}<\/script>\n<!-- \/ Yoast SEO plugin. -->","yoast_head_json":{"title":"F\u00f8rste gang i historien - Region \u00d8stfold","robots":{"index":"index","follow":"follow","max-snippet":"max-snippet:-1","max-image-preview":"max-image-preview:large","max-video-preview":"max-video-preview:-1"},"canonical":"https:\/\/www.normisjon.no\/ostfold\/2020\/05\/18\/forste-gang-i-historien\/","og_locale":"nb_NO","og_type":"article","og_title":"F\u00f8rste gang i historien - Region \u00d8stfold","og_description":"For f\u00f8rste gang gjennom Normisjons 160 \u00e5rige historie i \u00d8stfold ble det dette \u00e5ret avholdt et digitalt region\u00e5rsm\u00f8te. \u00c5rsaken var selvsagt at det var umulig [&hellip;]","og_url":"https:\/\/www.normisjon.no\/ostfold\/2020\/05\/18\/forste-gang-i-historien\/","og_site_name":"Region \u00d8stfold","article_publisher":"https:\/\/www.facebook.com\/NormisjonRegionOstfold","article_published_time":"2020-05-18T12:18:07+00:00","article_modified_time":"2020-05-18T12:23:00+00:00","og_image":[{"width":1024,"height":680,"url":"https:\/\/www.normisjon.no\/content\/uploads\/sites\/24\/2020\/05\/Thune-John-1024x680.jpg","type":"image\/jpeg"}],"author":"helene","twitter_card":"summary_large_image","twitter_misc":{"Skrevet av":"helene","Ansl. lesetid":"2 minutter"},"schema":{"@context":"https:\/\/schema.org","@graph":[{"@type":"Article","@id":"https:\/\/www.normisjon.no\/ostfold\/2020\/05\/18\/forste-gang-i-historien\/#article","isPartOf":{"@id":"https:\/\/www.normisjon.no\/ostfold\/2020\/05\/18\/forste-gang-i-historien\/"},"author":{"name":"helene","@id":"https:\/\/www.normisjon.no\/ostfold\/#\/schema\/person\/1e860c822e70c7040278bb1a4601d60e"},"headline":"F\u00f8rste gang i historien","datePublished":"2020-05-18T12:18:07+00:00","dateModified":"2020-05-18T12:23:00+00:00","mainEntityOfPage":{"@id":"https:\/\/www.normisjon.no\/ostfold\/2020\/05\/18\/forste-gang-i-historien\/"},"wordCount":436,"publisher":{"@id":"https:\/\/www.normisjon.no\/ostfold\/#organization"},"image":{"@id":"https:\/\/www.normisjon.no\/ostfold\/2020\/05\/18\/forste-gang-i-historien\/#primaryimage"},"thumbnailUrl":"https:\/\/www.normisjon.no\/content\/uploads\/sites\/24\/2020\/05\/Thune-John.jpg","inLanguage":"nb-NO"},{"@type":"WebPage","@id":"https:\/\/www.normisjon.no\/ostfold\/2020\/05\/18\/forste-gang-i-historien\/","url":"https:\/\/www.normisjon.no\/ostfold\/2020\/05\/18\/forste-gang-i-historien\/","name":"F\u00f8rste gang i historien - Region \u00d8stfold","isPartOf":{"@id":"https:\/\/www.normisjon.no\/ostfold\/#website"},"primaryImageOfPage":{"@id":"https:\/\/www.normisjon.no\/ostfold\/2020\/05\/18\/forste-gang-i-historien\/#primaryimage"},"image":{"@id":"https:\/\/www.normisjon.no\/ostfold\/2020\/05\/18\/forste-gang-i-historien\/#primaryimage"},"thumbnailUrl":"https:\/\/www.normisjon.no\/content\/uploads\/sites\/24\/2020\/05\/Thune-John.jpg","datePublished":"2020-05-18T12:18:07+00:00","dateModified":"2020-05-18T12:23:00+00:00","breadcrumb":{"@id":"https:\/\/www.normisjon.no\/ostfold\/2020\/05\/18\/forste-gang-i-historien\/#breadcrumb"},"inLanguage":"nb-NO","potentialAction":[{"@type":"ReadAction","target":["https:\/\/www.normisjon.no\/ostfold\/2020\/05\/18\/forste-gang-i-historien\/"]}]},{"@type":"ImageObject","inLanguage":"nb-NO","@id":"https:\/\/www.normisjon.no\/ostfold\/2020\/05\/18\/forste-gang-i-historien\/#primaryimage","url":"https:\/\/www.normisjon.no\/content\/uploads\/sites\/24\/2020\/05\/Thune-John.jpg","contentUrl":"https:\/\/www.normisjon.no\/content\/uploads\/sites\/24\/2020\/05\/Thune-John.jpg","width":3216,"height":2136},{"@type":"BreadcrumbList","@id":"https:\/\/www.normisjon.no\/ostfold\/2020\/05\/18\/forste-gang-i-historien\/#breadcrumb","itemListElement":[{"@type":"ListItem","position":1,"name":"Home","item":"https:\/\/www.normisjon.no\/ostfold\/"},{"@type":"ListItem","position":2,"name":"F\u00f8rste gang i historien"}]},{"@type":"WebSite","@id":"https:\/\/www.normisjon.no\/ostfold\/#website","url":"https:\/\/www.normisjon.no\/ostfold\/","name":"Region \u00d8stfold","description":"","publisher":{"@id":"https:\/\/www.normisjon.no\/ostfold\/#organization"},"potentialAction":[{"@type":"SearchAction","target":{"@type":"EntryPoint","urlTemplate":"https:\/\/www.normisjon.no\/ostfold\/?s={search_term_string}"},"query-input":{"@type":"PropertyValueSpecification","valueRequired":true,"valueName":"search_term_string"}}],"inLanguage":"nb-NO"},{"@type":"Organization","@id":"https:\/\/www.normisjon.no\/ostfold\/#organization","name":"Region \u00d8stfold","url":"https:\/\/www.normisjon.no\/ostfold\/","logo":{"@type":"ImageObject","inLanguage":"nb-NO","@id":"https:\/\/www.normisjon.no\/ostfold\/#\/schema\/logo\/image\/","url":"https:\/\/www.normisjon.no\/content\/uploads\/sites\/24\/2024\/11\/logo_Normisjon_lang_regionostfold_bla\u2560e.png","contentUrl":"https:\/\/www.normisjon.no\/content\/uploads\/sites\/24\/2024\/11\/logo_Normisjon_lang_regionostfold_bla\u2560e.png","width":1952,"height":562,"caption":"Region \u00d8stfold"},"image":{"@id":"https:\/\/www.normisjon.no\/ostfold\/#\/schema\/logo\/image\/"},"sameAs":["https:\/\/www.facebook.com\/NormisjonRegionOstfold"]},{"@type":"Person","@id":"https:\/\/www.normisjon.no\/ostfold\/#\/schema\/person\/1e860c822e70c7040278bb1a4601d60e","name":"helene","image":{"@type":"ImageObject","inLanguage":"nb-NO","@id":"https:\/\/www.normisjon.no\/ostfold\/#\/schema\/person\/image\/","url":"https:\/\/secure.gravatar.com\/avatar\/2a0771efa949edb0002468df81d1637cf33aa98e982a9101478d2c1573b828bd?s=96&d=mm&r=g","contentUrl":"https:\/\/secure.gravatar.com\/avatar\/2a0771efa949edb0002468df81d1637cf33aa98e982a9101478d2c1573b828bd?s=96&d=mm&r=g","caption":"helene"},"url":"https:\/\/www.normisjon.no\/ostfold\/author\/helene\/"}]}},"_links":{"self":[{"href":"https:\/\/www.normisjon.no\/ostfold\/wp-json\/wp\/v2\/posts\/2094","targetHints":{"allow":["GET"]}}],"collection":[{"href":"https:\/\/www.normisjon.no\/ostfold\/wp-json\/wp\/v2\/posts"}],"about":[{"href":"https:\/\/www.normisjon.no\/ostfold\/wp-json\/wp\/v2\/types\/post"}],"author":[{"embeddable":true,"href":"https:\/\/www.normisjon.no\/ostfold\/wp-json\/wp\/v2\/users\/40"}],"replies":[{"embeddable":true,"href":"https:\/\/www.normisjon.no\/ostfold\/wp-json\/wp\/v2\/comments?post=2094"}],"version-history":[{"count":3,"href":"https:\/\/www.normisjon.no\/ostfold\/wp-json\/wp\/v2\/posts\/2094\/revisions"}],"predecessor-version":[{"id":2101,"href":"https:\/\/www.normisjon.no\/ostfold\/wp-json\/wp\/v2\/posts\/2094\/revisions\/2101"}],"wp:featuredmedia":[{"embeddable":true,"href":"https:\/\/www.normisjon.no\/ostfold\/wp-json\/wp\/v2\/media\/2096"}],"wp:attachment":[{"href":"https:\/\/www.normisjon.no\/ostfold\/wp-json\/wp\/v2\/media?parent=2094"}],"wp:term":[{"taxonomy":"category","embeddable":true,"href":"https:\/\/www.normisjon.no\/ostfold\/wp-json\/wp\/v2\/categories?post=2094"},{"taxonomy":"post_tag","embeddable":true,"href":"https:\/\/www.normisjon.no\/ostfold\/wp-json\/wp\/v2\/tags?post=2094"}],"curies":[{"name":"wp","href":"https:\/\/api.w.org\/{rel}","templated":true}]}}