{"id":295,"date":"2018-06-20T10:27:23","date_gmt":"2018-06-20T08:27:23","guid":{"rendered":"https:\/\/www.normisjon.no\/ostfold\/?p=295"},"modified":"2018-06-21T18:12:36","modified_gmt":"2018-06-21T16:12:36","slug":"onsket-a-se-framover","status":"publish","type":"post","link":"https:\/\/www.normisjon.no\/ostfold\/2018\/06\/20\/onsket-a-se-framover\/","title":{"rendered":"\u00d8nsket \u00e5 se framover"},"content":{"rendered":"<div class=\"entry-content alignfull wp-block-post-content has-global-padding is-layout-constrained wp-block-post-content-is-layout-constrained\">\n<figure class=\"wp-block-image\"><img loading=\"lazy\" decoding=\"async\" width=\"1200\" height=\"797\" src=\"https:\/\/www.normisjon.no\/content\/uploads\/sites\/24\/2018\/06\/v02_965B1E6769AF15DD29D198997A8CDAD8.jpg\" alt=\"\" class=\"wp-image-297\" srcset=\"https:\/\/www.normisjon.no\/content\/uploads\/sites\/24\/2018\/06\/v02_965B1E6769AF15DD29D198997A8CDAD8.jpg 1200w, https:\/\/www.normisjon.no\/content\/uploads\/sites\/24\/2018\/06\/v02_965B1E6769AF15DD29D198997A8CDAD8-300x199.jpg 300w, https:\/\/www.normisjon.no\/content\/uploads\/sites\/24\/2018\/06\/v02_965B1E6769AF15DD29D198997A8CDAD8-768x510.jpg 768w, https:\/\/www.normisjon.no\/content\/uploads\/sites\/24\/2018\/06\/v02_965B1E6769AF15DD29D198997A8CDAD8-1024x680.jpg 1024w, https:\/\/www.normisjon.no\/content\/uploads\/sites\/24\/2018\/06\/v02_965B1E6769AF15DD29D198997A8CDAD8-960x638.jpg 960w\" sizes=\"auto, (max-width: 1200px) 100vw, 1200px\" \/>\n\t<figcaption>Noen av m\u00f8tedeltagerne under \u00e5rsm\u00f8tet. Foto: Boe Johannes Hermansen<\/figcaption>\n<\/figure>\n\n\n\n<p>\u00c5rsm\u00f8tet i Normisjon region \u00d8stfold \u00f8nsket \u00e5 se framover. &#8211; Vi m\u00e5 f\u00e5 ned kostnadene og engasjere enda flere frivillige, var noe av det som ble p\u00e5pekt under \u00e5rsm\u00f8tet, som ble holdt i bedehuset Bethel i Fredrikstad l\u00f8rdag 7. april.<\/p>\n\n\n\n<p>\u00c5rsmeldinger og regnskap ble enstemmig godkjent av de 71 stemmeberettigede. Region \u00d8stfold har et omfattende arbeid med totalt 76 foreninger p\u00e5 voksensektoren, som er en nedgang p\u00e5 en. Acta \u00d8stfold, barn og unge i Normisjon har rundt 50 lag for alderen 0-26 \u00e5r. Her har to nye Soul Children kor og et nytt tweens-lag kommet til. Sentralt i regionens arbeid er ogs\u00e5 leirstedene Sauevika og Sj\u00f8glimt, samt Haugetun folkeh\u00f8yskole. I tillegg er det et betydelig engasjement for Normisjons misjonsarbeid i 10 ulike land.<\/p>\n\n\n\n<p>Region \u00d8stfold har i dag 13 ansatte, inkludert leirstedene og deltidsstillinger, men utenom Haugetun folkeh\u00f8yskole. I tillegg har Normisjon er stort antall ul\u00f8nnede medarbeidere som ledere og st\u00f8ttespillere i lokale foreninger, lag og p\u00e5 leirer.<\/p>\n\n\n\n<p>Regionstyrets leder John Thune var ikke p\u00e5 valg. Etter Lillian Karlsen, Ons\u00f8y og Inger Slettevold Aarmo, Varteig som gikk ut av regionstyret, ble valgt Torgeir Flateby, Askim og Gerd Ninni Solum, Tomter. Gjenst\u00e5ende medlemmer er Gunnar Lilleaasen, Degernes, Randi Finstad Sand, Eidsberg og Helene Camilla Titterud, Sarpsborg. Til varamedlemmer ble valgt: Eli Holt, Skjeberg, \u00d8ivind Navestad, Kr\u00e5ker\u00f8y og Magnar Aamoth, Rakkestad. I tillegg velger Acta og de ansatte hver sin representant. Styrets sekret\u00e6r er regionleder Sverre Fjeldberg.<\/p>\n\n\n\n<p>De samlede inntektene for regionen l\u00e5 i 2017 p\u00e5 8,3 millioner kroner, herav utgj\u00f8r gavene ca. 3 millioner kroner. Regnskapet viste et driftsmessig underskudd p\u00e5 1,7 millioner kroner, noe som betyr en kraftig reduksjon av disposisjonsfond.<\/p>\n\n\n\n<p>I tillegg til forhandlingsm\u00f8tet ble det arrangert to parallelle seminarer: \u00abPlanting av nye fellesskap i by og bygd\u00bb ved Jann Even Andresen og \u00abLivsn\u00e6re fellesskap \u2013 viktig og n\u00f8dvendig i v\u00e5r tid?\u00bb ved Sigmund Danielsen. Det var ogs\u00e5 presentasjon av ulike arbeidsgrener, styrer og r\u00e5d, samt samtale om misjonsarbeidet. Sigmund Danielsen ble takket for tjenesten, etter 46 \u00e5rs sammenhengende ansettelse i Indremisjon\/Normisjon, de siste fem \u00e5rene som leder av Fermate \u00d8stfold. \u00c5rsm\u00f8tet ble avsluttet med tale av Jann Even Andresen, som var landsstyrets utsending.<\/p>\n\n\n\n<p>Boe Johannes Hermansen, tekst og foto<\/p>\n\n\n\n<ul class=\"wp-block-gallery alignnone columns-3 is-cropped wp-block-gallery-1 is-layout-flex wp-block-gallery-is-layout-flex\">\n\t<li class=\"blocks-gallery-item\">\n\t\t<figure><img decoding=\"async\" src=\"https:\/\/www.normisjon.no\/content\/uploads\/sites\/24\/2018\/06\/v02_ACF5B4A73E66D994A058F7C6D65C11E1_ac_mw610_mh450_hc_vm.jpg\" alt=\"\" \/><\/figure>\n\t<\/li>\n\t<li class=\"blocks-gallery-item\">\n\t\t<figure><img decoding=\"async\" src=\"https:\/\/www.normisjon.no\/content\/uploads\/sites\/24\/2018\/06\/v02_BC893D768369CF2AE59F939E3FC893AA_ac_mw610_mh450_hc_vm-1.jpg\" alt=\"\" \/><\/figure>\n\t<\/li>\n\t<li class=\"blocks-gallery-item\">\n\t\t<figure><img decoding=\"async\" src=\"https:\/\/www.normisjon.no\/content\/uploads\/sites\/24\/2018\/06\/v02_DB044A835D87895088A7E6771B6A033B_ac_mw610_mh450_hc_vm-1.jpg\" alt=\"\" \/><\/figure>\n\t<\/li>\n\t<li class=\"blocks-gallery-item\">\n\t\t<figure><img decoding=\"async\" src=\"https:\/\/www.normisjon.no\/content\/uploads\/sites\/24\/2018\/06\/v02_B74990E15472470BECCAC9E80E738B88_ac_mw610_mh450_hc_vm-1.jpg\" alt=\"\" \/><\/figure>\n\t<\/li>\n\t<li class=\"blocks-gallery-item\">\n\t\t<figure><img decoding=\"async\" src=\"https:\/\/www.normisjon.no\/content\/uploads\/sites\/24\/2018\/06\/v02_51D6D0D5E4AC7C4AD89C6141BE843485_ac_mw610_mh450_hc_vm-1.jpg\" alt=\"\" \/><\/figure>\n\t<\/li>\n\t<li class=\"blocks-gallery-item\">\n\t\t<figure><img decoding=\"async\" src=\"https:\/\/www.normisjon.no\/content\/uploads\/sites\/24\/2018\/06\/v02_7FDDAA99552B6F1DC10A4D2CFD45BD61_ac_mw610_mh450_hc_vm-1.jpg\" alt=\"\" \/><\/figure>\n\t<\/li>\n\t<li class=\"blocks-gallery-item\">\n\t\t<figure><img decoding=\"async\" src=\"https:\/\/www.normisjon.no\/content\/uploads\/sites\/24\/2018\/06\/v02_0F8C17987AD22D3D6C04BB1C9C6BCA71_ac_mw610_mh450_hc_vm-1.jpg\" alt=\"\" \/><\/figure>\n\t<\/li>\n\t<li class=\"blocks-gallery-item\">\n\t\t<figure><img decoding=\"async\" src=\"https:\/\/www.normisjon.no\/content\/uploads\/sites\/24\/2018\/06\/v02_BA1187B6D24DF3B7D00E828AD0849F47_ac_mw610_mh450_hc_vm-1.jpg\" alt=\"\" \/><\/figure>\n\t<\/li>\n\t<li class=\"blocks-gallery-item\">\n\t\t<figure><img decoding=\"async\" src=\"https:\/\/www.normisjon.no\/content\/uploads\/sites\/24\/2018\/06\/v02_8AE61F601CFF2657AD49B05FD2FC09C1_ac_mw610_mh450_hc_vm-1.jpg\" alt=\"\" \/><\/figure>\n\t<\/li>\n\t<li class=\"blocks-gallery-item\">\n\t\t<figure><img decoding=\"async\" src=\"https:\/\/www.normisjon.no\/content\/uploads\/sites\/24\/2018\/06\/v02_68C88576B74BE96350BDFFEF6F10AC34_ac_mw610_mh450_hc_vm-1.jpg\" alt=\"\" \/><\/figure>\n\t<\/li>\n\t<li class=\"blocks-gallery-item\">\n\t\t<figure><img decoding=\"async\" src=\"https:\/\/www.normisjon.no\/content\/uploads\/sites\/24\/2018\/06\/v02_A62FB6E93F5CF48343676B5BF177F780_ac_mw610_mh450_hc_vm-2.jpg\" alt=\"\" \/><\/figure>\n\t<\/li>\n<\/ul>\n<\/div>","protected":false},"excerpt":{"rendered":"<p>\u00c5rsm\u00f8tet i Normisjon region \u00d8stfold \u00f8nsket \u00e5 se framover. &#8211; Vi m\u00e5 f\u00e5 ned kostnadene og engasjere enda flere frivillige, var noe av det som [&hellip;]<\/p>\n","protected":false},"author":40,"featured_media":317,"comment_status":"closed","ping_status":"closed","sticky":false,"template":"","format":"standard","meta":{"_acf_changed":false,"footnotes":""},"categories":[1],"tags":[],"class_list":["post-295","post","type-post","status-publish","format-standard","has-post-thumbnail","hentry","category-ukategorisert"],"acf":[],"yoast_head":"<!-- This site is optimized with the Yoast SEO plugin v25.9 - https:\/\/yoast.com\/wordpress\/plugins\/seo\/ -->\n<title>\u00d8nsket \u00e5 se framover - Region \u00d8stfold<\/title>\n<meta name=\"robots\" content=\"index, follow, max-snippet:-1, max-image-preview:large, max-video-preview:-1\" \/>\n<link rel=\"canonical\" href=\"https:\/\/www.normisjon.no\/ostfold\/2018\/06\/20\/onsket-a-se-framover\/\" \/>\n<meta property=\"og:locale\" content=\"nb_NO\" \/>\n<meta property=\"og:type\" content=\"article\" \/>\n<meta property=\"og:title\" content=\"\u00d8nsket \u00e5 se framover - Region \u00d8stfold\" \/>\n<meta property=\"og:description\" content=\"\u00c5rsm\u00f8tet i Normisjon region \u00d8stfold \u00f8nsket \u00e5 se framover. &#8211; Vi m\u00e5 f\u00e5 ned kostnadene og engasjere enda flere frivillige, var noe av det som [&hellip;]\" \/>\n<meta property=\"og:url\" content=\"https:\/\/www.normisjon.no\/ostfold\/2018\/06\/20\/onsket-a-se-framover\/\" \/>\n<meta property=\"og:site_name\" content=\"Region \u00d8stfold\" \/>\n<meta property=\"article:publisher\" content=\"https:\/\/www.facebook.com\/NormisjonRegionOstfold\" \/>\n<meta property=\"article:published_time\" content=\"2018-06-20T08:27:23+00:00\" \/>\n<meta property=\"article:modified_time\" content=\"2018-06-21T16:12:36+00:00\" \/>\n<meta property=\"og:image\" content=\"https:\/\/www.normisjon.no\/content\/uploads\/sites\/24\/2018\/06\/v02_965B1E6769AF15DD29D198997A8CDAD8-1.jpg\" \/>\n\t<meta property=\"og:image:width\" content=\"1200\" \/>\n\t<meta property=\"og:image:height\" content=\"797\" \/>\n\t<meta property=\"og:image:type\" content=\"image\/jpeg\" \/>\n<meta name=\"author\" content=\"helene\" \/>\n<meta name=\"twitter:card\" content=\"summary_large_image\" \/>\n<meta name=\"twitter:label1\" content=\"Skrevet av\" \/>\n\t<meta name=\"twitter:data1\" content=\"helene\" \/>\n\t<meta name=\"twitter:label2\" content=\"Ansl. lesetid\" \/>\n\t<meta name=\"twitter:data2\" content=\"2 minutter\" \/>\n<script type=\"application\/ld+json\" class=\"yoast-schema-graph\">{\"@context\":\"https:\/\/schema.org\",\"@graph\":[{\"@type\":\"Article\",\"@id\":\"https:\/\/www.normisjon.no\/ostfold\/2018\/06\/20\/onsket-a-se-framover\/#article\",\"isPartOf\":{\"@id\":\"https:\/\/www.normisjon.no\/ostfold\/2018\/06\/20\/onsket-a-se-framover\/\"},\"author\":{\"name\":\"helene\",\"@id\":\"https:\/\/www.normisjon.no\/ostfold\/#\/schema\/person\/1e860c822e70c7040278bb1a4601d60e\"},\"headline\":\"\u00d8nsket \u00e5 se framover\",\"datePublished\":\"2018-06-20T08:27:23+00:00\",\"dateModified\":\"2018-06-21T16:12:36+00:00\",\"mainEntityOfPage\":{\"@id\":\"https:\/\/www.normisjon.no\/ostfold\/2018\/06\/20\/onsket-a-se-framover\/\"},\"wordCount\":384,\"publisher\":{\"@id\":\"https:\/\/www.normisjon.no\/ostfold\/#organization\"},\"image\":{\"@id\":\"https:\/\/www.normisjon.no\/ostfold\/2018\/06\/20\/onsket-a-se-framover\/#primaryimage\"},\"thumbnailUrl\":\"https:\/\/www.normisjon.no\/content\/uploads\/sites\/24\/2018\/06\/v02_965B1E6769AF15DD29D198997A8CDAD8-1.jpg\",\"inLanguage\":\"nb-NO\"},{\"@type\":\"WebPage\",\"@id\":\"https:\/\/www.normisjon.no\/ostfold\/2018\/06\/20\/onsket-a-se-framover\/\",\"url\":\"https:\/\/www.normisjon.no\/ostfold\/2018\/06\/20\/onsket-a-se-framover\/\",\"name\":\"\u00d8nsket \u00e5 se framover - Region \u00d8stfold\",\"isPartOf\":{\"@id\":\"https:\/\/www.normisjon.no\/ostfold\/#website\"},\"primaryImageOfPage\":{\"@id\":\"https:\/\/www.normisjon.no\/ostfold\/2018\/06\/20\/onsket-a-se-framover\/#primaryimage\"},\"image\":{\"@id\":\"https:\/\/www.normisjon.no\/ostfold\/2018\/06\/20\/onsket-a-se-framover\/#primaryimage\"},\"thumbnailUrl\":\"https:\/\/www.normisjon.no\/content\/uploads\/sites\/24\/2018\/06\/v02_965B1E6769AF15DD29D198997A8CDAD8-1.jpg\",\"datePublished\":\"2018-06-20T08:27:23+00:00\",\"dateModified\":\"2018-06-21T16:12:36+00:00\",\"breadcrumb\":{\"@id\":\"https:\/\/www.normisjon.no\/ostfold\/2018\/06\/20\/onsket-a-se-framover\/#breadcrumb\"},\"inLanguage\":\"nb-NO\",\"potentialAction\":[{\"@type\":\"ReadAction\",\"target\":[\"https:\/\/www.normisjon.no\/ostfold\/2018\/06\/20\/onsket-a-se-framover\/\"]}]},{\"@type\":\"ImageObject\",\"inLanguage\":\"nb-NO\",\"@id\":\"https:\/\/www.normisjon.no\/ostfold\/2018\/06\/20\/onsket-a-se-framover\/#primaryimage\",\"url\":\"https:\/\/www.normisjon.no\/content\/uploads\/sites\/24\/2018\/06\/v02_965B1E6769AF15DD29D198997A8CDAD8-1.jpg\",\"contentUrl\":\"https:\/\/www.normisjon.no\/content\/uploads\/sites\/24\/2018\/06\/v02_965B1E6769AF15DD29D198997A8CDAD8-1.jpg\",\"width\":1200,\"height\":797},{\"@type\":\"BreadcrumbList\",\"@id\":\"https:\/\/www.normisjon.no\/ostfold\/2018\/06\/20\/onsket-a-se-framover\/#breadcrumb\",\"itemListElement\":[{\"@type\":\"ListItem\",\"position\":1,\"name\":\"Home\",\"item\":\"https:\/\/www.normisjon.no\/ostfold\/\"},{\"@type\":\"ListItem\",\"position\":2,\"name\":\"\u00d8nsket \u00e5 se framover\"}]},{\"@type\":\"WebSite\",\"@id\":\"https:\/\/www.normisjon.no\/ostfold\/#website\",\"url\":\"https:\/\/www.normisjon.no\/ostfold\/\",\"name\":\"Region \u00d8stfold\",\"description\":\"\",\"publisher\":{\"@id\":\"https:\/\/www.normisjon.no\/ostfold\/#organization\"},\"potentialAction\":[{\"@type\":\"SearchAction\",\"target\":{\"@type\":\"EntryPoint\",\"urlTemplate\":\"https:\/\/www.normisjon.no\/ostfold\/?s={search_term_string}\"},\"query-input\":{\"@type\":\"PropertyValueSpecification\",\"valueRequired\":true,\"valueName\":\"search_term_string\"}}],\"inLanguage\":\"nb-NO\"},{\"@type\":\"Organization\",\"@id\":\"https:\/\/www.normisjon.no\/ostfold\/#organization\",\"name\":\"Region \u00d8stfold\",\"url\":\"https:\/\/www.normisjon.no\/ostfold\/\",\"logo\":{\"@type\":\"ImageObject\",\"inLanguage\":\"nb-NO\",\"@id\":\"https:\/\/www.normisjon.no\/ostfold\/#\/schema\/logo\/image\/\",\"url\":\"https:\/\/www.normisjon.no\/content\/uploads\/sites\/24\/2024\/11\/logo_Normisjon_lang_regionostfold_bla\u2560e.png\",\"contentUrl\":\"https:\/\/www.normisjon.no\/content\/uploads\/sites\/24\/2024\/11\/logo_Normisjon_lang_regionostfold_bla\u2560e.png\",\"width\":1952,\"height\":562,\"caption\":\"Region \u00d8stfold\"},\"image\":{\"@id\":\"https:\/\/www.normisjon.no\/ostfold\/#\/schema\/logo\/image\/\"},\"sameAs\":[\"https:\/\/www.facebook.com\/NormisjonRegionOstfold\"]},{\"@type\":\"Person\",\"@id\":\"https:\/\/www.normisjon.no\/ostfold\/#\/schema\/person\/1e860c822e70c7040278bb1a4601d60e\",\"name\":\"helene\",\"image\":{\"@type\":\"ImageObject\",\"inLanguage\":\"nb-NO\",\"@id\":\"https:\/\/www.normisjon.no\/ostfold\/#\/schema\/person\/image\/\",\"url\":\"https:\/\/secure.gravatar.com\/avatar\/2a0771efa949edb0002468df81d1637cf33aa98e982a9101478d2c1573b828bd?s=96&d=mm&r=g\",\"contentUrl\":\"https:\/\/secure.gravatar.com\/avatar\/2a0771efa949edb0002468df81d1637cf33aa98e982a9101478d2c1573b828bd?s=96&d=mm&r=g\",\"caption\":\"helene\"},\"url\":\"https:\/\/www.normisjon.no\/ostfold\/author\/helene\/\"}]}<\/script>\n<!-- \/ Yoast SEO plugin. -->","yoast_head_json":{"title":"\u00d8nsket \u00e5 se framover - Region \u00d8stfold","robots":{"index":"index","follow":"follow","max-snippet":"max-snippet:-1","max-image-preview":"max-image-preview:large","max-video-preview":"max-video-preview:-1"},"canonical":"https:\/\/www.normisjon.no\/ostfold\/2018\/06\/20\/onsket-a-se-framover\/","og_locale":"nb_NO","og_type":"article","og_title":"\u00d8nsket \u00e5 se framover - Region \u00d8stfold","og_description":"\u00c5rsm\u00f8tet i Normisjon region \u00d8stfold \u00f8nsket \u00e5 se framover. &#8211; Vi m\u00e5 f\u00e5 ned kostnadene og engasjere enda flere frivillige, var noe av det som [&hellip;]","og_url":"https:\/\/www.normisjon.no\/ostfold\/2018\/06\/20\/onsket-a-se-framover\/","og_site_name":"Region \u00d8stfold","article_publisher":"https:\/\/www.facebook.com\/NormisjonRegionOstfold","article_published_time":"2018-06-20T08:27:23+00:00","article_modified_time":"2018-06-21T16:12:36+00:00","og_image":[{"width":1200,"height":797,"url":"https:\/\/www.normisjon.no\/content\/uploads\/sites\/24\/2018\/06\/v02_965B1E6769AF15DD29D198997A8CDAD8-1.jpg","type":"image\/jpeg"}],"author":"helene","twitter_card":"summary_large_image","twitter_misc":{"Skrevet av":"helene","Ansl. lesetid":"2 minutter"},"schema":{"@context":"https:\/\/schema.org","@graph":[{"@type":"Article","@id":"https:\/\/www.normisjon.no\/ostfold\/2018\/06\/20\/onsket-a-se-framover\/#article","isPartOf":{"@id":"https:\/\/www.normisjon.no\/ostfold\/2018\/06\/20\/onsket-a-se-framover\/"},"author":{"name":"helene","@id":"https:\/\/www.normisjon.no\/ostfold\/#\/schema\/person\/1e860c822e70c7040278bb1a4601d60e"},"headline":"\u00d8nsket \u00e5 se framover","datePublished":"2018-06-20T08:27:23+00:00","dateModified":"2018-06-21T16:12:36+00:00","mainEntityOfPage":{"@id":"https:\/\/www.normisjon.no\/ostfold\/2018\/06\/20\/onsket-a-se-framover\/"},"wordCount":384,"publisher":{"@id":"https:\/\/www.normisjon.no\/ostfold\/#organization"},"image":{"@id":"https:\/\/www.normisjon.no\/ostfold\/2018\/06\/20\/onsket-a-se-framover\/#primaryimage"},"thumbnailUrl":"https:\/\/www.normisjon.no\/content\/uploads\/sites\/24\/2018\/06\/v02_965B1E6769AF15DD29D198997A8CDAD8-1.jpg","inLanguage":"nb-NO"},{"@type":"WebPage","@id":"https:\/\/www.normisjon.no\/ostfold\/2018\/06\/20\/onsket-a-se-framover\/","url":"https:\/\/www.normisjon.no\/ostfold\/2018\/06\/20\/onsket-a-se-framover\/","name":"\u00d8nsket \u00e5 se framover - Region \u00d8stfold","isPartOf":{"@id":"https:\/\/www.normisjon.no\/ostfold\/#website"},"primaryImageOfPage":{"@id":"https:\/\/www.normisjon.no\/ostfold\/2018\/06\/20\/onsket-a-se-framover\/#primaryimage"},"image":{"@id":"https:\/\/www.normisjon.no\/ostfold\/2018\/06\/20\/onsket-a-se-framover\/#primaryimage"},"thumbnailUrl":"https:\/\/www.normisjon.no\/content\/uploads\/sites\/24\/2018\/06\/v02_965B1E6769AF15DD29D198997A8CDAD8-1.jpg","datePublished":"2018-06-20T08:27:23+00:00","dateModified":"2018-06-21T16:12:36+00:00","breadcrumb":{"@id":"https:\/\/www.normisjon.no\/ostfold\/2018\/06\/20\/onsket-a-se-framover\/#breadcrumb"},"inLanguage":"nb-NO","potentialAction":[{"@type":"ReadAction","target":["https:\/\/www.normisjon.no\/ostfold\/2018\/06\/20\/onsket-a-se-framover\/"]}]},{"@type":"ImageObject","inLanguage":"nb-NO","@id":"https:\/\/www.normisjon.no\/ostfold\/2018\/06\/20\/onsket-a-se-framover\/#primaryimage","url":"https:\/\/www.normisjon.no\/content\/uploads\/sites\/24\/2018\/06\/v02_965B1E6769AF15DD29D198997A8CDAD8-1.jpg","contentUrl":"https:\/\/www.normisjon.no\/content\/uploads\/sites\/24\/2018\/06\/v02_965B1E6769AF15DD29D198997A8CDAD8-1.jpg","width":1200,"height":797},{"@type":"BreadcrumbList","@id":"https:\/\/www.normisjon.no\/ostfold\/2018\/06\/20\/onsket-a-se-framover\/#breadcrumb","itemListElement":[{"@type":"ListItem","position":1,"name":"Home","item":"https:\/\/www.normisjon.no\/ostfold\/"},{"@type":"ListItem","position":2,"name":"\u00d8nsket \u00e5 se framover"}]},{"@type":"WebSite","@id":"https:\/\/www.normisjon.no\/ostfold\/#website","url":"https:\/\/www.normisjon.no\/ostfold\/","name":"Region \u00d8stfold","description":"","publisher":{"@id":"https:\/\/www.normisjon.no\/ostfold\/#organization"},"potentialAction":[{"@type":"SearchAction","target":{"@type":"EntryPoint","urlTemplate":"https:\/\/www.normisjon.no\/ostfold\/?s={search_term_string}"},"query-input":{"@type":"PropertyValueSpecification","valueRequired":true,"valueName":"search_term_string"}}],"inLanguage":"nb-NO"},{"@type":"Organization","@id":"https:\/\/www.normisjon.no\/ostfold\/#organization","name":"Region \u00d8stfold","url":"https:\/\/www.normisjon.no\/ostfold\/","logo":{"@type":"ImageObject","inLanguage":"nb-NO","@id":"https:\/\/www.normisjon.no\/ostfold\/#\/schema\/logo\/image\/","url":"https:\/\/www.normisjon.no\/content\/uploads\/sites\/24\/2024\/11\/logo_Normisjon_lang_regionostfold_bla\u2560e.png","contentUrl":"https:\/\/www.normisjon.no\/content\/uploads\/sites\/24\/2024\/11\/logo_Normisjon_lang_regionostfold_bla\u2560e.png","width":1952,"height":562,"caption":"Region \u00d8stfold"},"image":{"@id":"https:\/\/www.normisjon.no\/ostfold\/#\/schema\/logo\/image\/"},"sameAs":["https:\/\/www.facebook.com\/NormisjonRegionOstfold"]},{"@type":"Person","@id":"https:\/\/www.normisjon.no\/ostfold\/#\/schema\/person\/1e860c822e70c7040278bb1a4601d60e","name":"helene","image":{"@type":"ImageObject","inLanguage":"nb-NO","@id":"https:\/\/www.normisjon.no\/ostfold\/#\/schema\/person\/image\/","url":"https:\/\/secure.gravatar.com\/avatar\/2a0771efa949edb0002468df81d1637cf33aa98e982a9101478d2c1573b828bd?s=96&d=mm&r=g","contentUrl":"https:\/\/secure.gravatar.com\/avatar\/2a0771efa949edb0002468df81d1637cf33aa98e982a9101478d2c1573b828bd?s=96&d=mm&r=g","caption":"helene"},"url":"https:\/\/www.normisjon.no\/ostfold\/author\/helene\/"}]}},"_links":{"self":[{"href":"https:\/\/www.normisjon.no\/ostfold\/wp-json\/wp\/v2\/posts\/295","targetHints":{"allow":["GET"]}}],"collection":[{"href":"https:\/\/www.normisjon.no\/ostfold\/wp-json\/wp\/v2\/posts"}],"about":[{"href":"https:\/\/www.normisjon.no\/ostfold\/wp-json\/wp\/v2\/types\/post"}],"author":[{"embeddable":true,"href":"https:\/\/www.normisjon.no\/ostfold\/wp-json\/wp\/v2\/users\/40"}],"replies":[{"embeddable":true,"href":"https:\/\/www.normisjon.no\/ostfold\/wp-json\/wp\/v2\/comments?post=295"}],"version-history":[{"count":3,"href":"https:\/\/www.normisjon.no\/ostfold\/wp-json\/wp\/v2\/posts\/295\/revisions"}],"predecessor-version":[{"id":527,"href":"https:\/\/www.normisjon.no\/ostfold\/wp-json\/wp\/v2\/posts\/295\/revisions\/527"}],"wp:featuredmedia":[{"embeddable":true,"href":"https:\/\/www.normisjon.no\/ostfold\/wp-json\/wp\/v2\/media\/317"}],"wp:attachment":[{"href":"https:\/\/www.normisjon.no\/ostfold\/wp-json\/wp\/v2\/media?parent=295"}],"wp:term":[{"taxonomy":"category","embeddable":true,"href":"https:\/\/www.normisjon.no\/ostfold\/wp-json\/wp\/v2\/categories?post=295"},{"taxonomy":"post_tag","embeddable":true,"href":"https:\/\/www.normisjon.no\/ostfold\/wp-json\/wp\/v2\/tags?post=295"}],"curies":[{"name":"wp","href":"https:\/\/api.w.org\/{rel}","templated":true}]}}