{"id":3976,"date":"2022-10-05T13:58:35","date_gmt":"2022-10-05T11:58:35","guid":{"rendered":"https:\/\/www.normisjon.no\/ostfold\/?p=3976"},"modified":"2022-10-05T14:02:32","modified_gmt":"2022-10-05T12:02:32","slug":"temakveld-om-hauge","status":"publish","type":"post","link":"https:\/\/www.normisjon.no\/ostfold\/2022\/10\/05\/temakveld-om-hauge\/","title":{"rendered":"Temakveld om Hauge"},"content":{"rendered":"<div class=\"entry-content alignfull wp-block-post-content has-global-padding is-layout-constrained wp-block-post-content-is-layout-constrained\">\n<p>Det ble en flott temakveld om Hans Nielsen Hauge p\u00e5 Hauges Minde 21.09 med over<br>100 til stede. Alv Magnus holdt et meget interessant foredrag, og understreket blant annet Hauges lydighet mot Guds kall, at han holdt ut i de trengslene han m\u00f8tte og ikke ble noen bitter mann, selv om han mistet alt. Renate og Morten Gjerl\u00f8w Larsen bidro med nydelig sang og Svein H\u00f8iden bandt det hele sammen p\u00e5 en utmerket m\u00e5te. Boe Johannes Hermansen informerte om Hauge-arbeidet, og boller og kaffe ble servert.<br>Arr. Haugekomiteen i Normisjon i samarbeid med Hauge og Rekustad Normisjon.<br><br>Tekst og foto. Boe Johannes Hermansen<\/p>\n\n\n\n<figure class=\"wp-block-gallery columns-2 is-cropped wp-block-gallery-1 is-layout-flex wp-block-gallery-is-layout-flex\"><ul class=\"blocks-gallery-grid\"><li class=\"blocks-gallery-item\"><figure><img loading=\"lazy\" decoding=\"async\" width=\"1024\" height=\"681\" src=\"https:\/\/www.normisjon.no\/content\/uploads\/sites\/24\/2022\/10\/DSC_2212-1024x681.jpg\" alt=\"\" data-id=\"3982\" data-full-url=\"https:\/\/www.normisjon.no\/content\/uploads\/sites\/24\/2022\/10\/DSC_2212-scaled.jpg\" data-link=\"https:\/\/www.normisjon.no\/ostfold\/?attachment_id=3982\" class=\"wp-image-3982\" srcset=\"https:\/\/www.normisjon.no\/content\/uploads\/sites\/24\/2022\/10\/DSC_2212-1024x681.jpg 1024w, https:\/\/www.normisjon.no\/content\/uploads\/sites\/24\/2022\/10\/DSC_2212-300x200.jpg 300w, https:\/\/www.normisjon.no\/content\/uploads\/sites\/24\/2022\/10\/DSC_2212-768x511.jpg 768w, https:\/\/www.normisjon.no\/content\/uploads\/sites\/24\/2022\/10\/DSC_2212-1536x1022.jpg 1536w, https:\/\/www.normisjon.no\/content\/uploads\/sites\/24\/2022\/10\/DSC_2212-2048x1363.jpg 2048w, https:\/\/www.normisjon.no\/content\/uploads\/sites\/24\/2022\/10\/DSC_2212-1920x1277.jpg 1920w, https:\/\/www.normisjon.no\/content\/uploads\/sites\/24\/2022\/10\/DSC_2212-1360x905.jpg 1360w, https:\/\/www.normisjon.no\/content\/uploads\/sites\/24\/2022\/10\/DSC_2212-960x639.jpg 960w\" sizes=\"auto, (max-width: 1024px) 100vw, 1024px\" \/><\/figure><\/li><li class=\"blocks-gallery-item\"><figure><img loading=\"lazy\" decoding=\"async\" width=\"1024\" height=\"681\" src=\"https:\/\/www.normisjon.no\/content\/uploads\/sites\/24\/2022\/10\/DSC_2198-1024x681.jpg\" alt=\"\" data-id=\"3981\" data-full-url=\"https:\/\/www.normisjon.no\/content\/uploads\/sites\/24\/2022\/10\/DSC_2198-scaled.jpg\" data-link=\"https:\/\/www.normisjon.no\/ostfold\/?attachment_id=3981\" class=\"wp-image-3981\" srcset=\"https:\/\/www.normisjon.no\/content\/uploads\/sites\/24\/2022\/10\/DSC_2198-1024x681.jpg 1024w, https:\/\/www.normisjon.no\/content\/uploads\/sites\/24\/2022\/10\/DSC_2198-300x200.jpg 300w, https:\/\/www.normisjon.no\/content\/uploads\/sites\/24\/2022\/10\/DSC_2198-768x511.jpg 768w, https:\/\/www.normisjon.no\/content\/uploads\/sites\/24\/2022\/10\/DSC_2198-1536x1022.jpg 1536w, https:\/\/www.normisjon.no\/content\/uploads\/sites\/24\/2022\/10\/DSC_2198-2048x1363.jpg 2048w, https:\/\/www.normisjon.no\/content\/uploads\/sites\/24\/2022\/10\/DSC_2198-1920x1277.jpg 1920w, https:\/\/www.normisjon.no\/content\/uploads\/sites\/24\/2022\/10\/DSC_2198-1360x905.jpg 1360w, https:\/\/www.normisjon.no\/content\/uploads\/sites\/24\/2022\/10\/DSC_2198-960x639.jpg 960w\" sizes=\"auto, (max-width: 1024px) 100vw, 1024px\" \/><\/figure><\/li><li class=\"blocks-gallery-item\"><figure><img loading=\"lazy\" decoding=\"async\" width=\"1024\" height=\"681\" src=\"https:\/\/www.normisjon.no\/content\/uploads\/sites\/24\/2022\/10\/DSC_2206-1024x681.jpg\" alt=\"\" data-id=\"3980\" data-full-url=\"https:\/\/www.normisjon.no\/content\/uploads\/sites\/24\/2022\/10\/DSC_2206-scaled.jpg\" data-link=\"https:\/\/www.normisjon.no\/ostfold\/?attachment_id=3980\" class=\"wp-image-3980\" srcset=\"https:\/\/www.normisjon.no\/content\/uploads\/sites\/24\/2022\/10\/DSC_2206-1024x681.jpg 1024w, https:\/\/www.normisjon.no\/content\/uploads\/sites\/24\/2022\/10\/DSC_2206-300x200.jpg 300w, https:\/\/www.normisjon.no\/content\/uploads\/sites\/24\/2022\/10\/DSC_2206-768x511.jpg 768w, https:\/\/www.normisjon.no\/content\/uploads\/sites\/24\/2022\/10\/DSC_2206-1536x1022.jpg 1536w, https:\/\/www.normisjon.no\/content\/uploads\/sites\/24\/2022\/10\/DSC_2206-2048x1363.jpg 2048w, https:\/\/www.normisjon.no\/content\/uploads\/sites\/24\/2022\/10\/DSC_2206-1920x1277.jpg 1920w, https:\/\/www.normisjon.no\/content\/uploads\/sites\/24\/2022\/10\/DSC_2206-1360x905.jpg 1360w, https:\/\/www.normisjon.no\/content\/uploads\/sites\/24\/2022\/10\/DSC_2206-960x639.jpg 960w\" sizes=\"auto, (max-width: 1024px) 100vw, 1024px\" \/><\/figure><\/li><li class=\"blocks-gallery-item\"><figure><img loading=\"lazy\" decoding=\"async\" width=\"1024\" height=\"681\" src=\"https:\/\/www.normisjon.no\/content\/uploads\/sites\/24\/2022\/10\/DSC_2197-1024x681.jpg\" alt=\"\" data-id=\"3979\" data-full-url=\"https:\/\/www.normisjon.no\/content\/uploads\/sites\/24\/2022\/10\/DSC_2197-scaled.jpg\" data-link=\"https:\/\/www.normisjon.no\/ostfold\/?attachment_id=3979\" class=\"wp-image-3979\" srcset=\"https:\/\/www.normisjon.no\/content\/uploads\/sites\/24\/2022\/10\/DSC_2197-1024x681.jpg 1024w, https:\/\/www.normisjon.no\/content\/uploads\/sites\/24\/2022\/10\/DSC_2197-300x200.jpg 300w, https:\/\/www.normisjon.no\/content\/uploads\/sites\/24\/2022\/10\/DSC_2197-768x511.jpg 768w, https:\/\/www.normisjon.no\/content\/uploads\/sites\/24\/2022\/10\/DSC_2197-1536x1022.jpg 1536w, https:\/\/www.normisjon.no\/content\/uploads\/sites\/24\/2022\/10\/DSC_2197-2048x1363.jpg 2048w, https:\/\/www.normisjon.no\/content\/uploads\/sites\/24\/2022\/10\/DSC_2197-1920x1277.jpg 1920w, https:\/\/www.normisjon.no\/content\/uploads\/sites\/24\/2022\/10\/DSC_2197-1360x905.jpg 1360w, https:\/\/www.normisjon.no\/content\/uploads\/sites\/24\/2022\/10\/DSC_2197-960x639.jpg 960w\" sizes=\"auto, (max-width: 1024px) 100vw, 1024px\" \/><\/figure><\/li><li class=\"blocks-gallery-item\"><figure><img loading=\"lazy\" decoding=\"async\" width=\"1024\" height=\"681\" src=\"https:\/\/www.normisjon.no\/content\/uploads\/sites\/24\/2022\/10\/DSC_2214-1024x681.jpg\" alt=\"\" data-id=\"3978\" data-full-url=\"https:\/\/www.normisjon.no\/content\/uploads\/sites\/24\/2022\/10\/DSC_2214-scaled.jpg\" data-link=\"https:\/\/www.normisjon.no\/ostfold\/?attachment_id=3978\" class=\"wp-image-3978\" srcset=\"https:\/\/www.normisjon.no\/content\/uploads\/sites\/24\/2022\/10\/DSC_2214-1024x681.jpg 1024w, https:\/\/www.normisjon.no\/content\/uploads\/sites\/24\/2022\/10\/DSC_2214-300x200.jpg 300w, https:\/\/www.normisjon.no\/content\/uploads\/sites\/24\/2022\/10\/DSC_2214-768x511.jpg 768w, https:\/\/www.normisjon.no\/content\/uploads\/sites\/24\/2022\/10\/DSC_2214-1536x1022.jpg 1536w, https:\/\/www.normisjon.no\/content\/uploads\/sites\/24\/2022\/10\/DSC_2214-2048x1363.jpg 2048w, https:\/\/www.normisjon.no\/content\/uploads\/sites\/24\/2022\/10\/DSC_2214-1920x1277.jpg 1920w, https:\/\/www.normisjon.no\/content\/uploads\/sites\/24\/2022\/10\/DSC_2214-1360x905.jpg 1360w\" sizes=\"auto, (max-width: 1024px) 100vw, 1024px\" \/><\/figure><\/li><\/ul><\/figure>\n<\/div>","protected":false},"excerpt":{"rendered":"<p>Det ble en flott temakveld om Hans Nielsen Hauge p\u00e5 Hauges Minde 21.09 med over100 til stede. Alv Magnus holdt et meget interessant foredrag, og [&hellip;]<\/p>\n","protected":false},"author":40,"featured_media":3978,"comment_status":"closed","ping_status":"closed","sticky":false,"template":"","format":"standard","meta":{"_acf_changed":false,"footnotes":""},"categories":[1],"tags":[],"class_list":["post-3976","post","type-post","status-publish","format-standard","has-post-thumbnail","hentry","category-ukategorisert"],"acf":[],"yoast_head":"<!-- This site is optimized with the Yoast SEO plugin v25.9 - https:\/\/yoast.com\/wordpress\/plugins\/seo\/ -->\n<title>Temakveld om Hauge - Region \u00d8stfold<\/title>\n<meta name=\"robots\" content=\"index, follow, max-snippet:-1, max-image-preview:large, max-video-preview:-1\" \/>\n<link rel=\"canonical\" href=\"https:\/\/www.normisjon.no\/ostfold\/2022\/10\/05\/temakveld-om-hauge\/\" \/>\n<meta property=\"og:locale\" content=\"nb_NO\" \/>\n<meta property=\"og:type\" content=\"article\" \/>\n<meta property=\"og:title\" content=\"Temakveld om Hauge - Region \u00d8stfold\" \/>\n<meta property=\"og:description\" content=\"Det ble en flott temakveld om Hans Nielsen Hauge p\u00e5 Hauges Minde 21.09 med over100 til stede. Alv Magnus holdt et meget interessant foredrag, og [&hellip;]\" \/>\n<meta property=\"og:url\" content=\"https:\/\/www.normisjon.no\/ostfold\/2022\/10\/05\/temakveld-om-hauge\/\" \/>\n<meta property=\"og:site_name\" content=\"Region \u00d8stfold\" \/>\n<meta property=\"article:publisher\" content=\"https:\/\/www.facebook.com\/NormisjonRegionOstfold\" \/>\n<meta property=\"article:published_time\" content=\"2022-10-05T11:58:35+00:00\" \/>\n<meta property=\"article:modified_time\" content=\"2022-10-05T12:02:32+00:00\" \/>\n<meta property=\"og:image\" content=\"https:\/\/www.normisjon.no\/content\/uploads\/sites\/24\/2022\/10\/DSC_2214-scaled.jpg\" \/>\n\t<meta property=\"og:image:width\" content=\"2560\" \/>\n\t<meta property=\"og:image:height\" content=\"1703\" \/>\n\t<meta property=\"og:image:type\" content=\"image\/jpeg\" \/>\n<meta name=\"author\" content=\"helene\" \/>\n<meta name=\"twitter:card\" content=\"summary_large_image\" \/>\n<meta name=\"twitter:label1\" content=\"Skrevet av\" \/>\n\t<meta name=\"twitter:data1\" content=\"helene\" \/>\n\t<meta name=\"twitter:label2\" content=\"Ansl. lesetid\" \/>\n\t<meta name=\"twitter:data2\" content=\"2 minutter\" \/>\n<script type=\"application\/ld+json\" class=\"yoast-schema-graph\">{\"@context\":\"https:\/\/schema.org\",\"@graph\":[{\"@type\":\"Article\",\"@id\":\"https:\/\/www.normisjon.no\/ostfold\/2022\/10\/05\/temakveld-om-hauge\/#article\",\"isPartOf\":{\"@id\":\"https:\/\/www.normisjon.no\/ostfold\/2022\/10\/05\/temakveld-om-hauge\/\"},\"author\":{\"name\":\"helene\",\"@id\":\"https:\/\/www.normisjon.no\/ostfold\/#\/schema\/person\/1e860c822e70c7040278bb1a4601d60e\"},\"headline\":\"Temakveld om Hauge\",\"datePublished\":\"2022-10-05T11:58:35+00:00\",\"dateModified\":\"2022-10-05T12:02:32+00:00\",\"mainEntityOfPage\":{\"@id\":\"https:\/\/www.normisjon.no\/ostfold\/2022\/10\/05\/temakveld-om-hauge\/\"},\"wordCount\":108,\"publisher\":{\"@id\":\"https:\/\/www.normisjon.no\/ostfold\/#organization\"},\"image\":{\"@id\":\"https:\/\/www.normisjon.no\/ostfold\/2022\/10\/05\/temakveld-om-hauge\/#primaryimage\"},\"thumbnailUrl\":\"https:\/\/www.normisjon.no\/content\/uploads\/sites\/24\/2022\/10\/DSC_2214-scaled.jpg\",\"inLanguage\":\"nb-NO\"},{\"@type\":\"WebPage\",\"@id\":\"https:\/\/www.normisjon.no\/ostfold\/2022\/10\/05\/temakveld-om-hauge\/\",\"url\":\"https:\/\/www.normisjon.no\/ostfold\/2022\/10\/05\/temakveld-om-hauge\/\",\"name\":\"Temakveld om Hauge - Region \u00d8stfold\",\"isPartOf\":{\"@id\":\"https:\/\/www.normisjon.no\/ostfold\/#website\"},\"primaryImageOfPage\":{\"@id\":\"https:\/\/www.normisjon.no\/ostfold\/2022\/10\/05\/temakveld-om-hauge\/#primaryimage\"},\"image\":{\"@id\":\"https:\/\/www.normisjon.no\/ostfold\/2022\/10\/05\/temakveld-om-hauge\/#primaryimage\"},\"thumbnailUrl\":\"https:\/\/www.normisjon.no\/content\/uploads\/sites\/24\/2022\/10\/DSC_2214-scaled.jpg\",\"datePublished\":\"2022-10-05T11:58:35+00:00\",\"dateModified\":\"2022-10-05T12:02:32+00:00\",\"breadcrumb\":{\"@id\":\"https:\/\/www.normisjon.no\/ostfold\/2022\/10\/05\/temakveld-om-hauge\/#breadcrumb\"},\"inLanguage\":\"nb-NO\",\"potentialAction\":[{\"@type\":\"ReadAction\",\"target\":[\"https:\/\/www.normisjon.no\/ostfold\/2022\/10\/05\/temakveld-om-hauge\/\"]}]},{\"@type\":\"ImageObject\",\"inLanguage\":\"nb-NO\",\"@id\":\"https:\/\/www.normisjon.no\/ostfold\/2022\/10\/05\/temakveld-om-hauge\/#primaryimage\",\"url\":\"https:\/\/www.normisjon.no\/content\/uploads\/sites\/24\/2022\/10\/DSC_2214-scaled.jpg\",\"contentUrl\":\"https:\/\/www.normisjon.no\/content\/uploads\/sites\/24\/2022\/10\/DSC_2214-scaled.jpg\",\"width\":2560,\"height\":1703},{\"@type\":\"BreadcrumbList\",\"@id\":\"https:\/\/www.normisjon.no\/ostfold\/2022\/10\/05\/temakveld-om-hauge\/#breadcrumb\",\"itemListElement\":[{\"@type\":\"ListItem\",\"position\":1,\"name\":\"Home\",\"item\":\"https:\/\/www.normisjon.no\/ostfold\/\"},{\"@type\":\"ListItem\",\"position\":2,\"name\":\"Temakveld om Hauge\"}]},{\"@type\":\"WebSite\",\"@id\":\"https:\/\/www.normisjon.no\/ostfold\/#website\",\"url\":\"https:\/\/www.normisjon.no\/ostfold\/\",\"name\":\"Region \u00d8stfold\",\"description\":\"\",\"publisher\":{\"@id\":\"https:\/\/www.normisjon.no\/ostfold\/#organization\"},\"potentialAction\":[{\"@type\":\"SearchAction\",\"target\":{\"@type\":\"EntryPoint\",\"urlTemplate\":\"https:\/\/www.normisjon.no\/ostfold\/?s={search_term_string}\"},\"query-input\":{\"@type\":\"PropertyValueSpecification\",\"valueRequired\":true,\"valueName\":\"search_term_string\"}}],\"inLanguage\":\"nb-NO\"},{\"@type\":\"Organization\",\"@id\":\"https:\/\/www.normisjon.no\/ostfold\/#organization\",\"name\":\"Region \u00d8stfold\",\"url\":\"https:\/\/www.normisjon.no\/ostfold\/\",\"logo\":{\"@type\":\"ImageObject\",\"inLanguage\":\"nb-NO\",\"@id\":\"https:\/\/www.normisjon.no\/ostfold\/#\/schema\/logo\/image\/\",\"url\":\"https:\/\/www.normisjon.no\/content\/uploads\/sites\/24\/2024\/11\/logo_Normisjon_lang_regionostfold_bla\u2560e.png\",\"contentUrl\":\"https:\/\/www.normisjon.no\/content\/uploads\/sites\/24\/2024\/11\/logo_Normisjon_lang_regionostfold_bla\u2560e.png\",\"width\":1952,\"height\":562,\"caption\":\"Region \u00d8stfold\"},\"image\":{\"@id\":\"https:\/\/www.normisjon.no\/ostfold\/#\/schema\/logo\/image\/\"},\"sameAs\":[\"https:\/\/www.facebook.com\/NormisjonRegionOstfold\"]},{\"@type\":\"Person\",\"@id\":\"https:\/\/www.normisjon.no\/ostfold\/#\/schema\/person\/1e860c822e70c7040278bb1a4601d60e\",\"name\":\"helene\",\"image\":{\"@type\":\"ImageObject\",\"inLanguage\":\"nb-NO\",\"@id\":\"https:\/\/www.normisjon.no\/ostfold\/#\/schema\/person\/image\/\",\"url\":\"https:\/\/secure.gravatar.com\/avatar\/2a0771efa949edb0002468df81d1637cf33aa98e982a9101478d2c1573b828bd?s=96&d=mm&r=g\",\"contentUrl\":\"https:\/\/secure.gravatar.com\/avatar\/2a0771efa949edb0002468df81d1637cf33aa98e982a9101478d2c1573b828bd?s=96&d=mm&r=g\",\"caption\":\"helene\"},\"url\":\"https:\/\/www.normisjon.no\/ostfold\/author\/helene\/\"}]}<\/script>\n<!-- \/ Yoast SEO plugin. -->","yoast_head_json":{"title":"Temakveld om Hauge - Region \u00d8stfold","robots":{"index":"index","follow":"follow","max-snippet":"max-snippet:-1","max-image-preview":"max-image-preview:large","max-video-preview":"max-video-preview:-1"},"canonical":"https:\/\/www.normisjon.no\/ostfold\/2022\/10\/05\/temakveld-om-hauge\/","og_locale":"nb_NO","og_type":"article","og_title":"Temakveld om Hauge - Region \u00d8stfold","og_description":"Det ble en flott temakveld om Hans Nielsen Hauge p\u00e5 Hauges Minde 21.09 med over100 til stede. Alv Magnus holdt et meget interessant foredrag, og [&hellip;]","og_url":"https:\/\/www.normisjon.no\/ostfold\/2022\/10\/05\/temakveld-om-hauge\/","og_site_name":"Region \u00d8stfold","article_publisher":"https:\/\/www.facebook.com\/NormisjonRegionOstfold","article_published_time":"2022-10-05T11:58:35+00:00","article_modified_time":"2022-10-05T12:02:32+00:00","og_image":[{"width":2560,"height":1703,"url":"https:\/\/www.normisjon.no\/content\/uploads\/sites\/24\/2022\/10\/DSC_2214-scaled.jpg","type":"image\/jpeg"}],"author":"helene","twitter_card":"summary_large_image","twitter_misc":{"Skrevet av":"helene","Ansl. lesetid":"2 minutter"},"schema":{"@context":"https:\/\/schema.org","@graph":[{"@type":"Article","@id":"https:\/\/www.normisjon.no\/ostfold\/2022\/10\/05\/temakveld-om-hauge\/#article","isPartOf":{"@id":"https:\/\/www.normisjon.no\/ostfold\/2022\/10\/05\/temakveld-om-hauge\/"},"author":{"name":"helene","@id":"https:\/\/www.normisjon.no\/ostfold\/#\/schema\/person\/1e860c822e70c7040278bb1a4601d60e"},"headline":"Temakveld om Hauge","datePublished":"2022-10-05T11:58:35+00:00","dateModified":"2022-10-05T12:02:32+00:00","mainEntityOfPage":{"@id":"https:\/\/www.normisjon.no\/ostfold\/2022\/10\/05\/temakveld-om-hauge\/"},"wordCount":108,"publisher":{"@id":"https:\/\/www.normisjon.no\/ostfold\/#organization"},"image":{"@id":"https:\/\/www.normisjon.no\/ostfold\/2022\/10\/05\/temakveld-om-hauge\/#primaryimage"},"thumbnailUrl":"https:\/\/www.normisjon.no\/content\/uploads\/sites\/24\/2022\/10\/DSC_2214-scaled.jpg","inLanguage":"nb-NO"},{"@type":"WebPage","@id":"https:\/\/www.normisjon.no\/ostfold\/2022\/10\/05\/temakveld-om-hauge\/","url":"https:\/\/www.normisjon.no\/ostfold\/2022\/10\/05\/temakveld-om-hauge\/","name":"Temakveld om Hauge - Region \u00d8stfold","isPartOf":{"@id":"https:\/\/www.normisjon.no\/ostfold\/#website"},"primaryImageOfPage":{"@id":"https:\/\/www.normisjon.no\/ostfold\/2022\/10\/05\/temakveld-om-hauge\/#primaryimage"},"image":{"@id":"https:\/\/www.normisjon.no\/ostfold\/2022\/10\/05\/temakveld-om-hauge\/#primaryimage"},"thumbnailUrl":"https:\/\/www.normisjon.no\/content\/uploads\/sites\/24\/2022\/10\/DSC_2214-scaled.jpg","datePublished":"2022-10-05T11:58:35+00:00","dateModified":"2022-10-05T12:02:32+00:00","breadcrumb":{"@id":"https:\/\/www.normisjon.no\/ostfold\/2022\/10\/05\/temakveld-om-hauge\/#breadcrumb"},"inLanguage":"nb-NO","potentialAction":[{"@type":"ReadAction","target":["https:\/\/www.normisjon.no\/ostfold\/2022\/10\/05\/temakveld-om-hauge\/"]}]},{"@type":"ImageObject","inLanguage":"nb-NO","@id":"https:\/\/www.normisjon.no\/ostfold\/2022\/10\/05\/temakveld-om-hauge\/#primaryimage","url":"https:\/\/www.normisjon.no\/content\/uploads\/sites\/24\/2022\/10\/DSC_2214-scaled.jpg","contentUrl":"https:\/\/www.normisjon.no\/content\/uploads\/sites\/24\/2022\/10\/DSC_2214-scaled.jpg","width":2560,"height":1703},{"@type":"BreadcrumbList","@id":"https:\/\/www.normisjon.no\/ostfold\/2022\/10\/05\/temakveld-om-hauge\/#breadcrumb","itemListElement":[{"@type":"ListItem","position":1,"name":"Home","item":"https:\/\/www.normisjon.no\/ostfold\/"},{"@type":"ListItem","position":2,"name":"Temakveld om Hauge"}]},{"@type":"WebSite","@id":"https:\/\/www.normisjon.no\/ostfold\/#website","url":"https:\/\/www.normisjon.no\/ostfold\/","name":"Region \u00d8stfold","description":"","publisher":{"@id":"https:\/\/www.normisjon.no\/ostfold\/#organization"},"potentialAction":[{"@type":"SearchAction","target":{"@type":"EntryPoint","urlTemplate":"https:\/\/www.normisjon.no\/ostfold\/?s={search_term_string}"},"query-input":{"@type":"PropertyValueSpecification","valueRequired":true,"valueName":"search_term_string"}}],"inLanguage":"nb-NO"},{"@type":"Organization","@id":"https:\/\/www.normisjon.no\/ostfold\/#organization","name":"Region \u00d8stfold","url":"https:\/\/www.normisjon.no\/ostfold\/","logo":{"@type":"ImageObject","inLanguage":"nb-NO","@id":"https:\/\/www.normisjon.no\/ostfold\/#\/schema\/logo\/image\/","url":"https:\/\/www.normisjon.no\/content\/uploads\/sites\/24\/2024\/11\/logo_Normisjon_lang_regionostfold_bla\u2560e.png","contentUrl":"https:\/\/www.normisjon.no\/content\/uploads\/sites\/24\/2024\/11\/logo_Normisjon_lang_regionostfold_bla\u2560e.png","width":1952,"height":562,"caption":"Region \u00d8stfold"},"image":{"@id":"https:\/\/www.normisjon.no\/ostfold\/#\/schema\/logo\/image\/"},"sameAs":["https:\/\/www.facebook.com\/NormisjonRegionOstfold"]},{"@type":"Person","@id":"https:\/\/www.normisjon.no\/ostfold\/#\/schema\/person\/1e860c822e70c7040278bb1a4601d60e","name":"helene","image":{"@type":"ImageObject","inLanguage":"nb-NO","@id":"https:\/\/www.normisjon.no\/ostfold\/#\/schema\/person\/image\/","url":"https:\/\/secure.gravatar.com\/avatar\/2a0771efa949edb0002468df81d1637cf33aa98e982a9101478d2c1573b828bd?s=96&d=mm&r=g","contentUrl":"https:\/\/secure.gravatar.com\/avatar\/2a0771efa949edb0002468df81d1637cf33aa98e982a9101478d2c1573b828bd?s=96&d=mm&r=g","caption":"helene"},"url":"https:\/\/www.normisjon.no\/ostfold\/author\/helene\/"}]}},"_links":{"self":[{"href":"https:\/\/www.normisjon.no\/ostfold\/wp-json\/wp\/v2\/posts\/3976","targetHints":{"allow":["GET"]}}],"collection":[{"href":"https:\/\/www.normisjon.no\/ostfold\/wp-json\/wp\/v2\/posts"}],"about":[{"href":"https:\/\/www.normisjon.no\/ostfold\/wp-json\/wp\/v2\/types\/post"}],"author":[{"embeddable":true,"href":"https:\/\/www.normisjon.no\/ostfold\/wp-json\/wp\/v2\/users\/40"}],"replies":[{"embeddable":true,"href":"https:\/\/www.normisjon.no\/ostfold\/wp-json\/wp\/v2\/comments?post=3976"}],"version-history":[{"count":2,"href":"https:\/\/www.normisjon.no\/ostfold\/wp-json\/wp\/v2\/posts\/3976\/revisions"}],"predecessor-version":[{"id":3986,"href":"https:\/\/www.normisjon.no\/ostfold\/wp-json\/wp\/v2\/posts\/3976\/revisions\/3986"}],"wp:featuredmedia":[{"embeddable":true,"href":"https:\/\/www.normisjon.no\/ostfold\/wp-json\/wp\/v2\/media\/3978"}],"wp:attachment":[{"href":"https:\/\/www.normisjon.no\/ostfold\/wp-json\/wp\/v2\/media?parent=3976"}],"wp:term":[{"taxonomy":"category","embeddable":true,"href":"https:\/\/www.normisjon.no\/ostfold\/wp-json\/wp\/v2\/categories?post=3976"},{"taxonomy":"post_tag","embeddable":true,"href":"https:\/\/www.normisjon.no\/ostfold\/wp-json\/wp\/v2\/tags?post=3976"}],"curies":[{"name":"wp","href":"https:\/\/api.w.org\/{rel}","templated":true}]}}