{"id":4018,"date":"2022-11-08T10:36:32","date_gmt":"2022-11-08T09:36:32","guid":{"rendered":"https:\/\/www.normisjon.no\/ostfold\/?p=4018"},"modified":"2022-11-21T11:14:16","modified_gmt":"2022-11-21T10:14:16","slug":"150-ars-jubileumsfeiring","status":"publish","type":"post","link":"https:\/\/www.normisjon.no\/ostfold\/2022\/11\/08\/150-ars-jubileumsfeiring\/","title":{"rendered":"150 \u00e5rs jubileumsfeiring i Askim"},"content":{"rendered":"<div class=\"entry-content alignfull wp-block-post-content has-global-padding is-layout-constrained wp-block-post-content-is-layout-constrained\">\n<p>I 1872 ble Den norske Lutherstiftelse etablert i Askim av kvinneforeningen, hvor Karen Aas var drivkraften. Siden det har det g\u00e5tt 150 \u00e5r og flere organisatoriske- og navnendringer har skjedd. N\u00e5 er virksomheten samlet i Normisjon Askim. Vi st\u00e5r med \u00e6rb\u00f8dighet p\u00e5 skuldrene til de mange kvinner og menn som har g\u00e5tt foran oss i tro og tillit til Gud.<br>Jubileumsfeiringen har rommet flere arrangementer, blant annet: Kafedialog, Kulturkveld\/\u00c5pent hus, Kor X 30 \u00e5rs jubileum, Reunion for ungdomskoret Svaret, gudstjeneste i Askim menighet og selve jubileumskvelden s\u00f8ndag 30. oktober i Normisjonshuset, Dr. Randersgate 10. Et 12 siders jubileumshefte er ogs\u00e5 utarbeidet i anledning 150-\u00e5rsjubileet.<br>P\u00e5 selve jubileumsfesten deltok store deler av foreningen. Vi hadde bestilt snitter fra Sj\u00f8glimt, det var fri inngang og alt l\u00e5 til rette for en fin markering. Det var ikke langt unna fult hus med b\u00e5de lillesalen og storsalen i bruk.<br>M\u00f8tet ble ledet av foreningens leder, Dag Wengen, som \u00abgeleidet\u00bb oss gjennom m\u00f8tet p\u00e5 ca. tre timer. F\u00f8r servering kan nevnes hovedpunkter som historisk tilbakeblikk ved Einar Bjorvand, festtale av gen sek. Kjetil Vestel Haga og diktlesing ved Kari-Mette Wengen. <br>Etter snitter og kaker var vi klare for hilsener. Disse kom med \u00abgode ord\u00bb og blomster: Ordf\u00f8rer Saxe Fr\u00f8shaug, regionleder Sverre Fjeldberg, Felles Kristent Lederforum i Askim ved sogneprest Magne Torbj\u00f8rnsen, Askim menighet ved menighetsr\u00e5dsleder Espen Halvorsen, NMS ved Elisabeth Krusinski, Frelsesarmeen ved Jorunn Myklebust, Kor X ved Bente L\u00f8vmo og Gitte Thygesen som tidligere deltager i Svares ungdomskor. Dessuten: nestleder i foreningen, Ellen Fredriksen, gav blomster \u00abtil oss selv\u00bb og sa noen velvalgte ord.<br>Det var fin sang i to omganger av Kor X og programmet inneholdt ogs\u00e5 noen fellessanger.<br>En stor takk til alle som deltok p\u00e5 m\u00f8tet, de som var med \u00e5 gjennomf\u00f8re de forskjellige arrangementene og takk for kollekten som kom inn.<br>Vi ber med Den Hellige Birgittas (litt omskrevet): Herre vis oss den vei vi skal g\u00e5, og gi oss styrke til \u00e5 g\u00e5 den. Med tillit til Gud ser vi fram imot flere \u00e5r i hans tjeneste. Gud til \u00e6re!<br>Dag Wengen<\/p>\n\n\n\n<figure class=\"wp-block-gallery columns-2 is-cropped wp-block-gallery-1 is-layout-flex wp-block-gallery-is-layout-flex\"><ul class=\"blocks-gallery-grid\"><li class=\"blocks-gallery-item\"><figure><img loading=\"lazy\" decoding=\"async\" width=\"1024\" height=\"768\" src=\"https:\/\/www.normisjon.no\/content\/uploads\/sites\/24\/2022\/11\/Trioen-1024x768.jpg\" alt=\"\" data-id=\"4031\" data-full-url=\"https:\/\/www.normisjon.no\/content\/uploads\/sites\/24\/2022\/11\/Trioen.jpg\" data-link=\"https:\/\/www.normisjon.no\/ostfold\/trioen\/\" class=\"wp-image-4031\" srcset=\"https:\/\/www.normisjon.no\/content\/uploads\/sites\/24\/2022\/11\/Trioen-1024x768.jpg 1024w, https:\/\/www.normisjon.no\/content\/uploads\/sites\/24\/2022\/11\/Trioen-300x225.jpg 300w, https:\/\/www.normisjon.no\/content\/uploads\/sites\/24\/2022\/11\/Trioen-768x576.jpg 768w, https:\/\/www.normisjon.no\/content\/uploads\/sites\/24\/2022\/11\/Trioen-1536x1152.jpg 1536w, https:\/\/www.normisjon.no\/content\/uploads\/sites\/24\/2022\/11\/Trioen-1920x1440.jpg 1920w, https:\/\/www.normisjon.no\/content\/uploads\/sites\/24\/2022\/11\/Trioen-1360x1020.jpg 1360w, https:\/\/www.normisjon.no\/content\/uploads\/sites\/24\/2022\/11\/Trioen-960x720.jpg 960w, https:\/\/www.normisjon.no\/content\/uploads\/sites\/24\/2022\/11\/Trioen.jpg 2016w\" sizes=\"auto, (max-width: 1024px) 100vw, 1024px\" \/><\/figure><\/li><li class=\"blocks-gallery-item\"><figure><img loading=\"lazy\" decoding=\"async\" width=\"1024\" height=\"768\" src=\"https:\/\/www.normisjon.no\/content\/uploads\/sites\/24\/2022\/11\/salen1-1024x768.jpg\" alt=\"\" data-id=\"4030\" data-full-url=\"https:\/\/www.normisjon.no\/content\/uploads\/sites\/24\/2022\/11\/salen1.jpg\" data-link=\"https:\/\/www.normisjon.no\/ostfold\/salen1\/\" class=\"wp-image-4030\" srcset=\"https:\/\/www.normisjon.no\/content\/uploads\/sites\/24\/2022\/11\/salen1-1024x768.jpg 1024w, https:\/\/www.normisjon.no\/content\/uploads\/sites\/24\/2022\/11\/salen1-300x225.jpg 300w, https:\/\/www.normisjon.no\/content\/uploads\/sites\/24\/2022\/11\/salen1-768x576.jpg 768w, https:\/\/www.normisjon.no\/content\/uploads\/sites\/24\/2022\/11\/salen1-1536x1152.jpg 1536w, https:\/\/www.normisjon.no\/content\/uploads\/sites\/24\/2022\/11\/salen1-1920x1440.jpg 1920w, https:\/\/www.normisjon.no\/content\/uploads\/sites\/24\/2022\/11\/salen1-1360x1020.jpg 1360w, https:\/\/www.normisjon.no\/content\/uploads\/sites\/24\/2022\/11\/salen1-960x720.jpg 960w, https:\/\/www.normisjon.no\/content\/uploads\/sites\/24\/2022\/11\/salen1.jpg 2016w\" sizes=\"auto, (max-width: 1024px) 100vw, 1024px\" \/><\/figure><\/li><li class=\"blocks-gallery-item\"><figure><img loading=\"lazy\" decoding=\"async\" width=\"1024\" height=\"768\" src=\"https:\/\/www.normisjon.no\/content\/uploads\/sites\/24\/2022\/11\/salen-1024x768.jpg\" alt=\"\" data-id=\"4029\" data-full-url=\"https:\/\/www.normisjon.no\/content\/uploads\/sites\/24\/2022\/11\/salen.jpg\" data-link=\"https:\/\/www.normisjon.no\/ostfold\/salen\/\" class=\"wp-image-4029\" srcset=\"https:\/\/www.normisjon.no\/content\/uploads\/sites\/24\/2022\/11\/salen-1024x768.jpg 1024w, https:\/\/www.normisjon.no\/content\/uploads\/sites\/24\/2022\/11\/salen-300x225.jpg 300w, https:\/\/www.normisjon.no\/content\/uploads\/sites\/24\/2022\/11\/salen-768x576.jpg 768w, https:\/\/www.normisjon.no\/content\/uploads\/sites\/24\/2022\/11\/salen-1536x1152.jpg 1536w, https:\/\/www.normisjon.no\/content\/uploads\/sites\/24\/2022\/11\/salen-1920x1440.jpg 1920w, https:\/\/www.normisjon.no\/content\/uploads\/sites\/24\/2022\/11\/salen-1360x1020.jpg 1360w, https:\/\/www.normisjon.no\/content\/uploads\/sites\/24\/2022\/11\/salen-960x720.jpg 960w, https:\/\/www.normisjon.no\/content\/uploads\/sites\/24\/2022\/11\/salen.jpg 2016w\" sizes=\"auto, (max-width: 1024px) 100vw, 1024px\" \/><\/figure><\/li><li class=\"blocks-gallery-item\"><figure><img loading=\"lazy\" decoding=\"async\" width=\"768\" height=\"1024\" src=\"https:\/\/www.normisjon.no\/content\/uploads\/sites\/24\/2022\/11\/Ordforer1-768x1024.jpg\" alt=\"\" data-id=\"4028\" data-full-url=\"https:\/\/www.normisjon.no\/content\/uploads\/sites\/24\/2022\/11\/Ordforer1.jpg\" data-link=\"https:\/\/www.normisjon.no\/ostfold\/ordforer1\/\" class=\"wp-image-4028\" srcset=\"https:\/\/www.normisjon.no\/content\/uploads\/sites\/24\/2022\/11\/Ordforer1-768x1024.jpg 768w, https:\/\/www.normisjon.no\/content\/uploads\/sites\/24\/2022\/11\/Ordforer1-225x300.jpg 225w, https:\/\/www.normisjon.no\/content\/uploads\/sites\/24\/2022\/11\/Ordforer1-1152x1536.jpg 1152w, https:\/\/www.normisjon.no\/content\/uploads\/sites\/24\/2022\/11\/Ordforer1-1360x1813.jpg 1360w, https:\/\/www.normisjon.no\/content\/uploads\/sites\/24\/2022\/11\/Ordforer1-1440x1920.jpg 1440w, https:\/\/www.normisjon.no\/content\/uploads\/sites\/24\/2022\/11\/Ordforer1-720x960.jpg 720w, https:\/\/www.normisjon.no\/content\/uploads\/sites\/24\/2022\/11\/Ordforer1.jpg 1512w\" sizes=\"auto, (max-width: 768px) 100vw, 768px\" \/><\/figure><\/li><li class=\"blocks-gallery-item\"><figure><img loading=\"lazy\" decoding=\"async\" width=\"1024\" height=\"768\" src=\"https:\/\/www.normisjon.no\/content\/uploads\/sites\/24\/2022\/11\/Ordfore-og-Kjetil-1024x768.jpg\" alt=\"\" data-id=\"4027\" data-full-url=\"https:\/\/www.normisjon.no\/content\/uploads\/sites\/24\/2022\/11\/Ordfore-og-Kjetil.jpg\" data-link=\"https:\/\/www.normisjon.no\/ostfold\/ordfore-og-kjetil\/\" class=\"wp-image-4027\" srcset=\"https:\/\/www.normisjon.no\/content\/uploads\/sites\/24\/2022\/11\/Ordfore-og-Kjetil-1024x768.jpg 1024w, https:\/\/www.normisjon.no\/content\/uploads\/sites\/24\/2022\/11\/Ordfore-og-Kjetil-300x225.jpg 300w, https:\/\/www.normisjon.no\/content\/uploads\/sites\/24\/2022\/11\/Ordfore-og-Kjetil-768x576.jpg 768w, https:\/\/www.normisjon.no\/content\/uploads\/sites\/24\/2022\/11\/Ordfore-og-Kjetil-1536x1152.jpg 1536w, https:\/\/www.normisjon.no\/content\/uploads\/sites\/24\/2022\/11\/Ordfore-og-Kjetil-1920x1440.jpg 1920w, https:\/\/www.normisjon.no\/content\/uploads\/sites\/24\/2022\/11\/Ordfore-og-Kjetil-1360x1020.jpg 1360w, https:\/\/www.normisjon.no\/content\/uploads\/sites\/24\/2022\/11\/Ordfore-og-Kjetil-960x720.jpg 960w, https:\/\/www.normisjon.no\/content\/uploads\/sites\/24\/2022\/11\/Ordfore-og-Kjetil.jpg 2016w\" sizes=\"auto, (max-width: 1024px) 100vw, 1024px\" \/><\/figure><\/li><li class=\"blocks-gallery-item\"><figure><img loading=\"lazy\" decoding=\"async\" width=\"1024\" height=\"768\" src=\"https:\/\/www.normisjon.no\/content\/uploads\/sites\/24\/2022\/11\/korx-1024x768.jpg\" alt=\"\" data-id=\"4026\" data-full-url=\"https:\/\/www.normisjon.no\/content\/uploads\/sites\/24\/2022\/11\/korx.jpg\" data-link=\"https:\/\/www.normisjon.no\/ostfold\/korx\/\" class=\"wp-image-4026\" srcset=\"https:\/\/www.normisjon.no\/content\/uploads\/sites\/24\/2022\/11\/korx-1024x768.jpg 1024w, https:\/\/www.normisjon.no\/content\/uploads\/sites\/24\/2022\/11\/korx-300x225.jpg 300w, https:\/\/www.normisjon.no\/content\/uploads\/sites\/24\/2022\/11\/korx-768x576.jpg 768w, https:\/\/www.normisjon.no\/content\/uploads\/sites\/24\/2022\/11\/korx-1536x1152.jpg 1536w, https:\/\/www.normisjon.no\/content\/uploads\/sites\/24\/2022\/11\/korx-1920x1440.jpg 1920w, https:\/\/www.normisjon.no\/content\/uploads\/sites\/24\/2022\/11\/korx-1360x1020.jpg 1360w, https:\/\/www.normisjon.no\/content\/uploads\/sites\/24\/2022\/11\/korx-960x720.jpg 960w, https:\/\/www.normisjon.no\/content\/uploads\/sites\/24\/2022\/11\/korx.jpg 2016w\" sizes=\"auto, (max-width: 1024px) 100vw, 1024px\" \/><\/figure><\/li><li class=\"blocks-gallery-item\"><figure><img loading=\"lazy\" decoding=\"async\" width=\"1024\" height=\"472\" src=\"https:\/\/www.normisjon.no\/content\/uploads\/sites\/24\/2022\/11\/IMG_20221030_180449-1024x472.jpg\" alt=\"\" data-id=\"4025\" data-full-url=\"https:\/\/www.normisjon.no\/content\/uploads\/sites\/24\/2022\/11\/IMG_20221030_180449-scaled.jpg\" data-link=\"https:\/\/www.normisjon.no\/ostfold\/img_20221030_180449\/\" class=\"wp-image-4025\" srcset=\"https:\/\/www.normisjon.no\/content\/uploads\/sites\/24\/2022\/11\/IMG_20221030_180449-1024x472.jpg 1024w, https:\/\/www.normisjon.no\/content\/uploads\/sites\/24\/2022\/11\/IMG_20221030_180449-300x138.jpg 300w, https:\/\/www.normisjon.no\/content\/uploads\/sites\/24\/2022\/11\/IMG_20221030_180449-768x354.jpg 768w, https:\/\/www.normisjon.no\/content\/uploads\/sites\/24\/2022\/11\/IMG_20221030_180449-1536x707.jpg 1536w, https:\/\/www.normisjon.no\/content\/uploads\/sites\/24\/2022\/11\/IMG_20221030_180449-2048x943.jpg 2048w, https:\/\/www.normisjon.no\/content\/uploads\/sites\/24\/2022\/11\/IMG_20221030_180449-1920x884.jpg 1920w, https:\/\/www.normisjon.no\/content\/uploads\/sites\/24\/2022\/11\/IMG_20221030_180449-1360x626.jpg 1360w, https:\/\/www.normisjon.no\/content\/uploads\/sites\/24\/2022\/11\/IMG_20221030_180449-960x442.jpg 960w\" sizes=\"auto, (max-width: 1024px) 100vw, 1024px\" \/><\/figure><\/li><li class=\"blocks-gallery-item\"><figure><img loading=\"lazy\" decoding=\"async\" width=\"1024\" height=\"472\" src=\"https:\/\/www.normisjon.no\/content\/uploads\/sites\/24\/2022\/11\/IMG_20221030_180445-1024x472.jpg\" alt=\"\" data-id=\"4024\" data-full-url=\"https:\/\/www.normisjon.no\/content\/uploads\/sites\/24\/2022\/11\/IMG_20221030_180445-scaled.jpg\" data-link=\"https:\/\/www.normisjon.no\/ostfold\/img_20221030_180445\/\" class=\"wp-image-4024\" srcset=\"https:\/\/www.normisjon.no\/content\/uploads\/sites\/24\/2022\/11\/IMG_20221030_180445-1024x472.jpg 1024w, https:\/\/www.normisjon.no\/content\/uploads\/sites\/24\/2022\/11\/IMG_20221030_180445-300x138.jpg 300w, https:\/\/www.normisjon.no\/content\/uploads\/sites\/24\/2022\/11\/IMG_20221030_180445-768x354.jpg 768w, https:\/\/www.normisjon.no\/content\/uploads\/sites\/24\/2022\/11\/IMG_20221030_180445-1536x707.jpg 1536w, https:\/\/www.normisjon.no\/content\/uploads\/sites\/24\/2022\/11\/IMG_20221030_180445-2048x943.jpg 2048w, https:\/\/www.normisjon.no\/content\/uploads\/sites\/24\/2022\/11\/IMG_20221030_180445-1920x884.jpg 1920w, https:\/\/www.normisjon.no\/content\/uploads\/sites\/24\/2022\/11\/IMG_20221030_180445-1360x626.jpg 1360w, https:\/\/www.normisjon.no\/content\/uploads\/sites\/24\/2022\/11\/IMG_20221030_180445-960x442.jpg 960w\" sizes=\"auto, (max-width: 1024px) 100vw, 1024px\" \/><\/figure><\/li><li class=\"blocks-gallery-item\"><figure><img loading=\"lazy\" decoding=\"async\" width=\"1024\" height=\"472\" src=\"https:\/\/www.normisjon.no\/content\/uploads\/sites\/24\/2022\/11\/IMG_20221030_180440-1024x472.jpg\" alt=\"\" data-id=\"4023\" data-full-url=\"https:\/\/www.normisjon.no\/content\/uploads\/sites\/24\/2022\/11\/IMG_20221030_180440-scaled.jpg\" data-link=\"https:\/\/www.normisjon.no\/ostfold\/img_20221030_180440\/\" class=\"wp-image-4023\" srcset=\"https:\/\/www.normisjon.no\/content\/uploads\/sites\/24\/2022\/11\/IMG_20221030_180440-1024x472.jpg 1024w, https:\/\/www.normisjon.no\/content\/uploads\/sites\/24\/2022\/11\/IMG_20221030_180440-300x138.jpg 300w, https:\/\/www.normisjon.no\/content\/uploads\/sites\/24\/2022\/11\/IMG_20221030_180440-768x354.jpg 768w, https:\/\/www.normisjon.no\/content\/uploads\/sites\/24\/2022\/11\/IMG_20221030_180440-1536x707.jpg 1536w, https:\/\/www.normisjon.no\/content\/uploads\/sites\/24\/2022\/11\/IMG_20221030_180440-2048x943.jpg 2048w, https:\/\/www.normisjon.no\/content\/uploads\/sites\/24\/2022\/11\/IMG_20221030_180440-1920x884.jpg 1920w, https:\/\/www.normisjon.no\/content\/uploads\/sites\/24\/2022\/11\/IMG_20221030_180440-1360x626.jpg 1360w, https:\/\/www.normisjon.no\/content\/uploads\/sites\/24\/2022\/11\/IMG_20221030_180440-960x442.jpg 960w\" sizes=\"auto, (max-width: 1024px) 100vw, 1024px\" \/><\/figure><\/li><li class=\"blocks-gallery-item\"><figure><img loading=\"lazy\" decoding=\"async\" width=\"768\" height=\"1024\" src=\"https:\/\/www.normisjon.no\/content\/uploads\/sites\/24\/2022\/11\/Historien-768x1024.jpg\" alt=\"\" data-id=\"4022\" data-full-url=\"https:\/\/www.normisjon.no\/content\/uploads\/sites\/24\/2022\/11\/Historien.jpg\" data-link=\"https:\/\/www.normisjon.no\/ostfold\/historien\/\" class=\"wp-image-4022\" srcset=\"https:\/\/www.normisjon.no\/content\/uploads\/sites\/24\/2022\/11\/Historien-768x1024.jpg 768w, https:\/\/www.normisjon.no\/content\/uploads\/sites\/24\/2022\/11\/Historien-225x300.jpg 225w, https:\/\/www.normisjon.no\/content\/uploads\/sites\/24\/2022\/11\/Historien-1152x1536.jpg 1152w, https:\/\/www.normisjon.no\/content\/uploads\/sites\/24\/2022\/11\/Historien-1360x1813.jpg 1360w, https:\/\/www.normisjon.no\/content\/uploads\/sites\/24\/2022\/11\/Historien-1440x1920.jpg 1440w, https:\/\/www.normisjon.no\/content\/uploads\/sites\/24\/2022\/11\/Historien-720x960.jpg 720w, https:\/\/www.normisjon.no\/content\/uploads\/sites\/24\/2022\/11\/Historien.jpg 1512w\" sizes=\"auto, (max-width: 768px) 100vw, 768px\" \/><\/figure><\/li><li class=\"blocks-gallery-item\"><figure><img loading=\"lazy\" decoding=\"async\" width=\"768\" height=\"1024\" src=\"https:\/\/www.normisjon.no\/content\/uploads\/sites\/24\/2022\/11\/Forsanger-768x1024.jpg\" alt=\"\" data-id=\"4021\" data-full-url=\"https:\/\/www.normisjon.no\/content\/uploads\/sites\/24\/2022\/11\/Forsanger.jpg\" data-link=\"https:\/\/www.normisjon.no\/ostfold\/forsanger\/\" class=\"wp-image-4021\" srcset=\"https:\/\/www.normisjon.no\/content\/uploads\/sites\/24\/2022\/11\/Forsanger-768x1024.jpg 768w, https:\/\/www.normisjon.no\/content\/uploads\/sites\/24\/2022\/11\/Forsanger-225x300.jpg 225w, https:\/\/www.normisjon.no\/content\/uploads\/sites\/24\/2022\/11\/Forsanger-1152x1536.jpg 1152w, https:\/\/www.normisjon.no\/content\/uploads\/sites\/24\/2022\/11\/Forsanger-1360x1813.jpg 1360w, https:\/\/www.normisjon.no\/content\/uploads\/sites\/24\/2022\/11\/Forsanger-1440x1920.jpg 1440w, https:\/\/www.normisjon.no\/content\/uploads\/sites\/24\/2022\/11\/Forsanger-720x960.jpg 720w, https:\/\/www.normisjon.no\/content\/uploads\/sites\/24\/2022\/11\/Forsanger.jpg 1512w\" sizes=\"auto, (max-width: 768px) 100vw, 768px\" \/><\/figure><\/li><li class=\"blocks-gallery-item\"><figure><img loading=\"lazy\" decoding=\"async\" width=\"768\" height=\"1024\" src=\"https:\/\/www.normisjon.no\/content\/uploads\/sites\/24\/2022\/11\/Dag-og-KJetil-768x1024.jpg\" alt=\"\" data-id=\"4020\" data-full-url=\"https:\/\/www.normisjon.no\/content\/uploads\/sites\/24\/2022\/11\/Dag-og-KJetil.jpg\" data-link=\"https:\/\/www.normisjon.no\/ostfold\/dag-og-kjetil\/\" class=\"wp-image-4020\" srcset=\"https:\/\/www.normisjon.no\/content\/uploads\/sites\/24\/2022\/11\/Dag-og-KJetil-768x1024.jpg 768w, https:\/\/www.normisjon.no\/content\/uploads\/sites\/24\/2022\/11\/Dag-og-KJetil-225x300.jpg 225w, https:\/\/www.normisjon.no\/content\/uploads\/sites\/24\/2022\/11\/Dag-og-KJetil-1152x1536.jpg 1152w, https:\/\/www.normisjon.no\/content\/uploads\/sites\/24\/2022\/11\/Dag-og-KJetil-1360x1813.jpg 1360w, https:\/\/www.normisjon.no\/content\/uploads\/sites\/24\/2022\/11\/Dag-og-KJetil-1440x1920.jpg 1440w, https:\/\/www.normisjon.no\/content\/uploads\/sites\/24\/2022\/11\/Dag-og-KJetil-720x960.jpg 720w, https:\/\/www.normisjon.no\/content\/uploads\/sites\/24\/2022\/11\/Dag-og-KJetil.jpg 1512w\" sizes=\"auto, (max-width: 768px) 100vw, 768px\" \/><\/figure><\/li><\/ul><\/figure>\n<\/div>","protected":false},"excerpt":{"rendered":"<p>I 1872 ble Den norske Lutherstiftelse etablert i Askim av kvinneforeningen, hvor Karen Aas var drivkraften. Siden det har det g\u00e5tt 150 \u00e5r og flere [&hellip;]<\/p>\n","protected":false},"author":40,"featured_media":4031,"comment_status":"closed","ping_status":"closed","sticky":false,"template":"","format":"standard","meta":{"_acf_changed":false,"footnotes":""},"categories":[1],"tags":[],"class_list":["post-4018","post","type-post","status-publish","format-standard","has-post-thumbnail","hentry","category-ukategorisert"],"acf":[],"yoast_head":"<!-- This site is optimized with the Yoast SEO plugin v25.9 - https:\/\/yoast.com\/wordpress\/plugins\/seo\/ -->\n<title>150 \u00e5rs jubileumsfeiring i Askim - Region \u00d8stfold<\/title>\n<meta name=\"robots\" content=\"index, follow, max-snippet:-1, max-image-preview:large, max-video-preview:-1\" \/>\n<link rel=\"canonical\" href=\"https:\/\/www.normisjon.no\/ostfold\/2022\/11\/08\/150-ars-jubileumsfeiring\/\" \/>\n<meta property=\"og:locale\" content=\"nb_NO\" \/>\n<meta property=\"og:type\" content=\"article\" \/>\n<meta property=\"og:title\" content=\"150 \u00e5rs jubileumsfeiring i Askim - Region \u00d8stfold\" \/>\n<meta property=\"og:description\" content=\"I 1872 ble Den norske Lutherstiftelse etablert i Askim av kvinneforeningen, hvor Karen Aas var drivkraften. Siden det har det g\u00e5tt 150 \u00e5r og flere [&hellip;]\" \/>\n<meta property=\"og:url\" content=\"https:\/\/www.normisjon.no\/ostfold\/2022\/11\/08\/150-ars-jubileumsfeiring\/\" \/>\n<meta property=\"og:site_name\" content=\"Region \u00d8stfold\" \/>\n<meta property=\"article:publisher\" content=\"https:\/\/www.facebook.com\/NormisjonRegionOstfold\" \/>\n<meta property=\"article:published_time\" content=\"2022-11-08T09:36:32+00:00\" \/>\n<meta property=\"article:modified_time\" content=\"2022-11-21T10:14:16+00:00\" \/>\n<meta property=\"og:image\" content=\"https:\/\/www.normisjon.no\/content\/uploads\/sites\/24\/2022\/11\/Trioen.jpg\" \/>\n\t<meta property=\"og:image:width\" content=\"2016\" \/>\n\t<meta property=\"og:image:height\" content=\"1512\" \/>\n\t<meta property=\"og:image:type\" content=\"image\/jpeg\" \/>\n<meta name=\"author\" content=\"helene\" \/>\n<meta name=\"twitter:card\" content=\"summary_large_image\" \/>\n<meta name=\"twitter:label1\" content=\"Skrevet av\" \/>\n\t<meta name=\"twitter:data1\" content=\"helene\" \/>\n\t<meta name=\"twitter:label2\" content=\"Ansl. lesetid\" \/>\n\t<meta name=\"twitter:data2\" content=\"4 minutter\" \/>\n<script type=\"application\/ld+json\" class=\"yoast-schema-graph\">{\"@context\":\"https:\/\/schema.org\",\"@graph\":[{\"@type\":\"Article\",\"@id\":\"https:\/\/www.normisjon.no\/ostfold\/2022\/11\/08\/150-ars-jubileumsfeiring\/#article\",\"isPartOf\":{\"@id\":\"https:\/\/www.normisjon.no\/ostfold\/2022\/11\/08\/150-ars-jubileumsfeiring\/\"},\"author\":{\"name\":\"helene\",\"@id\":\"https:\/\/www.normisjon.no\/ostfold\/#\/schema\/person\/1e860c822e70c7040278bb1a4601d60e\"},\"headline\":\"150 \u00e5rs jubileumsfeiring i Askim\",\"datePublished\":\"2022-11-08T09:36:32+00:00\",\"dateModified\":\"2022-11-21T10:14:16+00:00\",\"mainEntityOfPage\":{\"@id\":\"https:\/\/www.normisjon.no\/ostfold\/2022\/11\/08\/150-ars-jubileumsfeiring\/\"},\"wordCount\":358,\"publisher\":{\"@id\":\"https:\/\/www.normisjon.no\/ostfold\/#organization\"},\"image\":{\"@id\":\"https:\/\/www.normisjon.no\/ostfold\/2022\/11\/08\/150-ars-jubileumsfeiring\/#primaryimage\"},\"thumbnailUrl\":\"https:\/\/www.normisjon.no\/content\/uploads\/sites\/24\/2022\/11\/Trioen.jpg\",\"inLanguage\":\"nb-NO\"},{\"@type\":\"WebPage\",\"@id\":\"https:\/\/www.normisjon.no\/ostfold\/2022\/11\/08\/150-ars-jubileumsfeiring\/\",\"url\":\"https:\/\/www.normisjon.no\/ostfold\/2022\/11\/08\/150-ars-jubileumsfeiring\/\",\"name\":\"150 \u00e5rs jubileumsfeiring i Askim - Region \u00d8stfold\",\"isPartOf\":{\"@id\":\"https:\/\/www.normisjon.no\/ostfold\/#website\"},\"primaryImageOfPage\":{\"@id\":\"https:\/\/www.normisjon.no\/ostfold\/2022\/11\/08\/150-ars-jubileumsfeiring\/#primaryimage\"},\"image\":{\"@id\":\"https:\/\/www.normisjon.no\/ostfold\/2022\/11\/08\/150-ars-jubileumsfeiring\/#primaryimage\"},\"thumbnailUrl\":\"https:\/\/www.normisjon.no\/content\/uploads\/sites\/24\/2022\/11\/Trioen.jpg\",\"datePublished\":\"2022-11-08T09:36:32+00:00\",\"dateModified\":\"2022-11-21T10:14:16+00:00\",\"breadcrumb\":{\"@id\":\"https:\/\/www.normisjon.no\/ostfold\/2022\/11\/08\/150-ars-jubileumsfeiring\/#breadcrumb\"},\"inLanguage\":\"nb-NO\",\"potentialAction\":[{\"@type\":\"ReadAction\",\"target\":[\"https:\/\/www.normisjon.no\/ostfold\/2022\/11\/08\/150-ars-jubileumsfeiring\/\"]}]},{\"@type\":\"ImageObject\",\"inLanguage\":\"nb-NO\",\"@id\":\"https:\/\/www.normisjon.no\/ostfold\/2022\/11\/08\/150-ars-jubileumsfeiring\/#primaryimage\",\"url\":\"https:\/\/www.normisjon.no\/content\/uploads\/sites\/24\/2022\/11\/Trioen.jpg\",\"contentUrl\":\"https:\/\/www.normisjon.no\/content\/uploads\/sites\/24\/2022\/11\/Trioen.jpg\",\"width\":2016,\"height\":1512},{\"@type\":\"BreadcrumbList\",\"@id\":\"https:\/\/www.normisjon.no\/ostfold\/2022\/11\/08\/150-ars-jubileumsfeiring\/#breadcrumb\",\"itemListElement\":[{\"@type\":\"ListItem\",\"position\":1,\"name\":\"Home\",\"item\":\"https:\/\/www.normisjon.no\/ostfold\/\"},{\"@type\":\"ListItem\",\"position\":2,\"name\":\"150 \u00e5rs jubileumsfeiring i Askim\"}]},{\"@type\":\"WebSite\",\"@id\":\"https:\/\/www.normisjon.no\/ostfold\/#website\",\"url\":\"https:\/\/www.normisjon.no\/ostfold\/\",\"name\":\"Region \u00d8stfold\",\"description\":\"\",\"publisher\":{\"@id\":\"https:\/\/www.normisjon.no\/ostfold\/#organization\"},\"potentialAction\":[{\"@type\":\"SearchAction\",\"target\":{\"@type\":\"EntryPoint\",\"urlTemplate\":\"https:\/\/www.normisjon.no\/ostfold\/?s={search_term_string}\"},\"query-input\":{\"@type\":\"PropertyValueSpecification\",\"valueRequired\":true,\"valueName\":\"search_term_string\"}}],\"inLanguage\":\"nb-NO\"},{\"@type\":\"Organization\",\"@id\":\"https:\/\/www.normisjon.no\/ostfold\/#organization\",\"name\":\"Region \u00d8stfold\",\"url\":\"https:\/\/www.normisjon.no\/ostfold\/\",\"logo\":{\"@type\":\"ImageObject\",\"inLanguage\":\"nb-NO\",\"@id\":\"https:\/\/www.normisjon.no\/ostfold\/#\/schema\/logo\/image\/\",\"url\":\"https:\/\/www.normisjon.no\/content\/uploads\/sites\/24\/2024\/11\/logo_Normisjon_lang_regionostfold_bla\u2560e.png\",\"contentUrl\":\"https:\/\/www.normisjon.no\/content\/uploads\/sites\/24\/2024\/11\/logo_Normisjon_lang_regionostfold_bla\u2560e.png\",\"width\":1952,\"height\":562,\"caption\":\"Region \u00d8stfold\"},\"image\":{\"@id\":\"https:\/\/www.normisjon.no\/ostfold\/#\/schema\/logo\/image\/\"},\"sameAs\":[\"https:\/\/www.facebook.com\/NormisjonRegionOstfold\"]},{\"@type\":\"Person\",\"@id\":\"https:\/\/www.normisjon.no\/ostfold\/#\/schema\/person\/1e860c822e70c7040278bb1a4601d60e\",\"name\":\"helene\",\"image\":{\"@type\":\"ImageObject\",\"inLanguage\":\"nb-NO\",\"@id\":\"https:\/\/www.normisjon.no\/ostfold\/#\/schema\/person\/image\/\",\"url\":\"https:\/\/secure.gravatar.com\/avatar\/2a0771efa949edb0002468df81d1637cf33aa98e982a9101478d2c1573b828bd?s=96&d=mm&r=g\",\"contentUrl\":\"https:\/\/secure.gravatar.com\/avatar\/2a0771efa949edb0002468df81d1637cf33aa98e982a9101478d2c1573b828bd?s=96&d=mm&r=g\",\"caption\":\"helene\"},\"url\":\"https:\/\/www.normisjon.no\/ostfold\/author\/helene\/\"}]}<\/script>\n<!-- \/ Yoast SEO plugin. -->","yoast_head_json":{"title":"150 \u00e5rs jubileumsfeiring i Askim - Region \u00d8stfold","robots":{"index":"index","follow":"follow","max-snippet":"max-snippet:-1","max-image-preview":"max-image-preview:large","max-video-preview":"max-video-preview:-1"},"canonical":"https:\/\/www.normisjon.no\/ostfold\/2022\/11\/08\/150-ars-jubileumsfeiring\/","og_locale":"nb_NO","og_type":"article","og_title":"150 \u00e5rs jubileumsfeiring i Askim - Region \u00d8stfold","og_description":"I 1872 ble Den norske Lutherstiftelse etablert i Askim av kvinneforeningen, hvor Karen Aas var drivkraften. Siden det har det g\u00e5tt 150 \u00e5r og flere [&hellip;]","og_url":"https:\/\/www.normisjon.no\/ostfold\/2022\/11\/08\/150-ars-jubileumsfeiring\/","og_site_name":"Region \u00d8stfold","article_publisher":"https:\/\/www.facebook.com\/NormisjonRegionOstfold","article_published_time":"2022-11-08T09:36:32+00:00","article_modified_time":"2022-11-21T10:14:16+00:00","og_image":[{"width":2016,"height":1512,"url":"https:\/\/www.normisjon.no\/content\/uploads\/sites\/24\/2022\/11\/Trioen.jpg","type":"image\/jpeg"}],"author":"helene","twitter_card":"summary_large_image","twitter_misc":{"Skrevet av":"helene","Ansl. lesetid":"4 minutter"},"schema":{"@context":"https:\/\/schema.org","@graph":[{"@type":"Article","@id":"https:\/\/www.normisjon.no\/ostfold\/2022\/11\/08\/150-ars-jubileumsfeiring\/#article","isPartOf":{"@id":"https:\/\/www.normisjon.no\/ostfold\/2022\/11\/08\/150-ars-jubileumsfeiring\/"},"author":{"name":"helene","@id":"https:\/\/www.normisjon.no\/ostfold\/#\/schema\/person\/1e860c822e70c7040278bb1a4601d60e"},"headline":"150 \u00e5rs jubileumsfeiring i Askim","datePublished":"2022-11-08T09:36:32+00:00","dateModified":"2022-11-21T10:14:16+00:00","mainEntityOfPage":{"@id":"https:\/\/www.normisjon.no\/ostfold\/2022\/11\/08\/150-ars-jubileumsfeiring\/"},"wordCount":358,"publisher":{"@id":"https:\/\/www.normisjon.no\/ostfold\/#organization"},"image":{"@id":"https:\/\/www.normisjon.no\/ostfold\/2022\/11\/08\/150-ars-jubileumsfeiring\/#primaryimage"},"thumbnailUrl":"https:\/\/www.normisjon.no\/content\/uploads\/sites\/24\/2022\/11\/Trioen.jpg","inLanguage":"nb-NO"},{"@type":"WebPage","@id":"https:\/\/www.normisjon.no\/ostfold\/2022\/11\/08\/150-ars-jubileumsfeiring\/","url":"https:\/\/www.normisjon.no\/ostfold\/2022\/11\/08\/150-ars-jubileumsfeiring\/","name":"150 \u00e5rs jubileumsfeiring i Askim - Region \u00d8stfold","isPartOf":{"@id":"https:\/\/www.normisjon.no\/ostfold\/#website"},"primaryImageOfPage":{"@id":"https:\/\/www.normisjon.no\/ostfold\/2022\/11\/08\/150-ars-jubileumsfeiring\/#primaryimage"},"image":{"@id":"https:\/\/www.normisjon.no\/ostfold\/2022\/11\/08\/150-ars-jubileumsfeiring\/#primaryimage"},"thumbnailUrl":"https:\/\/www.normisjon.no\/content\/uploads\/sites\/24\/2022\/11\/Trioen.jpg","datePublished":"2022-11-08T09:36:32+00:00","dateModified":"2022-11-21T10:14:16+00:00","breadcrumb":{"@id":"https:\/\/www.normisjon.no\/ostfold\/2022\/11\/08\/150-ars-jubileumsfeiring\/#breadcrumb"},"inLanguage":"nb-NO","potentialAction":[{"@type":"ReadAction","target":["https:\/\/www.normisjon.no\/ostfold\/2022\/11\/08\/150-ars-jubileumsfeiring\/"]}]},{"@type":"ImageObject","inLanguage":"nb-NO","@id":"https:\/\/www.normisjon.no\/ostfold\/2022\/11\/08\/150-ars-jubileumsfeiring\/#primaryimage","url":"https:\/\/www.normisjon.no\/content\/uploads\/sites\/24\/2022\/11\/Trioen.jpg","contentUrl":"https:\/\/www.normisjon.no\/content\/uploads\/sites\/24\/2022\/11\/Trioen.jpg","width":2016,"height":1512},{"@type":"BreadcrumbList","@id":"https:\/\/www.normisjon.no\/ostfold\/2022\/11\/08\/150-ars-jubileumsfeiring\/#breadcrumb","itemListElement":[{"@type":"ListItem","position":1,"name":"Home","item":"https:\/\/www.normisjon.no\/ostfold\/"},{"@type":"ListItem","position":2,"name":"150 \u00e5rs jubileumsfeiring i Askim"}]},{"@type":"WebSite","@id":"https:\/\/www.normisjon.no\/ostfold\/#website","url":"https:\/\/www.normisjon.no\/ostfold\/","name":"Region \u00d8stfold","description":"","publisher":{"@id":"https:\/\/www.normisjon.no\/ostfold\/#organization"},"potentialAction":[{"@type":"SearchAction","target":{"@type":"EntryPoint","urlTemplate":"https:\/\/www.normisjon.no\/ostfold\/?s={search_term_string}"},"query-input":{"@type":"PropertyValueSpecification","valueRequired":true,"valueName":"search_term_string"}}],"inLanguage":"nb-NO"},{"@type":"Organization","@id":"https:\/\/www.normisjon.no\/ostfold\/#organization","name":"Region \u00d8stfold","url":"https:\/\/www.normisjon.no\/ostfold\/","logo":{"@type":"ImageObject","inLanguage":"nb-NO","@id":"https:\/\/www.normisjon.no\/ostfold\/#\/schema\/logo\/image\/","url":"https:\/\/www.normisjon.no\/content\/uploads\/sites\/24\/2024\/11\/logo_Normisjon_lang_regionostfold_bla\u2560e.png","contentUrl":"https:\/\/www.normisjon.no\/content\/uploads\/sites\/24\/2024\/11\/logo_Normisjon_lang_regionostfold_bla\u2560e.png","width":1952,"height":562,"caption":"Region \u00d8stfold"},"image":{"@id":"https:\/\/www.normisjon.no\/ostfold\/#\/schema\/logo\/image\/"},"sameAs":["https:\/\/www.facebook.com\/NormisjonRegionOstfold"]},{"@type":"Person","@id":"https:\/\/www.normisjon.no\/ostfold\/#\/schema\/person\/1e860c822e70c7040278bb1a4601d60e","name":"helene","image":{"@type":"ImageObject","inLanguage":"nb-NO","@id":"https:\/\/www.normisjon.no\/ostfold\/#\/schema\/person\/image\/","url":"https:\/\/secure.gravatar.com\/avatar\/2a0771efa949edb0002468df81d1637cf33aa98e982a9101478d2c1573b828bd?s=96&d=mm&r=g","contentUrl":"https:\/\/secure.gravatar.com\/avatar\/2a0771efa949edb0002468df81d1637cf33aa98e982a9101478d2c1573b828bd?s=96&d=mm&r=g","caption":"helene"},"url":"https:\/\/www.normisjon.no\/ostfold\/author\/helene\/"}]}},"_links":{"self":[{"href":"https:\/\/www.normisjon.no\/ostfold\/wp-json\/wp\/v2\/posts\/4018","targetHints":{"allow":["GET"]}}],"collection":[{"href":"https:\/\/www.normisjon.no\/ostfold\/wp-json\/wp\/v2\/posts"}],"about":[{"href":"https:\/\/www.normisjon.no\/ostfold\/wp-json\/wp\/v2\/types\/post"}],"author":[{"embeddable":true,"href":"https:\/\/www.normisjon.no\/ostfold\/wp-json\/wp\/v2\/users\/40"}],"replies":[{"embeddable":true,"href":"https:\/\/www.normisjon.no\/ostfold\/wp-json\/wp\/v2\/comments?post=4018"}],"version-history":[{"count":5,"href":"https:\/\/www.normisjon.no\/ostfold\/wp-json\/wp\/v2\/posts\/4018\/revisions"}],"predecessor-version":[{"id":4038,"href":"https:\/\/www.normisjon.no\/ostfold\/wp-json\/wp\/v2\/posts\/4018\/revisions\/4038"}],"wp:featuredmedia":[{"embeddable":true,"href":"https:\/\/www.normisjon.no\/ostfold\/wp-json\/wp\/v2\/media\/4031"}],"wp:attachment":[{"href":"https:\/\/www.normisjon.no\/ostfold\/wp-json\/wp\/v2\/media?parent=4018"}],"wp:term":[{"taxonomy":"category","embeddable":true,"href":"https:\/\/www.normisjon.no\/ostfold\/wp-json\/wp\/v2\/categories?post=4018"},{"taxonomy":"post_tag","embeddable":true,"href":"https:\/\/www.normisjon.no\/ostfold\/wp-json\/wp\/v2\/tags?post=4018"}],"curies":[{"name":"wp","href":"https:\/\/api.w.org\/{rel}","templated":true}]}}