{"id":4109,"date":"2023-02-12T22:18:30","date_gmt":"2023-02-12T21:18:30","guid":{"rendered":"https:\/\/www.normisjon.no\/ostfold\/?p=4109"},"modified":"2024-03-02T10:16:43","modified_gmt":"2024-03-02T09:16:43","slug":"misjonsforum","status":"publish","type":"post","link":"https:\/\/www.normisjon.no\/ostfold\/2023\/02\/12\/misjonsforum\/","title":{"rendered":"Misjonsforum 2023"},"content":{"rendered":"<div class=\"entry-content alignfull wp-block-post-content has-global-padding is-layout-constrained wp-block-post-content-is-layout-constrained\">\n<p>Inspirerende, hyggelig og oppbyggelig. Det er stikkord som dekker misjonsfesten torsdag 9. februar i regi av Misjonsforum i Normisjon region \u00d8stfold. Vel 60 mennesker fra ulike deler av fylket fylte bedehuset Betlehem, hvor Torill Bredeg \u00f8nsket velkommen. Frode Bilsbak \u00e5pnet festen og hadde ogs\u00e5 en egen bolk om Santalmisjonens f\u00f8rste misjon\u00e6r, Lars Olsen Skrefsrud, som ble f\u00f8dt 4. februar 1840. Mirjam Artmark Aanensen, landansvarlig for Normisjons arbeid i Senegal, orienterte om det arbeidet som Normisjon har i landet og de utfordringer vi st\u00e5r midt oppe i. &#8211; Det er avgj\u00f8rende \u00e5 bygge relasjoner og et misjonalt DNA, samt en hverdagsdiakoni, sa hun.<br>Undis og Terje Holt sang to avdelinger. Misjonsgave ble samlet inn og foreningen p\u00e5 Betlehem Borgen serverte kveldsmat som siste del av m\u00f8tet.<\/p>\n\n\n\n<figure class=\"wp-block-gallery has-nested-images columns-2 is-cropped wp-block-gallery-1 is-layout-flex wp-block-gallery-is-layout-flex\">\n<figure class=\"wp-block-image size-large\"><img loading=\"lazy\" decoding=\"async\" width=\"1024\" height=\"681\" data-id=\"4116\" src=\"https:\/\/www.normisjon.no\/content\/uploads\/sites\/24\/2023\/02\/DSC_4204-1024x681.jpg\" alt=\"\" class=\"wp-image-4116\" srcset=\"https:\/\/www.normisjon.no\/content\/uploads\/sites\/24\/2023\/02\/DSC_4204-1024x681.jpg 1024w, https:\/\/www.normisjon.no\/content\/uploads\/sites\/24\/2023\/02\/DSC_4204-300x200.jpg 300w, https:\/\/www.normisjon.no\/content\/uploads\/sites\/24\/2023\/02\/DSC_4204-768x511.jpg 768w, https:\/\/www.normisjon.no\/content\/uploads\/sites\/24\/2023\/02\/DSC_4204-1536x1022.jpg 1536w, https:\/\/www.normisjon.no\/content\/uploads\/sites\/24\/2023\/02\/DSC_4204-2048x1363.jpg 2048w, https:\/\/www.normisjon.no\/content\/uploads\/sites\/24\/2023\/02\/DSC_4204-1920x1277.jpg 1920w, https:\/\/www.normisjon.no\/content\/uploads\/sites\/24\/2023\/02\/DSC_4204-1360x905.jpg 1360w\" sizes=\"auto, (max-width: 1024px) 100vw, 1024px\" \/><\/figure>\n\n\n\n<figure class=\"wp-block-image size-large\"><img loading=\"lazy\" decoding=\"async\" width=\"1024\" height=\"681\" data-id=\"4113\" src=\"https:\/\/www.normisjon.no\/content\/uploads\/sites\/24\/2023\/02\/DSC_4198-1024x681.jpg\" alt=\"\" class=\"wp-image-4113\" srcset=\"https:\/\/www.normisjon.no\/content\/uploads\/sites\/24\/2023\/02\/DSC_4198-1024x681.jpg 1024w, https:\/\/www.normisjon.no\/content\/uploads\/sites\/24\/2023\/02\/DSC_4198-300x200.jpg 300w, https:\/\/www.normisjon.no\/content\/uploads\/sites\/24\/2023\/02\/DSC_4198-768x511.jpg 768w, https:\/\/www.normisjon.no\/content\/uploads\/sites\/24\/2023\/02\/DSC_4198-1536x1022.jpg 1536w, https:\/\/www.normisjon.no\/content\/uploads\/sites\/24\/2023\/02\/DSC_4198-2048x1363.jpg 2048w, https:\/\/www.normisjon.no\/content\/uploads\/sites\/24\/2023\/02\/DSC_4198-1920x1277.jpg 1920w, https:\/\/www.normisjon.no\/content\/uploads\/sites\/24\/2023\/02\/DSC_4198-1360x905.jpg 1360w\" sizes=\"auto, (max-width: 1024px) 100vw, 1024px\" \/><\/figure>\n\n\n\n<figure class=\"wp-block-image size-large\"><img loading=\"lazy\" decoding=\"async\" width=\"1024\" height=\"681\" data-id=\"4123\" src=\"https:\/\/www.normisjon.no\/content\/uploads\/sites\/24\/2023\/02\/DSC_4211-1024x681.jpg\" alt=\"\" class=\"wp-image-4123\" srcset=\"https:\/\/www.normisjon.no\/content\/uploads\/sites\/24\/2023\/02\/DSC_4211-1024x681.jpg 1024w, https:\/\/www.normisjon.no\/content\/uploads\/sites\/24\/2023\/02\/DSC_4211-300x200.jpg 300w, https:\/\/www.normisjon.no\/content\/uploads\/sites\/24\/2023\/02\/DSC_4211-768x511.jpg 768w, https:\/\/www.normisjon.no\/content\/uploads\/sites\/24\/2023\/02\/DSC_4211-1360x905.jpg 1360w, https:\/\/www.normisjon.no\/content\/uploads\/sites\/24\/2023\/02\/DSC_4211-960x639.jpg 960w, https:\/\/www.normisjon.no\/content\/uploads\/sites\/24\/2023\/02\/DSC_4211.jpg 1452w\" sizes=\"auto, (max-width: 1024px) 100vw, 1024px\" \/><\/figure>\n\n\n\n<figure class=\"wp-block-image size-large\"><img loading=\"lazy\" decoding=\"async\" width=\"1024\" height=\"681\" data-id=\"4114\" src=\"https:\/\/www.normisjon.no\/content\/uploads\/sites\/24\/2023\/02\/DSC_4213-1024x681.jpg\" alt=\"\" class=\"wp-image-4114\" srcset=\"https:\/\/www.normisjon.no\/content\/uploads\/sites\/24\/2023\/02\/DSC_4213-1024x681.jpg 1024w, https:\/\/www.normisjon.no\/content\/uploads\/sites\/24\/2023\/02\/DSC_4213-300x200.jpg 300w, https:\/\/www.normisjon.no\/content\/uploads\/sites\/24\/2023\/02\/DSC_4213-768x511.jpg 768w, https:\/\/www.normisjon.no\/content\/uploads\/sites\/24\/2023\/02\/DSC_4213-1536x1022.jpg 1536w, https:\/\/www.normisjon.no\/content\/uploads\/sites\/24\/2023\/02\/DSC_4213-2048x1363.jpg 2048w, https:\/\/www.normisjon.no\/content\/uploads\/sites\/24\/2023\/02\/DSC_4213-1920x1277.jpg 1920w, https:\/\/www.normisjon.no\/content\/uploads\/sites\/24\/2023\/02\/DSC_4213-1360x905.jpg 1360w\" sizes=\"auto, (max-width: 1024px) 100vw, 1024px\" \/><\/figure>\n\n\n\n<figure class=\"wp-block-image size-large\"><img loading=\"lazy\" decoding=\"async\" width=\"1024\" height=\"681\" data-id=\"4112\" src=\"https:\/\/www.normisjon.no\/content\/uploads\/sites\/24\/2023\/02\/DSC_4215-1024x681.jpg\" alt=\"\" class=\"wp-image-4112\" srcset=\"https:\/\/www.normisjon.no\/content\/uploads\/sites\/24\/2023\/02\/DSC_4215-1024x681.jpg 1024w, https:\/\/www.normisjon.no\/content\/uploads\/sites\/24\/2023\/02\/DSC_4215-300x200.jpg 300w, https:\/\/www.normisjon.no\/content\/uploads\/sites\/24\/2023\/02\/DSC_4215-768x511.jpg 768w, https:\/\/www.normisjon.no\/content\/uploads\/sites\/24\/2023\/02\/DSC_4215-1536x1022.jpg 1536w, https:\/\/www.normisjon.no\/content\/uploads\/sites\/24\/2023\/02\/DSC_4215-2048x1363.jpg 2048w, https:\/\/www.normisjon.no\/content\/uploads\/sites\/24\/2023\/02\/DSC_4215-1920x1277.jpg 1920w, https:\/\/www.normisjon.no\/content\/uploads\/sites\/24\/2023\/02\/DSC_4215-1360x905.jpg 1360w\" sizes=\"auto, (max-width: 1024px) 100vw, 1024px\" \/><\/figure>\n\n\n\n<figure class=\"wp-block-image size-large\"><img loading=\"lazy\" decoding=\"async\" width=\"1024\" height=\"681\" data-id=\"4111\" src=\"https:\/\/www.normisjon.no\/content\/uploads\/sites\/24\/2023\/02\/DSC_4217-1024x681.jpg\" alt=\"\" class=\"wp-image-4111\" srcset=\"https:\/\/www.normisjon.no\/content\/uploads\/sites\/24\/2023\/02\/DSC_4217-1024x681.jpg 1024w, https:\/\/www.normisjon.no\/content\/uploads\/sites\/24\/2023\/02\/DSC_4217-300x200.jpg 300w, https:\/\/www.normisjon.no\/content\/uploads\/sites\/24\/2023\/02\/DSC_4217-768x511.jpg 768w, https:\/\/www.normisjon.no\/content\/uploads\/sites\/24\/2023\/02\/DSC_4217-1536x1022.jpg 1536w, https:\/\/www.normisjon.no\/content\/uploads\/sites\/24\/2023\/02\/DSC_4217-2048x1363.jpg 2048w, https:\/\/www.normisjon.no\/content\/uploads\/sites\/24\/2023\/02\/DSC_4217-1920x1277.jpg 1920w, https:\/\/www.normisjon.no\/content\/uploads\/sites\/24\/2023\/02\/DSC_4217-1360x905.jpg 1360w\" sizes=\"auto, (max-width: 1024px) 100vw, 1024px\" \/><\/figure>\n\n\n\n<figure class=\"wp-block-image size-large\"><img loading=\"lazy\" decoding=\"async\" width=\"1024\" height=\"681\" data-id=\"4110\" src=\"https:\/\/www.normisjon.no\/content\/uploads\/sites\/24\/2023\/02\/DSC_4218-1024x681.jpg\" alt=\"\" class=\"wp-image-4110\" srcset=\"https:\/\/www.normisjon.no\/content\/uploads\/sites\/24\/2023\/02\/DSC_4218-1024x681.jpg 1024w, https:\/\/www.normisjon.no\/content\/uploads\/sites\/24\/2023\/02\/DSC_4218-300x200.jpg 300w, https:\/\/www.normisjon.no\/content\/uploads\/sites\/24\/2023\/02\/DSC_4218-768x511.jpg 768w, https:\/\/www.normisjon.no\/content\/uploads\/sites\/24\/2023\/02\/DSC_4218-1536x1022.jpg 1536w, https:\/\/www.normisjon.no\/content\/uploads\/sites\/24\/2023\/02\/DSC_4218-2048x1363.jpg 2048w, https:\/\/www.normisjon.no\/content\/uploads\/sites\/24\/2023\/02\/DSC_4218-1920x1277.jpg 1920w, https:\/\/www.normisjon.no\/content\/uploads\/sites\/24\/2023\/02\/DSC_4218-1360x905.jpg 1360w\" sizes=\"auto, (max-width: 1024px) 100vw, 1024px\" \/><\/figure>\n<\/figure>\n<\/div>","protected":false},"excerpt":{"rendered":"<p>Inspirerende, hyggelig og oppbyggelig. Det er stikkord som dekker misjonsfesten torsdag 9. februar i regi av Misjonsforum i Normisjon region \u00d8stfold. Vel 60 mennesker fra [&hellip;]<\/p>\n","protected":false},"author":40,"featured_media":1119,"comment_status":"closed","ping_status":"closed","sticky":false,"template":"","format":"standard","meta":{"_acf_changed":false,"footnotes":""},"categories":[1],"tags":[],"class_list":["post-4109","post","type-post","status-publish","format-standard","has-post-thumbnail","hentry","category-ukategorisert"],"acf":[],"yoast_head":"<!-- This site is optimized with the Yoast SEO plugin v25.9 - https:\/\/yoast.com\/wordpress\/plugins\/seo\/ -->\n<title>Misjonsforum 2023 - Region \u00d8stfold<\/title>\n<meta name=\"robots\" content=\"index, follow, max-snippet:-1, max-image-preview:large, max-video-preview:-1\" \/>\n<link rel=\"canonical\" href=\"https:\/\/www.normisjon.no\/ostfold\/2023\/02\/12\/misjonsforum\/\" \/>\n<meta property=\"og:locale\" content=\"nb_NO\" \/>\n<meta property=\"og:type\" content=\"article\" \/>\n<meta property=\"og:title\" content=\"Misjonsforum 2023 - Region \u00d8stfold\" \/>\n<meta property=\"og:description\" content=\"Inspirerende, hyggelig og oppbyggelig. Det er stikkord som dekker misjonsfesten torsdag 9. februar i regi av Misjonsforum i Normisjon region \u00d8stfold. Vel 60 mennesker fra [&hellip;]\" \/>\n<meta property=\"og:url\" content=\"https:\/\/www.normisjon.no\/ostfold\/2023\/02\/12\/misjonsforum\/\" \/>\n<meta property=\"og:site_name\" content=\"Region \u00d8stfold\" \/>\n<meta property=\"article:publisher\" content=\"https:\/\/www.facebook.com\/NormisjonRegionOstfold\" \/>\n<meta property=\"article:published_time\" content=\"2023-02-12T21:18:30+00:00\" \/>\n<meta property=\"article:modified_time\" content=\"2024-03-02T09:16:43+00:00\" \/>\n<meta property=\"og:image\" content=\"https:\/\/www.normisjon.no\/content\/uploads\/sites\/24\/2018\/10\/logo.png\" \/>\n\t<meta property=\"og:image:width\" content=\"200\" \/>\n\t<meta property=\"og:image:height\" content=\"200\" \/>\n\t<meta property=\"og:image:type\" content=\"image\/png\" \/>\n<meta name=\"author\" content=\"helene\" \/>\n<meta name=\"twitter:card\" content=\"summary_large_image\" \/>\n<meta name=\"twitter:label1\" content=\"Skrevet av\" \/>\n\t<meta name=\"twitter:data1\" content=\"helene\" \/>\n\t<meta name=\"twitter:label2\" content=\"Ansl. lesetid\" \/>\n\t<meta name=\"twitter:data2\" content=\"3 minutter\" \/>\n<script type=\"application\/ld+json\" class=\"yoast-schema-graph\">{\"@context\":\"https:\/\/schema.org\",\"@graph\":[{\"@type\":\"Article\",\"@id\":\"https:\/\/www.normisjon.no\/ostfold\/2023\/02\/12\/misjonsforum\/#article\",\"isPartOf\":{\"@id\":\"https:\/\/www.normisjon.no\/ostfold\/2023\/02\/12\/misjonsforum\/\"},\"author\":{\"name\":\"helene\",\"@id\":\"https:\/\/www.normisjon.no\/ostfold\/#\/schema\/person\/1e860c822e70c7040278bb1a4601d60e\"},\"headline\":\"Misjonsforum 2023\",\"datePublished\":\"2023-02-12T21:18:30+00:00\",\"dateModified\":\"2024-03-02T09:16:43+00:00\",\"mainEntityOfPage\":{\"@id\":\"https:\/\/www.normisjon.no\/ostfold\/2023\/02\/12\/misjonsforum\/\"},\"wordCount\":127,\"publisher\":{\"@id\":\"https:\/\/www.normisjon.no\/ostfold\/#organization\"},\"image\":{\"@id\":\"https:\/\/www.normisjon.no\/ostfold\/2023\/02\/12\/misjonsforum\/#primaryimage\"},\"thumbnailUrl\":\"https:\/\/www.normisjon.no\/content\/uploads\/sites\/24\/2018\/10\/logo.png\",\"inLanguage\":\"nb-NO\"},{\"@type\":\"WebPage\",\"@id\":\"https:\/\/www.normisjon.no\/ostfold\/2023\/02\/12\/misjonsforum\/\",\"url\":\"https:\/\/www.normisjon.no\/ostfold\/2023\/02\/12\/misjonsforum\/\",\"name\":\"Misjonsforum 2023 - Region \u00d8stfold\",\"isPartOf\":{\"@id\":\"https:\/\/www.normisjon.no\/ostfold\/#website\"},\"primaryImageOfPage\":{\"@id\":\"https:\/\/www.normisjon.no\/ostfold\/2023\/02\/12\/misjonsforum\/#primaryimage\"},\"image\":{\"@id\":\"https:\/\/www.normisjon.no\/ostfold\/2023\/02\/12\/misjonsforum\/#primaryimage\"},\"thumbnailUrl\":\"https:\/\/www.normisjon.no\/content\/uploads\/sites\/24\/2018\/10\/logo.png\",\"datePublished\":\"2023-02-12T21:18:30+00:00\",\"dateModified\":\"2024-03-02T09:16:43+00:00\",\"breadcrumb\":{\"@id\":\"https:\/\/www.normisjon.no\/ostfold\/2023\/02\/12\/misjonsforum\/#breadcrumb\"},\"inLanguage\":\"nb-NO\",\"potentialAction\":[{\"@type\":\"ReadAction\",\"target\":[\"https:\/\/www.normisjon.no\/ostfold\/2023\/02\/12\/misjonsforum\/\"]}]},{\"@type\":\"ImageObject\",\"inLanguage\":\"nb-NO\",\"@id\":\"https:\/\/www.normisjon.no\/ostfold\/2023\/02\/12\/misjonsforum\/#primaryimage\",\"url\":\"https:\/\/www.normisjon.no\/content\/uploads\/sites\/24\/2018\/10\/logo.png\",\"contentUrl\":\"https:\/\/www.normisjon.no\/content\/uploads\/sites\/24\/2018\/10\/logo.png\",\"width\":200,\"height\":200},{\"@type\":\"BreadcrumbList\",\"@id\":\"https:\/\/www.normisjon.no\/ostfold\/2023\/02\/12\/misjonsforum\/#breadcrumb\",\"itemListElement\":[{\"@type\":\"ListItem\",\"position\":1,\"name\":\"Home\",\"item\":\"https:\/\/www.normisjon.no\/ostfold\/\"},{\"@type\":\"ListItem\",\"position\":2,\"name\":\"Misjonsforum 2023\"}]},{\"@type\":\"WebSite\",\"@id\":\"https:\/\/www.normisjon.no\/ostfold\/#website\",\"url\":\"https:\/\/www.normisjon.no\/ostfold\/\",\"name\":\"Region \u00d8stfold\",\"description\":\"\",\"publisher\":{\"@id\":\"https:\/\/www.normisjon.no\/ostfold\/#organization\"},\"potentialAction\":[{\"@type\":\"SearchAction\",\"target\":{\"@type\":\"EntryPoint\",\"urlTemplate\":\"https:\/\/www.normisjon.no\/ostfold\/?s={search_term_string}\"},\"query-input\":{\"@type\":\"PropertyValueSpecification\",\"valueRequired\":true,\"valueName\":\"search_term_string\"}}],\"inLanguage\":\"nb-NO\"},{\"@type\":\"Organization\",\"@id\":\"https:\/\/www.normisjon.no\/ostfold\/#organization\",\"name\":\"Region \u00d8stfold\",\"url\":\"https:\/\/www.normisjon.no\/ostfold\/\",\"logo\":{\"@type\":\"ImageObject\",\"inLanguage\":\"nb-NO\",\"@id\":\"https:\/\/www.normisjon.no\/ostfold\/#\/schema\/logo\/image\/\",\"url\":\"https:\/\/www.normisjon.no\/content\/uploads\/sites\/24\/2024\/11\/logo_Normisjon_lang_regionostfold_bla\u2560e.png\",\"contentUrl\":\"https:\/\/www.normisjon.no\/content\/uploads\/sites\/24\/2024\/11\/logo_Normisjon_lang_regionostfold_bla\u2560e.png\",\"width\":1952,\"height\":562,\"caption\":\"Region \u00d8stfold\"},\"image\":{\"@id\":\"https:\/\/www.normisjon.no\/ostfold\/#\/schema\/logo\/image\/\"},\"sameAs\":[\"https:\/\/www.facebook.com\/NormisjonRegionOstfold\"]},{\"@type\":\"Person\",\"@id\":\"https:\/\/www.normisjon.no\/ostfold\/#\/schema\/person\/1e860c822e70c7040278bb1a4601d60e\",\"name\":\"helene\",\"image\":{\"@type\":\"ImageObject\",\"inLanguage\":\"nb-NO\",\"@id\":\"https:\/\/www.normisjon.no\/ostfold\/#\/schema\/person\/image\/\",\"url\":\"https:\/\/secure.gravatar.com\/avatar\/2a0771efa949edb0002468df81d1637cf33aa98e982a9101478d2c1573b828bd?s=96&d=mm&r=g\",\"contentUrl\":\"https:\/\/secure.gravatar.com\/avatar\/2a0771efa949edb0002468df81d1637cf33aa98e982a9101478d2c1573b828bd?s=96&d=mm&r=g\",\"caption\":\"helene\"},\"url\":\"https:\/\/www.normisjon.no\/ostfold\/author\/helene\/\"}]}<\/script>\n<!-- \/ Yoast SEO plugin. -->","yoast_head_json":{"title":"Misjonsforum 2023 - Region \u00d8stfold","robots":{"index":"index","follow":"follow","max-snippet":"max-snippet:-1","max-image-preview":"max-image-preview:large","max-video-preview":"max-video-preview:-1"},"canonical":"https:\/\/www.normisjon.no\/ostfold\/2023\/02\/12\/misjonsforum\/","og_locale":"nb_NO","og_type":"article","og_title":"Misjonsforum 2023 - Region \u00d8stfold","og_description":"Inspirerende, hyggelig og oppbyggelig. Det er stikkord som dekker misjonsfesten torsdag 9. februar i regi av Misjonsforum i Normisjon region \u00d8stfold. Vel 60 mennesker fra [&hellip;]","og_url":"https:\/\/www.normisjon.no\/ostfold\/2023\/02\/12\/misjonsforum\/","og_site_name":"Region \u00d8stfold","article_publisher":"https:\/\/www.facebook.com\/NormisjonRegionOstfold","article_published_time":"2023-02-12T21:18:30+00:00","article_modified_time":"2024-03-02T09:16:43+00:00","og_image":[{"width":200,"height":200,"url":"https:\/\/www.normisjon.no\/content\/uploads\/sites\/24\/2018\/10\/logo.png","type":"image\/png"}],"author":"helene","twitter_card":"summary_large_image","twitter_misc":{"Skrevet av":"helene","Ansl. lesetid":"3 minutter"},"schema":{"@context":"https:\/\/schema.org","@graph":[{"@type":"Article","@id":"https:\/\/www.normisjon.no\/ostfold\/2023\/02\/12\/misjonsforum\/#article","isPartOf":{"@id":"https:\/\/www.normisjon.no\/ostfold\/2023\/02\/12\/misjonsforum\/"},"author":{"name":"helene","@id":"https:\/\/www.normisjon.no\/ostfold\/#\/schema\/person\/1e860c822e70c7040278bb1a4601d60e"},"headline":"Misjonsforum 2023","datePublished":"2023-02-12T21:18:30+00:00","dateModified":"2024-03-02T09:16:43+00:00","mainEntityOfPage":{"@id":"https:\/\/www.normisjon.no\/ostfold\/2023\/02\/12\/misjonsforum\/"},"wordCount":127,"publisher":{"@id":"https:\/\/www.normisjon.no\/ostfold\/#organization"},"image":{"@id":"https:\/\/www.normisjon.no\/ostfold\/2023\/02\/12\/misjonsforum\/#primaryimage"},"thumbnailUrl":"https:\/\/www.normisjon.no\/content\/uploads\/sites\/24\/2018\/10\/logo.png","inLanguage":"nb-NO"},{"@type":"WebPage","@id":"https:\/\/www.normisjon.no\/ostfold\/2023\/02\/12\/misjonsforum\/","url":"https:\/\/www.normisjon.no\/ostfold\/2023\/02\/12\/misjonsforum\/","name":"Misjonsforum 2023 - Region \u00d8stfold","isPartOf":{"@id":"https:\/\/www.normisjon.no\/ostfold\/#website"},"primaryImageOfPage":{"@id":"https:\/\/www.normisjon.no\/ostfold\/2023\/02\/12\/misjonsforum\/#primaryimage"},"image":{"@id":"https:\/\/www.normisjon.no\/ostfold\/2023\/02\/12\/misjonsforum\/#primaryimage"},"thumbnailUrl":"https:\/\/www.normisjon.no\/content\/uploads\/sites\/24\/2018\/10\/logo.png","datePublished":"2023-02-12T21:18:30+00:00","dateModified":"2024-03-02T09:16:43+00:00","breadcrumb":{"@id":"https:\/\/www.normisjon.no\/ostfold\/2023\/02\/12\/misjonsforum\/#breadcrumb"},"inLanguage":"nb-NO","potentialAction":[{"@type":"ReadAction","target":["https:\/\/www.normisjon.no\/ostfold\/2023\/02\/12\/misjonsforum\/"]}]},{"@type":"ImageObject","inLanguage":"nb-NO","@id":"https:\/\/www.normisjon.no\/ostfold\/2023\/02\/12\/misjonsforum\/#primaryimage","url":"https:\/\/www.normisjon.no\/content\/uploads\/sites\/24\/2018\/10\/logo.png","contentUrl":"https:\/\/www.normisjon.no\/content\/uploads\/sites\/24\/2018\/10\/logo.png","width":200,"height":200},{"@type":"BreadcrumbList","@id":"https:\/\/www.normisjon.no\/ostfold\/2023\/02\/12\/misjonsforum\/#breadcrumb","itemListElement":[{"@type":"ListItem","position":1,"name":"Home","item":"https:\/\/www.normisjon.no\/ostfold\/"},{"@type":"ListItem","position":2,"name":"Misjonsforum 2023"}]},{"@type":"WebSite","@id":"https:\/\/www.normisjon.no\/ostfold\/#website","url":"https:\/\/www.normisjon.no\/ostfold\/","name":"Region \u00d8stfold","description":"","publisher":{"@id":"https:\/\/www.normisjon.no\/ostfold\/#organization"},"potentialAction":[{"@type":"SearchAction","target":{"@type":"EntryPoint","urlTemplate":"https:\/\/www.normisjon.no\/ostfold\/?s={search_term_string}"},"query-input":{"@type":"PropertyValueSpecification","valueRequired":true,"valueName":"search_term_string"}}],"inLanguage":"nb-NO"},{"@type":"Organization","@id":"https:\/\/www.normisjon.no\/ostfold\/#organization","name":"Region \u00d8stfold","url":"https:\/\/www.normisjon.no\/ostfold\/","logo":{"@type":"ImageObject","inLanguage":"nb-NO","@id":"https:\/\/www.normisjon.no\/ostfold\/#\/schema\/logo\/image\/","url":"https:\/\/www.normisjon.no\/content\/uploads\/sites\/24\/2024\/11\/logo_Normisjon_lang_regionostfold_bla\u2560e.png","contentUrl":"https:\/\/www.normisjon.no\/content\/uploads\/sites\/24\/2024\/11\/logo_Normisjon_lang_regionostfold_bla\u2560e.png","width":1952,"height":562,"caption":"Region \u00d8stfold"},"image":{"@id":"https:\/\/www.normisjon.no\/ostfold\/#\/schema\/logo\/image\/"},"sameAs":["https:\/\/www.facebook.com\/NormisjonRegionOstfold"]},{"@type":"Person","@id":"https:\/\/www.normisjon.no\/ostfold\/#\/schema\/person\/1e860c822e70c7040278bb1a4601d60e","name":"helene","image":{"@type":"ImageObject","inLanguage":"nb-NO","@id":"https:\/\/www.normisjon.no\/ostfold\/#\/schema\/person\/image\/","url":"https:\/\/secure.gravatar.com\/avatar\/2a0771efa949edb0002468df81d1637cf33aa98e982a9101478d2c1573b828bd?s=96&d=mm&r=g","contentUrl":"https:\/\/secure.gravatar.com\/avatar\/2a0771efa949edb0002468df81d1637cf33aa98e982a9101478d2c1573b828bd?s=96&d=mm&r=g","caption":"helene"},"url":"https:\/\/www.normisjon.no\/ostfold\/author\/helene\/"}]}},"_links":{"self":[{"href":"https:\/\/www.normisjon.no\/ostfold\/wp-json\/wp\/v2\/posts\/4109","targetHints":{"allow":["GET"]}}],"collection":[{"href":"https:\/\/www.normisjon.no\/ostfold\/wp-json\/wp\/v2\/posts"}],"about":[{"href":"https:\/\/www.normisjon.no\/ostfold\/wp-json\/wp\/v2\/types\/post"}],"author":[{"embeddable":true,"href":"https:\/\/www.normisjon.no\/ostfold\/wp-json\/wp\/v2\/users\/40"}],"replies":[{"embeddable":true,"href":"https:\/\/www.normisjon.no\/ostfold\/wp-json\/wp\/v2\/comments?post=4109"}],"version-history":[{"count":5,"href":"https:\/\/www.normisjon.no\/ostfold\/wp-json\/wp\/v2\/posts\/4109\/revisions"}],"predecessor-version":[{"id":4663,"href":"https:\/\/www.normisjon.no\/ostfold\/wp-json\/wp\/v2\/posts\/4109\/revisions\/4663"}],"wp:featuredmedia":[{"embeddable":true,"href":"https:\/\/www.normisjon.no\/ostfold\/wp-json\/wp\/v2\/media\/1119"}],"wp:attachment":[{"href":"https:\/\/www.normisjon.no\/ostfold\/wp-json\/wp\/v2\/media?parent=4109"}],"wp:term":[{"taxonomy":"category","embeddable":true,"href":"https:\/\/www.normisjon.no\/ostfold\/wp-json\/wp\/v2\/categories?post=4109"},{"taxonomy":"post_tag","embeddable":true,"href":"https:\/\/www.normisjon.no\/ostfold\/wp-json\/wp\/v2\/tags?post=4109"}],"curies":[{"name":"wp","href":"https:\/\/api.w.org\/{rel}","templated":true}]}}