{"id":4293,"date":"2023-05-30T15:09:57","date_gmt":"2023-05-30T13:09:57","guid":{"rendered":"https:\/\/www.normisjon.no\/ostfold\/?p=4293"},"modified":"2023-05-30T15:28:44","modified_gmt":"2023-05-30T13:28:44","slug":"bli-ved-giver-pa-sjoglimt","status":"publish","type":"post","link":"https:\/\/www.normisjon.no\/ostfold\/2023\/05\/30\/bli-ved-giver-pa-sjoglimt\/","title":{"rendered":"Bli VED-giver p\u00e5 Sj\u00f8glimt!"},"content":{"rendered":"<div class=\"entry-content alignfull wp-block-post-content has-global-padding is-layout-constrained wp-block-post-content-is-layout-constrained\">\n<figure class=\"wp-block-image size-large\"><img loading=\"lazy\" decoding=\"async\" width=\"949\" height=\"1024\" src=\"https:\/\/www.normisjon.no\/content\/uploads\/sites\/24\/2023\/05\/vedpall-949x1024.jpg\" alt=\"\" class=\"wp-image-4294\" srcset=\"https:\/\/www.normisjon.no\/content\/uploads\/sites\/24\/2023\/05\/vedpall-949x1024.jpg 949w, https:\/\/www.normisjon.no\/content\/uploads\/sites\/24\/2023\/05\/vedpall-278x300.jpg 278w, https:\/\/www.normisjon.no\/content\/uploads\/sites\/24\/2023\/05\/vedpall-768x829.jpg 768w, https:\/\/www.normisjon.no\/content\/uploads\/sites\/24\/2023\/05\/vedpall-890x960.jpg 890w, https:\/\/www.normisjon.no\/content\/uploads\/sites\/24\/2023\/05\/vedpall.jpg 1112w\" sizes=\"auto, (max-width: 949px) 100vw, 949px\" \/><\/figure>\n\n\n\n<p><\/p>\n\n\n\n<p>Energikostnadene har g\u00e5tt i taket ogs\u00e5 for leirstedene v\u00e5re. Derfor har vi lagt til rette for mest mulig bruk av ved for oppvarming av Sj\u00f8glimt. I den forbindelse inviterer vi til dugnad. Siden vi ikke har flust av arbeidskraft ber vi derfor dere om \u00e5 se muligheter til \u00e5 gi oss ferdig kl\u00f8vd ved. Du kan selvf\u00f8lgelig gi den mengden du selv \u00f8nsker! Alt er til hjelp! Vi \u00f8nsker helst ved i sekk\/ storsekk med 30 til 50 cm lengde! Levering og eventuell henting kan avtales med meg. Gi meg en tilbakemelding for hva du har mulighet til. Tusen takk! Mvh Eirik Aandstad, 91879263<\/p>\n\n\n\n<figure class=\"wp-block-image\"><img decoding=\"async\" src=\"https:\/\/mightytext.net\/web8\/assets\/blank.gif\" alt=\"\"\/><\/figure>\n\n\n\n<p><\/p>\n<\/div>","protected":false},"excerpt":{"rendered":"<p>Energikostnadene har g\u00e5tt i taket ogs\u00e5 for leirstedene v\u00e5re. Derfor har vi lagt til rette for mest mulig bruk av ved for oppvarming av Sj\u00f8glimt. [&hellip;]<\/p>\n","protected":false},"author":25,"featured_media":4294,"comment_status":"closed","ping_status":"closed","sticky":false,"template":"","format":"standard","meta":{"_acf_changed":false,"footnotes":""},"categories":[1],"tags":[],"class_list":["post-4293","post","type-post","status-publish","format-standard","has-post-thumbnail","hentry","category-ukategorisert"],"acf":[],"yoast_head":"<!-- This site is optimized with the Yoast SEO plugin v25.9 - https:\/\/yoast.com\/wordpress\/plugins\/seo\/ -->\n<title>Bli VED-giver p\u00e5 Sj\u00f8glimt! - Region \u00d8stfold<\/title>\n<meta name=\"description\" content=\"Bli Vedgiver til Sj\u00f8glimtHei\u00d8nsker du \u00e5 bli vedgiver til Sj\u00f8glimt?Det brukes mye ved som oppvarming p\u00e5 leirstedet. For \u00e5 spare en del jobb med \u00e5 skaffe t\u00f8mmer og utstyr p\u00e5 \u00e5 gj\u00f8re dugnadsjobben der sp\u00f8r vi n\u00e5 etter ferdig klyvd og t\u00f8rket ved!Du kan selvf\u00f8lgelig gi den mengden du selv \u00f8nsker! Alt er til hjelp! \u00d8nsker helst ved i sekk\/ storsekk og 30 cm lengde! Evt levering og henting kan avtales med meg.Gi meg en tilbakemelding p\u00e5 hva du har mulighet tilTusen takk!Mvh Eirik Aandstad, 91879263\" \/>\n<meta name=\"robots\" content=\"index, follow, max-snippet:-1, max-image-preview:large, max-video-preview:-1\" \/>\n<link rel=\"canonical\" href=\"https:\/\/www.normisjon.no\/ostfold\/2023\/05\/30\/bli-ved-giver-pa-sjoglimt\/\" \/>\n<meta property=\"og:locale\" content=\"nb_NO\" \/>\n<meta property=\"og:type\" content=\"article\" \/>\n<meta property=\"og:title\" content=\"Bli VED-giver p\u00e5 Sj\u00f8glimt! - Region \u00d8stfold\" \/>\n<meta property=\"og:description\" content=\"Bli Vedgiver til Sj\u00f8glimtHei\u00d8nsker du \u00e5 bli vedgiver til Sj\u00f8glimt?Det brukes mye ved som oppvarming p\u00e5 leirstedet. For \u00e5 spare en del jobb med \u00e5 skaffe t\u00f8mmer og utstyr p\u00e5 \u00e5 gj\u00f8re dugnadsjobben der sp\u00f8r vi n\u00e5 etter ferdig klyvd og t\u00f8rket ved!Du kan selvf\u00f8lgelig gi den mengden du selv \u00f8nsker! Alt er til hjelp! \u00d8nsker helst ved i sekk\/ storsekk og 30 cm lengde! Evt levering og henting kan avtales med meg.Gi meg en tilbakemelding p\u00e5 hva du har mulighet tilTusen takk!Mvh Eirik Aandstad, 91879263\" \/>\n<meta property=\"og:url\" content=\"https:\/\/www.normisjon.no\/ostfold\/2023\/05\/30\/bli-ved-giver-pa-sjoglimt\/\" \/>\n<meta property=\"og:site_name\" content=\"Region \u00d8stfold\" \/>\n<meta property=\"article:publisher\" content=\"https:\/\/www.facebook.com\/NormisjonRegionOstfold\" \/>\n<meta property=\"article:published_time\" content=\"2023-05-30T13:09:57+00:00\" \/>\n<meta property=\"article:modified_time\" content=\"2023-05-30T13:28:44+00:00\" \/>\n<meta property=\"og:image\" content=\"https:\/\/www.normisjon.no\/content\/uploads\/sites\/24\/2023\/05\/vedpall.jpg\" \/>\n\t<meta property=\"og:image:width\" content=\"1112\" \/>\n\t<meta property=\"og:image:height\" content=\"1200\" \/>\n\t<meta property=\"og:image:type\" content=\"image\/jpeg\" \/>\n<meta name=\"author\" content=\"asmund\" \/>\n<meta name=\"twitter:card\" content=\"summary_large_image\" \/>\n<meta name=\"twitter:label1\" content=\"Skrevet av\" \/>\n\t<meta name=\"twitter:data1\" content=\"asmund\" \/>\n\t<meta name=\"twitter:label2\" content=\"Ansl. lesetid\" \/>\n\t<meta name=\"twitter:data2\" content=\"1 minutt\" \/>\n<script type=\"application\/ld+json\" class=\"yoast-schema-graph\">{\"@context\":\"https:\/\/schema.org\",\"@graph\":[{\"@type\":\"Article\",\"@id\":\"https:\/\/www.normisjon.no\/ostfold\/2023\/05\/30\/bli-ved-giver-pa-sjoglimt\/#article\",\"isPartOf\":{\"@id\":\"https:\/\/www.normisjon.no\/ostfold\/2023\/05\/30\/bli-ved-giver-pa-sjoglimt\/\"},\"author\":{\"name\":\"asmund\",\"@id\":\"https:\/\/www.normisjon.no\/ostfold\/#\/schema\/person\/0c3ba7bb63f134359d09c35c49505d18\"},\"headline\":\"Bli VED-giver p\u00e5 Sj\u00f8glimt!\",\"datePublished\":\"2023-05-30T13:09:57+00:00\",\"dateModified\":\"2023-05-30T13:28:44+00:00\",\"mainEntityOfPage\":{\"@id\":\"https:\/\/www.normisjon.no\/ostfold\/2023\/05\/30\/bli-ved-giver-pa-sjoglimt\/\"},\"wordCount\":109,\"publisher\":{\"@id\":\"https:\/\/www.normisjon.no\/ostfold\/#organization\"},\"image\":{\"@id\":\"https:\/\/www.normisjon.no\/ostfold\/2023\/05\/30\/bli-ved-giver-pa-sjoglimt\/#primaryimage\"},\"thumbnailUrl\":\"https:\/\/www.normisjon.no\/content\/uploads\/sites\/24\/2023\/05\/vedpall.jpg\",\"inLanguage\":\"nb-NO\"},{\"@type\":\"WebPage\",\"@id\":\"https:\/\/www.normisjon.no\/ostfold\/2023\/05\/30\/bli-ved-giver-pa-sjoglimt\/\",\"url\":\"https:\/\/www.normisjon.no\/ostfold\/2023\/05\/30\/bli-ved-giver-pa-sjoglimt\/\",\"name\":\"Bli VED-giver p\u00e5 Sj\u00f8glimt! - Region \u00d8stfold\",\"isPartOf\":{\"@id\":\"https:\/\/www.normisjon.no\/ostfold\/#website\"},\"primaryImageOfPage\":{\"@id\":\"https:\/\/www.normisjon.no\/ostfold\/2023\/05\/30\/bli-ved-giver-pa-sjoglimt\/#primaryimage\"},\"image\":{\"@id\":\"https:\/\/www.normisjon.no\/ostfold\/2023\/05\/30\/bli-ved-giver-pa-sjoglimt\/#primaryimage\"},\"thumbnailUrl\":\"https:\/\/www.normisjon.no\/content\/uploads\/sites\/24\/2023\/05\/vedpall.jpg\",\"datePublished\":\"2023-05-30T13:09:57+00:00\",\"dateModified\":\"2023-05-30T13:28:44+00:00\",\"description\":\"Bli Vedgiver til Sj\u00f8glimtHei\u00d8nsker du \u00e5 bli vedgiver til Sj\u00f8glimt?Det brukes mye ved som oppvarming p\u00e5 leirstedet. For \u00e5 spare en del jobb med \u00e5 skaffe t\u00f8mmer og utstyr p\u00e5 \u00e5 gj\u00f8re dugnadsjobben der sp\u00f8r vi n\u00e5 etter ferdig klyvd og t\u00f8rket ved!Du kan selvf\u00f8lgelig gi den mengden du selv \u00f8nsker! Alt er til hjelp! \u00d8nsker helst ved i sekk\/ storsekk og 30 cm lengde! Evt levering og henting kan avtales med meg.Gi meg en tilbakemelding p\u00e5 hva du har mulighet tilTusen takk!Mvh Eirik Aandstad, 91879263\",\"breadcrumb\":{\"@id\":\"https:\/\/www.normisjon.no\/ostfold\/2023\/05\/30\/bli-ved-giver-pa-sjoglimt\/#breadcrumb\"},\"inLanguage\":\"nb-NO\",\"potentialAction\":[{\"@type\":\"ReadAction\",\"target\":[\"https:\/\/www.normisjon.no\/ostfold\/2023\/05\/30\/bli-ved-giver-pa-sjoglimt\/\"]}]},{\"@type\":\"ImageObject\",\"inLanguage\":\"nb-NO\",\"@id\":\"https:\/\/www.normisjon.no\/ostfold\/2023\/05\/30\/bli-ved-giver-pa-sjoglimt\/#primaryimage\",\"url\":\"https:\/\/www.normisjon.no\/content\/uploads\/sites\/24\/2023\/05\/vedpall.jpg\",\"contentUrl\":\"https:\/\/www.normisjon.no\/content\/uploads\/sites\/24\/2023\/05\/vedpall.jpg\",\"width\":1112,\"height\":1200},{\"@type\":\"BreadcrumbList\",\"@id\":\"https:\/\/www.normisjon.no\/ostfold\/2023\/05\/30\/bli-ved-giver-pa-sjoglimt\/#breadcrumb\",\"itemListElement\":[{\"@type\":\"ListItem\",\"position\":1,\"name\":\"Home\",\"item\":\"https:\/\/www.normisjon.no\/ostfold\/\"},{\"@type\":\"ListItem\",\"position\":2,\"name\":\"Bli VED-giver p\u00e5 Sj\u00f8glimt!\"}]},{\"@type\":\"WebSite\",\"@id\":\"https:\/\/www.normisjon.no\/ostfold\/#website\",\"url\":\"https:\/\/www.normisjon.no\/ostfold\/\",\"name\":\"Region \u00d8stfold\",\"description\":\"\",\"publisher\":{\"@id\":\"https:\/\/www.normisjon.no\/ostfold\/#organization\"},\"potentialAction\":[{\"@type\":\"SearchAction\",\"target\":{\"@type\":\"EntryPoint\",\"urlTemplate\":\"https:\/\/www.normisjon.no\/ostfold\/?s={search_term_string}\"},\"query-input\":{\"@type\":\"PropertyValueSpecification\",\"valueRequired\":true,\"valueName\":\"search_term_string\"}}],\"inLanguage\":\"nb-NO\"},{\"@type\":\"Organization\",\"@id\":\"https:\/\/www.normisjon.no\/ostfold\/#organization\",\"name\":\"Region \u00d8stfold\",\"url\":\"https:\/\/www.normisjon.no\/ostfold\/\",\"logo\":{\"@type\":\"ImageObject\",\"inLanguage\":\"nb-NO\",\"@id\":\"https:\/\/www.normisjon.no\/ostfold\/#\/schema\/logo\/image\/\",\"url\":\"https:\/\/www.normisjon.no\/content\/uploads\/sites\/24\/2024\/11\/logo_Normisjon_lang_regionostfold_bla\u2560e.png\",\"contentUrl\":\"https:\/\/www.normisjon.no\/content\/uploads\/sites\/24\/2024\/11\/logo_Normisjon_lang_regionostfold_bla\u2560e.png\",\"width\":1952,\"height\":562,\"caption\":\"Region \u00d8stfold\"},\"image\":{\"@id\":\"https:\/\/www.normisjon.no\/ostfold\/#\/schema\/logo\/image\/\"},\"sameAs\":[\"https:\/\/www.facebook.com\/NormisjonRegionOstfold\"]},{\"@type\":\"Person\",\"@id\":\"https:\/\/www.normisjon.no\/ostfold\/#\/schema\/person\/0c3ba7bb63f134359d09c35c49505d18\",\"name\":\"asmund\",\"image\":{\"@type\":\"ImageObject\",\"inLanguage\":\"nb-NO\",\"@id\":\"https:\/\/www.normisjon.no\/ostfold\/#\/schema\/person\/image\/\",\"url\":\"https:\/\/secure.gravatar.com\/avatar\/1489c4c823285c6ba6b656d3b571bbbddc5c930da3b2636e8f4b44533efc5feb?s=96&d=mm&r=g\",\"contentUrl\":\"https:\/\/secure.gravatar.com\/avatar\/1489c4c823285c6ba6b656d3b571bbbddc5c930da3b2636e8f4b44533efc5feb?s=96&d=mm&r=g\",\"caption\":\"asmund\"},\"url\":\"https:\/\/www.normisjon.no\/ostfold\/author\/asmund\/\"}]}<\/script>\n<!-- \/ Yoast SEO plugin. -->","yoast_head_json":{"title":"Bli VED-giver p\u00e5 Sj\u00f8glimt! - Region \u00d8stfold","description":"Bli Vedgiver til Sj\u00f8glimtHei\u00d8nsker du \u00e5 bli vedgiver til Sj\u00f8glimt?Det brukes mye ved som oppvarming p\u00e5 leirstedet. For \u00e5 spare en del jobb med \u00e5 skaffe t\u00f8mmer og utstyr p\u00e5 \u00e5 gj\u00f8re dugnadsjobben der sp\u00f8r vi n\u00e5 etter ferdig klyvd og t\u00f8rket ved!Du kan selvf\u00f8lgelig gi den mengden du selv \u00f8nsker! Alt er til hjelp! \u00d8nsker helst ved i sekk\/ storsekk og 30 cm lengde! Evt levering og henting kan avtales med meg.Gi meg en tilbakemelding p\u00e5 hva du har mulighet tilTusen takk!Mvh Eirik Aandstad, 91879263","robots":{"index":"index","follow":"follow","max-snippet":"max-snippet:-1","max-image-preview":"max-image-preview:large","max-video-preview":"max-video-preview:-1"},"canonical":"https:\/\/www.normisjon.no\/ostfold\/2023\/05\/30\/bli-ved-giver-pa-sjoglimt\/","og_locale":"nb_NO","og_type":"article","og_title":"Bli VED-giver p\u00e5 Sj\u00f8glimt! - Region \u00d8stfold","og_description":"Bli Vedgiver til Sj\u00f8glimtHei\u00d8nsker du \u00e5 bli vedgiver til Sj\u00f8glimt?Det brukes mye ved som oppvarming p\u00e5 leirstedet. For \u00e5 spare en del jobb med \u00e5 skaffe t\u00f8mmer og utstyr p\u00e5 \u00e5 gj\u00f8re dugnadsjobben der sp\u00f8r vi n\u00e5 etter ferdig klyvd og t\u00f8rket ved!Du kan selvf\u00f8lgelig gi den mengden du selv \u00f8nsker! Alt er til hjelp! \u00d8nsker helst ved i sekk\/ storsekk og 30 cm lengde! Evt levering og henting kan avtales med meg.Gi meg en tilbakemelding p\u00e5 hva du har mulighet tilTusen takk!Mvh Eirik Aandstad, 91879263","og_url":"https:\/\/www.normisjon.no\/ostfold\/2023\/05\/30\/bli-ved-giver-pa-sjoglimt\/","og_site_name":"Region \u00d8stfold","article_publisher":"https:\/\/www.facebook.com\/NormisjonRegionOstfold","article_published_time":"2023-05-30T13:09:57+00:00","article_modified_time":"2023-05-30T13:28:44+00:00","og_image":[{"width":1112,"height":1200,"url":"https:\/\/www.normisjon.no\/content\/uploads\/sites\/24\/2023\/05\/vedpall.jpg","type":"image\/jpeg"}],"author":"asmund","twitter_card":"summary_large_image","twitter_misc":{"Skrevet av":"asmund","Ansl. lesetid":"1 minutt"},"schema":{"@context":"https:\/\/schema.org","@graph":[{"@type":"Article","@id":"https:\/\/www.normisjon.no\/ostfold\/2023\/05\/30\/bli-ved-giver-pa-sjoglimt\/#article","isPartOf":{"@id":"https:\/\/www.normisjon.no\/ostfold\/2023\/05\/30\/bli-ved-giver-pa-sjoglimt\/"},"author":{"name":"asmund","@id":"https:\/\/www.normisjon.no\/ostfold\/#\/schema\/person\/0c3ba7bb63f134359d09c35c49505d18"},"headline":"Bli VED-giver p\u00e5 Sj\u00f8glimt!","datePublished":"2023-05-30T13:09:57+00:00","dateModified":"2023-05-30T13:28:44+00:00","mainEntityOfPage":{"@id":"https:\/\/www.normisjon.no\/ostfold\/2023\/05\/30\/bli-ved-giver-pa-sjoglimt\/"},"wordCount":109,"publisher":{"@id":"https:\/\/www.normisjon.no\/ostfold\/#organization"},"image":{"@id":"https:\/\/www.normisjon.no\/ostfold\/2023\/05\/30\/bli-ved-giver-pa-sjoglimt\/#primaryimage"},"thumbnailUrl":"https:\/\/www.normisjon.no\/content\/uploads\/sites\/24\/2023\/05\/vedpall.jpg","inLanguage":"nb-NO"},{"@type":"WebPage","@id":"https:\/\/www.normisjon.no\/ostfold\/2023\/05\/30\/bli-ved-giver-pa-sjoglimt\/","url":"https:\/\/www.normisjon.no\/ostfold\/2023\/05\/30\/bli-ved-giver-pa-sjoglimt\/","name":"Bli VED-giver p\u00e5 Sj\u00f8glimt! - Region \u00d8stfold","isPartOf":{"@id":"https:\/\/www.normisjon.no\/ostfold\/#website"},"primaryImageOfPage":{"@id":"https:\/\/www.normisjon.no\/ostfold\/2023\/05\/30\/bli-ved-giver-pa-sjoglimt\/#primaryimage"},"image":{"@id":"https:\/\/www.normisjon.no\/ostfold\/2023\/05\/30\/bli-ved-giver-pa-sjoglimt\/#primaryimage"},"thumbnailUrl":"https:\/\/www.normisjon.no\/content\/uploads\/sites\/24\/2023\/05\/vedpall.jpg","datePublished":"2023-05-30T13:09:57+00:00","dateModified":"2023-05-30T13:28:44+00:00","description":"Bli Vedgiver til Sj\u00f8glimtHei\u00d8nsker du \u00e5 bli vedgiver til Sj\u00f8glimt?Det brukes mye ved som oppvarming p\u00e5 leirstedet. For \u00e5 spare en del jobb med \u00e5 skaffe t\u00f8mmer og utstyr p\u00e5 \u00e5 gj\u00f8re dugnadsjobben der sp\u00f8r vi n\u00e5 etter ferdig klyvd og t\u00f8rket ved!Du kan selvf\u00f8lgelig gi den mengden du selv \u00f8nsker! Alt er til hjelp! \u00d8nsker helst ved i sekk\/ storsekk og 30 cm lengde! Evt levering og henting kan avtales med meg.Gi meg en tilbakemelding p\u00e5 hva du har mulighet tilTusen takk!Mvh Eirik Aandstad, 91879263","breadcrumb":{"@id":"https:\/\/www.normisjon.no\/ostfold\/2023\/05\/30\/bli-ved-giver-pa-sjoglimt\/#breadcrumb"},"inLanguage":"nb-NO","potentialAction":[{"@type":"ReadAction","target":["https:\/\/www.normisjon.no\/ostfold\/2023\/05\/30\/bli-ved-giver-pa-sjoglimt\/"]}]},{"@type":"ImageObject","inLanguage":"nb-NO","@id":"https:\/\/www.normisjon.no\/ostfold\/2023\/05\/30\/bli-ved-giver-pa-sjoglimt\/#primaryimage","url":"https:\/\/www.normisjon.no\/content\/uploads\/sites\/24\/2023\/05\/vedpall.jpg","contentUrl":"https:\/\/www.normisjon.no\/content\/uploads\/sites\/24\/2023\/05\/vedpall.jpg","width":1112,"height":1200},{"@type":"BreadcrumbList","@id":"https:\/\/www.normisjon.no\/ostfold\/2023\/05\/30\/bli-ved-giver-pa-sjoglimt\/#breadcrumb","itemListElement":[{"@type":"ListItem","position":1,"name":"Home","item":"https:\/\/www.normisjon.no\/ostfold\/"},{"@type":"ListItem","position":2,"name":"Bli VED-giver p\u00e5 Sj\u00f8glimt!"}]},{"@type":"WebSite","@id":"https:\/\/www.normisjon.no\/ostfold\/#website","url":"https:\/\/www.normisjon.no\/ostfold\/","name":"Region \u00d8stfold","description":"","publisher":{"@id":"https:\/\/www.normisjon.no\/ostfold\/#organization"},"potentialAction":[{"@type":"SearchAction","target":{"@type":"EntryPoint","urlTemplate":"https:\/\/www.normisjon.no\/ostfold\/?s={search_term_string}"},"query-input":{"@type":"PropertyValueSpecification","valueRequired":true,"valueName":"search_term_string"}}],"inLanguage":"nb-NO"},{"@type":"Organization","@id":"https:\/\/www.normisjon.no\/ostfold\/#organization","name":"Region \u00d8stfold","url":"https:\/\/www.normisjon.no\/ostfold\/","logo":{"@type":"ImageObject","inLanguage":"nb-NO","@id":"https:\/\/www.normisjon.no\/ostfold\/#\/schema\/logo\/image\/","url":"https:\/\/www.normisjon.no\/content\/uploads\/sites\/24\/2024\/11\/logo_Normisjon_lang_regionostfold_bla\u2560e.png","contentUrl":"https:\/\/www.normisjon.no\/content\/uploads\/sites\/24\/2024\/11\/logo_Normisjon_lang_regionostfold_bla\u2560e.png","width":1952,"height":562,"caption":"Region \u00d8stfold"},"image":{"@id":"https:\/\/www.normisjon.no\/ostfold\/#\/schema\/logo\/image\/"},"sameAs":["https:\/\/www.facebook.com\/NormisjonRegionOstfold"]},{"@type":"Person","@id":"https:\/\/www.normisjon.no\/ostfold\/#\/schema\/person\/0c3ba7bb63f134359d09c35c49505d18","name":"asmund","image":{"@type":"ImageObject","inLanguage":"nb-NO","@id":"https:\/\/www.normisjon.no\/ostfold\/#\/schema\/person\/image\/","url":"https:\/\/secure.gravatar.com\/avatar\/1489c4c823285c6ba6b656d3b571bbbddc5c930da3b2636e8f4b44533efc5feb?s=96&d=mm&r=g","contentUrl":"https:\/\/secure.gravatar.com\/avatar\/1489c4c823285c6ba6b656d3b571bbbddc5c930da3b2636e8f4b44533efc5feb?s=96&d=mm&r=g","caption":"asmund"},"url":"https:\/\/www.normisjon.no\/ostfold\/author\/asmund\/"}]}},"_links":{"self":[{"href":"https:\/\/www.normisjon.no\/ostfold\/wp-json\/wp\/v2\/posts\/4293","targetHints":{"allow":["GET"]}}],"collection":[{"href":"https:\/\/www.normisjon.no\/ostfold\/wp-json\/wp\/v2\/posts"}],"about":[{"href":"https:\/\/www.normisjon.no\/ostfold\/wp-json\/wp\/v2\/types\/post"}],"author":[{"embeddable":true,"href":"https:\/\/www.normisjon.no\/ostfold\/wp-json\/wp\/v2\/users\/25"}],"replies":[{"embeddable":true,"href":"https:\/\/www.normisjon.no\/ostfold\/wp-json\/wp\/v2\/comments?post=4293"}],"version-history":[{"count":1,"href":"https:\/\/www.normisjon.no\/ostfold\/wp-json\/wp\/v2\/posts\/4293\/revisions"}],"predecessor-version":[{"id":4295,"href":"https:\/\/www.normisjon.no\/ostfold\/wp-json\/wp\/v2\/posts\/4293\/revisions\/4295"}],"wp:featuredmedia":[{"embeddable":true,"href":"https:\/\/www.normisjon.no\/ostfold\/wp-json\/wp\/v2\/media\/4294"}],"wp:attachment":[{"href":"https:\/\/www.normisjon.no\/ostfold\/wp-json\/wp\/v2\/media?parent=4293"}],"wp:term":[{"taxonomy":"category","embeddable":true,"href":"https:\/\/www.normisjon.no\/ostfold\/wp-json\/wp\/v2\/categories?post=4293"},{"taxonomy":"post_tag","embeddable":true,"href":"https:\/\/www.normisjon.no\/ostfold\/wp-json\/wp\/v2\/tags?post=4293"}],"curies":[{"name":"wp","href":"https:\/\/api.w.org\/{rel}","templated":true}]}}