{"id":4412,"date":"2023-09-21T07:33:45","date_gmt":"2023-09-21T05:33:45","guid":{"rendered":"https:\/\/www.normisjon.no\/ostfold\/?p=4412"},"modified":"2023-09-21T07:33:46","modified_gmt":"2023-09-21T05:33:46","slug":"jubileum-i-fermate","status":"publish","type":"post","link":"https:\/\/www.normisjon.no\/ostfold\/2023\/09\/21\/jubileum-i-fermate\/","title":{"rendered":"Jubileum i Fermate"},"content":{"rendered":"<div class=\"entry-content alignfull wp-block-post-content has-global-padding is-layout-constrained wp-block-post-content-is-layout-constrained\">\n<p>Fermate i \u00d8stfold feiret sitt 10 \u00e5rsjubileum med en hyggelig fest i Betlehem, Borgen s\u00f8ndag 17.09. Medvirkende var blant andre: Therese Andreassen, Renate Gjerl\u00f8w Larsen, Sigmund Danielsen, Bj\u00f8rnar Holmedal, Tore Schwartz Olsen, Torhild Nordberg, Sverre Fjeldberg og Anne Ca Degnes.<br>Foto: Boe Johannes Hermansen<\/p>\n\n\n\n<figure class=\"wp-block-gallery has-nested-images columns-default is-cropped wp-block-gallery-1 is-layout-flex wp-block-gallery-is-layout-flex\">\n<figure class=\"wp-block-image size-large\"><img loading=\"lazy\" decoding=\"async\" width=\"1024\" height=\"681\" data-id=\"4419\" src=\"https:\/\/www.normisjon.no\/content\/uploads\/sites\/24\/2023\/09\/DSC_8131-kopi-1024x681.jpg\" alt=\"\" class=\"wp-image-4419\" srcset=\"https:\/\/www.normisjon.no\/content\/uploads\/sites\/24\/2023\/09\/DSC_8131-kopi-1024x681.jpg 1024w, https:\/\/www.normisjon.no\/content\/uploads\/sites\/24\/2023\/09\/DSC_8131-kopi-300x200.jpg 300w, https:\/\/www.normisjon.no\/content\/uploads\/sites\/24\/2023\/09\/DSC_8131-kopi-768x511.jpg 768w, https:\/\/www.normisjon.no\/content\/uploads\/sites\/24\/2023\/09\/DSC_8131-kopi-1536x1022.jpg 1536w\" sizes=\"auto, (max-width: 1024px) 100vw, 1024px\" \/><\/figure>\n\n\n\n<figure class=\"wp-block-image size-large\"><img loading=\"lazy\" decoding=\"async\" width=\"1024\" height=\"681\" data-id=\"4418\" src=\"https:\/\/www.normisjon.no\/content\/uploads\/sites\/24\/2023\/09\/DSC_8127-kopi-1024x681.jpg\" alt=\"\" class=\"wp-image-4418\" srcset=\"https:\/\/www.normisjon.no\/content\/uploads\/sites\/24\/2023\/09\/DSC_8127-kopi-1024x681.jpg 1024w, https:\/\/www.normisjon.no\/content\/uploads\/sites\/24\/2023\/09\/DSC_8127-kopi-300x200.jpg 300w, https:\/\/www.normisjon.no\/content\/uploads\/sites\/24\/2023\/09\/DSC_8127-kopi-768x511.jpg 768w, https:\/\/www.normisjon.no\/content\/uploads\/sites\/24\/2023\/09\/DSC_8127-kopi-1536x1022.jpg 1536w\" sizes=\"auto, (max-width: 1024px) 100vw, 1024px\" \/><\/figure>\n\n\n\n<figure class=\"wp-block-image size-medium\"><img loading=\"lazy\" decoding=\"async\" width=\"300\" height=\"200\" data-id=\"4417\" src=\"https:\/\/www.normisjon.no\/content\/uploads\/sites\/24\/2023\/09\/DSC_8148-kopi-300x200.jpg\" alt=\"\" class=\"wp-image-4417\" srcset=\"https:\/\/www.normisjon.no\/content\/uploads\/sites\/24\/2023\/09\/DSC_8148-kopi-300x200.jpg 300w, https:\/\/www.normisjon.no\/content\/uploads\/sites\/24\/2023\/09\/DSC_8148-kopi-1024x681.jpg 1024w, https:\/\/www.normisjon.no\/content\/uploads\/sites\/24\/2023\/09\/DSC_8148-kopi-768x511.jpg 768w, https:\/\/www.normisjon.no\/content\/uploads\/sites\/24\/2023\/09\/DSC_8148-kopi-1536x1022.jpg 1536w\" sizes=\"auto, (max-width: 300px) 100vw, 300px\" \/><\/figure>\n\n\n\n<figure class=\"wp-block-image size-large\"><img loading=\"lazy\" decoding=\"async\" width=\"1024\" height=\"681\" data-id=\"4416\" src=\"https:\/\/www.normisjon.no\/content\/uploads\/sites\/24\/2023\/09\/DSC_8130-kopi-1024x681.jpg\" alt=\"\" class=\"wp-image-4416\" srcset=\"https:\/\/www.normisjon.no\/content\/uploads\/sites\/24\/2023\/09\/DSC_8130-kopi-1024x681.jpg 1024w, https:\/\/www.normisjon.no\/content\/uploads\/sites\/24\/2023\/09\/DSC_8130-kopi-300x200.jpg 300w, https:\/\/www.normisjon.no\/content\/uploads\/sites\/24\/2023\/09\/DSC_8130-kopi-768x511.jpg 768w, https:\/\/www.normisjon.no\/content\/uploads\/sites\/24\/2023\/09\/DSC_8130-kopi-1536x1022.jpg 1536w\" sizes=\"auto, (max-width: 1024px) 100vw, 1024px\" \/><\/figure>\n\n\n\n<figure class=\"wp-block-image size-large\"><img loading=\"lazy\" decoding=\"async\" width=\"1024\" height=\"681\" data-id=\"4415\" src=\"https:\/\/www.normisjon.no\/content\/uploads\/sites\/24\/2023\/09\/DSC_8129-kopi-1024x681.jpg\" alt=\"\" class=\"wp-image-4415\" srcset=\"https:\/\/www.normisjon.no\/content\/uploads\/sites\/24\/2023\/09\/DSC_8129-kopi-1024x681.jpg 1024w, https:\/\/www.normisjon.no\/content\/uploads\/sites\/24\/2023\/09\/DSC_8129-kopi-300x200.jpg 300w, https:\/\/www.normisjon.no\/content\/uploads\/sites\/24\/2023\/09\/DSC_8129-kopi-768x511.jpg 768w, https:\/\/www.normisjon.no\/content\/uploads\/sites\/24\/2023\/09\/DSC_8129-kopi-1536x1022.jpg 1536w\" sizes=\"auto, (max-width: 1024px) 100vw, 1024px\" \/><\/figure>\n\n\n\n<figure class=\"wp-block-image size-large\"><img loading=\"lazy\" decoding=\"async\" width=\"1024\" height=\"478\" data-id=\"4414\" src=\"https:\/\/www.normisjon.no\/content\/uploads\/sites\/24\/2023\/09\/Bjornar-og-Sigmund-fotoTherese-kopi-1024x478.jpg\" alt=\"\" class=\"wp-image-4414\" srcset=\"https:\/\/www.normisjon.no\/content\/uploads\/sites\/24\/2023\/09\/Bjornar-og-Sigmund-fotoTherese-kopi-1024x478.jpg 1024w, https:\/\/www.normisjon.no\/content\/uploads\/sites\/24\/2023\/09\/Bjornar-og-Sigmund-fotoTherese-kopi-300x140.jpg 300w, https:\/\/www.normisjon.no\/content\/uploads\/sites\/24\/2023\/09\/Bjornar-og-Sigmund-fotoTherese-kopi-768x359.jpg 768w, https:\/\/www.normisjon.no\/content\/uploads\/sites\/24\/2023\/09\/Bjornar-og-Sigmund-fotoTherese-kopi-1536x717.jpg 1536w, https:\/\/www.normisjon.no\/content\/uploads\/sites\/24\/2023\/09\/Bjornar-og-Sigmund-fotoTherese-kopi-2048x956.jpg 2048w, https:\/\/www.normisjon.no\/content\/uploads\/sites\/24\/2023\/09\/Bjornar-og-Sigmund-fotoTherese-kopi-1920x897.jpg 1920w, https:\/\/www.normisjon.no\/content\/uploads\/sites\/24\/2023\/09\/Bjornar-og-Sigmund-fotoTherese-kopi-1360x635.jpg 1360w, https:\/\/www.normisjon.no\/content\/uploads\/sites\/24\/2023\/09\/Bjornar-og-Sigmund-fotoTherese-kopi-960x448.jpg 960w\" sizes=\"auto, (max-width: 1024px) 100vw, 1024px\" \/><\/figure>\n\n\n\n<figure class=\"wp-block-image size-large\"><img loading=\"lazy\" decoding=\"async\" width=\"1024\" height=\"681\" data-id=\"4420\" src=\"https:\/\/www.normisjon.no\/content\/uploads\/sites\/24\/2023\/09\/DSC_8152-kopi-1024x681.jpg\" alt=\"\" class=\"wp-image-4420\" srcset=\"https:\/\/www.normisjon.no\/content\/uploads\/sites\/24\/2023\/09\/DSC_8152-kopi-1024x681.jpg 1024w, https:\/\/www.normisjon.no\/content\/uploads\/sites\/24\/2023\/09\/DSC_8152-kopi-300x200.jpg 300w, https:\/\/www.normisjon.no\/content\/uploads\/sites\/24\/2023\/09\/DSC_8152-kopi-768x511.jpg 768w, https:\/\/www.normisjon.no\/content\/uploads\/sites\/24\/2023\/09\/DSC_8152-kopi-1536x1022.jpg 1536w\" sizes=\"auto, (max-width: 1024px) 100vw, 1024px\" \/><\/figure>\n\n\n\n<figure class=\"wp-block-image size-large\"><img loading=\"lazy\" decoding=\"async\" width=\"1024\" height=\"681\" data-id=\"4413\" src=\"https:\/\/www.normisjon.no\/content\/uploads\/sites\/24\/2023\/09\/DSC_8158-kopi-1024x681.jpg\" alt=\"\" class=\"wp-image-4413\" srcset=\"https:\/\/www.normisjon.no\/content\/uploads\/sites\/24\/2023\/09\/DSC_8158-kopi-1024x681.jpg 1024w, https:\/\/www.normisjon.no\/content\/uploads\/sites\/24\/2023\/09\/DSC_8158-kopi-300x200.jpg 300w, https:\/\/www.normisjon.no\/content\/uploads\/sites\/24\/2023\/09\/DSC_8158-kopi-768x511.jpg 768w, https:\/\/www.normisjon.no\/content\/uploads\/sites\/24\/2023\/09\/DSC_8158-kopi-1536x1022.jpg 1536w\" sizes=\"auto, (max-width: 1024px) 100vw, 1024px\" \/><\/figure>\n<\/figure>\n<\/div>","protected":false},"excerpt":{"rendered":"<p>Fermate i \u00d8stfold feiret sitt 10 \u00e5rsjubileum med en hyggelig fest i Betlehem, Borgen s\u00f8ndag 17.09. Medvirkende var blant andre: Therese Andreassen, Renate Gjerl\u00f8w Larsen, [&hellip;]<\/p>\n","protected":false},"author":40,"featured_media":4414,"comment_status":"closed","ping_status":"closed","sticky":false,"template":"","format":"standard","meta":{"_acf_changed":false,"footnotes":""},"categories":[1],"tags":[],"class_list":["post-4412","post","type-post","status-publish","format-standard","has-post-thumbnail","hentry","category-ukategorisert"],"acf":[],"yoast_head":"<!-- This site is optimized with the Yoast SEO plugin v25.9 - https:\/\/yoast.com\/wordpress\/plugins\/seo\/ -->\n<title>Jubileum i Fermate - Region \u00d8stfold<\/title>\n<meta name=\"robots\" content=\"index, follow, max-snippet:-1, max-image-preview:large, max-video-preview:-1\" \/>\n<link rel=\"canonical\" href=\"https:\/\/www.normisjon.no\/ostfold\/2023\/09\/21\/jubileum-i-fermate\/\" \/>\n<meta property=\"og:locale\" content=\"nb_NO\" \/>\n<meta property=\"og:type\" content=\"article\" \/>\n<meta property=\"og:title\" content=\"Jubileum i Fermate - Region \u00d8stfold\" \/>\n<meta property=\"og:description\" content=\"Fermate i \u00d8stfold feiret sitt 10 \u00e5rsjubileum med en hyggelig fest i Betlehem, Borgen s\u00f8ndag 17.09. Medvirkende var blant andre: Therese Andreassen, Renate Gjerl\u00f8w Larsen, [&hellip;]\" \/>\n<meta property=\"og:url\" content=\"https:\/\/www.normisjon.no\/ostfold\/2023\/09\/21\/jubileum-i-fermate\/\" \/>\n<meta property=\"og:site_name\" content=\"Region \u00d8stfold\" \/>\n<meta property=\"article:publisher\" content=\"https:\/\/www.facebook.com\/NormisjonRegionOstfold\" \/>\n<meta property=\"article:published_time\" content=\"2023-09-21T05:33:45+00:00\" \/>\n<meta property=\"article:modified_time\" content=\"2023-09-21T05:33:46+00:00\" \/>\n<meta property=\"og:image\" content=\"https:\/\/www.normisjon.no\/content\/uploads\/sites\/24\/2023\/09\/Bjornar-og-Sigmund-fotoTherese-kopi-scaled.jpg\" \/>\n\t<meta property=\"og:image:width\" content=\"2560\" \/>\n\t<meta property=\"og:image:height\" content=\"1196\" \/>\n\t<meta property=\"og:image:type\" content=\"image\/jpeg\" \/>\n<meta name=\"author\" content=\"helene\" \/>\n<meta name=\"twitter:card\" content=\"summary_large_image\" \/>\n<meta name=\"twitter:label1\" content=\"Skrevet av\" \/>\n\t<meta name=\"twitter:data1\" content=\"helene\" \/>\n\t<meta name=\"twitter:label2\" content=\"Ansl. lesetid\" \/>\n\t<meta name=\"twitter:data2\" content=\"2 minutter\" \/>\n<script type=\"application\/ld+json\" class=\"yoast-schema-graph\">{\"@context\":\"https:\/\/schema.org\",\"@graph\":[{\"@type\":\"Article\",\"@id\":\"https:\/\/www.normisjon.no\/ostfold\/2023\/09\/21\/jubileum-i-fermate\/#article\",\"isPartOf\":{\"@id\":\"https:\/\/www.normisjon.no\/ostfold\/2023\/09\/21\/jubileum-i-fermate\/\"},\"author\":{\"name\":\"helene\",\"@id\":\"https:\/\/www.normisjon.no\/ostfold\/#\/schema\/person\/1e860c822e70c7040278bb1a4601d60e\"},\"headline\":\"Jubileum i Fermate\",\"datePublished\":\"2023-09-21T05:33:45+00:00\",\"dateModified\":\"2023-09-21T05:33:46+00:00\",\"mainEntityOfPage\":{\"@id\":\"https:\/\/www.normisjon.no\/ostfold\/2023\/09\/21\/jubileum-i-fermate\/\"},\"wordCount\":48,\"publisher\":{\"@id\":\"https:\/\/www.normisjon.no\/ostfold\/#organization\"},\"image\":{\"@id\":\"https:\/\/www.normisjon.no\/ostfold\/2023\/09\/21\/jubileum-i-fermate\/#primaryimage\"},\"thumbnailUrl\":\"https:\/\/www.normisjon.no\/content\/uploads\/sites\/24\/2023\/09\/Bjornar-og-Sigmund-fotoTherese-kopi-scaled.jpg\",\"inLanguage\":\"nb-NO\"},{\"@type\":\"WebPage\",\"@id\":\"https:\/\/www.normisjon.no\/ostfold\/2023\/09\/21\/jubileum-i-fermate\/\",\"url\":\"https:\/\/www.normisjon.no\/ostfold\/2023\/09\/21\/jubileum-i-fermate\/\",\"name\":\"Jubileum i Fermate - Region \u00d8stfold\",\"isPartOf\":{\"@id\":\"https:\/\/www.normisjon.no\/ostfold\/#website\"},\"primaryImageOfPage\":{\"@id\":\"https:\/\/www.normisjon.no\/ostfold\/2023\/09\/21\/jubileum-i-fermate\/#primaryimage\"},\"image\":{\"@id\":\"https:\/\/www.normisjon.no\/ostfold\/2023\/09\/21\/jubileum-i-fermate\/#primaryimage\"},\"thumbnailUrl\":\"https:\/\/www.normisjon.no\/content\/uploads\/sites\/24\/2023\/09\/Bjornar-og-Sigmund-fotoTherese-kopi-scaled.jpg\",\"datePublished\":\"2023-09-21T05:33:45+00:00\",\"dateModified\":\"2023-09-21T05:33:46+00:00\",\"breadcrumb\":{\"@id\":\"https:\/\/www.normisjon.no\/ostfold\/2023\/09\/21\/jubileum-i-fermate\/#breadcrumb\"},\"inLanguage\":\"nb-NO\",\"potentialAction\":[{\"@type\":\"ReadAction\",\"target\":[\"https:\/\/www.normisjon.no\/ostfold\/2023\/09\/21\/jubileum-i-fermate\/\"]}]},{\"@type\":\"ImageObject\",\"inLanguage\":\"nb-NO\",\"@id\":\"https:\/\/www.normisjon.no\/ostfold\/2023\/09\/21\/jubileum-i-fermate\/#primaryimage\",\"url\":\"https:\/\/www.normisjon.no\/content\/uploads\/sites\/24\/2023\/09\/Bjornar-og-Sigmund-fotoTherese-kopi-scaled.jpg\",\"contentUrl\":\"https:\/\/www.normisjon.no\/content\/uploads\/sites\/24\/2023\/09\/Bjornar-og-Sigmund-fotoTherese-kopi-scaled.jpg\",\"width\":2560,\"height\":1196},{\"@type\":\"BreadcrumbList\",\"@id\":\"https:\/\/www.normisjon.no\/ostfold\/2023\/09\/21\/jubileum-i-fermate\/#breadcrumb\",\"itemListElement\":[{\"@type\":\"ListItem\",\"position\":1,\"name\":\"Home\",\"item\":\"https:\/\/www.normisjon.no\/ostfold\/\"},{\"@type\":\"ListItem\",\"position\":2,\"name\":\"Jubileum i Fermate\"}]},{\"@type\":\"WebSite\",\"@id\":\"https:\/\/www.normisjon.no\/ostfold\/#website\",\"url\":\"https:\/\/www.normisjon.no\/ostfold\/\",\"name\":\"Region \u00d8stfold\",\"description\":\"\",\"publisher\":{\"@id\":\"https:\/\/www.normisjon.no\/ostfold\/#organization\"},\"potentialAction\":[{\"@type\":\"SearchAction\",\"target\":{\"@type\":\"EntryPoint\",\"urlTemplate\":\"https:\/\/www.normisjon.no\/ostfold\/?s={search_term_string}\"},\"query-input\":{\"@type\":\"PropertyValueSpecification\",\"valueRequired\":true,\"valueName\":\"search_term_string\"}}],\"inLanguage\":\"nb-NO\"},{\"@type\":\"Organization\",\"@id\":\"https:\/\/www.normisjon.no\/ostfold\/#organization\",\"name\":\"Region \u00d8stfold\",\"url\":\"https:\/\/www.normisjon.no\/ostfold\/\",\"logo\":{\"@type\":\"ImageObject\",\"inLanguage\":\"nb-NO\",\"@id\":\"https:\/\/www.normisjon.no\/ostfold\/#\/schema\/logo\/image\/\",\"url\":\"https:\/\/www.normisjon.no\/content\/uploads\/sites\/24\/2024\/11\/logo_Normisjon_lang_regionostfold_bla\u2560e.png\",\"contentUrl\":\"https:\/\/www.normisjon.no\/content\/uploads\/sites\/24\/2024\/11\/logo_Normisjon_lang_regionostfold_bla\u2560e.png\",\"width\":1952,\"height\":562,\"caption\":\"Region \u00d8stfold\"},\"image\":{\"@id\":\"https:\/\/www.normisjon.no\/ostfold\/#\/schema\/logo\/image\/\"},\"sameAs\":[\"https:\/\/www.facebook.com\/NormisjonRegionOstfold\"]},{\"@type\":\"Person\",\"@id\":\"https:\/\/www.normisjon.no\/ostfold\/#\/schema\/person\/1e860c822e70c7040278bb1a4601d60e\",\"name\":\"helene\",\"image\":{\"@type\":\"ImageObject\",\"inLanguage\":\"nb-NO\",\"@id\":\"https:\/\/www.normisjon.no\/ostfold\/#\/schema\/person\/image\/\",\"url\":\"https:\/\/secure.gravatar.com\/avatar\/2a0771efa949edb0002468df81d1637cf33aa98e982a9101478d2c1573b828bd?s=96&d=mm&r=g\",\"contentUrl\":\"https:\/\/secure.gravatar.com\/avatar\/2a0771efa949edb0002468df81d1637cf33aa98e982a9101478d2c1573b828bd?s=96&d=mm&r=g\",\"caption\":\"helene\"},\"url\":\"https:\/\/www.normisjon.no\/ostfold\/author\/helene\/\"}]}<\/script>\n<!-- \/ Yoast SEO plugin. -->","yoast_head_json":{"title":"Jubileum i Fermate - Region \u00d8stfold","robots":{"index":"index","follow":"follow","max-snippet":"max-snippet:-1","max-image-preview":"max-image-preview:large","max-video-preview":"max-video-preview:-1"},"canonical":"https:\/\/www.normisjon.no\/ostfold\/2023\/09\/21\/jubileum-i-fermate\/","og_locale":"nb_NO","og_type":"article","og_title":"Jubileum i Fermate - Region \u00d8stfold","og_description":"Fermate i \u00d8stfold feiret sitt 10 \u00e5rsjubileum med en hyggelig fest i Betlehem, Borgen s\u00f8ndag 17.09. Medvirkende var blant andre: Therese Andreassen, Renate Gjerl\u00f8w Larsen, [&hellip;]","og_url":"https:\/\/www.normisjon.no\/ostfold\/2023\/09\/21\/jubileum-i-fermate\/","og_site_name":"Region \u00d8stfold","article_publisher":"https:\/\/www.facebook.com\/NormisjonRegionOstfold","article_published_time":"2023-09-21T05:33:45+00:00","article_modified_time":"2023-09-21T05:33:46+00:00","og_image":[{"width":2560,"height":1196,"url":"https:\/\/www.normisjon.no\/content\/uploads\/sites\/24\/2023\/09\/Bjornar-og-Sigmund-fotoTherese-kopi-scaled.jpg","type":"image\/jpeg"}],"author":"helene","twitter_card":"summary_large_image","twitter_misc":{"Skrevet av":"helene","Ansl. lesetid":"2 minutter"},"schema":{"@context":"https:\/\/schema.org","@graph":[{"@type":"Article","@id":"https:\/\/www.normisjon.no\/ostfold\/2023\/09\/21\/jubileum-i-fermate\/#article","isPartOf":{"@id":"https:\/\/www.normisjon.no\/ostfold\/2023\/09\/21\/jubileum-i-fermate\/"},"author":{"name":"helene","@id":"https:\/\/www.normisjon.no\/ostfold\/#\/schema\/person\/1e860c822e70c7040278bb1a4601d60e"},"headline":"Jubileum i Fermate","datePublished":"2023-09-21T05:33:45+00:00","dateModified":"2023-09-21T05:33:46+00:00","mainEntityOfPage":{"@id":"https:\/\/www.normisjon.no\/ostfold\/2023\/09\/21\/jubileum-i-fermate\/"},"wordCount":48,"publisher":{"@id":"https:\/\/www.normisjon.no\/ostfold\/#organization"},"image":{"@id":"https:\/\/www.normisjon.no\/ostfold\/2023\/09\/21\/jubileum-i-fermate\/#primaryimage"},"thumbnailUrl":"https:\/\/www.normisjon.no\/content\/uploads\/sites\/24\/2023\/09\/Bjornar-og-Sigmund-fotoTherese-kopi-scaled.jpg","inLanguage":"nb-NO"},{"@type":"WebPage","@id":"https:\/\/www.normisjon.no\/ostfold\/2023\/09\/21\/jubileum-i-fermate\/","url":"https:\/\/www.normisjon.no\/ostfold\/2023\/09\/21\/jubileum-i-fermate\/","name":"Jubileum i Fermate - Region \u00d8stfold","isPartOf":{"@id":"https:\/\/www.normisjon.no\/ostfold\/#website"},"primaryImageOfPage":{"@id":"https:\/\/www.normisjon.no\/ostfold\/2023\/09\/21\/jubileum-i-fermate\/#primaryimage"},"image":{"@id":"https:\/\/www.normisjon.no\/ostfold\/2023\/09\/21\/jubileum-i-fermate\/#primaryimage"},"thumbnailUrl":"https:\/\/www.normisjon.no\/content\/uploads\/sites\/24\/2023\/09\/Bjornar-og-Sigmund-fotoTherese-kopi-scaled.jpg","datePublished":"2023-09-21T05:33:45+00:00","dateModified":"2023-09-21T05:33:46+00:00","breadcrumb":{"@id":"https:\/\/www.normisjon.no\/ostfold\/2023\/09\/21\/jubileum-i-fermate\/#breadcrumb"},"inLanguage":"nb-NO","potentialAction":[{"@type":"ReadAction","target":["https:\/\/www.normisjon.no\/ostfold\/2023\/09\/21\/jubileum-i-fermate\/"]}]},{"@type":"ImageObject","inLanguage":"nb-NO","@id":"https:\/\/www.normisjon.no\/ostfold\/2023\/09\/21\/jubileum-i-fermate\/#primaryimage","url":"https:\/\/www.normisjon.no\/content\/uploads\/sites\/24\/2023\/09\/Bjornar-og-Sigmund-fotoTherese-kopi-scaled.jpg","contentUrl":"https:\/\/www.normisjon.no\/content\/uploads\/sites\/24\/2023\/09\/Bjornar-og-Sigmund-fotoTherese-kopi-scaled.jpg","width":2560,"height":1196},{"@type":"BreadcrumbList","@id":"https:\/\/www.normisjon.no\/ostfold\/2023\/09\/21\/jubileum-i-fermate\/#breadcrumb","itemListElement":[{"@type":"ListItem","position":1,"name":"Home","item":"https:\/\/www.normisjon.no\/ostfold\/"},{"@type":"ListItem","position":2,"name":"Jubileum i Fermate"}]},{"@type":"WebSite","@id":"https:\/\/www.normisjon.no\/ostfold\/#website","url":"https:\/\/www.normisjon.no\/ostfold\/","name":"Region \u00d8stfold","description":"","publisher":{"@id":"https:\/\/www.normisjon.no\/ostfold\/#organization"},"potentialAction":[{"@type":"SearchAction","target":{"@type":"EntryPoint","urlTemplate":"https:\/\/www.normisjon.no\/ostfold\/?s={search_term_string}"},"query-input":{"@type":"PropertyValueSpecification","valueRequired":true,"valueName":"search_term_string"}}],"inLanguage":"nb-NO"},{"@type":"Organization","@id":"https:\/\/www.normisjon.no\/ostfold\/#organization","name":"Region \u00d8stfold","url":"https:\/\/www.normisjon.no\/ostfold\/","logo":{"@type":"ImageObject","inLanguage":"nb-NO","@id":"https:\/\/www.normisjon.no\/ostfold\/#\/schema\/logo\/image\/","url":"https:\/\/www.normisjon.no\/content\/uploads\/sites\/24\/2024\/11\/logo_Normisjon_lang_regionostfold_bla\u2560e.png","contentUrl":"https:\/\/www.normisjon.no\/content\/uploads\/sites\/24\/2024\/11\/logo_Normisjon_lang_regionostfold_bla\u2560e.png","width":1952,"height":562,"caption":"Region \u00d8stfold"},"image":{"@id":"https:\/\/www.normisjon.no\/ostfold\/#\/schema\/logo\/image\/"},"sameAs":["https:\/\/www.facebook.com\/NormisjonRegionOstfold"]},{"@type":"Person","@id":"https:\/\/www.normisjon.no\/ostfold\/#\/schema\/person\/1e860c822e70c7040278bb1a4601d60e","name":"helene","image":{"@type":"ImageObject","inLanguage":"nb-NO","@id":"https:\/\/www.normisjon.no\/ostfold\/#\/schema\/person\/image\/","url":"https:\/\/secure.gravatar.com\/avatar\/2a0771efa949edb0002468df81d1637cf33aa98e982a9101478d2c1573b828bd?s=96&d=mm&r=g","contentUrl":"https:\/\/secure.gravatar.com\/avatar\/2a0771efa949edb0002468df81d1637cf33aa98e982a9101478d2c1573b828bd?s=96&d=mm&r=g","caption":"helene"},"url":"https:\/\/www.normisjon.no\/ostfold\/author\/helene\/"}]}},"_links":{"self":[{"href":"https:\/\/www.normisjon.no\/ostfold\/wp-json\/wp\/v2\/posts\/4412","targetHints":{"allow":["GET"]}}],"collection":[{"href":"https:\/\/www.normisjon.no\/ostfold\/wp-json\/wp\/v2\/posts"}],"about":[{"href":"https:\/\/www.normisjon.no\/ostfold\/wp-json\/wp\/v2\/types\/post"}],"author":[{"embeddable":true,"href":"https:\/\/www.normisjon.no\/ostfold\/wp-json\/wp\/v2\/users\/40"}],"replies":[{"embeddable":true,"href":"https:\/\/www.normisjon.no\/ostfold\/wp-json\/wp\/v2\/comments?post=4412"}],"version-history":[{"count":1,"href":"https:\/\/www.normisjon.no\/ostfold\/wp-json\/wp\/v2\/posts\/4412\/revisions"}],"predecessor-version":[{"id":4421,"href":"https:\/\/www.normisjon.no\/ostfold\/wp-json\/wp\/v2\/posts\/4412\/revisions\/4421"}],"wp:featuredmedia":[{"embeddable":true,"href":"https:\/\/www.normisjon.no\/ostfold\/wp-json\/wp\/v2\/media\/4414"}],"wp:attachment":[{"href":"https:\/\/www.normisjon.no\/ostfold\/wp-json\/wp\/v2\/media?parent=4412"}],"wp:term":[{"taxonomy":"category","embeddable":true,"href":"https:\/\/www.normisjon.no\/ostfold\/wp-json\/wp\/v2\/categories?post=4412"},{"taxonomy":"post_tag","embeddable":true,"href":"https:\/\/www.normisjon.no\/ostfold\/wp-json\/wp\/v2\/tags?post=4412"}],"curies":[{"name":"wp","href":"https:\/\/api.w.org\/{rel}","templated":true}]}}