{"id":4814,"date":"2024-09-09T12:17:38","date_gmt":"2024-09-09T10:17:38","guid":{"rendered":"https:\/\/www.normisjon.no\/ostfold\/?p=4814"},"modified":"2024-09-09T14:38:01","modified_gmt":"2024-09-09T12:38:01","slug":"jubileumshelg-bjornstad-feirer-100-ar","status":"publish","type":"post","link":"https:\/\/www.normisjon.no\/ostfold\/2024\/09\/09\/jubileumshelg-bjornstad-feirer-100-ar\/","title":{"rendered":"Jubileumshelg! Bj\u00f8rnstad feirer 100 \u00e5r!"},"content":{"rendered":"<div class=\"entry-content alignfull wp-block-post-content has-global-padding is-layout-constrained wp-block-post-content-is-layout-constrained\">\n<p>I 1924 \u00e5pnet d\u00f8rene for f\u00f8rste gang p\u00e5 Bj\u00f8rnstad bedehus. Fra f\u00f8rste stund har det v\u00e6rt s\u00f8ndagsskole og kveldsm\u00f8ter p\u00e5 bedehuset. Det har alltid v\u00e6rt mye aktivitet. Etter hvert fikk ogs\u00e5 bedehuset en forening tilknyttet Indremisjonen. I dag er bedehuset et aktivt bedehus, med aktiviteter flere dager i uka. P\u00e5 s\u00f8ndagsskolen er det ikke uvanlig at det er over tretti barn.<br>I \u00e5r er bedehuset hundre \u00e5r. 13.-15. september skal det feires med jubileumshelg p\u00e5 bedehuset med ungdomsm\u00f8te p\u00e5 fredag, familieaktiviteter p\u00e5 l\u00f8rdag og stor familiegudstjeneste med middagsservering p\u00e5 s\u00f8ndag. P\u00e5 l\u00f8rdagen blir det ogs\u00e5 et seminar med et tilbakeblikk p\u00e5 hva som har skjedd p\u00e5 huset. Seminaret ledes av Dag Arthur Aasb\u00f8. \u00d8yvind Svensen vil fortelle om historien og Ingunn Pinaas forteller om dagens aktiviteter. I tillegg vil kommunikasjons- og markedsleder i Normisjon Kjetil Bergerud Larssen snakke om visjoner og hvordan Normisjon tenker seg at bedehusene skal v\u00e6re i fremtiden.<br>&#8211; Dette synes vi blir spennende, sier Kirsten Syverstad i arrangementskomiteen.<br>&#8211; Men vi gir oss ikke her, fortsetter Syverstad. P\u00e5 kvelden blir det gratiskonsert med Renate og Morten Gjerl\u00f8w Larsen. Det blir superbra!<br>L\u00f8rdagen avsluttes med lovsangsnatt.<br>Videre sier Syverstad,<br>&#8211; Vi \u00f8nsker alle velkommen til denne helgen sammen med oss. Dette er en helg vi skal feire at bedehus fortsatt kan v\u00e6re levende. Vi h\u00e5per p\u00e5 bes\u00f8k fra Askim og Halden og hele \u00d8stfold. P\u00e5 gudstjenesten p\u00e5 s\u00f8ndag vil det v\u00e6re stort fokus p\u00e5 de fantastiske ressursene vi har selv. Bj\u00f8rnstad Barnegospel, Bj\u00f8rnstad Soul Children, Jaffa og v\u00e5rt eget Bj\u00f8rnstad Band skal spille og synge. Vi f\u00e5r ogs\u00e5 bes\u00f8k av biskopen, varaordf\u00f8reren og sognepresten. Det hele skal ledes av v\u00e5r forsamlingsarbeider Anette Cecilie Bergem Eide.<br>Syverstad forteller at man kan lese mer om programmet p\u00e5 Bj\u00f8rnstad Forsamlings Facebook<br>sider.<br>&#8211; Tenk hvor mange som har blitt bedre kjent med Jesus i l\u00f8pet av disse hundre \u00e5rene p\u00e5 grunn av dette huset. Klart det m\u00e5 feires! Sett av helgen og kom da vel, avslutter hun med glimt i \u00f8yet.<br><br>Tekst Helene Storeheier<\/p>\n\n\n\n<figure class=\"wp-block-gallery has-nested-images columns-1 is-cropped wp-block-gallery-1 is-layout-flex wp-block-gallery-is-layout-flex\">\n<figure class=\"wp-block-image size-large\"><img loading=\"lazy\" decoding=\"async\" width=\"607\" height=\"862\" data-id=\"4815\" src=\"https:\/\/www.normisjon.no\/content\/uploads\/sites\/24\/2024\/09\/jubileumshelg1.jpg\" alt=\"\" class=\"wp-image-4815\" srcset=\"https:\/\/www.normisjon.no\/content\/uploads\/sites\/24\/2024\/09\/jubileumshelg1.jpg 607w, https:\/\/www.normisjon.no\/content\/uploads\/sites\/24\/2024\/09\/jubileumshelg1-211x300.jpg 211w\" sizes=\"auto, (max-width: 607px) 100vw, 607px\" \/><\/figure>\n\n\n\n<figure class=\"wp-block-image size-large\"><img loading=\"lazy\" decoding=\"async\" width=\"1024\" height=\"722\" data-id=\"4816\" src=\"https:\/\/www.normisjon.no\/content\/uploads\/sites\/24\/2024\/09\/jubileumshelg2_3-1024x722.jpg\" alt=\"\" class=\"wp-image-4816\" srcset=\"https:\/\/www.normisjon.no\/content\/uploads\/sites\/24\/2024\/09\/jubileumshelg2_3-1024x722.jpg 1024w, https:\/\/www.normisjon.no\/content\/uploads\/sites\/24\/2024\/09\/jubileumshelg2_3-300x211.jpg 300w, https:\/\/www.normisjon.no\/content\/uploads\/sites\/24\/2024\/09\/jubileumshelg2_3-768x541.jpg 768w, https:\/\/www.normisjon.no\/content\/uploads\/sites\/24\/2024\/09\/jubileumshelg2_3-960x677.jpg 960w, https:\/\/www.normisjon.no\/content\/uploads\/sites\/24\/2024\/09\/jubileumshelg2_3.jpg 1027w\" sizes=\"auto, (max-width: 1024px) 100vw, 1024px\" \/><\/figure>\n\n\n\n<figure class=\"wp-block-image size-full\"><img loading=\"lazy\" decoding=\"async\" width=\"607\" height=\"861\" data-id=\"4817\" src=\"https:\/\/www.normisjon.no\/content\/uploads\/sites\/24\/2024\/09\/jubileumshelg4.jpg\" alt=\"\" class=\"wp-image-4817\" srcset=\"https:\/\/www.normisjon.no\/content\/uploads\/sites\/24\/2024\/09\/jubileumshelg4.jpg 607w, https:\/\/www.normisjon.no\/content\/uploads\/sites\/24\/2024\/09\/jubileumshelg4-211x300.jpg 211w\" sizes=\"auto, (max-width: 607px) 100vw, 607px\" \/><\/figure>\n<\/figure>\n<\/div>","protected":false},"excerpt":{"rendered":"<p>I 1924 \u00e5pnet d\u00f8rene for f\u00f8rste gang p\u00e5 Bj\u00f8rnstad bedehus. Fra f\u00f8rste stund har det v\u00e6rt s\u00f8ndagsskole og kveldsm\u00f8ter p\u00e5 bedehuset. Det har alltid v\u00e6rt [&hellip;]<\/p>\n","protected":false},"author":40,"featured_media":4822,"comment_status":"closed","ping_status":"closed","sticky":false,"template":"","format":"standard","meta":{"_acf_changed":false,"footnotes":""},"categories":[1],"tags":[],"class_list":["post-4814","post","type-post","status-publish","format-standard","has-post-thumbnail","hentry","category-ukategorisert"],"acf":[],"yoast_head":"<!-- This site is optimized with the Yoast SEO plugin v25.9 - https:\/\/yoast.com\/wordpress\/plugins\/seo\/ -->\n<title>Jubileumshelg! Bj\u00f8rnstad feirer 100 \u00e5r! - Region \u00d8stfold<\/title>\n<meta name=\"robots\" content=\"index, follow, max-snippet:-1, max-image-preview:large, max-video-preview:-1\" \/>\n<link rel=\"canonical\" href=\"https:\/\/www.normisjon.no\/ostfold\/2024\/09\/09\/jubileumshelg-bjornstad-feirer-100-ar\/\" \/>\n<meta property=\"og:locale\" content=\"nb_NO\" \/>\n<meta property=\"og:type\" content=\"article\" \/>\n<meta property=\"og:title\" content=\"Jubileumshelg! Bj\u00f8rnstad feirer 100 \u00e5r! - Region \u00d8stfold\" \/>\n<meta property=\"og:description\" content=\"I 1924 \u00e5pnet d\u00f8rene for f\u00f8rste gang p\u00e5 Bj\u00f8rnstad bedehus. Fra f\u00f8rste stund har det v\u00e6rt s\u00f8ndagsskole og kveldsm\u00f8ter p\u00e5 bedehuset. Det har alltid v\u00e6rt [&hellip;]\" \/>\n<meta property=\"og:url\" content=\"https:\/\/www.normisjon.no\/ostfold\/2024\/09\/09\/jubileumshelg-bjornstad-feirer-100-ar\/\" \/>\n<meta property=\"og:site_name\" content=\"Region \u00d8stfold\" \/>\n<meta property=\"article:publisher\" content=\"https:\/\/www.facebook.com\/NormisjonRegionOstfold\" \/>\n<meta property=\"article:published_time\" content=\"2024-09-09T10:17:38+00:00\" \/>\n<meta property=\"article:modified_time\" content=\"2024-09-09T12:38:01+00:00\" \/>\n<meta property=\"og:image\" content=\"https:\/\/www.normisjon.no\/content\/uploads\/sites\/24\/2024\/09\/BF-100ar-logo-1-1.png\" \/>\n\t<meta property=\"og:image:width\" content=\"3000\" \/>\n\t<meta property=\"og:image:height\" content=\"3000\" \/>\n\t<meta property=\"og:image:type\" content=\"image\/png\" \/>\n<meta name=\"author\" content=\"helene\" \/>\n<meta name=\"twitter:card\" content=\"summary_large_image\" \/>\n<meta name=\"twitter:label1\" content=\"Skrevet av\" \/>\n\t<meta name=\"twitter:data1\" content=\"helene\" \/>\n\t<meta name=\"twitter:label2\" content=\"Ansl. lesetid\" \/>\n\t<meta name=\"twitter:data2\" content=\"3 minutter\" \/>\n<script type=\"application\/ld+json\" class=\"yoast-schema-graph\">{\"@context\":\"https:\/\/schema.org\",\"@graph\":[{\"@type\":\"Article\",\"@id\":\"https:\/\/www.normisjon.no\/ostfold\/2024\/09\/09\/jubileumshelg-bjornstad-feirer-100-ar\/#article\",\"isPartOf\":{\"@id\":\"https:\/\/www.normisjon.no\/ostfold\/2024\/09\/09\/jubileumshelg-bjornstad-feirer-100-ar\/\"},\"author\":{\"name\":\"helene\",\"@id\":\"https:\/\/www.normisjon.no\/ostfold\/#\/schema\/person\/1e860c822e70c7040278bb1a4601d60e\"},\"headline\":\"Jubileumshelg! Bj\u00f8rnstad feirer 100 \u00e5r!\",\"datePublished\":\"2024-09-09T10:17:38+00:00\",\"dateModified\":\"2024-09-09T12:38:01+00:00\",\"mainEntityOfPage\":{\"@id\":\"https:\/\/www.normisjon.no\/ostfold\/2024\/09\/09\/jubileumshelg-bjornstad-feirer-100-ar\/\"},\"wordCount\":368,\"publisher\":{\"@id\":\"https:\/\/www.normisjon.no\/ostfold\/#organization\"},\"image\":{\"@id\":\"https:\/\/www.normisjon.no\/ostfold\/2024\/09\/09\/jubileumshelg-bjornstad-feirer-100-ar\/#primaryimage\"},\"thumbnailUrl\":\"https:\/\/www.normisjon.no\/content\/uploads\/sites\/24\/2024\/09\/BF-100ar-logo-1-1.png\",\"inLanguage\":\"nb-NO\"},{\"@type\":\"WebPage\",\"@id\":\"https:\/\/www.normisjon.no\/ostfold\/2024\/09\/09\/jubileumshelg-bjornstad-feirer-100-ar\/\",\"url\":\"https:\/\/www.normisjon.no\/ostfold\/2024\/09\/09\/jubileumshelg-bjornstad-feirer-100-ar\/\",\"name\":\"Jubileumshelg! Bj\u00f8rnstad feirer 100 \u00e5r! - Region \u00d8stfold\",\"isPartOf\":{\"@id\":\"https:\/\/www.normisjon.no\/ostfold\/#website\"},\"primaryImageOfPage\":{\"@id\":\"https:\/\/www.normisjon.no\/ostfold\/2024\/09\/09\/jubileumshelg-bjornstad-feirer-100-ar\/#primaryimage\"},\"image\":{\"@id\":\"https:\/\/www.normisjon.no\/ostfold\/2024\/09\/09\/jubileumshelg-bjornstad-feirer-100-ar\/#primaryimage\"},\"thumbnailUrl\":\"https:\/\/www.normisjon.no\/content\/uploads\/sites\/24\/2024\/09\/BF-100ar-logo-1-1.png\",\"datePublished\":\"2024-09-09T10:17:38+00:00\",\"dateModified\":\"2024-09-09T12:38:01+00:00\",\"breadcrumb\":{\"@id\":\"https:\/\/www.normisjon.no\/ostfold\/2024\/09\/09\/jubileumshelg-bjornstad-feirer-100-ar\/#breadcrumb\"},\"inLanguage\":\"nb-NO\",\"potentialAction\":[{\"@type\":\"ReadAction\",\"target\":[\"https:\/\/www.normisjon.no\/ostfold\/2024\/09\/09\/jubileumshelg-bjornstad-feirer-100-ar\/\"]}]},{\"@type\":\"ImageObject\",\"inLanguage\":\"nb-NO\",\"@id\":\"https:\/\/www.normisjon.no\/ostfold\/2024\/09\/09\/jubileumshelg-bjornstad-feirer-100-ar\/#primaryimage\",\"url\":\"https:\/\/www.normisjon.no\/content\/uploads\/sites\/24\/2024\/09\/BF-100ar-logo-1-1.png\",\"contentUrl\":\"https:\/\/www.normisjon.no\/content\/uploads\/sites\/24\/2024\/09\/BF-100ar-logo-1-1.png\",\"width\":3000,\"height\":3000},{\"@type\":\"BreadcrumbList\",\"@id\":\"https:\/\/www.normisjon.no\/ostfold\/2024\/09\/09\/jubileumshelg-bjornstad-feirer-100-ar\/#breadcrumb\",\"itemListElement\":[{\"@type\":\"ListItem\",\"position\":1,\"name\":\"Home\",\"item\":\"https:\/\/www.normisjon.no\/ostfold\/\"},{\"@type\":\"ListItem\",\"position\":2,\"name\":\"Jubileumshelg! Bj\u00f8rnstad feirer 100 \u00e5r!\"}]},{\"@type\":\"WebSite\",\"@id\":\"https:\/\/www.normisjon.no\/ostfold\/#website\",\"url\":\"https:\/\/www.normisjon.no\/ostfold\/\",\"name\":\"Region \u00d8stfold\",\"description\":\"\",\"publisher\":{\"@id\":\"https:\/\/www.normisjon.no\/ostfold\/#organization\"},\"potentialAction\":[{\"@type\":\"SearchAction\",\"target\":{\"@type\":\"EntryPoint\",\"urlTemplate\":\"https:\/\/www.normisjon.no\/ostfold\/?s={search_term_string}\"},\"query-input\":{\"@type\":\"PropertyValueSpecification\",\"valueRequired\":true,\"valueName\":\"search_term_string\"}}],\"inLanguage\":\"nb-NO\"},{\"@type\":\"Organization\",\"@id\":\"https:\/\/www.normisjon.no\/ostfold\/#organization\",\"name\":\"Region \u00d8stfold\",\"url\":\"https:\/\/www.normisjon.no\/ostfold\/\",\"logo\":{\"@type\":\"ImageObject\",\"inLanguage\":\"nb-NO\",\"@id\":\"https:\/\/www.normisjon.no\/ostfold\/#\/schema\/logo\/image\/\",\"url\":\"https:\/\/www.normisjon.no\/content\/uploads\/sites\/24\/2024\/11\/logo_Normisjon_lang_regionostfold_bla\u2560e.png\",\"contentUrl\":\"https:\/\/www.normisjon.no\/content\/uploads\/sites\/24\/2024\/11\/logo_Normisjon_lang_regionostfold_bla\u2560e.png\",\"width\":1952,\"height\":562,\"caption\":\"Region \u00d8stfold\"},\"image\":{\"@id\":\"https:\/\/www.normisjon.no\/ostfold\/#\/schema\/logo\/image\/\"},\"sameAs\":[\"https:\/\/www.facebook.com\/NormisjonRegionOstfold\"]},{\"@type\":\"Person\",\"@id\":\"https:\/\/www.normisjon.no\/ostfold\/#\/schema\/person\/1e860c822e70c7040278bb1a4601d60e\",\"name\":\"helene\",\"image\":{\"@type\":\"ImageObject\",\"inLanguage\":\"nb-NO\",\"@id\":\"https:\/\/www.normisjon.no\/ostfold\/#\/schema\/person\/image\/\",\"url\":\"https:\/\/secure.gravatar.com\/avatar\/2a0771efa949edb0002468df81d1637cf33aa98e982a9101478d2c1573b828bd?s=96&d=mm&r=g\",\"contentUrl\":\"https:\/\/secure.gravatar.com\/avatar\/2a0771efa949edb0002468df81d1637cf33aa98e982a9101478d2c1573b828bd?s=96&d=mm&r=g\",\"caption\":\"helene\"},\"url\":\"https:\/\/www.normisjon.no\/ostfold\/author\/helene\/\"}]}<\/script>\n<!-- \/ Yoast SEO plugin. -->","yoast_head_json":{"title":"Jubileumshelg! Bj\u00f8rnstad feirer 100 \u00e5r! - Region \u00d8stfold","robots":{"index":"index","follow":"follow","max-snippet":"max-snippet:-1","max-image-preview":"max-image-preview:large","max-video-preview":"max-video-preview:-1"},"canonical":"https:\/\/www.normisjon.no\/ostfold\/2024\/09\/09\/jubileumshelg-bjornstad-feirer-100-ar\/","og_locale":"nb_NO","og_type":"article","og_title":"Jubileumshelg! Bj\u00f8rnstad feirer 100 \u00e5r! - Region \u00d8stfold","og_description":"I 1924 \u00e5pnet d\u00f8rene for f\u00f8rste gang p\u00e5 Bj\u00f8rnstad bedehus. Fra f\u00f8rste stund har det v\u00e6rt s\u00f8ndagsskole og kveldsm\u00f8ter p\u00e5 bedehuset. Det har alltid v\u00e6rt [&hellip;]","og_url":"https:\/\/www.normisjon.no\/ostfold\/2024\/09\/09\/jubileumshelg-bjornstad-feirer-100-ar\/","og_site_name":"Region \u00d8stfold","article_publisher":"https:\/\/www.facebook.com\/NormisjonRegionOstfold","article_published_time":"2024-09-09T10:17:38+00:00","article_modified_time":"2024-09-09T12:38:01+00:00","og_image":[{"width":3000,"height":3000,"url":"https:\/\/www.normisjon.no\/content\/uploads\/sites\/24\/2024\/09\/BF-100ar-logo-1-1.png","type":"image\/png"}],"author":"helene","twitter_card":"summary_large_image","twitter_misc":{"Skrevet av":"helene","Ansl. lesetid":"3 minutter"},"schema":{"@context":"https:\/\/schema.org","@graph":[{"@type":"Article","@id":"https:\/\/www.normisjon.no\/ostfold\/2024\/09\/09\/jubileumshelg-bjornstad-feirer-100-ar\/#article","isPartOf":{"@id":"https:\/\/www.normisjon.no\/ostfold\/2024\/09\/09\/jubileumshelg-bjornstad-feirer-100-ar\/"},"author":{"name":"helene","@id":"https:\/\/www.normisjon.no\/ostfold\/#\/schema\/person\/1e860c822e70c7040278bb1a4601d60e"},"headline":"Jubileumshelg! Bj\u00f8rnstad feirer 100 \u00e5r!","datePublished":"2024-09-09T10:17:38+00:00","dateModified":"2024-09-09T12:38:01+00:00","mainEntityOfPage":{"@id":"https:\/\/www.normisjon.no\/ostfold\/2024\/09\/09\/jubileumshelg-bjornstad-feirer-100-ar\/"},"wordCount":368,"publisher":{"@id":"https:\/\/www.normisjon.no\/ostfold\/#organization"},"image":{"@id":"https:\/\/www.normisjon.no\/ostfold\/2024\/09\/09\/jubileumshelg-bjornstad-feirer-100-ar\/#primaryimage"},"thumbnailUrl":"https:\/\/www.normisjon.no\/content\/uploads\/sites\/24\/2024\/09\/BF-100ar-logo-1-1.png","inLanguage":"nb-NO"},{"@type":"WebPage","@id":"https:\/\/www.normisjon.no\/ostfold\/2024\/09\/09\/jubileumshelg-bjornstad-feirer-100-ar\/","url":"https:\/\/www.normisjon.no\/ostfold\/2024\/09\/09\/jubileumshelg-bjornstad-feirer-100-ar\/","name":"Jubileumshelg! Bj\u00f8rnstad feirer 100 \u00e5r! - Region \u00d8stfold","isPartOf":{"@id":"https:\/\/www.normisjon.no\/ostfold\/#website"},"primaryImageOfPage":{"@id":"https:\/\/www.normisjon.no\/ostfold\/2024\/09\/09\/jubileumshelg-bjornstad-feirer-100-ar\/#primaryimage"},"image":{"@id":"https:\/\/www.normisjon.no\/ostfold\/2024\/09\/09\/jubileumshelg-bjornstad-feirer-100-ar\/#primaryimage"},"thumbnailUrl":"https:\/\/www.normisjon.no\/content\/uploads\/sites\/24\/2024\/09\/BF-100ar-logo-1-1.png","datePublished":"2024-09-09T10:17:38+00:00","dateModified":"2024-09-09T12:38:01+00:00","breadcrumb":{"@id":"https:\/\/www.normisjon.no\/ostfold\/2024\/09\/09\/jubileumshelg-bjornstad-feirer-100-ar\/#breadcrumb"},"inLanguage":"nb-NO","potentialAction":[{"@type":"ReadAction","target":["https:\/\/www.normisjon.no\/ostfold\/2024\/09\/09\/jubileumshelg-bjornstad-feirer-100-ar\/"]}]},{"@type":"ImageObject","inLanguage":"nb-NO","@id":"https:\/\/www.normisjon.no\/ostfold\/2024\/09\/09\/jubileumshelg-bjornstad-feirer-100-ar\/#primaryimage","url":"https:\/\/www.normisjon.no\/content\/uploads\/sites\/24\/2024\/09\/BF-100ar-logo-1-1.png","contentUrl":"https:\/\/www.normisjon.no\/content\/uploads\/sites\/24\/2024\/09\/BF-100ar-logo-1-1.png","width":3000,"height":3000},{"@type":"BreadcrumbList","@id":"https:\/\/www.normisjon.no\/ostfold\/2024\/09\/09\/jubileumshelg-bjornstad-feirer-100-ar\/#breadcrumb","itemListElement":[{"@type":"ListItem","position":1,"name":"Home","item":"https:\/\/www.normisjon.no\/ostfold\/"},{"@type":"ListItem","position":2,"name":"Jubileumshelg! Bj\u00f8rnstad feirer 100 \u00e5r!"}]},{"@type":"WebSite","@id":"https:\/\/www.normisjon.no\/ostfold\/#website","url":"https:\/\/www.normisjon.no\/ostfold\/","name":"Region \u00d8stfold","description":"","publisher":{"@id":"https:\/\/www.normisjon.no\/ostfold\/#organization"},"potentialAction":[{"@type":"SearchAction","target":{"@type":"EntryPoint","urlTemplate":"https:\/\/www.normisjon.no\/ostfold\/?s={search_term_string}"},"query-input":{"@type":"PropertyValueSpecification","valueRequired":true,"valueName":"search_term_string"}}],"inLanguage":"nb-NO"},{"@type":"Organization","@id":"https:\/\/www.normisjon.no\/ostfold\/#organization","name":"Region \u00d8stfold","url":"https:\/\/www.normisjon.no\/ostfold\/","logo":{"@type":"ImageObject","inLanguage":"nb-NO","@id":"https:\/\/www.normisjon.no\/ostfold\/#\/schema\/logo\/image\/","url":"https:\/\/www.normisjon.no\/content\/uploads\/sites\/24\/2024\/11\/logo_Normisjon_lang_regionostfold_bla\u2560e.png","contentUrl":"https:\/\/www.normisjon.no\/content\/uploads\/sites\/24\/2024\/11\/logo_Normisjon_lang_regionostfold_bla\u2560e.png","width":1952,"height":562,"caption":"Region \u00d8stfold"},"image":{"@id":"https:\/\/www.normisjon.no\/ostfold\/#\/schema\/logo\/image\/"},"sameAs":["https:\/\/www.facebook.com\/NormisjonRegionOstfold"]},{"@type":"Person","@id":"https:\/\/www.normisjon.no\/ostfold\/#\/schema\/person\/1e860c822e70c7040278bb1a4601d60e","name":"helene","image":{"@type":"ImageObject","inLanguage":"nb-NO","@id":"https:\/\/www.normisjon.no\/ostfold\/#\/schema\/person\/image\/","url":"https:\/\/secure.gravatar.com\/avatar\/2a0771efa949edb0002468df81d1637cf33aa98e982a9101478d2c1573b828bd?s=96&d=mm&r=g","contentUrl":"https:\/\/secure.gravatar.com\/avatar\/2a0771efa949edb0002468df81d1637cf33aa98e982a9101478d2c1573b828bd?s=96&d=mm&r=g","caption":"helene"},"url":"https:\/\/www.normisjon.no\/ostfold\/author\/helene\/"}]}},"_links":{"self":[{"href":"https:\/\/www.normisjon.no\/ostfold\/wp-json\/wp\/v2\/posts\/4814","targetHints":{"allow":["GET"]}}],"collection":[{"href":"https:\/\/www.normisjon.no\/ostfold\/wp-json\/wp\/v2\/posts"}],"about":[{"href":"https:\/\/www.normisjon.no\/ostfold\/wp-json\/wp\/v2\/types\/post"}],"author":[{"embeddable":true,"href":"https:\/\/www.normisjon.no\/ostfold\/wp-json\/wp\/v2\/users\/40"}],"replies":[{"embeddable":true,"href":"https:\/\/www.normisjon.no\/ostfold\/wp-json\/wp\/v2\/comments?post=4814"}],"version-history":[{"count":4,"href":"https:\/\/www.normisjon.no\/ostfold\/wp-json\/wp\/v2\/posts\/4814\/revisions"}],"predecessor-version":[{"id":4825,"href":"https:\/\/www.normisjon.no\/ostfold\/wp-json\/wp\/v2\/posts\/4814\/revisions\/4825"}],"wp:featuredmedia":[{"embeddable":true,"href":"https:\/\/www.normisjon.no\/ostfold\/wp-json\/wp\/v2\/media\/4822"}],"wp:attachment":[{"href":"https:\/\/www.normisjon.no\/ostfold\/wp-json\/wp\/v2\/media?parent=4814"}],"wp:term":[{"taxonomy":"category","embeddable":true,"href":"https:\/\/www.normisjon.no\/ostfold\/wp-json\/wp\/v2\/categories?post=4814"},{"taxonomy":"post_tag","embeddable":true,"href":"https:\/\/www.normisjon.no\/ostfold\/wp-json\/wp\/v2\/tags?post=4814"}],"curies":[{"name":"wp","href":"https:\/\/api.w.org\/{rel}","templated":true}]}}