{"id":105,"date":"2018-05-02T20:29:51","date_gmt":"2018-05-02T18:29:51","guid":{"rendered":"https:\/\/www.normisjon.no\/region-rogaland\/?p=105"},"modified":"2018-05-28T14:40:23","modified_gmt":"2018-05-28T12:40:23","slug":"soul-children-er-forbilledlig","status":"publish","type":"post","link":"https:\/\/www.normisjon.no\/rogaland\/2018\/05\/02\/soul-children-er-forbilledlig\/","title":{"rendered":"Soul Children er forbilledlig"},"content":{"rendered":"<div class=\"entry-content alignfull wp-block-post-content has-global-padding is-layout-constrained wp-block-post-content-is-layout-constrained\">\n<p>Tekst: Lina Fisk Eide<\/p>\n\n\n\n<figure class=\"wp-block-image\"><img loading=\"lazy\" decoding=\"async\" width=\"1200\" height=\"800\" src=\"https:\/\/www.normisjon.no\/content\/uploads\/sites\/18\/2018\/05\/9-SoulC.jpg\" alt=\"\" class=\"wp-image-112\" srcset=\"https:\/\/www.normisjon.no\/content\/uploads\/sites\/18\/2018\/05\/9-SoulC.jpg 1200w, https:\/\/www.normisjon.no\/content\/uploads\/sites\/18\/2018\/05\/9-SoulC-300x200.jpg 300w, https:\/\/www.normisjon.no\/content\/uploads\/sites\/18\/2018\/05\/9-SoulC-768x512.jpg 768w, https:\/\/www.normisjon.no\/content\/uploads\/sites\/18\/2018\/05\/9-SoulC-1024x683.jpg 1024w\" sizes=\"auto, (max-width: 1200px) 100vw, 1200px\" \/>\n\t<figcaption><em>P\u00e5 s\u00f8ndagen fikk deltakere p\u00e5 lederkonferensen og medlemmer i Storsalen feire Soul Church.<\/em><\/figcaption>\n<\/figure>\n\n\n\n<p class=\"wp-block-subhead\">\u00c5 sitte p\u00e5 lederkonferanse i mars sammen med 200 ledere fra Norge og Sverige er inspirerende i seg selv.<\/p>\n\n\n\n<p>Ledere fra ti Soul Children-kor i Rogaland var representert p\u00e5 konferansen. Det er en fryd \u00e5 se engasjement, og \u00e5 oppleve at Jesus kom til syne i alt som skjedde i l\u00f8pet av helgen. For det er mye annet som kunne tatt fokus. Alle flinke sangere og musikere, eller de fine gjestene fra utlandet som bidrar til god stemning og gir s\u00e5 mye av seg selv. Men midt i alt er det Jesus som blir viktigst.<\/p>\n\n\n\n<p>Verdiene til Soul Children blir l\u00f8ftet frem tydelig. Verdiene er *\u00c6re Gud, *Hedre mennesker, *Prege samfunnet, *Se og bli sett, *Ekte glede og \u00e6rlighet. Soul Children, som er i stadig bevegelse, st\u00e5r st\u00f8dig p\u00e5 visjonen: \u00ab\u00c5 vinne og bevare unge for Jesus Kristus gjennom sang og musikk de kjenner seg igjen i.\u00bb I l\u00f8pet av konferansen ble det nye navnet for barnekorene lansert. Fra n\u00e5 av kan man starte Soul Kids for barn i alderen fra 5-10 \u00e5r. Det som tidligere het Pre Soul Children kan n\u00e5 startes uavhengig om det finnes et Soul Children-kor fra f\u00f8r av. Samtidig ga man ut cd-en \u00abLeve livet\u00bb for samme m\u00e5lgruppa. N\u00e5 gleder mange barn og voksne seg til festivalen i Spektrum i oktober.<\/p>\n\n\n\n<p><em>&laquo;La Kristi ord f\u00e5 rikelig rom hos dere!\u00a0<br \/>Undervis og rettled hverandre med all visdom,\u00a0<br \/>syng salmer, viser og \u00e5ndelige sanger til Gud av et takknemlig hjerte.<br \/>Og la alt dere sier og gj\u00f8r, skje i Herren Jesu navn,\u00a0<br \/>med takk til Gud, v\u00e5r Far, ved ham.&raquo;\u00a0<\/em><br \/>(Kol.3,16-17)<\/p>\n<\/div>","protected":false},"excerpt":{"rendered":"<p>Tekst: Lina Fisk Eide Ledere fra ti Soul Children-kor i Rogaland var representert p\u00e5 konferansen. Det er en fryd \u00e5 se engasjement, og \u00e5 oppleve [&hellip;]<\/p>\n","protected":false},"author":20,"featured_media":112,"comment_status":"closed","ping_status":"closed","sticky":false,"template":"","format":"standard","meta":{"_acf_changed":false,"footnotes":""},"categories":[21],"tags":[5],"class_list":["post-105","post","type-post","status-publish","format-standard","has-post-thumbnail","hentry","category-nyheter","tag-soul-children"],"acf":[],"yoast_head":"<!-- This site is optimized with the Yoast SEO plugin v25.9 - https:\/\/yoast.com\/wordpress\/plugins\/seo\/ -->\n<title>Soul Children er forbilledlig - Region Rogaland<\/title>\n<meta name=\"robots\" content=\"index, follow, max-snippet:-1, max-image-preview:large, max-video-preview:-1\" \/>\n<link rel=\"canonical\" href=\"https:\/\/www.normisjon.no\/rogaland\/2018\/05\/02\/soul-children-er-forbilledlig\/\" \/>\n<meta property=\"og:locale\" content=\"nb_NO\" \/>\n<meta property=\"og:type\" content=\"article\" \/>\n<meta property=\"og:title\" content=\"Soul Children er forbilledlig - Region Rogaland\" \/>\n<meta property=\"og:description\" content=\"Tekst: Lina Fisk Eide Ledere fra ti Soul Children-kor i Rogaland var representert p\u00e5 konferansen. Det er en fryd \u00e5 se engasjement, og \u00e5 oppleve [&hellip;]\" \/>\n<meta property=\"og:url\" content=\"https:\/\/www.normisjon.no\/rogaland\/2018\/05\/02\/soul-children-er-forbilledlig\/\" \/>\n<meta property=\"og:site_name\" content=\"Region Rogaland\" \/>\n<meta property=\"article:published_time\" content=\"2018-05-02T18:29:51+00:00\" \/>\n<meta property=\"article:modified_time\" content=\"2018-05-28T12:40:23+00:00\" \/>\n<meta property=\"og:image\" content=\"https:\/\/www.normisjon.no\/content\/uploads\/sites\/18\/2018\/05\/9-SoulC.jpg\" \/>\n\t<meta property=\"og:image:width\" content=\"1200\" \/>\n\t<meta property=\"og:image:height\" content=\"800\" \/>\n\t<meta property=\"og:image:type\" content=\"image\/jpeg\" \/>\n<meta name=\"author\" content=\"roar\" \/>\n<meta name=\"twitter:card\" content=\"summary_large_image\" \/>\n<meta name=\"twitter:label1\" content=\"Skrevet av\" \/>\n\t<meta name=\"twitter:data1\" content=\"roar\" \/>\n\t<meta name=\"twitter:label2\" content=\"Ansl. lesetid\" \/>\n\t<meta name=\"twitter:data2\" content=\"1 minutt\" \/>\n<script type=\"application\/ld+json\" class=\"yoast-schema-graph\">{\"@context\":\"https:\/\/schema.org\",\"@graph\":[{\"@type\":\"WebPage\",\"@id\":\"https:\/\/www.normisjon.no\/rogaland\/2018\/05\/02\/soul-children-er-forbilledlig\/\",\"url\":\"https:\/\/www.normisjon.no\/rogaland\/2018\/05\/02\/soul-children-er-forbilledlig\/\",\"name\":\"Soul Children er forbilledlig - Region Rogaland\",\"isPartOf\":{\"@id\":\"https:\/\/www.normisjon.no\/rogaland\/#website\"},\"primaryImageOfPage\":{\"@id\":\"https:\/\/www.normisjon.no\/rogaland\/2018\/05\/02\/soul-children-er-forbilledlig\/#primaryimage\"},\"image\":{\"@id\":\"https:\/\/www.normisjon.no\/rogaland\/2018\/05\/02\/soul-children-er-forbilledlig\/#primaryimage\"},\"thumbnailUrl\":\"https:\/\/www.normisjon.no\/content\/uploads\/sites\/18\/2018\/05\/9-SoulC.jpg\",\"datePublished\":\"2018-05-02T18:29:51+00:00\",\"dateModified\":\"2018-05-28T12:40:23+00:00\",\"author\":{\"@id\":\"https:\/\/www.normisjon.no\/rogaland\/#\/schema\/person\/cb866e2d3dfec81378b5c838b767fbf7\"},\"breadcrumb\":{\"@id\":\"https:\/\/www.normisjon.no\/rogaland\/2018\/05\/02\/soul-children-er-forbilledlig\/#breadcrumb\"},\"inLanguage\":\"nb-NO\",\"potentialAction\":[{\"@type\":\"ReadAction\",\"target\":[\"https:\/\/www.normisjon.no\/rogaland\/2018\/05\/02\/soul-children-er-forbilledlig\/\"]}]},{\"@type\":\"ImageObject\",\"inLanguage\":\"nb-NO\",\"@id\":\"https:\/\/www.normisjon.no\/rogaland\/2018\/05\/02\/soul-children-er-forbilledlig\/#primaryimage\",\"url\":\"https:\/\/www.normisjon.no\/content\/uploads\/sites\/18\/2018\/05\/9-SoulC.jpg\",\"contentUrl\":\"https:\/\/www.normisjon.no\/content\/uploads\/sites\/18\/2018\/05\/9-SoulC.jpg\",\"width\":1200,\"height\":800},{\"@type\":\"BreadcrumbList\",\"@id\":\"https:\/\/www.normisjon.no\/rogaland\/2018\/05\/02\/soul-children-er-forbilledlig\/#breadcrumb\",\"itemListElement\":[{\"@type\":\"ListItem\",\"position\":1,\"name\":\"Home\",\"item\":\"https:\/\/www.normisjon.no\/rogaland\/\"},{\"@type\":\"ListItem\",\"position\":2,\"name\":\"Soul Children er forbilledlig\"}]},{\"@type\":\"WebSite\",\"@id\":\"https:\/\/www.normisjon.no\/rogaland\/#website\",\"url\":\"https:\/\/www.normisjon.no\/rogaland\/\",\"name\":\"Region Rogaland\",\"description\":\"\",\"potentialAction\":[{\"@type\":\"SearchAction\",\"target\":{\"@type\":\"EntryPoint\",\"urlTemplate\":\"https:\/\/www.normisjon.no\/rogaland\/?s={search_term_string}\"},\"query-input\":{\"@type\":\"PropertyValueSpecification\",\"valueRequired\":true,\"valueName\":\"search_term_string\"}}],\"inLanguage\":\"nb-NO\"},{\"@type\":\"Person\",\"@id\":\"https:\/\/www.normisjon.no\/rogaland\/#\/schema\/person\/cb866e2d3dfec81378b5c838b767fbf7\",\"name\":\"roar\",\"image\":{\"@type\":\"ImageObject\",\"inLanguage\":\"nb-NO\",\"@id\":\"https:\/\/www.normisjon.no\/rogaland\/#\/schema\/person\/image\/\",\"url\":\"https:\/\/secure.gravatar.com\/avatar\/f0917b143ffde67ae03d754d69a1f910c10e22105027d7fcdda7cd6abc1e087a?s=96&d=mm&r=g\",\"contentUrl\":\"https:\/\/secure.gravatar.com\/avatar\/f0917b143ffde67ae03d754d69a1f910c10e22105027d7fcdda7cd6abc1e087a?s=96&d=mm&r=g\",\"caption\":\"roar\"},\"url\":\"https:\/\/www.normisjon.no\/rogaland\/author\/roar\/\"}]}<\/script>\n<!-- \/ Yoast SEO plugin. -->","yoast_head_json":{"title":"Soul Children er forbilledlig - Region Rogaland","robots":{"index":"index","follow":"follow","max-snippet":"max-snippet:-1","max-image-preview":"max-image-preview:large","max-video-preview":"max-video-preview:-1"},"canonical":"https:\/\/www.normisjon.no\/rogaland\/2018\/05\/02\/soul-children-er-forbilledlig\/","og_locale":"nb_NO","og_type":"article","og_title":"Soul Children er forbilledlig - Region Rogaland","og_description":"Tekst: Lina Fisk Eide Ledere fra ti Soul Children-kor i Rogaland var representert p\u00e5 konferansen. Det er en fryd \u00e5 se engasjement, og \u00e5 oppleve [&hellip;]","og_url":"https:\/\/www.normisjon.no\/rogaland\/2018\/05\/02\/soul-children-er-forbilledlig\/","og_site_name":"Region Rogaland","article_published_time":"2018-05-02T18:29:51+00:00","article_modified_time":"2018-05-28T12:40:23+00:00","og_image":[{"width":1200,"height":800,"url":"https:\/\/www.normisjon.no\/content\/uploads\/sites\/18\/2018\/05\/9-SoulC.jpg","type":"image\/jpeg"}],"author":"roar","twitter_card":"summary_large_image","twitter_misc":{"Skrevet av":"roar","Ansl. lesetid":"1 minutt"},"schema":{"@context":"https:\/\/schema.org","@graph":[{"@type":"WebPage","@id":"https:\/\/www.normisjon.no\/rogaland\/2018\/05\/02\/soul-children-er-forbilledlig\/","url":"https:\/\/www.normisjon.no\/rogaland\/2018\/05\/02\/soul-children-er-forbilledlig\/","name":"Soul Children er forbilledlig - Region Rogaland","isPartOf":{"@id":"https:\/\/www.normisjon.no\/rogaland\/#website"},"primaryImageOfPage":{"@id":"https:\/\/www.normisjon.no\/rogaland\/2018\/05\/02\/soul-children-er-forbilledlig\/#primaryimage"},"image":{"@id":"https:\/\/www.normisjon.no\/rogaland\/2018\/05\/02\/soul-children-er-forbilledlig\/#primaryimage"},"thumbnailUrl":"https:\/\/www.normisjon.no\/content\/uploads\/sites\/18\/2018\/05\/9-SoulC.jpg","datePublished":"2018-05-02T18:29:51+00:00","dateModified":"2018-05-28T12:40:23+00:00","author":{"@id":"https:\/\/www.normisjon.no\/rogaland\/#\/schema\/person\/cb866e2d3dfec81378b5c838b767fbf7"},"breadcrumb":{"@id":"https:\/\/www.normisjon.no\/rogaland\/2018\/05\/02\/soul-children-er-forbilledlig\/#breadcrumb"},"inLanguage":"nb-NO","potentialAction":[{"@type":"ReadAction","target":["https:\/\/www.normisjon.no\/rogaland\/2018\/05\/02\/soul-children-er-forbilledlig\/"]}]},{"@type":"ImageObject","inLanguage":"nb-NO","@id":"https:\/\/www.normisjon.no\/rogaland\/2018\/05\/02\/soul-children-er-forbilledlig\/#primaryimage","url":"https:\/\/www.normisjon.no\/content\/uploads\/sites\/18\/2018\/05\/9-SoulC.jpg","contentUrl":"https:\/\/www.normisjon.no\/content\/uploads\/sites\/18\/2018\/05\/9-SoulC.jpg","width":1200,"height":800},{"@type":"BreadcrumbList","@id":"https:\/\/www.normisjon.no\/rogaland\/2018\/05\/02\/soul-children-er-forbilledlig\/#breadcrumb","itemListElement":[{"@type":"ListItem","position":1,"name":"Home","item":"https:\/\/www.normisjon.no\/rogaland\/"},{"@type":"ListItem","position":2,"name":"Soul Children er forbilledlig"}]},{"@type":"WebSite","@id":"https:\/\/www.normisjon.no\/rogaland\/#website","url":"https:\/\/www.normisjon.no\/rogaland\/","name":"Region Rogaland","description":"","potentialAction":[{"@type":"SearchAction","target":{"@type":"EntryPoint","urlTemplate":"https:\/\/www.normisjon.no\/rogaland\/?s={search_term_string}"},"query-input":{"@type":"PropertyValueSpecification","valueRequired":true,"valueName":"search_term_string"}}],"inLanguage":"nb-NO"},{"@type":"Person","@id":"https:\/\/www.normisjon.no\/rogaland\/#\/schema\/person\/cb866e2d3dfec81378b5c838b767fbf7","name":"roar","image":{"@type":"ImageObject","inLanguage":"nb-NO","@id":"https:\/\/www.normisjon.no\/rogaland\/#\/schema\/person\/image\/","url":"https:\/\/secure.gravatar.com\/avatar\/f0917b143ffde67ae03d754d69a1f910c10e22105027d7fcdda7cd6abc1e087a?s=96&d=mm&r=g","contentUrl":"https:\/\/secure.gravatar.com\/avatar\/f0917b143ffde67ae03d754d69a1f910c10e22105027d7fcdda7cd6abc1e087a?s=96&d=mm&r=g","caption":"roar"},"url":"https:\/\/www.normisjon.no\/rogaland\/author\/roar\/"}]}},"_links":{"self":[{"href":"https:\/\/www.normisjon.no\/rogaland\/wp-json\/wp\/v2\/posts\/105","targetHints":{"allow":["GET"]}}],"collection":[{"href":"https:\/\/www.normisjon.no\/rogaland\/wp-json\/wp\/v2\/posts"}],"about":[{"href":"https:\/\/www.normisjon.no\/rogaland\/wp-json\/wp\/v2\/types\/post"}],"author":[{"embeddable":true,"href":"https:\/\/www.normisjon.no\/rogaland\/wp-json\/wp\/v2\/users\/20"}],"replies":[{"embeddable":true,"href":"https:\/\/www.normisjon.no\/rogaland\/wp-json\/wp\/v2\/comments?post=105"}],"version-history":[{"count":3,"href":"https:\/\/www.normisjon.no\/rogaland\/wp-json\/wp\/v2\/posts\/105\/revisions"}],"predecessor-version":[{"id":117,"href":"https:\/\/www.normisjon.no\/rogaland\/wp-json\/wp\/v2\/posts\/105\/revisions\/117"}],"wp:featuredmedia":[{"embeddable":true,"href":"https:\/\/www.normisjon.no\/rogaland\/wp-json\/wp\/v2\/media\/112"}],"wp:attachment":[{"href":"https:\/\/www.normisjon.no\/rogaland\/wp-json\/wp\/v2\/media?parent=105"}],"wp:term":[{"taxonomy":"category","embeddable":true,"href":"https:\/\/www.normisjon.no\/rogaland\/wp-json\/wp\/v2\/categories?post=105"},{"taxonomy":"post_tag","embeddable":true,"href":"https:\/\/www.normisjon.no\/rogaland\/wp-json\/wp\/v2\/tags?post=105"}],"curies":[{"name":"wp","href":"https:\/\/api.w.org\/{rel}","templated":true}]}}