{"id":1609,"date":"2018-07-02T14:04:05","date_gmt":"2018-07-02T12:04:05","guid":{"rendered":"https:\/\/www.normisjon.no\/rogaland\/?p=1609"},"modified":"2018-07-02T14:04:06","modified_gmt":"2018-07-02T12:04:06","slug":"familien-vignes-flesja-er-na-klar-for-sitt-niende-sommer-i-sor","status":"publish","type":"post","link":"https:\/\/www.normisjon.no\/rogaland\/2018\/07\/02\/familien-vignes-flesja-er-na-klar-for-sitt-niende-sommer-i-sor\/","title":{"rendered":"Familien Vignes Flesj\u00e5 er n\u00e5 klar for sitt niende Sommer i S\u00f8r"},"content":{"rendered":"<div class=\"entry-content alignfull wp-block-post-content has-global-padding is-layout-constrained wp-block-post-content-is-layout-constrained\">\n<p>Tekst og foto: Erik R\u00f8rtveit<\/p>\n\n\n\n<figure class=\"wp-block-image\"><img loading=\"lazy\" decoding=\"async\" width=\"3456\" height=\"2304\" src=\"https:\/\/www.normisjon.no\/content\/uploads\/sites\/18\/2018\/07\/2017-07-13-23.57.23.jpg\" alt=\"\" class=\"wp-image-1611\" srcset=\"https:\/\/www.normisjon.no\/content\/uploads\/sites\/18\/2018\/07\/2017-07-13-23.57.23.jpg 3456w, https:\/\/www.normisjon.no\/content\/uploads\/sites\/18\/2018\/07\/2017-07-13-23.57.23-300x200.jpg 300w, https:\/\/www.normisjon.no\/content\/uploads\/sites\/18\/2018\/07\/2017-07-13-23.57.23-768x512.jpg 768w, https:\/\/www.normisjon.no\/content\/uploads\/sites\/18\/2018\/07\/2017-07-13-23.57.23-1024x683.jpg 1024w, https:\/\/www.normisjon.no\/content\/uploads\/sites\/18\/2018\/07\/2017-07-13-23.57.23-1920x1280.jpg 1920w, https:\/\/www.normisjon.no\/content\/uploads\/sites\/18\/2018\/07\/2017-07-13-23.57.23-1360x907.jpg 1360w, https:\/\/www.normisjon.no\/content\/uploads\/sites\/18\/2018\/07\/2017-07-13-23.57.23-960x640.jpg 960w\" sizes=\"auto, (max-width: 3456px) 100vw, 3456px\" \/>\n\t<figcaption>Familien Vignes Flesj\u00e5: Bak fra venstre: Lene, Elin, Leif Jakob og Silje.<br \/>Foran fra venstre: Geir, Tore og Tonje.<\/figcaption>\n<\/figure>\n\n\n\n<p>Vi gleder oss virkelig til Sommer i S\u00f8r (SIS), sier Silje Vignes Flesj\u00e5. Hun tar med seg hele familien og to nieser (Lene og Tonje) for niende \u00e5ret p\u00e5 rad. Det har etter hvert blitt sommerens h\u00f8ydepunkt for storfamilien, sier hun.<\/p>\n\n\n\n<p>Jeg traff Silje og Leif Jakob Flesj\u00e5 rett etter et stort middagskalas utenfor campingvognen deres under fjor\u00e5rets SIS. Storfamilien Flesj\u00e5 Vignes har v\u00e6rt p\u00e5 SIS i 8 \u00e5r n\u00e5. Under arrangementene er gjengen spredd p\u00e5 de ulike arrangementene som foreg\u00e5r. Her er de n\u00e5 \u00a0\u00abveteraner\u00bb og de \u00abminste\u00bb har g\u00e5tt gradene i Amigos og senere er de blitt klar for ten\u00e5ringsfestivalen. De er ogs\u00e5 aktive deltakere p\u00e5 Sommer i S\u00f8r-lekene og gjengen stilte et sterkt lag p\u00e5 startstreken og de stakk like godt av med seieren. B\u00e5de Silje og Leif Jakob fremhever at dagene i Grimstad gir b\u00e5de sosialt og \u00e5ndelig p\u00e5fyll. Familien er engasjert i kristent arbeid hjemme p\u00e5 Finn\u00f8y og hun f\u00f8lger ekstra n\u00f8ye med p\u00e5 lovsangsdelen p\u00e5 m\u00f8tene, og de henter hvert \u00e5r inspirasjon med seg hjem. Det beste med Sommer i S\u00f8r for de \u00abyngste\u00bb er \u00e5 treffe igjen venner de har blitt kjent med. De gleder seg s\u00e5nn til \u00e5 treffe de igjen. De eldste blant de yngste liker godt lovsangen, og \u00e5 l\u00e6re seg nye sanger. Guttene syns det er kjekt med fotballen, volleyballen og SIS-lekene. Ungdomsopplegget kan de ikke skr\u00f8yte nok av.\u00a0En utfordring er at guttene syns det er lenge \u00e5 vente f\u00f8r de er klar for ten\u00e5ringsopplegget.<\/p>\n\n\n\n<figure class=\"wp-block-image\"><img loading=\"lazy\" decoding=\"async\" width=\"3456\" height=\"2304\" src=\"https:\/\/www.normisjon.no\/content\/uploads\/sites\/18\/2018\/07\/2017-07-15-21.16.53.jpg\" alt=\"\" class=\"wp-image-1619\" srcset=\"https:\/\/www.normisjon.no\/content\/uploads\/sites\/18\/2018\/07\/2017-07-15-21.16.53.jpg 3456w, https:\/\/www.normisjon.no\/content\/uploads\/sites\/18\/2018\/07\/2017-07-15-21.16.53-300x200.jpg 300w, https:\/\/www.normisjon.no\/content\/uploads\/sites\/18\/2018\/07\/2017-07-15-21.16.53-768x512.jpg 768w, https:\/\/www.normisjon.no\/content\/uploads\/sites\/18\/2018\/07\/2017-07-15-21.16.53-1024x683.jpg 1024w, https:\/\/www.normisjon.no\/content\/uploads\/sites\/18\/2018\/07\/2017-07-15-21.16.53-1920x1280.jpg 1920w, https:\/\/www.normisjon.no\/content\/uploads\/sites\/18\/2018\/07\/2017-07-15-21.16.53-1360x907.jpg 1360w, https:\/\/www.normisjon.no\/content\/uploads\/sites\/18\/2018\/07\/2017-07-15-21.16.53-960x640.jpg 960w\" sizes=\"auto, (max-width: 3456px) 100vw, 3456px\" \/>\n\t<figcaption>Normisjon \u00f8nsker familien Vignes Flesj\u00e5 og deg velkommen til Sommer i S\u00f8r og Generalforsamling i neste uke. Velkommen skal du v\u00e6re!<\/figcaption>\n<\/figure>\n<\/div>","protected":false},"excerpt":{"rendered":"<p>Tekst og foto: Erik R\u00f8rtveit Vi gleder oss virkelig til Sommer i S\u00f8r (SIS), sier Silje Vignes Flesj\u00e5. Hun tar med seg hele familien og [&hellip;]<\/p>\n","protected":false},"author":21,"featured_media":1611,"comment_status":"closed","ping_status":"closed","sticky":false,"template":"","format":"standard","meta":{"_acf_changed":false,"footnotes":""},"categories":[21],"tags":[],"class_list":["post-1609","post","type-post","status-publish","format-standard","has-post-thumbnail","hentry","category-nyheter"],"acf":[],"yoast_head":"<!-- This site is optimized with the Yoast SEO plugin v25.9 - https:\/\/yoast.com\/wordpress\/plugins\/seo\/ -->\n<title>Familien Vignes Flesj\u00e5 er n\u00e5 klar for sitt niende Sommer i S\u00f8r - Region Rogaland<\/title>\n<meta name=\"robots\" content=\"index, follow, max-snippet:-1, max-image-preview:large, max-video-preview:-1\" \/>\n<link rel=\"canonical\" href=\"https:\/\/www.normisjon.no\/rogaland\/2018\/07\/02\/familien-vignes-flesja-er-na-klar-for-sitt-niende-sommer-i-sor\/\" \/>\n<meta property=\"og:locale\" content=\"nb_NO\" \/>\n<meta property=\"og:type\" content=\"article\" \/>\n<meta property=\"og:title\" content=\"Familien Vignes Flesj\u00e5 er n\u00e5 klar for sitt niende Sommer i S\u00f8r - Region Rogaland\" \/>\n<meta property=\"og:description\" content=\"Tekst og foto: Erik R\u00f8rtveit Vi gleder oss virkelig til Sommer i S\u00f8r (SIS), sier Silje Vignes Flesj\u00e5. Hun tar med seg hele familien og [&hellip;]\" \/>\n<meta property=\"og:url\" content=\"https:\/\/www.normisjon.no\/rogaland\/2018\/07\/02\/familien-vignes-flesja-er-na-klar-for-sitt-niende-sommer-i-sor\/\" \/>\n<meta property=\"og:site_name\" content=\"Region Rogaland\" \/>\n<meta property=\"article:published_time\" content=\"2018-07-02T12:04:05+00:00\" \/>\n<meta property=\"article:modified_time\" content=\"2018-07-02T12:04:06+00:00\" \/>\n<meta property=\"og:image\" content=\"https:\/\/www.normisjon.no\/content\/uploads\/sites\/18\/2018\/07\/2017-07-13-23.57.23.jpg\" \/>\n\t<meta property=\"og:image:width\" content=\"3456\" \/>\n\t<meta property=\"og:image:height\" content=\"2304\" \/>\n\t<meta property=\"og:image:type\" content=\"image\/jpeg\" \/>\n<meta name=\"author\" content=\"jeanett\" \/>\n<meta name=\"twitter:card\" content=\"summary_large_image\" \/>\n<meta name=\"twitter:label1\" content=\"Skrevet av\" \/>\n\t<meta name=\"twitter:data1\" content=\"jeanett\" \/>\n\t<meta name=\"twitter:label2\" content=\"Ansl. lesetid\" \/>\n\t<meta name=\"twitter:data2\" content=\"2 minutter\" \/>\n<script type=\"application\/ld+json\" class=\"yoast-schema-graph\">{\"@context\":\"https:\/\/schema.org\",\"@graph\":[{\"@type\":\"WebPage\",\"@id\":\"https:\/\/www.normisjon.no\/rogaland\/2018\/07\/02\/familien-vignes-flesja-er-na-klar-for-sitt-niende-sommer-i-sor\/\",\"url\":\"https:\/\/www.normisjon.no\/rogaland\/2018\/07\/02\/familien-vignes-flesja-er-na-klar-for-sitt-niende-sommer-i-sor\/\",\"name\":\"Familien Vignes Flesj\u00e5 er n\u00e5 klar for sitt niende Sommer i S\u00f8r - Region Rogaland\",\"isPartOf\":{\"@id\":\"https:\/\/www.normisjon.no\/rogaland\/#website\"},\"primaryImageOfPage\":{\"@id\":\"https:\/\/www.normisjon.no\/rogaland\/2018\/07\/02\/familien-vignes-flesja-er-na-klar-for-sitt-niende-sommer-i-sor\/#primaryimage\"},\"image\":{\"@id\":\"https:\/\/www.normisjon.no\/rogaland\/2018\/07\/02\/familien-vignes-flesja-er-na-klar-for-sitt-niende-sommer-i-sor\/#primaryimage\"},\"thumbnailUrl\":\"https:\/\/www.normisjon.no\/content\/uploads\/sites\/18\/2018\/07\/2017-07-13-23.57.23.jpg\",\"datePublished\":\"2018-07-02T12:04:05+00:00\",\"dateModified\":\"2018-07-02T12:04:06+00:00\",\"author\":{\"@id\":\"https:\/\/www.normisjon.no\/rogaland\/#\/schema\/person\/3b44448037977b40922be844c036cebb\"},\"breadcrumb\":{\"@id\":\"https:\/\/www.normisjon.no\/rogaland\/2018\/07\/02\/familien-vignes-flesja-er-na-klar-for-sitt-niende-sommer-i-sor\/#breadcrumb\"},\"inLanguage\":\"nb-NO\",\"potentialAction\":[{\"@type\":\"ReadAction\",\"target\":[\"https:\/\/www.normisjon.no\/rogaland\/2018\/07\/02\/familien-vignes-flesja-er-na-klar-for-sitt-niende-sommer-i-sor\/\"]}]},{\"@type\":\"ImageObject\",\"inLanguage\":\"nb-NO\",\"@id\":\"https:\/\/www.normisjon.no\/rogaland\/2018\/07\/02\/familien-vignes-flesja-er-na-klar-for-sitt-niende-sommer-i-sor\/#primaryimage\",\"url\":\"https:\/\/www.normisjon.no\/content\/uploads\/sites\/18\/2018\/07\/2017-07-13-23.57.23.jpg\",\"contentUrl\":\"https:\/\/www.normisjon.no\/content\/uploads\/sites\/18\/2018\/07\/2017-07-13-23.57.23.jpg\",\"width\":3456,\"height\":2304},{\"@type\":\"BreadcrumbList\",\"@id\":\"https:\/\/www.normisjon.no\/rogaland\/2018\/07\/02\/familien-vignes-flesja-er-na-klar-for-sitt-niende-sommer-i-sor\/#breadcrumb\",\"itemListElement\":[{\"@type\":\"ListItem\",\"position\":1,\"name\":\"Home\",\"item\":\"https:\/\/www.normisjon.no\/rogaland\/\"},{\"@type\":\"ListItem\",\"position\":2,\"name\":\"Familien Vignes Flesj\u00e5 er n\u00e5 klar for sitt niende Sommer i S\u00f8r\"}]},{\"@type\":\"WebSite\",\"@id\":\"https:\/\/www.normisjon.no\/rogaland\/#website\",\"url\":\"https:\/\/www.normisjon.no\/rogaland\/\",\"name\":\"Region Rogaland\",\"description\":\"\",\"potentialAction\":[{\"@type\":\"SearchAction\",\"target\":{\"@type\":\"EntryPoint\",\"urlTemplate\":\"https:\/\/www.normisjon.no\/rogaland\/?s={search_term_string}\"},\"query-input\":{\"@type\":\"PropertyValueSpecification\",\"valueRequired\":true,\"valueName\":\"search_term_string\"}}],\"inLanguage\":\"nb-NO\"},{\"@type\":\"Person\",\"@id\":\"https:\/\/www.normisjon.no\/rogaland\/#\/schema\/person\/3b44448037977b40922be844c036cebb\",\"name\":\"jeanett\",\"image\":{\"@type\":\"ImageObject\",\"inLanguage\":\"nb-NO\",\"@id\":\"https:\/\/www.normisjon.no\/rogaland\/#\/schema\/person\/image\/\",\"url\":\"https:\/\/secure.gravatar.com\/avatar\/00c93f9927022c522529cfefd447e362b60291bf55ac3107e12c077a8b459e43?s=96&d=mm&r=g\",\"contentUrl\":\"https:\/\/secure.gravatar.com\/avatar\/00c93f9927022c522529cfefd447e362b60291bf55ac3107e12c077a8b459e43?s=96&d=mm&r=g\",\"caption\":\"jeanett\"},\"url\":\"https:\/\/www.normisjon.no\/rogaland\/author\/jeanett\/\"}]}<\/script>\n<!-- \/ Yoast SEO plugin. -->","yoast_head_json":{"title":"Familien Vignes Flesj\u00e5 er n\u00e5 klar for sitt niende Sommer i S\u00f8r - Region Rogaland","robots":{"index":"index","follow":"follow","max-snippet":"max-snippet:-1","max-image-preview":"max-image-preview:large","max-video-preview":"max-video-preview:-1"},"canonical":"https:\/\/www.normisjon.no\/rogaland\/2018\/07\/02\/familien-vignes-flesja-er-na-klar-for-sitt-niende-sommer-i-sor\/","og_locale":"nb_NO","og_type":"article","og_title":"Familien Vignes Flesj\u00e5 er n\u00e5 klar for sitt niende Sommer i S\u00f8r - Region Rogaland","og_description":"Tekst og foto: Erik R\u00f8rtveit Vi gleder oss virkelig til Sommer i S\u00f8r (SIS), sier Silje Vignes Flesj\u00e5. Hun tar med seg hele familien og [&hellip;]","og_url":"https:\/\/www.normisjon.no\/rogaland\/2018\/07\/02\/familien-vignes-flesja-er-na-klar-for-sitt-niende-sommer-i-sor\/","og_site_name":"Region Rogaland","article_published_time":"2018-07-02T12:04:05+00:00","article_modified_time":"2018-07-02T12:04:06+00:00","og_image":[{"width":3456,"height":2304,"url":"https:\/\/www.normisjon.no\/content\/uploads\/sites\/18\/2018\/07\/2017-07-13-23.57.23.jpg","type":"image\/jpeg"}],"author":"jeanett","twitter_card":"summary_large_image","twitter_misc":{"Skrevet av":"jeanett","Ansl. lesetid":"2 minutter"},"schema":{"@context":"https:\/\/schema.org","@graph":[{"@type":"WebPage","@id":"https:\/\/www.normisjon.no\/rogaland\/2018\/07\/02\/familien-vignes-flesja-er-na-klar-for-sitt-niende-sommer-i-sor\/","url":"https:\/\/www.normisjon.no\/rogaland\/2018\/07\/02\/familien-vignes-flesja-er-na-klar-for-sitt-niende-sommer-i-sor\/","name":"Familien Vignes Flesj\u00e5 er n\u00e5 klar for sitt niende Sommer i S\u00f8r - Region Rogaland","isPartOf":{"@id":"https:\/\/www.normisjon.no\/rogaland\/#website"},"primaryImageOfPage":{"@id":"https:\/\/www.normisjon.no\/rogaland\/2018\/07\/02\/familien-vignes-flesja-er-na-klar-for-sitt-niende-sommer-i-sor\/#primaryimage"},"image":{"@id":"https:\/\/www.normisjon.no\/rogaland\/2018\/07\/02\/familien-vignes-flesja-er-na-klar-for-sitt-niende-sommer-i-sor\/#primaryimage"},"thumbnailUrl":"https:\/\/www.normisjon.no\/content\/uploads\/sites\/18\/2018\/07\/2017-07-13-23.57.23.jpg","datePublished":"2018-07-02T12:04:05+00:00","dateModified":"2018-07-02T12:04:06+00:00","author":{"@id":"https:\/\/www.normisjon.no\/rogaland\/#\/schema\/person\/3b44448037977b40922be844c036cebb"},"breadcrumb":{"@id":"https:\/\/www.normisjon.no\/rogaland\/2018\/07\/02\/familien-vignes-flesja-er-na-klar-for-sitt-niende-sommer-i-sor\/#breadcrumb"},"inLanguage":"nb-NO","potentialAction":[{"@type":"ReadAction","target":["https:\/\/www.normisjon.no\/rogaland\/2018\/07\/02\/familien-vignes-flesja-er-na-klar-for-sitt-niende-sommer-i-sor\/"]}]},{"@type":"ImageObject","inLanguage":"nb-NO","@id":"https:\/\/www.normisjon.no\/rogaland\/2018\/07\/02\/familien-vignes-flesja-er-na-klar-for-sitt-niende-sommer-i-sor\/#primaryimage","url":"https:\/\/www.normisjon.no\/content\/uploads\/sites\/18\/2018\/07\/2017-07-13-23.57.23.jpg","contentUrl":"https:\/\/www.normisjon.no\/content\/uploads\/sites\/18\/2018\/07\/2017-07-13-23.57.23.jpg","width":3456,"height":2304},{"@type":"BreadcrumbList","@id":"https:\/\/www.normisjon.no\/rogaland\/2018\/07\/02\/familien-vignes-flesja-er-na-klar-for-sitt-niende-sommer-i-sor\/#breadcrumb","itemListElement":[{"@type":"ListItem","position":1,"name":"Home","item":"https:\/\/www.normisjon.no\/rogaland\/"},{"@type":"ListItem","position":2,"name":"Familien Vignes Flesj\u00e5 er n\u00e5 klar for sitt niende Sommer i S\u00f8r"}]},{"@type":"WebSite","@id":"https:\/\/www.normisjon.no\/rogaland\/#website","url":"https:\/\/www.normisjon.no\/rogaland\/","name":"Region Rogaland","description":"","potentialAction":[{"@type":"SearchAction","target":{"@type":"EntryPoint","urlTemplate":"https:\/\/www.normisjon.no\/rogaland\/?s={search_term_string}"},"query-input":{"@type":"PropertyValueSpecification","valueRequired":true,"valueName":"search_term_string"}}],"inLanguage":"nb-NO"},{"@type":"Person","@id":"https:\/\/www.normisjon.no\/rogaland\/#\/schema\/person\/3b44448037977b40922be844c036cebb","name":"jeanett","image":{"@type":"ImageObject","inLanguage":"nb-NO","@id":"https:\/\/www.normisjon.no\/rogaland\/#\/schema\/person\/image\/","url":"https:\/\/secure.gravatar.com\/avatar\/00c93f9927022c522529cfefd447e362b60291bf55ac3107e12c077a8b459e43?s=96&d=mm&r=g","contentUrl":"https:\/\/secure.gravatar.com\/avatar\/00c93f9927022c522529cfefd447e362b60291bf55ac3107e12c077a8b459e43?s=96&d=mm&r=g","caption":"jeanett"},"url":"https:\/\/www.normisjon.no\/rogaland\/author\/jeanett\/"}]}},"_links":{"self":[{"href":"https:\/\/www.normisjon.no\/rogaland\/wp-json\/wp\/v2\/posts\/1609","targetHints":{"allow":["GET"]}}],"collection":[{"href":"https:\/\/www.normisjon.no\/rogaland\/wp-json\/wp\/v2\/posts"}],"about":[{"href":"https:\/\/www.normisjon.no\/rogaland\/wp-json\/wp\/v2\/types\/post"}],"author":[{"embeddable":true,"href":"https:\/\/www.normisjon.no\/rogaland\/wp-json\/wp\/v2\/users\/21"}],"replies":[{"embeddable":true,"href":"https:\/\/www.normisjon.no\/rogaland\/wp-json\/wp\/v2\/comments?post=1609"}],"version-history":[{"count":3,"href":"https:\/\/www.normisjon.no\/rogaland\/wp-json\/wp\/v2\/posts\/1609\/revisions"}],"predecessor-version":[{"id":1628,"href":"https:\/\/www.normisjon.no\/rogaland\/wp-json\/wp\/v2\/posts\/1609\/revisions\/1628"}],"wp:featuredmedia":[{"embeddable":true,"href":"https:\/\/www.normisjon.no\/rogaland\/wp-json\/wp\/v2\/media\/1611"}],"wp:attachment":[{"href":"https:\/\/www.normisjon.no\/rogaland\/wp-json\/wp\/v2\/media?parent=1609"}],"wp:term":[{"taxonomy":"category","embeddable":true,"href":"https:\/\/www.normisjon.no\/rogaland\/wp-json\/wp\/v2\/categories?post=1609"},{"taxonomy":"post_tag","embeddable":true,"href":"https:\/\/www.normisjon.no\/rogaland\/wp-json\/wp\/v2\/tags?post=1609"}],"curies":[{"name":"wp","href":"https:\/\/api.w.org\/{rel}","templated":true}]}}