{"id":1706,"date":"2018-07-31T10:52:43","date_gmt":"2018-07-31T08:52:43","guid":{"rendered":"https:\/\/www.normisjon.no\/rogaland\/?p=1706"},"modified":"2018-07-31T12:57:00","modified_gmt":"2018-07-31T10:57:00","slug":"nytt-fra-gjenbruksbutikken-i-sandnes-galleri-normisjon","status":"publish","type":"post","link":"https:\/\/www.normisjon.no\/rogaland\/2018\/07\/31\/nytt-fra-gjenbruksbutikken-i-sandnes-galleri-normisjon\/","title":{"rendered":"Nytt fra gjenbruksbutikken i Sandnes, Galleri Normisjon"},"content":{"rendered":"<div class=\"entry-content alignfull wp-block-post-content has-global-padding is-layout-constrained wp-block-post-content-is-layout-constrained\">\n<p>Tekst\/Foto: Thor Bj\u00f8rn Tjelta<\/p>\n\n\n\n<p><strong>Da Galleri Normisjon startet i 2010 kunne vi lese i regionbladet, at en bevisst satsing p\u00e5 gjenbruk skal gi en god inntekts\u00f8kning for Normisjon i en krevende \u00f8konomisk tid, samtidig som mange vil kunne finne en ny m\u00e5te \u00e5 yte frivillig innsats p\u00e5 i forhold til v\u00e5r organisasjon. Galleri Normisjon gir ogs\u00e5 Normisjon en ny mulighet til \u00e5 sette milj\u00f8 p\u00e5 dagsordenen, som et konkret virkemiddel til \u00e5 bekjempe v\u00e5r \u00abbruk og kast\u00bb-mentalitet. I tillegg til det rent forretningsmessige er gjenbruksbutikker ogs\u00e5 en m\u00e5te \u00e5 n\u00e5 nye mennesker i Norge med det kristne budskapet.<\/strong><\/p>\n\n\n\n<figure class=\"wp-block-image\"><img loading=\"lazy\" decoding=\"async\" width=\"960\" height=\"1108\" src=\"https:\/\/www.normisjon.no\/content\/uploads\/sites\/18\/2018\/07\/GN_varer_juli18.jpg\" alt=\"\" class=\"wp-image-1701\" srcset=\"https:\/\/www.normisjon.no\/content\/uploads\/sites\/18\/2018\/07\/GN_varer_juli18.jpg 960w, https:\/\/www.normisjon.no\/content\/uploads\/sites\/18\/2018\/07\/GN_varer_juli18-260x300.jpg 260w, https:\/\/www.normisjon.no\/content\/uploads\/sites\/18\/2018\/07\/GN_varer_juli18-768x886.jpg 768w, https:\/\/www.normisjon.no\/content\/uploads\/sites\/18\/2018\/07\/GN_varer_juli18-887x1024.jpg 887w, https:\/\/www.normisjon.no\/content\/uploads\/sites\/18\/2018\/07\/GN_varer_juli18-832x960.jpg 832w\" sizes=\"auto, (max-width: 960px) 100vw, 960px\" \/><figcaption>Noen av de fine varene i butikken i sommer.<\/figcaption><\/figure>\n\n\n\n<p>Gjenbruksbutikken i Sandnes, Galleri Normisjon er en av de ni gjenbruksbutikkene i Normisjon under paraplyen, Galleri Normisjon.<\/p>\n\n\n\n<p>Vi startet Galleri Sola i 2010 og etter en l\u00e6rerik tid flyttet vi til Sandnes i oktober 2013. Vi er n\u00e5 i underkant av 50 frivillige medarbeidere med forskjellige arbeidsoppgaver. Hovedoppgavene er kundebehandling, pris-, dekor- og en transportgruppe. Finn.no og Facebook er to av v\u00e5re viktige reklamevinduer som ogs\u00e5 krever oppf\u00f8lging. N\u00e5r vi s\u00e5 tilslutt tar med kaffekroken, som vi \u00f8nsker skal v\u00e6re en oase for v\u00e5re kunder, har vi vel nevnt de viktigste arbeidsoppgavene.<br \/><\/p>\n\n\n\n<p>Alle varene som vi selger er gitt av glade giver. I retningslinjene for Galleri Normisjon heter det at alt vi tar imot skal v\u00e6re rent, helt og brukbart. Vi tar ikke imot TV-apparater, og gamle PC\/datautstyr, heller ikke kontorm\u00f8bler, store senger, leksikon og utdatert litteratur. Ellers har den enkelte butikk lokalt, funnet ut varer som er lagt til denne listen.<br \/><\/p>\n\n\n\n<figure class=\"wp-block-image\"><img loading=\"lazy\" decoding=\"async\" width=\"960\" height=\"1280\" src=\"https:\/\/www.normisjon.no\/content\/uploads\/sites\/18\/2018\/07\/GN_Ragnhild_Ragnhild_Juliane_Marit_juli18.jpg\" alt=\"\" class=\"wp-image-1700\" srcset=\"https:\/\/www.normisjon.no\/content\/uploads\/sites\/18\/2018\/07\/GN_Ragnhild_Ragnhild_Juliane_Marit_juli18.jpg 960w, https:\/\/www.normisjon.no\/content\/uploads\/sites\/18\/2018\/07\/GN_Ragnhild_Ragnhild_Juliane_Marit_juli18-225x300.jpg 225w, https:\/\/www.normisjon.no\/content\/uploads\/sites\/18\/2018\/07\/GN_Ragnhild_Ragnhild_Juliane_Marit_juli18-768x1024.jpg 768w, https:\/\/www.normisjon.no\/content\/uploads\/sites\/18\/2018\/07\/GN_Ragnhild_Ragnhild_Juliane_Marit_juli18-720x960.jpg 720w\" sizes=\"auto, (max-width: 960px) 100vw, 960px\" \/><figcaption>Utstilling diskuteres. Fra venstre:\u00a0 Ragnhild N\u00e6rland, Ragnhild Tjelta, Juliane Dyngeland og Marit Bjerga.\u00a0<\/figcaption><\/figure>\n\n\n\n<p>Vi ser tydelig at fine varer gir rask omsetning. Sm\u00e5m\u00f8bler er popul\u00e6re, mens sofagrupper kan ta litt lenger tid \u00e5 f\u00e5 solgt. Furum\u00f8bler er ikke popul\u00e6rt, mens teakm\u00f8bler g\u00e5r fort unna. I fjor begynte vi \u00e5 selge brukte kl\u00e6r og salget har tatt seg opp og utgj\u00f8r i dag ca. 10 % av omsetningen.<\/p>\n\n\n\n<p>N\u00e5r det gjelder mottak av varer, s\u00e5 leverer mange av giverne sm\u00e5varer selv, i esker eller poser, men n\u00e5r det gjelder st\u00f8rre varer vurderes de ved befaring eller bilder. Vi henter gratis, men tar betalt for utkj\u00f8ring. Overskuddet fra butikken g\u00e5r til region Rogaland.<br \/><\/p>\n\n\n\n<figure class=\"wp-block-image\"><img loading=\"lazy\" decoding=\"async\" width=\"1280\" height=\"854\" src=\"https:\/\/www.normisjon.no\/content\/uploads\/sites\/18\/2018\/07\/GN_varer2_juli18.jpg\" alt=\"\" class=\"wp-image-1702\" srcset=\"https:\/\/www.normisjon.no\/content\/uploads\/sites\/18\/2018\/07\/GN_varer2_juli18.jpg 1280w, https:\/\/www.normisjon.no\/content\/uploads\/sites\/18\/2018\/07\/GN_varer2_juli18-300x200.jpg 300w, https:\/\/www.normisjon.no\/content\/uploads\/sites\/18\/2018\/07\/GN_varer2_juli18-768x512.jpg 768w, https:\/\/www.normisjon.no\/content\/uploads\/sites\/18\/2018\/07\/GN_varer2_juli18-1024x683.jpg 1024w, https:\/\/www.normisjon.no\/content\/uploads\/sites\/18\/2018\/07\/GN_varer2_juli18-960x641.jpg 960w\" sizes=\"auto, (max-width: 1280px) 100vw, 1280px\" \/><figcaption>Flere av de flotte varene i butikken i sommer. <\/figcaption><\/figure>\n\n\n\n<p>Det er en trivelig og hum\u00f8rfylt pensjonistgjeng som betjener gjenbruksbutikken i Sandnes. <strong>Har du lyst \u00e5 bli medarbeider?<\/strong> Vi har \u00abfleksi\u00bb arbeidstid og valgfri fritid.<\/p>\n\n\n\n<p>Vi har trivelige kunder og f\u00e5r i l\u00f8pet av dagene mange flotte opplevelser som beriker hverdagen. Kanskje blir du den som skal f\u00e5 oppleve gode og meningsfulle dager i Sandnes. Vil du vite mer, ta kontakt med Jeanett p\u00e5 regionskontoret, Tlf. 982 16 160, eller undertegnede p\u00e5 tlf. 975 45 322.<br \/><\/p>\n\n\n\n<p><em>Thor Bj\u00f8rn Tjelta.<\/em><\/p>\n\n\n\n<p>Du kan lese mer om oss ved \u00e5 g\u00e5 inn <a href=\"https:\/\/www.normisjon.no\/rogaland\/virksomheter\/\">her<\/a><br \/><\/p>\n<\/div>","protected":false},"excerpt":{"rendered":"<p>Tekst\/Foto: Thor Bj\u00f8rn Tjelta Da Galleri Normisjon startet i 2010 kunne vi lese i regionbladet, at en bevisst satsing p\u00e5 gjenbruk skal gi en god [&hellip;]<\/p>\n","protected":false},"author":21,"featured_media":1702,"comment_status":"closed","ping_status":"closed","sticky":false,"template":"","format":"standard","meta":{"_acf_changed":false,"footnotes":""},"categories":[21],"tags":[],"class_list":["post-1706","post","type-post","status-publish","format-standard","has-post-thumbnail","hentry","category-nyheter"],"acf":[],"yoast_head":"<!-- This site is optimized with the Yoast SEO plugin v25.9 - https:\/\/yoast.com\/wordpress\/plugins\/seo\/ -->\n<title>Nytt fra gjenbruksbutikken i Sandnes, Galleri Normisjon - Region Rogaland<\/title>\n<meta name=\"robots\" content=\"index, follow, max-snippet:-1, max-image-preview:large, max-video-preview:-1\" \/>\n<link rel=\"canonical\" href=\"https:\/\/www.normisjon.no\/rogaland\/2018\/07\/31\/nytt-fra-gjenbruksbutikken-i-sandnes-galleri-normisjon\/\" \/>\n<meta property=\"og:locale\" content=\"nb_NO\" \/>\n<meta property=\"og:type\" content=\"article\" \/>\n<meta property=\"og:title\" content=\"Nytt fra gjenbruksbutikken i Sandnes, Galleri Normisjon - Region Rogaland\" \/>\n<meta property=\"og:description\" content=\"Tekst\/Foto: Thor Bj\u00f8rn Tjelta Da Galleri Normisjon startet i 2010 kunne vi lese i regionbladet, at en bevisst satsing p\u00e5 gjenbruk skal gi en god [&hellip;]\" \/>\n<meta property=\"og:url\" content=\"https:\/\/www.normisjon.no\/rogaland\/2018\/07\/31\/nytt-fra-gjenbruksbutikken-i-sandnes-galleri-normisjon\/\" \/>\n<meta property=\"og:site_name\" content=\"Region Rogaland\" \/>\n<meta property=\"article:published_time\" content=\"2018-07-31T08:52:43+00:00\" \/>\n<meta property=\"article:modified_time\" content=\"2018-07-31T10:57:00+00:00\" \/>\n<meta property=\"og:image\" content=\"https:\/\/www.normisjon.no\/content\/uploads\/sites\/18\/2018\/07\/GN_varer2_juli18.jpg\" \/>\n\t<meta property=\"og:image:width\" content=\"1280\" \/>\n\t<meta property=\"og:image:height\" content=\"854\" \/>\n\t<meta property=\"og:image:type\" content=\"image\/jpeg\" \/>\n<meta name=\"author\" content=\"jeanett\" \/>\n<meta name=\"twitter:card\" content=\"summary_large_image\" \/>\n<meta name=\"twitter:label1\" content=\"Skrevet av\" \/>\n\t<meta name=\"twitter:data1\" content=\"jeanett\" \/>\n\t<meta name=\"twitter:label2\" content=\"Ansl. lesetid\" \/>\n\t<meta name=\"twitter:data2\" content=\"2 minutter\" \/>\n<script type=\"application\/ld+json\" class=\"yoast-schema-graph\">{\"@context\":\"https:\/\/schema.org\",\"@graph\":[{\"@type\":\"WebPage\",\"@id\":\"https:\/\/www.normisjon.no\/rogaland\/2018\/07\/31\/nytt-fra-gjenbruksbutikken-i-sandnes-galleri-normisjon\/\",\"url\":\"https:\/\/www.normisjon.no\/rogaland\/2018\/07\/31\/nytt-fra-gjenbruksbutikken-i-sandnes-galleri-normisjon\/\",\"name\":\"Nytt fra gjenbruksbutikken i Sandnes, Galleri Normisjon - Region Rogaland\",\"isPartOf\":{\"@id\":\"https:\/\/www.normisjon.no\/rogaland\/#website\"},\"primaryImageOfPage\":{\"@id\":\"https:\/\/www.normisjon.no\/rogaland\/2018\/07\/31\/nytt-fra-gjenbruksbutikken-i-sandnes-galleri-normisjon\/#primaryimage\"},\"image\":{\"@id\":\"https:\/\/www.normisjon.no\/rogaland\/2018\/07\/31\/nytt-fra-gjenbruksbutikken-i-sandnes-galleri-normisjon\/#primaryimage\"},\"thumbnailUrl\":\"https:\/\/www.normisjon.no\/content\/uploads\/sites\/18\/2018\/07\/GN_varer2_juli18.jpg\",\"datePublished\":\"2018-07-31T08:52:43+00:00\",\"dateModified\":\"2018-07-31T10:57:00+00:00\",\"author\":{\"@id\":\"https:\/\/www.normisjon.no\/rogaland\/#\/schema\/person\/3b44448037977b40922be844c036cebb\"},\"breadcrumb\":{\"@id\":\"https:\/\/www.normisjon.no\/rogaland\/2018\/07\/31\/nytt-fra-gjenbruksbutikken-i-sandnes-galleri-normisjon\/#breadcrumb\"},\"inLanguage\":\"nb-NO\",\"potentialAction\":[{\"@type\":\"ReadAction\",\"target\":[\"https:\/\/www.normisjon.no\/rogaland\/2018\/07\/31\/nytt-fra-gjenbruksbutikken-i-sandnes-galleri-normisjon\/\"]}]},{\"@type\":\"ImageObject\",\"inLanguage\":\"nb-NO\",\"@id\":\"https:\/\/www.normisjon.no\/rogaland\/2018\/07\/31\/nytt-fra-gjenbruksbutikken-i-sandnes-galleri-normisjon\/#primaryimage\",\"url\":\"https:\/\/www.normisjon.no\/content\/uploads\/sites\/18\/2018\/07\/GN_varer2_juli18.jpg\",\"contentUrl\":\"https:\/\/www.normisjon.no\/content\/uploads\/sites\/18\/2018\/07\/GN_varer2_juli18.jpg\",\"width\":1280,\"height\":854},{\"@type\":\"BreadcrumbList\",\"@id\":\"https:\/\/www.normisjon.no\/rogaland\/2018\/07\/31\/nytt-fra-gjenbruksbutikken-i-sandnes-galleri-normisjon\/#breadcrumb\",\"itemListElement\":[{\"@type\":\"ListItem\",\"position\":1,\"name\":\"Home\",\"item\":\"https:\/\/www.normisjon.no\/rogaland\/\"},{\"@type\":\"ListItem\",\"position\":2,\"name\":\"Nytt fra gjenbruksbutikken i Sandnes, Galleri Normisjon\"}]},{\"@type\":\"WebSite\",\"@id\":\"https:\/\/www.normisjon.no\/rogaland\/#website\",\"url\":\"https:\/\/www.normisjon.no\/rogaland\/\",\"name\":\"Region Rogaland\",\"description\":\"\",\"potentialAction\":[{\"@type\":\"SearchAction\",\"target\":{\"@type\":\"EntryPoint\",\"urlTemplate\":\"https:\/\/www.normisjon.no\/rogaland\/?s={search_term_string}\"},\"query-input\":{\"@type\":\"PropertyValueSpecification\",\"valueRequired\":true,\"valueName\":\"search_term_string\"}}],\"inLanguage\":\"nb-NO\"},{\"@type\":\"Person\",\"@id\":\"https:\/\/www.normisjon.no\/rogaland\/#\/schema\/person\/3b44448037977b40922be844c036cebb\",\"name\":\"jeanett\",\"image\":{\"@type\":\"ImageObject\",\"inLanguage\":\"nb-NO\",\"@id\":\"https:\/\/www.normisjon.no\/rogaland\/#\/schema\/person\/image\/\",\"url\":\"https:\/\/secure.gravatar.com\/avatar\/00c93f9927022c522529cfefd447e362b60291bf55ac3107e12c077a8b459e43?s=96&d=mm&r=g\",\"contentUrl\":\"https:\/\/secure.gravatar.com\/avatar\/00c93f9927022c522529cfefd447e362b60291bf55ac3107e12c077a8b459e43?s=96&d=mm&r=g\",\"caption\":\"jeanett\"},\"url\":\"https:\/\/www.normisjon.no\/rogaland\/author\/jeanett\/\"}]}<\/script>\n<!-- \/ Yoast SEO plugin. -->","yoast_head_json":{"title":"Nytt fra gjenbruksbutikken i Sandnes, Galleri Normisjon - Region Rogaland","robots":{"index":"index","follow":"follow","max-snippet":"max-snippet:-1","max-image-preview":"max-image-preview:large","max-video-preview":"max-video-preview:-1"},"canonical":"https:\/\/www.normisjon.no\/rogaland\/2018\/07\/31\/nytt-fra-gjenbruksbutikken-i-sandnes-galleri-normisjon\/","og_locale":"nb_NO","og_type":"article","og_title":"Nytt fra gjenbruksbutikken i Sandnes, Galleri Normisjon - Region Rogaland","og_description":"Tekst\/Foto: Thor Bj\u00f8rn Tjelta Da Galleri Normisjon startet i 2010 kunne vi lese i regionbladet, at en bevisst satsing p\u00e5 gjenbruk skal gi en god [&hellip;]","og_url":"https:\/\/www.normisjon.no\/rogaland\/2018\/07\/31\/nytt-fra-gjenbruksbutikken-i-sandnes-galleri-normisjon\/","og_site_name":"Region Rogaland","article_published_time":"2018-07-31T08:52:43+00:00","article_modified_time":"2018-07-31T10:57:00+00:00","og_image":[{"width":1280,"height":854,"url":"https:\/\/www.normisjon.no\/content\/uploads\/sites\/18\/2018\/07\/GN_varer2_juli18.jpg","type":"image\/jpeg"}],"author":"jeanett","twitter_card":"summary_large_image","twitter_misc":{"Skrevet av":"jeanett","Ansl. lesetid":"2 minutter"},"schema":{"@context":"https:\/\/schema.org","@graph":[{"@type":"WebPage","@id":"https:\/\/www.normisjon.no\/rogaland\/2018\/07\/31\/nytt-fra-gjenbruksbutikken-i-sandnes-galleri-normisjon\/","url":"https:\/\/www.normisjon.no\/rogaland\/2018\/07\/31\/nytt-fra-gjenbruksbutikken-i-sandnes-galleri-normisjon\/","name":"Nytt fra gjenbruksbutikken i Sandnes, Galleri Normisjon - Region Rogaland","isPartOf":{"@id":"https:\/\/www.normisjon.no\/rogaland\/#website"},"primaryImageOfPage":{"@id":"https:\/\/www.normisjon.no\/rogaland\/2018\/07\/31\/nytt-fra-gjenbruksbutikken-i-sandnes-galleri-normisjon\/#primaryimage"},"image":{"@id":"https:\/\/www.normisjon.no\/rogaland\/2018\/07\/31\/nytt-fra-gjenbruksbutikken-i-sandnes-galleri-normisjon\/#primaryimage"},"thumbnailUrl":"https:\/\/www.normisjon.no\/content\/uploads\/sites\/18\/2018\/07\/GN_varer2_juli18.jpg","datePublished":"2018-07-31T08:52:43+00:00","dateModified":"2018-07-31T10:57:00+00:00","author":{"@id":"https:\/\/www.normisjon.no\/rogaland\/#\/schema\/person\/3b44448037977b40922be844c036cebb"},"breadcrumb":{"@id":"https:\/\/www.normisjon.no\/rogaland\/2018\/07\/31\/nytt-fra-gjenbruksbutikken-i-sandnes-galleri-normisjon\/#breadcrumb"},"inLanguage":"nb-NO","potentialAction":[{"@type":"ReadAction","target":["https:\/\/www.normisjon.no\/rogaland\/2018\/07\/31\/nytt-fra-gjenbruksbutikken-i-sandnes-galleri-normisjon\/"]}]},{"@type":"ImageObject","inLanguage":"nb-NO","@id":"https:\/\/www.normisjon.no\/rogaland\/2018\/07\/31\/nytt-fra-gjenbruksbutikken-i-sandnes-galleri-normisjon\/#primaryimage","url":"https:\/\/www.normisjon.no\/content\/uploads\/sites\/18\/2018\/07\/GN_varer2_juli18.jpg","contentUrl":"https:\/\/www.normisjon.no\/content\/uploads\/sites\/18\/2018\/07\/GN_varer2_juli18.jpg","width":1280,"height":854},{"@type":"BreadcrumbList","@id":"https:\/\/www.normisjon.no\/rogaland\/2018\/07\/31\/nytt-fra-gjenbruksbutikken-i-sandnes-galleri-normisjon\/#breadcrumb","itemListElement":[{"@type":"ListItem","position":1,"name":"Home","item":"https:\/\/www.normisjon.no\/rogaland\/"},{"@type":"ListItem","position":2,"name":"Nytt fra gjenbruksbutikken i Sandnes, Galleri Normisjon"}]},{"@type":"WebSite","@id":"https:\/\/www.normisjon.no\/rogaland\/#website","url":"https:\/\/www.normisjon.no\/rogaland\/","name":"Region Rogaland","description":"","potentialAction":[{"@type":"SearchAction","target":{"@type":"EntryPoint","urlTemplate":"https:\/\/www.normisjon.no\/rogaland\/?s={search_term_string}"},"query-input":{"@type":"PropertyValueSpecification","valueRequired":true,"valueName":"search_term_string"}}],"inLanguage":"nb-NO"},{"@type":"Person","@id":"https:\/\/www.normisjon.no\/rogaland\/#\/schema\/person\/3b44448037977b40922be844c036cebb","name":"jeanett","image":{"@type":"ImageObject","inLanguage":"nb-NO","@id":"https:\/\/www.normisjon.no\/rogaland\/#\/schema\/person\/image\/","url":"https:\/\/secure.gravatar.com\/avatar\/00c93f9927022c522529cfefd447e362b60291bf55ac3107e12c077a8b459e43?s=96&d=mm&r=g","contentUrl":"https:\/\/secure.gravatar.com\/avatar\/00c93f9927022c522529cfefd447e362b60291bf55ac3107e12c077a8b459e43?s=96&d=mm&r=g","caption":"jeanett"},"url":"https:\/\/www.normisjon.no\/rogaland\/author\/jeanett\/"}]}},"_links":{"self":[{"href":"https:\/\/www.normisjon.no\/rogaland\/wp-json\/wp\/v2\/posts\/1706","targetHints":{"allow":["GET"]}}],"collection":[{"href":"https:\/\/www.normisjon.no\/rogaland\/wp-json\/wp\/v2\/posts"}],"about":[{"href":"https:\/\/www.normisjon.no\/rogaland\/wp-json\/wp\/v2\/types\/post"}],"author":[{"embeddable":true,"href":"https:\/\/www.normisjon.no\/rogaland\/wp-json\/wp\/v2\/users\/21"}],"replies":[{"embeddable":true,"href":"https:\/\/www.normisjon.no\/rogaland\/wp-json\/wp\/v2\/comments?post=1706"}],"version-history":[{"count":2,"href":"https:\/\/www.normisjon.no\/rogaland\/wp-json\/wp\/v2\/posts\/1706\/revisions"}],"predecessor-version":[{"id":1711,"href":"https:\/\/www.normisjon.no\/rogaland\/wp-json\/wp\/v2\/posts\/1706\/revisions\/1711"}],"wp:featuredmedia":[{"embeddable":true,"href":"https:\/\/www.normisjon.no\/rogaland\/wp-json\/wp\/v2\/media\/1702"}],"wp:attachment":[{"href":"https:\/\/www.normisjon.no\/rogaland\/wp-json\/wp\/v2\/media?parent=1706"}],"wp:term":[{"taxonomy":"category","embeddable":true,"href":"https:\/\/www.normisjon.no\/rogaland\/wp-json\/wp\/v2\/categories?post=1706"},{"taxonomy":"post_tag","embeddable":true,"href":"https:\/\/www.normisjon.no\/rogaland\/wp-json\/wp\/v2\/tags?post=1706"}],"curies":[{"name":"wp","href":"https:\/\/api.w.org\/{rel}","templated":true}]}}