{"id":1816,"date":"2018-09-03T09:45:19","date_gmt":"2018-09-03T07:45:19","guid":{"rendered":"https:\/\/www.normisjon.no\/rogaland\/?p=1816"},"modified":"2018-09-03T09:46:41","modified_gmt":"2018-09-03T07:46:41","slug":"to-av-dei-unike","status":"publish","type":"post","link":"https:\/\/www.normisjon.no\/rogaland\/2018\/09\/03\/to-av-dei-unike\/","title":{"rendered":"To av dei unike"},"content":{"rendered":"<div class=\"entry-content alignfull wp-block-post-content has-global-padding is-layout-constrained wp-block-post-content-is-layout-constrained\">\n<figure class=\"wp-block-image\"><img loading=\"lazy\" decoding=\"async\" width=\"1280\" height=\"704\" src=\"https:\/\/www.normisjon.no\/content\/uploads\/sites\/18\/2018\/09\/10-Elise-Fr\u00f8nsdal-\u00d8ien-og-Henrikke-Sandh\u00e5land.jpg\" alt=\"\" class=\"wp-image-1817\" srcset=\"https:\/\/www.normisjon.no\/content\/uploads\/sites\/18\/2018\/09\/10-Elise-Fr\u00f8nsdal-\u00d8ien-og-Henrikke-Sandh\u00e5land.jpg 1280w, https:\/\/www.normisjon.no\/content\/uploads\/sites\/18\/2018\/09\/10-Elise-Fr\u00f8nsdal-\u00d8ien-og-Henrikke-Sandh\u00e5land-300x165.jpg 300w, https:\/\/www.normisjon.no\/content\/uploads\/sites\/18\/2018\/09\/10-Elise-Fr\u00f8nsdal-\u00d8ien-og-Henrikke-Sandh\u00e5land-768x422.jpg 768w, https:\/\/www.normisjon.no\/content\/uploads\/sites\/18\/2018\/09\/10-Elise-Fr\u00f8nsdal-\u00d8ien-og-Henrikke-Sandh\u00e5land-1024x563.jpg 1024w, https:\/\/www.normisjon.no\/content\/uploads\/sites\/18\/2018\/09\/10-Elise-Fr\u00f8nsdal-\u00d8ien-og-Henrikke-Sandh\u00e5land-960x528.jpg 960w\" sizes=\"auto, (max-width: 1280px) 100vw, 1280px\" \/><figcaption>Elise og Henrikke ivrer for leir.<\/figcaption><\/figure>\n\n\n\n<p><em>Tekst\/bilde: Kjersti H Bjerga<\/em><\/p>\n\n\n\n<p>P\u00e5 Stemnestaden har me mange\nengasjerte flotte ungdommar. Mange av dei er leirleiarar, og her kjem eit\nintervju med to som og sit i Acta styret i Rogaland. <\/p>\n\n\n\n<p><em>Kva betyr det for deg \u00e5 vera med som leirleiar?<\/em><\/p>\n\n\n\n<p>&#8211;\nHenrikke: Eg brenn for misjon. Dette er misjonsarbeid i mindre m\u00e5lestokk, men\nminst like viktig. Eg likar og \u00e5 treffa nye folk i alle aldrar, noko eg f\u00e5r\ngjera som leirleiar. Eg f\u00e5r i tillegg utfordringar som eg veks p\u00e5, og trua mi\nvert styrka. <\/p>\n\n\n\n<p>&#8211; Elise: Det \u00e5 vera med som\nleirleiar m\u00e5 vera eit av dei beste vala eg har teke i heile mitt liv! \u00c5\nformidla bodskapen om Jesus er veldig viktig fro meg. \u00abJesus Kristus til nye\ngenerasjoner og folkeslag\u00bb er noko eg lever for. For mange barn er det\nvanskeleg \u00e5 st\u00e5 fram som ein kristen og mange f\u00f8ler dei er \u00e5leine og ikkje veit\nkorleis dei skal f\u00e5 bli betre kjent med Jesus. Berre det at eg stiller som\nleiar p\u00e5 leir, viser ungane at dei ikkje er \u00e5leine som kristne. \u00c5 vita at eg\nkan hjelpa nokon \u00e5 finna Jesus, visa Hans godhet og at det g\u00e5r an \u00e5\u00e5 leva eit\nliv med Jesus, gir meg eit skikkeleg energikick!! Det varmar hjarta at eg f\u00e5r\nlov \u00e5 vera med p\u00e5 noko s\u00e5 viktig, og i tillegg s\u00e5 f\u00e5r eg utfordringar som\nstyrkjer trua mi og som l\u00e6rer meg meir om kver eg er som person. <\/p>\n\n\n\n<p><em>Korleis opplever du det \u00e5 f\u00e5 koma til Stemnestaden?<\/em><\/p>\n\n\n\n<p>&#8211;\nDet er som \u00e5 koma heim! Eg kunne ha budd der om det var mogleg. <\/p>\n\n\n\n<p>&#8211; \u00c5 koma til Stemnestaden er\nsom \u00e5 koma heim! Eg plar kalla Stemnestaden for min andre heim. Det er ein god\nplass \u00e5 koma til, og i tillegg til \u00e5 vera leirleiar s\u00e5 jobbar eg p\u00e5 kj\u00f8kkenet\np\u00e5 Stemnestaden, som gjer at eg er der mykje utanom leir og. <\/p>\n\n\n\n<p><em>Korleis er det \u00e5 vera ein del av leirleiarmilj\u00f8et p\u00e5 Stemnestaden?<\/em><\/p>\n\n\n\n<p>&#8211;\nDei er som min andre familie. Eg er s\u00e5 ekstremt glad i dei alle, og me har eit\nutruleg sterkt band. Me er ikkje berre ilag p\u00e5 leirar, me pr\u00f8ver og \u00e5 finna p\u00e5\nting saman ein del utanom. Me har blant anna tradisjon for \u00e5 feira nytt\u00e5r ilag.\n<\/p>\n\n\n\n<p>&#8211; Leirleiarmilj\u00f8et p\u00e5\nStemnestaden er som ein familie. D\u00e5 eg blei med som leirleiar var det godt \u00e5\nkjenna at eg var komen til ein plass kor det er lov \u00e5 vera kristen, uansett om\nein er sterk eller svak i trua. Eg f\u00f8ler meg s\u00e5 heldig som f\u00e5r vera ein del av\ndette milj\u00f8et fordi sj\u00f8lv om vi alle er ulike s\u00e5 er vi alle samansveisa. Eg\ngruar meg aldri til \u00e5 finna ut kven eg skal vera leiar saman med p\u00e5 leirar\nfordi uansett kven eg skal p\u00e5 leir med s\u00e5 veit eg at eg vil f\u00f8la meg inkludert\nog tatt vare p\u00e5. At vi har f\u00e5tt dette gode milj\u00f8et betyr mykje for mange,\nderfor har vi ogs\u00e5 f\u00e5tt fleire med oss som leirleiarar nettopp fordi dei har\nh\u00f8yrt s\u00e5 mykje bra om leirane p\u00e5 Stemnestaden og det er derfro vi jobbar for \u00e5\nhalda milj\u00f8et godt og samansveisa med at vi finn p\u00e5 ting utanom leir som \u00e5\nfeira nytt\u00e5r saman og gjera andre ting. <\/p>\n\n\n\n<p><em>Elles noko du vil tilf\u00f8ye?<\/em><\/p>\n\n\n\n<p>&#8211; Me held og kontakt n\u00e6rmast\ndagleg gjennom sosiale medier. <\/p>\n<\/div>","protected":false},"excerpt":{"rendered":"<p>Tekst\/bilde: Kjersti H Bjerga P\u00e5 Stemnestaden har me mange engasjerte flotte ungdommar. Mange av dei er leirleiarar, og her kjem eit intervju med to som [&hellip;]<\/p>\n","protected":false},"author":20,"featured_media":1817,"comment_status":"closed","ping_status":"closed","sticky":false,"template":"","format":"standard","meta":{"_acf_changed":false,"footnotes":""},"categories":[21],"tags":[33],"class_list":["post-1816","post","type-post","status-publish","format-standard","has-post-thumbnail","hentry","category-nyheter","tag-leir"],"acf":[],"yoast_head":"<!-- This site is optimized with the Yoast SEO plugin v25.9 - https:\/\/yoast.com\/wordpress\/plugins\/seo\/ -->\n<title>To av dei unike - Region Rogaland<\/title>\n<meta name=\"robots\" content=\"index, follow, max-snippet:-1, max-image-preview:large, max-video-preview:-1\" \/>\n<link rel=\"canonical\" href=\"https:\/\/www.normisjon.no\/rogaland\/2018\/09\/03\/to-av-dei-unike\/\" \/>\n<meta property=\"og:locale\" content=\"nb_NO\" \/>\n<meta property=\"og:type\" content=\"article\" \/>\n<meta property=\"og:title\" content=\"To av dei unike - Region Rogaland\" \/>\n<meta property=\"og:description\" content=\"Tekst\/bilde: Kjersti H Bjerga P\u00e5 Stemnestaden har me mange engasjerte flotte ungdommar. Mange av dei er leirleiarar, og her kjem eit intervju med to som [&hellip;]\" \/>\n<meta property=\"og:url\" content=\"https:\/\/www.normisjon.no\/rogaland\/2018\/09\/03\/to-av-dei-unike\/\" \/>\n<meta property=\"og:site_name\" content=\"Region Rogaland\" \/>\n<meta property=\"article:published_time\" content=\"2018-09-03T07:45:19+00:00\" \/>\n<meta property=\"article:modified_time\" content=\"2018-09-03T07:46:41+00:00\" \/>\n<meta property=\"og:image\" content=\"https:\/\/www.normisjon.no\/content\/uploads\/sites\/18\/2018\/09\/10-Elise-Fr\u00f8nsdal-\u00d8ien-og-Henrikke-Sandh\u00e5land.jpg\" \/>\n\t<meta property=\"og:image:width\" content=\"1280\" \/>\n\t<meta property=\"og:image:height\" content=\"704\" \/>\n\t<meta property=\"og:image:type\" content=\"image\/jpeg\" \/>\n<meta name=\"author\" content=\"roar\" \/>\n<meta name=\"twitter:card\" content=\"summary_large_image\" \/>\n<meta name=\"twitter:label1\" content=\"Skrevet av\" \/>\n\t<meta name=\"twitter:data1\" content=\"roar\" \/>\n\t<meta name=\"twitter:label2\" content=\"Ansl. lesetid\" \/>\n\t<meta name=\"twitter:data2\" content=\"3 minutter\" \/>\n<script type=\"application\/ld+json\" class=\"yoast-schema-graph\">{\"@context\":\"https:\/\/schema.org\",\"@graph\":[{\"@type\":\"WebPage\",\"@id\":\"https:\/\/www.normisjon.no\/rogaland\/2018\/09\/03\/to-av-dei-unike\/\",\"url\":\"https:\/\/www.normisjon.no\/rogaland\/2018\/09\/03\/to-av-dei-unike\/\",\"name\":\"To av dei unike - Region Rogaland\",\"isPartOf\":{\"@id\":\"https:\/\/www.normisjon.no\/rogaland\/#website\"},\"primaryImageOfPage\":{\"@id\":\"https:\/\/www.normisjon.no\/rogaland\/2018\/09\/03\/to-av-dei-unike\/#primaryimage\"},\"image\":{\"@id\":\"https:\/\/www.normisjon.no\/rogaland\/2018\/09\/03\/to-av-dei-unike\/#primaryimage\"},\"thumbnailUrl\":\"https:\/\/www.normisjon.no\/content\/uploads\/sites\/18\/2018\/09\/10-Elise-Fr\u00f8nsdal-\u00d8ien-og-Henrikke-Sandh\u00e5land.jpg\",\"datePublished\":\"2018-09-03T07:45:19+00:00\",\"dateModified\":\"2018-09-03T07:46:41+00:00\",\"author\":{\"@id\":\"https:\/\/www.normisjon.no\/rogaland\/#\/schema\/person\/cb866e2d3dfec81378b5c838b767fbf7\"},\"breadcrumb\":{\"@id\":\"https:\/\/www.normisjon.no\/rogaland\/2018\/09\/03\/to-av-dei-unike\/#breadcrumb\"},\"inLanguage\":\"nb-NO\",\"potentialAction\":[{\"@type\":\"ReadAction\",\"target\":[\"https:\/\/www.normisjon.no\/rogaland\/2018\/09\/03\/to-av-dei-unike\/\"]}]},{\"@type\":\"ImageObject\",\"inLanguage\":\"nb-NO\",\"@id\":\"https:\/\/www.normisjon.no\/rogaland\/2018\/09\/03\/to-av-dei-unike\/#primaryimage\",\"url\":\"https:\/\/www.normisjon.no\/content\/uploads\/sites\/18\/2018\/09\/10-Elise-Fr\u00f8nsdal-\u00d8ien-og-Henrikke-Sandh\u00e5land.jpg\",\"contentUrl\":\"https:\/\/www.normisjon.no\/content\/uploads\/sites\/18\/2018\/09\/10-Elise-Fr\u00f8nsdal-\u00d8ien-og-Henrikke-Sandh\u00e5land.jpg\",\"width\":1280,\"height\":704},{\"@type\":\"BreadcrumbList\",\"@id\":\"https:\/\/www.normisjon.no\/rogaland\/2018\/09\/03\/to-av-dei-unike\/#breadcrumb\",\"itemListElement\":[{\"@type\":\"ListItem\",\"position\":1,\"name\":\"Home\",\"item\":\"https:\/\/www.normisjon.no\/rogaland\/\"},{\"@type\":\"ListItem\",\"position\":2,\"name\":\"To av dei unike\"}]},{\"@type\":\"WebSite\",\"@id\":\"https:\/\/www.normisjon.no\/rogaland\/#website\",\"url\":\"https:\/\/www.normisjon.no\/rogaland\/\",\"name\":\"Region Rogaland\",\"description\":\"\",\"potentialAction\":[{\"@type\":\"SearchAction\",\"target\":{\"@type\":\"EntryPoint\",\"urlTemplate\":\"https:\/\/www.normisjon.no\/rogaland\/?s={search_term_string}\"},\"query-input\":{\"@type\":\"PropertyValueSpecification\",\"valueRequired\":true,\"valueName\":\"search_term_string\"}}],\"inLanguage\":\"nb-NO\"},{\"@type\":\"Person\",\"@id\":\"https:\/\/www.normisjon.no\/rogaland\/#\/schema\/person\/cb866e2d3dfec81378b5c838b767fbf7\",\"name\":\"roar\",\"image\":{\"@type\":\"ImageObject\",\"inLanguage\":\"nb-NO\",\"@id\":\"https:\/\/www.normisjon.no\/rogaland\/#\/schema\/person\/image\/\",\"url\":\"https:\/\/secure.gravatar.com\/avatar\/f0917b143ffde67ae03d754d69a1f910c10e22105027d7fcdda7cd6abc1e087a?s=96&d=mm&r=g\",\"contentUrl\":\"https:\/\/secure.gravatar.com\/avatar\/f0917b143ffde67ae03d754d69a1f910c10e22105027d7fcdda7cd6abc1e087a?s=96&d=mm&r=g\",\"caption\":\"roar\"},\"url\":\"https:\/\/www.normisjon.no\/rogaland\/author\/roar\/\"}]}<\/script>\n<!-- \/ Yoast SEO plugin. -->","yoast_head_json":{"title":"To av dei unike - Region Rogaland","robots":{"index":"index","follow":"follow","max-snippet":"max-snippet:-1","max-image-preview":"max-image-preview:large","max-video-preview":"max-video-preview:-1"},"canonical":"https:\/\/www.normisjon.no\/rogaland\/2018\/09\/03\/to-av-dei-unike\/","og_locale":"nb_NO","og_type":"article","og_title":"To av dei unike - Region Rogaland","og_description":"Tekst\/bilde: Kjersti H Bjerga P\u00e5 Stemnestaden har me mange engasjerte flotte ungdommar. Mange av dei er leirleiarar, og her kjem eit intervju med to som [&hellip;]","og_url":"https:\/\/www.normisjon.no\/rogaland\/2018\/09\/03\/to-av-dei-unike\/","og_site_name":"Region Rogaland","article_published_time":"2018-09-03T07:45:19+00:00","article_modified_time":"2018-09-03T07:46:41+00:00","og_image":[{"width":1280,"height":704,"url":"https:\/\/www.normisjon.no\/content\/uploads\/sites\/18\/2018\/09\/10-Elise-Fr\u00f8nsdal-\u00d8ien-og-Henrikke-Sandh\u00e5land.jpg","type":"image\/jpeg"}],"author":"roar","twitter_card":"summary_large_image","twitter_misc":{"Skrevet av":"roar","Ansl. lesetid":"3 minutter"},"schema":{"@context":"https:\/\/schema.org","@graph":[{"@type":"WebPage","@id":"https:\/\/www.normisjon.no\/rogaland\/2018\/09\/03\/to-av-dei-unike\/","url":"https:\/\/www.normisjon.no\/rogaland\/2018\/09\/03\/to-av-dei-unike\/","name":"To av dei unike - Region Rogaland","isPartOf":{"@id":"https:\/\/www.normisjon.no\/rogaland\/#website"},"primaryImageOfPage":{"@id":"https:\/\/www.normisjon.no\/rogaland\/2018\/09\/03\/to-av-dei-unike\/#primaryimage"},"image":{"@id":"https:\/\/www.normisjon.no\/rogaland\/2018\/09\/03\/to-av-dei-unike\/#primaryimage"},"thumbnailUrl":"https:\/\/www.normisjon.no\/content\/uploads\/sites\/18\/2018\/09\/10-Elise-Fr\u00f8nsdal-\u00d8ien-og-Henrikke-Sandh\u00e5land.jpg","datePublished":"2018-09-03T07:45:19+00:00","dateModified":"2018-09-03T07:46:41+00:00","author":{"@id":"https:\/\/www.normisjon.no\/rogaland\/#\/schema\/person\/cb866e2d3dfec81378b5c838b767fbf7"},"breadcrumb":{"@id":"https:\/\/www.normisjon.no\/rogaland\/2018\/09\/03\/to-av-dei-unike\/#breadcrumb"},"inLanguage":"nb-NO","potentialAction":[{"@type":"ReadAction","target":["https:\/\/www.normisjon.no\/rogaland\/2018\/09\/03\/to-av-dei-unike\/"]}]},{"@type":"ImageObject","inLanguage":"nb-NO","@id":"https:\/\/www.normisjon.no\/rogaland\/2018\/09\/03\/to-av-dei-unike\/#primaryimage","url":"https:\/\/www.normisjon.no\/content\/uploads\/sites\/18\/2018\/09\/10-Elise-Fr\u00f8nsdal-\u00d8ien-og-Henrikke-Sandh\u00e5land.jpg","contentUrl":"https:\/\/www.normisjon.no\/content\/uploads\/sites\/18\/2018\/09\/10-Elise-Fr\u00f8nsdal-\u00d8ien-og-Henrikke-Sandh\u00e5land.jpg","width":1280,"height":704},{"@type":"BreadcrumbList","@id":"https:\/\/www.normisjon.no\/rogaland\/2018\/09\/03\/to-av-dei-unike\/#breadcrumb","itemListElement":[{"@type":"ListItem","position":1,"name":"Home","item":"https:\/\/www.normisjon.no\/rogaland\/"},{"@type":"ListItem","position":2,"name":"To av dei unike"}]},{"@type":"WebSite","@id":"https:\/\/www.normisjon.no\/rogaland\/#website","url":"https:\/\/www.normisjon.no\/rogaland\/","name":"Region Rogaland","description":"","potentialAction":[{"@type":"SearchAction","target":{"@type":"EntryPoint","urlTemplate":"https:\/\/www.normisjon.no\/rogaland\/?s={search_term_string}"},"query-input":{"@type":"PropertyValueSpecification","valueRequired":true,"valueName":"search_term_string"}}],"inLanguage":"nb-NO"},{"@type":"Person","@id":"https:\/\/www.normisjon.no\/rogaland\/#\/schema\/person\/cb866e2d3dfec81378b5c838b767fbf7","name":"roar","image":{"@type":"ImageObject","inLanguage":"nb-NO","@id":"https:\/\/www.normisjon.no\/rogaland\/#\/schema\/person\/image\/","url":"https:\/\/secure.gravatar.com\/avatar\/f0917b143ffde67ae03d754d69a1f910c10e22105027d7fcdda7cd6abc1e087a?s=96&d=mm&r=g","contentUrl":"https:\/\/secure.gravatar.com\/avatar\/f0917b143ffde67ae03d754d69a1f910c10e22105027d7fcdda7cd6abc1e087a?s=96&d=mm&r=g","caption":"roar"},"url":"https:\/\/www.normisjon.no\/rogaland\/author\/roar\/"}]}},"_links":{"self":[{"href":"https:\/\/www.normisjon.no\/rogaland\/wp-json\/wp\/v2\/posts\/1816","targetHints":{"allow":["GET"]}}],"collection":[{"href":"https:\/\/www.normisjon.no\/rogaland\/wp-json\/wp\/v2\/posts"}],"about":[{"href":"https:\/\/www.normisjon.no\/rogaland\/wp-json\/wp\/v2\/types\/post"}],"author":[{"embeddable":true,"href":"https:\/\/www.normisjon.no\/rogaland\/wp-json\/wp\/v2\/users\/20"}],"replies":[{"embeddable":true,"href":"https:\/\/www.normisjon.no\/rogaland\/wp-json\/wp\/v2\/comments?post=1816"}],"version-history":[{"count":2,"href":"https:\/\/www.normisjon.no\/rogaland\/wp-json\/wp\/v2\/posts\/1816\/revisions"}],"predecessor-version":[{"id":1819,"href":"https:\/\/www.normisjon.no\/rogaland\/wp-json\/wp\/v2\/posts\/1816\/revisions\/1819"}],"wp:featuredmedia":[{"embeddable":true,"href":"https:\/\/www.normisjon.no\/rogaland\/wp-json\/wp\/v2\/media\/1817"}],"wp:attachment":[{"href":"https:\/\/www.normisjon.no\/rogaland\/wp-json\/wp\/v2\/media?parent=1816"}],"wp:term":[{"taxonomy":"category","embeddable":true,"href":"https:\/\/www.normisjon.no\/rogaland\/wp-json\/wp\/v2\/categories?post=1816"},{"taxonomy":"post_tag","embeddable":true,"href":"https:\/\/www.normisjon.no\/rogaland\/wp-json\/wp\/v2\/tags?post=1816"}],"curies":[{"name":"wp","href":"https:\/\/api.w.org\/{rel}","templated":true}]}}