{"id":207,"date":"2018-05-02T20:17:51","date_gmt":"2018-05-02T18:17:51","guid":{"rendered":"https:\/\/www.normisjon.no\/region-rogaland\/?p=207"},"modified":"2018-05-28T14:39:33","modified_gmt":"2018-05-28T12:39:33","slug":"paskehilsen-pa-etterskudd","status":"publish","type":"post","link":"https:\/\/www.normisjon.no\/rogaland\/2018\/05\/02\/paskehilsen-pa-etterskudd\/","title":{"rendered":"P\u00e5skehilsen p\u00e5 etterskudd"},"content":{"rendered":"<div class=\"entry-content alignfull wp-block-post-content has-global-padding is-layout-constrained wp-block-post-content-is-layout-constrained\">\n<p>Tekst\/foto:\u00a0M\u00f8yfrid og Kristian Moskvil<\/p>\n\n\n\n<figure class=\"wp-block-image\"><img loading=\"lazy\" decoding=\"async\" width=\"1200\" height=\"800\" src=\"https:\/\/www.normisjon.no\/content\/uploads\/sites\/18\/2018\/05\/DSC_0058.jpg\" alt=\"\" class=\"wp-image-211\" srcset=\"https:\/\/www.normisjon.no\/content\/uploads\/sites\/18\/2018\/05\/DSC_0058.jpg 1200w, https:\/\/www.normisjon.no\/content\/uploads\/sites\/18\/2018\/05\/DSC_0058-300x200.jpg 300w, https:\/\/www.normisjon.no\/content\/uploads\/sites\/18\/2018\/05\/DSC_0058-768x512.jpg 768w, https:\/\/www.normisjon.no\/content\/uploads\/sites\/18\/2018\/05\/DSC_0058-1024x683.jpg 1024w\" sizes=\"auto, (max-width: 1200px) 100vw, 1200px\" \/><\/figure>\n\n\n\n<p class=\"wp-block-subhead\">Det har v\u00e6rt p\u00e5ske, og p\u00e5skeferie. P\u00e5 sosiale medier blir vi over\u00f8st med bilder av sn\u00f8dekte topper og kvikklunsj-pauser i sn\u00f8en. Vi har hatt ferien med kysten. Strand, sj\u00f8 og basseng. Gir fristende bilder det ogs\u00e5.. MEN p\u00e5ske er jo f\u00f8rst og fremst en tid for \u00e5 feire at Jesus har vunnet over d\u00f8den og alt det vonde. Vi har H\u00c5P i m\u00f8te med all smerte i denne verden \u2013 og det er fantastisk! Her kan du lese om en av v\u00e5re venner som ikke har h\u00f8rt slutten av p\u00e5skefortellingen. Da gir det mer lyst til \u00e5 gr\u00e5te enn \u00e5 feste og feire. Men vi har all grunn til p\u00e5skeFEST! ?<\/p>\n\n\n\n<p>\u00abHver gang jeg tenker p\u00e5 det har jeg lyst \u00e5 gr\u00e5te\u00bb<\/p>\n\n\n\n<p>Vi holder som mange av dere vet p\u00e5 med et opplegg p\u00e5 malink\u00e9. Opplegget tar for seg den store fortellingen vi finner i bibelen. Den begynner med begynnelsen, og tar for seg 55 mindre historier, som til sammen utgj\u00f8r den store fortellingen om Gud. Jeg (M\u00f8yfrid) har jobbet mye med disse bibelhistoriene sammen med spr\u00e5khjelperen min, ei venninne fra landsbyen der vi bodde i 2014. F\u00f8r vi reiste hjem i h\u00f8st var vi kommet til historien hvor Jesus d\u00f8r. Den dagen vi jobbet med denne historien ble b\u00e5de amputert og ukonsentrert da spr\u00e5kl\u00e6reren hadde en syk baby som gr\u00e5t, hostet og hadde feber, og som vi tilslutt tok med en tur p\u00e5 sykehuset. Da vi fortsatte arbeidet n\u00e5 i januar valgte vi \u00e5 begynne forfra igjen. N\u00e5 n\u00e6rmer vi oss igjen historien hvor Jesus d\u00f8r. Forrige gang vi var sammen sa spr\u00e5kl\u00e6reren: \u00abEr det ikke slik at Jesus d\u00f8r??? Jeg syns jeg husker at folk ropte: korsfest, korsfest, og at han d\u00f8de. Var det s\u00e5nn? Jeg har tenkt s\u00e5 mange ganger p\u00e5 det det siste halve \u00e5ret, og n\u00e5r jeg tenker p\u00e5 det, s\u00e5 m\u00e5 jeg nesten gr\u00e5te..\u00bb<\/p>\n\n\n\n<figure class=\"wp-block-image\"><img loading=\"lazy\" decoding=\"async\" width=\"1200\" height=\"900\" src=\"https:\/\/www.normisjon.no\/content\/uploads\/sites\/18\/2018\/05\/P1030638.jpg\" alt=\"\" class=\"wp-image-215\" srcset=\"https:\/\/www.normisjon.no\/content\/uploads\/sites\/18\/2018\/05\/P1030638.jpg 1200w, https:\/\/www.normisjon.no\/content\/uploads\/sites\/18\/2018\/05\/P1030638-300x225.jpg 300w, https:\/\/www.normisjon.no\/content\/uploads\/sites\/18\/2018\/05\/P1030638-768x576.jpg 768w, https:\/\/www.normisjon.no\/content\/uploads\/sites\/18\/2018\/05\/P1030638-1024x768.jpg 1024w\" sizes=\"auto, (max-width: 1200px) 100vw, 1200px\" \/><\/figure>\n\n\n\n<p>Det er s\u00e5 fantastisk at historien ikke slutter der. Om et par uker skal vi g\u00e5 gjennom resten av historien. Det gleder jeg meg til!<\/p>\n\n\n\n<p>p\u00e5skebilder fra Hverdagen<\/p>\n\n\n\n<p>Det er lett \u00e5 se et \u00abglansbilde\u00bb av andres hverdag, s\u00e6rlig i v\u00e5r tid med sosiale medier. Om en sitter i Senegal og ser p\u00e5skebilder av sn\u00f8dekte topper og skispor, eller om en sitter i Norge og ser bilder av oss som p\u00e5 p\u00e5skeferie drar til kysten og nyter strandliv eller sitter med bena i bassenget. Men hverdag er stor sett hverdag uansett hvor en er \u2013 og andre folks hverdag er sjelden helt s\u00e5nn de ser ut p\u00e5 bilder. En tar jo som regel ikke bilde av klabbene under skia, eller det d\u00e5rlige hum\u00f8ret da alle var sultne og kalde og tr\u00f8tte. Og det er vanskelig for oss \u00e5 gi et bilde av hva det gj\u00f8r med hum\u00f8ret p\u00e5 b\u00e5de store og sm\u00e5 n\u00e5r en er varm, det er mellom 40 og 50 grader i skyggen, en er stadig litt dehydrert, og alle mangler b\u00e5de t\u00e5lmodighet og overskudd til hverandre. S\u00e5 hverdag er n\u00e5 oftest hverdag, med godt hum\u00f8r og d\u00e5rlig hum\u00f8r,\u00a0 og oppturer og nedturer. Men husk:\u00a0<em>\u00aballe disse dagene som kom og gikk, ikke visste jeg at det var selve livet.\u00bb\u00a0<\/em><\/p>\n\n\n\n<p>S\u00e5 godt p\u00e5 etterskudd:\u00a0<strong>God p\u00e5ske alle sammen<\/strong>! Ta med H\u00c5PET og GLEDEN og N\u00c5DEN fra p\u00e5skefortellingen del 2 inn i\u00a0hverdagen!<\/p>\n\n\n\n<h4 class=\"wp-block-heading\">V\u00e6r med \u00e5 be<\/h4>\n\n\n\n<ul class=\"wp-block-list\">\n\t<li>Be for naboer og venner her i \u00d8st-Senegal. At Gud m\u00e5 m\u00f8te mennesker og at de m\u00e5 forst\u00e5 hvem han er, og hvor h\u00f8yt de er elsket.<\/li>\n\t<li>Takk for at vi f\u00e5r v\u00e6re et team i Senegal. Be for teamfellesskap, b\u00e5de som arbeidsfellesskap, som venner og som \u00e5ndelig fellesskap, be om felles visjoner for arbeidet, ledelse og visdom i veien videre sammen.<\/li>\n\t<li>Be for barna v\u00e5re \u2013at de f\u00e5r v\u00e6re friske og trives b\u00e5de i en hverdag i Norge og i en hverdag i Senegal.<\/li>\n<\/ul>\n\n\n\n<h4 class=\"wp-block-heading\">Tusen takk for alle b\u00f8nner dere sender opp \u2013 til en stor Gud \u2013 som kan gj\u00f8re uendelig mye mer enn vi ber om og forst\u00e5r!!<\/h4>\n\n\n\n<p>Masse hilsener fra<\/p>\n\n\n\n<p>m\u00f8yfrid \u00a0og kristian moskvil<\/p>\n\n\n\n<p>Om du vil ha det m\u00e5nedlige nyhetsbrevet v\u00e5rt p\u00e5 mail, s\u00e5 send oss e-post-adressen din!<\/p>\n\n\n\n<p>Hvis du vil v\u00e6re med \u00e5 st\u00f8tte arbeidet \u00f8konomisk:\u00a0 kontonr: 1503.02.13537\u00a0 Merk med prosjektnummer og\/eller prosjektnavn: 12159521 \u2013 Pionerarbeid i Senegal eller send oss en mail og f\u00e5 tilsendt en blankett for\u00a0fast givertjeneste\u00a0som jo er veldig praktisk.<\/p>\n<\/div>","protected":false},"excerpt":{"rendered":"<p>Tekst\/foto:\u00a0M\u00f8yfrid og Kristian Moskvil \u00abHver gang jeg tenker p\u00e5 det har jeg lyst \u00e5 gr\u00e5te\u00bb Vi holder som mange av dere vet p\u00e5 med et [&hellip;]<\/p>\n","protected":false},"author":20,"featured_media":211,"comment_status":"closed","ping_status":"closed","sticky":false,"template":"","format":"standard","meta":{"_acf_changed":false,"footnotes":""},"categories":[21],"tags":[11],"class_list":["post-207","post","type-post","status-publish","format-standard","has-post-thumbnail","hentry","category-nyheter","tag-senegal"],"acf":[],"yoast_head":"<!-- This site is optimized with the Yoast SEO plugin v25.9 - https:\/\/yoast.com\/wordpress\/plugins\/seo\/ -->\n<title>P\u00e5skehilsen p\u00e5 etterskudd - Region Rogaland<\/title>\n<meta name=\"robots\" content=\"index, follow, max-snippet:-1, max-image-preview:large, max-video-preview:-1\" \/>\n<link rel=\"canonical\" href=\"https:\/\/www.normisjon.no\/rogaland\/2018\/05\/02\/paskehilsen-pa-etterskudd\/\" \/>\n<meta property=\"og:locale\" content=\"nb_NO\" \/>\n<meta property=\"og:type\" content=\"article\" \/>\n<meta property=\"og:title\" content=\"P\u00e5skehilsen p\u00e5 etterskudd - Region Rogaland\" \/>\n<meta property=\"og:description\" content=\"Tekst\/foto:\u00a0M\u00f8yfrid og Kristian Moskvil \u00abHver gang jeg tenker p\u00e5 det har jeg lyst \u00e5 gr\u00e5te\u00bb Vi holder som mange av dere vet p\u00e5 med et [&hellip;]\" \/>\n<meta property=\"og:url\" content=\"https:\/\/www.normisjon.no\/rogaland\/2018\/05\/02\/paskehilsen-pa-etterskudd\/\" \/>\n<meta property=\"og:site_name\" content=\"Region Rogaland\" \/>\n<meta property=\"article:published_time\" content=\"2018-05-02T18:17:51+00:00\" \/>\n<meta property=\"article:modified_time\" content=\"2018-05-28T12:39:33+00:00\" \/>\n<meta property=\"og:image\" content=\"https:\/\/www.normisjon.no\/content\/uploads\/sites\/18\/2018\/05\/DSC_0058.jpg\" \/>\n\t<meta property=\"og:image:width\" content=\"1200\" \/>\n\t<meta property=\"og:image:height\" content=\"800\" \/>\n\t<meta property=\"og:image:type\" content=\"image\/jpeg\" \/>\n<meta name=\"author\" content=\"roar\" \/>\n<meta name=\"twitter:card\" content=\"summary_large_image\" \/>\n<meta name=\"twitter:label1\" content=\"Skrevet av\" \/>\n\t<meta name=\"twitter:data1\" content=\"roar\" \/>\n\t<meta name=\"twitter:label2\" content=\"Ansl. lesetid\" \/>\n\t<meta name=\"twitter:data2\" content=\"4 minutter\" \/>\n<script type=\"application\/ld+json\" class=\"yoast-schema-graph\">{\"@context\":\"https:\/\/schema.org\",\"@graph\":[{\"@type\":\"WebPage\",\"@id\":\"https:\/\/www.normisjon.no\/rogaland\/2018\/05\/02\/paskehilsen-pa-etterskudd\/\",\"url\":\"https:\/\/www.normisjon.no\/rogaland\/2018\/05\/02\/paskehilsen-pa-etterskudd\/\",\"name\":\"P\u00e5skehilsen p\u00e5 etterskudd - Region Rogaland\",\"isPartOf\":{\"@id\":\"https:\/\/www.normisjon.no\/rogaland\/#website\"},\"primaryImageOfPage\":{\"@id\":\"https:\/\/www.normisjon.no\/rogaland\/2018\/05\/02\/paskehilsen-pa-etterskudd\/#primaryimage\"},\"image\":{\"@id\":\"https:\/\/www.normisjon.no\/rogaland\/2018\/05\/02\/paskehilsen-pa-etterskudd\/#primaryimage\"},\"thumbnailUrl\":\"https:\/\/www.normisjon.no\/content\/uploads\/sites\/18\/2018\/05\/DSC_0058.jpg\",\"datePublished\":\"2018-05-02T18:17:51+00:00\",\"dateModified\":\"2018-05-28T12:39:33+00:00\",\"author\":{\"@id\":\"https:\/\/www.normisjon.no\/rogaland\/#\/schema\/person\/cb866e2d3dfec81378b5c838b767fbf7\"},\"breadcrumb\":{\"@id\":\"https:\/\/www.normisjon.no\/rogaland\/2018\/05\/02\/paskehilsen-pa-etterskudd\/#breadcrumb\"},\"inLanguage\":\"nb-NO\",\"potentialAction\":[{\"@type\":\"ReadAction\",\"target\":[\"https:\/\/www.normisjon.no\/rogaland\/2018\/05\/02\/paskehilsen-pa-etterskudd\/\"]}]},{\"@type\":\"ImageObject\",\"inLanguage\":\"nb-NO\",\"@id\":\"https:\/\/www.normisjon.no\/rogaland\/2018\/05\/02\/paskehilsen-pa-etterskudd\/#primaryimage\",\"url\":\"https:\/\/www.normisjon.no\/content\/uploads\/sites\/18\/2018\/05\/DSC_0058.jpg\",\"contentUrl\":\"https:\/\/www.normisjon.no\/content\/uploads\/sites\/18\/2018\/05\/DSC_0058.jpg\",\"width\":1200,\"height\":800},{\"@type\":\"BreadcrumbList\",\"@id\":\"https:\/\/www.normisjon.no\/rogaland\/2018\/05\/02\/paskehilsen-pa-etterskudd\/#breadcrumb\",\"itemListElement\":[{\"@type\":\"ListItem\",\"position\":1,\"name\":\"Home\",\"item\":\"https:\/\/www.normisjon.no\/rogaland\/\"},{\"@type\":\"ListItem\",\"position\":2,\"name\":\"P\u00e5skehilsen p\u00e5 etterskudd\"}]},{\"@type\":\"WebSite\",\"@id\":\"https:\/\/www.normisjon.no\/rogaland\/#website\",\"url\":\"https:\/\/www.normisjon.no\/rogaland\/\",\"name\":\"Region Rogaland\",\"description\":\"\",\"potentialAction\":[{\"@type\":\"SearchAction\",\"target\":{\"@type\":\"EntryPoint\",\"urlTemplate\":\"https:\/\/www.normisjon.no\/rogaland\/?s={search_term_string}\"},\"query-input\":{\"@type\":\"PropertyValueSpecification\",\"valueRequired\":true,\"valueName\":\"search_term_string\"}}],\"inLanguage\":\"nb-NO\"},{\"@type\":\"Person\",\"@id\":\"https:\/\/www.normisjon.no\/rogaland\/#\/schema\/person\/cb866e2d3dfec81378b5c838b767fbf7\",\"name\":\"roar\",\"image\":{\"@type\":\"ImageObject\",\"inLanguage\":\"nb-NO\",\"@id\":\"https:\/\/www.normisjon.no\/rogaland\/#\/schema\/person\/image\/\",\"url\":\"https:\/\/secure.gravatar.com\/avatar\/f0917b143ffde67ae03d754d69a1f910c10e22105027d7fcdda7cd6abc1e087a?s=96&d=mm&r=g\",\"contentUrl\":\"https:\/\/secure.gravatar.com\/avatar\/f0917b143ffde67ae03d754d69a1f910c10e22105027d7fcdda7cd6abc1e087a?s=96&d=mm&r=g\",\"caption\":\"roar\"},\"url\":\"https:\/\/www.normisjon.no\/rogaland\/author\/roar\/\"}]}<\/script>\n<!-- \/ Yoast SEO plugin. -->","yoast_head_json":{"title":"P\u00e5skehilsen p\u00e5 etterskudd - Region Rogaland","robots":{"index":"index","follow":"follow","max-snippet":"max-snippet:-1","max-image-preview":"max-image-preview:large","max-video-preview":"max-video-preview:-1"},"canonical":"https:\/\/www.normisjon.no\/rogaland\/2018\/05\/02\/paskehilsen-pa-etterskudd\/","og_locale":"nb_NO","og_type":"article","og_title":"P\u00e5skehilsen p\u00e5 etterskudd - Region Rogaland","og_description":"Tekst\/foto:\u00a0M\u00f8yfrid og Kristian Moskvil \u00abHver gang jeg tenker p\u00e5 det har jeg lyst \u00e5 gr\u00e5te\u00bb Vi holder som mange av dere vet p\u00e5 med et [&hellip;]","og_url":"https:\/\/www.normisjon.no\/rogaland\/2018\/05\/02\/paskehilsen-pa-etterskudd\/","og_site_name":"Region Rogaland","article_published_time":"2018-05-02T18:17:51+00:00","article_modified_time":"2018-05-28T12:39:33+00:00","og_image":[{"width":1200,"height":800,"url":"https:\/\/www.normisjon.no\/content\/uploads\/sites\/18\/2018\/05\/DSC_0058.jpg","type":"image\/jpeg"}],"author":"roar","twitter_card":"summary_large_image","twitter_misc":{"Skrevet av":"roar","Ansl. lesetid":"4 minutter"},"schema":{"@context":"https:\/\/schema.org","@graph":[{"@type":"WebPage","@id":"https:\/\/www.normisjon.no\/rogaland\/2018\/05\/02\/paskehilsen-pa-etterskudd\/","url":"https:\/\/www.normisjon.no\/rogaland\/2018\/05\/02\/paskehilsen-pa-etterskudd\/","name":"P\u00e5skehilsen p\u00e5 etterskudd - Region Rogaland","isPartOf":{"@id":"https:\/\/www.normisjon.no\/rogaland\/#website"},"primaryImageOfPage":{"@id":"https:\/\/www.normisjon.no\/rogaland\/2018\/05\/02\/paskehilsen-pa-etterskudd\/#primaryimage"},"image":{"@id":"https:\/\/www.normisjon.no\/rogaland\/2018\/05\/02\/paskehilsen-pa-etterskudd\/#primaryimage"},"thumbnailUrl":"https:\/\/www.normisjon.no\/content\/uploads\/sites\/18\/2018\/05\/DSC_0058.jpg","datePublished":"2018-05-02T18:17:51+00:00","dateModified":"2018-05-28T12:39:33+00:00","author":{"@id":"https:\/\/www.normisjon.no\/rogaland\/#\/schema\/person\/cb866e2d3dfec81378b5c838b767fbf7"},"breadcrumb":{"@id":"https:\/\/www.normisjon.no\/rogaland\/2018\/05\/02\/paskehilsen-pa-etterskudd\/#breadcrumb"},"inLanguage":"nb-NO","potentialAction":[{"@type":"ReadAction","target":["https:\/\/www.normisjon.no\/rogaland\/2018\/05\/02\/paskehilsen-pa-etterskudd\/"]}]},{"@type":"ImageObject","inLanguage":"nb-NO","@id":"https:\/\/www.normisjon.no\/rogaland\/2018\/05\/02\/paskehilsen-pa-etterskudd\/#primaryimage","url":"https:\/\/www.normisjon.no\/content\/uploads\/sites\/18\/2018\/05\/DSC_0058.jpg","contentUrl":"https:\/\/www.normisjon.no\/content\/uploads\/sites\/18\/2018\/05\/DSC_0058.jpg","width":1200,"height":800},{"@type":"BreadcrumbList","@id":"https:\/\/www.normisjon.no\/rogaland\/2018\/05\/02\/paskehilsen-pa-etterskudd\/#breadcrumb","itemListElement":[{"@type":"ListItem","position":1,"name":"Home","item":"https:\/\/www.normisjon.no\/rogaland\/"},{"@type":"ListItem","position":2,"name":"P\u00e5skehilsen p\u00e5 etterskudd"}]},{"@type":"WebSite","@id":"https:\/\/www.normisjon.no\/rogaland\/#website","url":"https:\/\/www.normisjon.no\/rogaland\/","name":"Region Rogaland","description":"","potentialAction":[{"@type":"SearchAction","target":{"@type":"EntryPoint","urlTemplate":"https:\/\/www.normisjon.no\/rogaland\/?s={search_term_string}"},"query-input":{"@type":"PropertyValueSpecification","valueRequired":true,"valueName":"search_term_string"}}],"inLanguage":"nb-NO"},{"@type":"Person","@id":"https:\/\/www.normisjon.no\/rogaland\/#\/schema\/person\/cb866e2d3dfec81378b5c838b767fbf7","name":"roar","image":{"@type":"ImageObject","inLanguage":"nb-NO","@id":"https:\/\/www.normisjon.no\/rogaland\/#\/schema\/person\/image\/","url":"https:\/\/secure.gravatar.com\/avatar\/f0917b143ffde67ae03d754d69a1f910c10e22105027d7fcdda7cd6abc1e087a?s=96&d=mm&r=g","contentUrl":"https:\/\/secure.gravatar.com\/avatar\/f0917b143ffde67ae03d754d69a1f910c10e22105027d7fcdda7cd6abc1e087a?s=96&d=mm&r=g","caption":"roar"},"url":"https:\/\/www.normisjon.no\/rogaland\/author\/roar\/"}]}},"_links":{"self":[{"href":"https:\/\/www.normisjon.no\/rogaland\/wp-json\/wp\/v2\/posts\/207","targetHints":{"allow":["GET"]}}],"collection":[{"href":"https:\/\/www.normisjon.no\/rogaland\/wp-json\/wp\/v2\/posts"}],"about":[{"href":"https:\/\/www.normisjon.no\/rogaland\/wp-json\/wp\/v2\/types\/post"}],"author":[{"embeddable":true,"href":"https:\/\/www.normisjon.no\/rogaland\/wp-json\/wp\/v2\/users\/20"}],"replies":[{"embeddable":true,"href":"https:\/\/www.normisjon.no\/rogaland\/wp-json\/wp\/v2\/comments?post=207"}],"version-history":[{"count":3,"href":"https:\/\/www.normisjon.no\/rogaland\/wp-json\/wp\/v2\/posts\/207\/revisions"}],"predecessor-version":[{"id":219,"href":"https:\/\/www.normisjon.no\/rogaland\/wp-json\/wp\/v2\/posts\/207\/revisions\/219"}],"wp:featuredmedia":[{"embeddable":true,"href":"https:\/\/www.normisjon.no\/rogaland\/wp-json\/wp\/v2\/media\/211"}],"wp:attachment":[{"href":"https:\/\/www.normisjon.no\/rogaland\/wp-json\/wp\/v2\/media?parent=207"}],"wp:term":[{"taxonomy":"category","embeddable":true,"href":"https:\/\/www.normisjon.no\/rogaland\/wp-json\/wp\/v2\/categories?post=207"},{"taxonomy":"post_tag","embeddable":true,"href":"https:\/\/www.normisjon.no\/rogaland\/wp-json\/wp\/v2\/tags?post=207"}],"curies":[{"name":"wp","href":"https:\/\/api.w.org\/{rel}","templated":true}]}}