{"id":2219,"date":"2018-12-10T11:26:35","date_gmt":"2018-12-10T10:26:35","guid":{"rendered":"https:\/\/www.normisjon.no\/rogaland\/?p=2219"},"modified":"2018-12-10T11:26:37","modified_gmt":"2018-12-10T10:26:37","slug":"heia-gjengen","status":"publish","type":"post","link":"https:\/\/www.normisjon.no\/rogaland\/2018\/12\/10\/heia-gjengen\/","title":{"rendered":"Heia-gjengen"},"content":{"rendered":"<div class=\"entry-content alignfull wp-block-post-content has-global-padding is-layout-constrained wp-block-post-content-is-layout-constrained\">\n<div class=\"wp-block-image\"><figure class=\"aligncenter\"><img loading=\"lazy\" decoding=\"async\" width=\"927\" height=\"1024\" src=\"https:\/\/www.normisjon.no\/content\/uploads\/sites\/18\/2018\/12\/9-St\u00e5le-Sveinung-i-den-fremste-kanoen-Tim-Bj\u00f8rnar-og-Hallgrim-i-den-bakerste-927x1024.jpg\" alt=\"\" class=\"wp-image-2220\" srcset=\"https:\/\/www.normisjon.no\/content\/uploads\/sites\/18\/2018\/12\/9-St\u00e5le-Sveinung-i-den-fremste-kanoen-Tim-Bj\u00f8rnar-og-Hallgrim-i-den-bakerste-927x1024.jpg 927w, https:\/\/www.normisjon.no\/content\/uploads\/sites\/18\/2018\/12\/9-St\u00e5le-Sveinung-i-den-fremste-kanoen-Tim-Bj\u00f8rnar-og-Hallgrim-i-den-bakerste-272x300.jpg 272w, https:\/\/www.normisjon.no\/content\/uploads\/sites\/18\/2018\/12\/9-St\u00e5le-Sveinung-i-den-fremste-kanoen-Tim-Bj\u00f8rnar-og-Hallgrim-i-den-bakerste-768x848.jpg 768w, https:\/\/www.normisjon.no\/content\/uploads\/sites\/18\/2018\/12\/9-St\u00e5le-Sveinung-i-den-fremste-kanoen-Tim-Bj\u00f8rnar-og-Hallgrim-i-den-bakerste-869x960.jpg 869w, https:\/\/www.normisjon.no\/content\/uploads\/sites\/18\/2018\/12\/9-St\u00e5le-Sveinung-i-den-fremste-kanoen-Tim-Bj\u00f8rnar-og-Hallgrim-i-den-bakerste.jpg 1052w\" sizes=\"auto, (max-width: 927px) 100vw, 927px\" \/><figcaption>St\u00e5le, Sveinung i den fremste kanoen, Tim Bj\u00f8rnar og Hallgrim i den bakerste.<\/figcaption><\/figure><\/div>\n\n\n\n<p><em>Tekst\/foto: Torunn Fjelde Hansen<\/em><\/p>\n\n\n\n<p>Jeg var p\u00e5 bes\u00f8k hos \u00abKlubben for ungdom med hjelpebehov\u00bb, en klubb som m\u00f8tes i J\u00f8rpeland kirke. Denne gang var det tur til Vaulali. P\u00e5 programmet stod stafett, p\u00f8lser, kano og gudstjeneste.\u00a0 <\/p>\n\n\n\n<p>Stafett, ikke sikkert alle ville kalt det det, men hva betyr vel det? Noen l\u00f8p, noen trillet rullestol mens andre hadde behov for \u00e5 en h\u00e5nd for \u00e5 komme seg rundt banen. Det som slo meg var alle \u00abheia-ropene\u00bb som h\u00f8rtes over Vaulali. Dette var tydelig en gjeng som heiet p\u00e5 hverandre!<\/p>\n\n\n\n<p>Flere var t\u00f8ffe nok til \u00e5 v\u00e6re med og padle i kano, og ingen m\u00e5tte berges. Det var en forn\u00f8yelse \u00e5 se hvordan de koste seg i \u00d8sterhusvatnet. Et ord som faller meg inn er\u00abmestring\u00bb. <\/p>\n\n\n\n<p>Etter god mat var det tid for gudstjeneste. Vi stilte opp ute, og gikk s\u00e5 inn i prosesjon. St\u00e5le i prestekl\u00e6r f\u00f8rst, medlemmer etter med blomster, kors og lys som skulle st\u00e5 p\u00e5 alteret. Det var noe \u00abhellig\u00bb over samlingen.<\/p>\n\n\n\n<p>Siden jeg var p\u00e5 bes\u00f8k i august, har jeg tenkt mye p\u00e5 klubben. Det er sjelden jeg m\u00f8ter en s\u00e5 hjertelig klubb, p\u00e5 tross av at de er veldig ulike. Og en tanke dukker opp:Skulle \u00f8nske flere kunne l\u00e6re av denne klubben. Hjelpebehov eller ei &#8211; jeg skulle \u00f8nske ALLE hadde et slikt Normisjonsfellesskap de var en del av.<\/p>\n<\/div>","protected":false},"excerpt":{"rendered":"<p>Tekst\/foto: Torunn Fjelde Hansen Jeg var p\u00e5 bes\u00f8k hos \u00abKlubben for ungdom med hjelpebehov\u00bb, en klubb som m\u00f8tes i J\u00f8rpeland kirke. Denne gang var det [&hellip;]<\/p>\n","protected":false},"author":20,"featured_media":2220,"comment_status":"closed","ping_status":"closed","sticky":false,"template":"","format":"standard","meta":{"_acf_changed":false,"footnotes":""},"categories":[19,21],"tags":[23],"class_list":["post-2219","post","type-post","status-publish","format-standard","has-post-thumbnail","hentry","category-leirsted","category-nyheter","tag-vaulali"],"acf":[],"yoast_head":"<!-- This site is optimized with the Yoast SEO plugin v25.9 - https:\/\/yoast.com\/wordpress\/plugins\/seo\/ -->\n<title>Heia-gjengen - Region Rogaland<\/title>\n<meta name=\"robots\" content=\"index, follow, max-snippet:-1, max-image-preview:large, max-video-preview:-1\" \/>\n<link rel=\"canonical\" href=\"https:\/\/www.normisjon.no\/rogaland\/2018\/12\/10\/heia-gjengen\/\" \/>\n<meta property=\"og:locale\" content=\"nb_NO\" \/>\n<meta property=\"og:type\" content=\"article\" \/>\n<meta property=\"og:title\" content=\"Heia-gjengen - Region Rogaland\" \/>\n<meta property=\"og:description\" content=\"Tekst\/foto: Torunn Fjelde Hansen Jeg var p\u00e5 bes\u00f8k hos \u00abKlubben for ungdom med hjelpebehov\u00bb, en klubb som m\u00f8tes i J\u00f8rpeland kirke. Denne gang var det [&hellip;]\" \/>\n<meta property=\"og:url\" content=\"https:\/\/www.normisjon.no\/rogaland\/2018\/12\/10\/heia-gjengen\/\" \/>\n<meta property=\"og:site_name\" content=\"Region Rogaland\" \/>\n<meta property=\"article:published_time\" content=\"2018-12-10T10:26:35+00:00\" \/>\n<meta property=\"article:modified_time\" content=\"2018-12-10T10:26:37+00:00\" \/>\n<meta property=\"og:image\" content=\"https:\/\/www.normisjon.no\/content\/uploads\/sites\/18\/2018\/12\/9-St\u00e5le-Sveinung-i-den-fremste-kanoen-Tim-Bj\u00f8rnar-og-Hallgrim-i-den-bakerste.jpg\" \/>\n\t<meta property=\"og:image:width\" content=\"1052\" \/>\n\t<meta property=\"og:image:height\" content=\"1162\" \/>\n\t<meta property=\"og:image:type\" content=\"image\/jpeg\" \/>\n<meta name=\"author\" content=\"roar\" \/>\n<meta name=\"twitter:card\" content=\"summary_large_image\" \/>\n<meta name=\"twitter:label1\" content=\"Skrevet av\" \/>\n\t<meta name=\"twitter:data1\" content=\"roar\" \/>\n\t<meta name=\"twitter:label2\" content=\"Ansl. lesetid\" \/>\n\t<meta name=\"twitter:data2\" content=\"1 minutt\" \/>\n<script type=\"application\/ld+json\" class=\"yoast-schema-graph\">{\"@context\":\"https:\/\/schema.org\",\"@graph\":[{\"@type\":\"WebPage\",\"@id\":\"https:\/\/www.normisjon.no\/rogaland\/2018\/12\/10\/heia-gjengen\/\",\"url\":\"https:\/\/www.normisjon.no\/rogaland\/2018\/12\/10\/heia-gjengen\/\",\"name\":\"Heia-gjengen - Region Rogaland\",\"isPartOf\":{\"@id\":\"https:\/\/www.normisjon.no\/rogaland\/#website\"},\"primaryImageOfPage\":{\"@id\":\"https:\/\/www.normisjon.no\/rogaland\/2018\/12\/10\/heia-gjengen\/#primaryimage\"},\"image\":{\"@id\":\"https:\/\/www.normisjon.no\/rogaland\/2018\/12\/10\/heia-gjengen\/#primaryimage\"},\"thumbnailUrl\":\"https:\/\/www.normisjon.no\/content\/uploads\/sites\/18\/2018\/12\/9-St\u00e5le-Sveinung-i-den-fremste-kanoen-Tim-Bj\u00f8rnar-og-Hallgrim-i-den-bakerste.jpg\",\"datePublished\":\"2018-12-10T10:26:35+00:00\",\"dateModified\":\"2018-12-10T10:26:37+00:00\",\"author\":{\"@id\":\"https:\/\/www.normisjon.no\/rogaland\/#\/schema\/person\/cb866e2d3dfec81378b5c838b767fbf7\"},\"breadcrumb\":{\"@id\":\"https:\/\/www.normisjon.no\/rogaland\/2018\/12\/10\/heia-gjengen\/#breadcrumb\"},\"inLanguage\":\"nb-NO\",\"potentialAction\":[{\"@type\":\"ReadAction\",\"target\":[\"https:\/\/www.normisjon.no\/rogaland\/2018\/12\/10\/heia-gjengen\/\"]}]},{\"@type\":\"ImageObject\",\"inLanguage\":\"nb-NO\",\"@id\":\"https:\/\/www.normisjon.no\/rogaland\/2018\/12\/10\/heia-gjengen\/#primaryimage\",\"url\":\"https:\/\/www.normisjon.no\/content\/uploads\/sites\/18\/2018\/12\/9-St\u00e5le-Sveinung-i-den-fremste-kanoen-Tim-Bj\u00f8rnar-og-Hallgrim-i-den-bakerste.jpg\",\"contentUrl\":\"https:\/\/www.normisjon.no\/content\/uploads\/sites\/18\/2018\/12\/9-St\u00e5le-Sveinung-i-den-fremste-kanoen-Tim-Bj\u00f8rnar-og-Hallgrim-i-den-bakerste.jpg\",\"width\":1052,\"height\":1162},{\"@type\":\"BreadcrumbList\",\"@id\":\"https:\/\/www.normisjon.no\/rogaland\/2018\/12\/10\/heia-gjengen\/#breadcrumb\",\"itemListElement\":[{\"@type\":\"ListItem\",\"position\":1,\"name\":\"Home\",\"item\":\"https:\/\/www.normisjon.no\/rogaland\/\"},{\"@type\":\"ListItem\",\"position\":2,\"name\":\"Heia-gjengen\"}]},{\"@type\":\"WebSite\",\"@id\":\"https:\/\/www.normisjon.no\/rogaland\/#website\",\"url\":\"https:\/\/www.normisjon.no\/rogaland\/\",\"name\":\"Region Rogaland\",\"description\":\"\",\"potentialAction\":[{\"@type\":\"SearchAction\",\"target\":{\"@type\":\"EntryPoint\",\"urlTemplate\":\"https:\/\/www.normisjon.no\/rogaland\/?s={search_term_string}\"},\"query-input\":{\"@type\":\"PropertyValueSpecification\",\"valueRequired\":true,\"valueName\":\"search_term_string\"}}],\"inLanguage\":\"nb-NO\"},{\"@type\":\"Person\",\"@id\":\"https:\/\/www.normisjon.no\/rogaland\/#\/schema\/person\/cb866e2d3dfec81378b5c838b767fbf7\",\"name\":\"roar\",\"image\":{\"@type\":\"ImageObject\",\"inLanguage\":\"nb-NO\",\"@id\":\"https:\/\/www.normisjon.no\/rogaland\/#\/schema\/person\/image\/\",\"url\":\"https:\/\/secure.gravatar.com\/avatar\/f0917b143ffde67ae03d754d69a1f910c10e22105027d7fcdda7cd6abc1e087a?s=96&d=mm&r=g\",\"contentUrl\":\"https:\/\/secure.gravatar.com\/avatar\/f0917b143ffde67ae03d754d69a1f910c10e22105027d7fcdda7cd6abc1e087a?s=96&d=mm&r=g\",\"caption\":\"roar\"},\"url\":\"https:\/\/www.normisjon.no\/rogaland\/author\/roar\/\"}]}<\/script>\n<!-- \/ Yoast SEO plugin. -->","yoast_head_json":{"title":"Heia-gjengen - Region Rogaland","robots":{"index":"index","follow":"follow","max-snippet":"max-snippet:-1","max-image-preview":"max-image-preview:large","max-video-preview":"max-video-preview:-1"},"canonical":"https:\/\/www.normisjon.no\/rogaland\/2018\/12\/10\/heia-gjengen\/","og_locale":"nb_NO","og_type":"article","og_title":"Heia-gjengen - Region Rogaland","og_description":"Tekst\/foto: Torunn Fjelde Hansen Jeg var p\u00e5 bes\u00f8k hos \u00abKlubben for ungdom med hjelpebehov\u00bb, en klubb som m\u00f8tes i J\u00f8rpeland kirke. Denne gang var det [&hellip;]","og_url":"https:\/\/www.normisjon.no\/rogaland\/2018\/12\/10\/heia-gjengen\/","og_site_name":"Region Rogaland","article_published_time":"2018-12-10T10:26:35+00:00","article_modified_time":"2018-12-10T10:26:37+00:00","og_image":[{"width":1052,"height":1162,"url":"https:\/\/www.normisjon.no\/content\/uploads\/sites\/18\/2018\/12\/9-St\u00e5le-Sveinung-i-den-fremste-kanoen-Tim-Bj\u00f8rnar-og-Hallgrim-i-den-bakerste.jpg","type":"image\/jpeg"}],"author":"roar","twitter_card":"summary_large_image","twitter_misc":{"Skrevet av":"roar","Ansl. lesetid":"1 minutt"},"schema":{"@context":"https:\/\/schema.org","@graph":[{"@type":"WebPage","@id":"https:\/\/www.normisjon.no\/rogaland\/2018\/12\/10\/heia-gjengen\/","url":"https:\/\/www.normisjon.no\/rogaland\/2018\/12\/10\/heia-gjengen\/","name":"Heia-gjengen - Region Rogaland","isPartOf":{"@id":"https:\/\/www.normisjon.no\/rogaland\/#website"},"primaryImageOfPage":{"@id":"https:\/\/www.normisjon.no\/rogaland\/2018\/12\/10\/heia-gjengen\/#primaryimage"},"image":{"@id":"https:\/\/www.normisjon.no\/rogaland\/2018\/12\/10\/heia-gjengen\/#primaryimage"},"thumbnailUrl":"https:\/\/www.normisjon.no\/content\/uploads\/sites\/18\/2018\/12\/9-St\u00e5le-Sveinung-i-den-fremste-kanoen-Tim-Bj\u00f8rnar-og-Hallgrim-i-den-bakerste.jpg","datePublished":"2018-12-10T10:26:35+00:00","dateModified":"2018-12-10T10:26:37+00:00","author":{"@id":"https:\/\/www.normisjon.no\/rogaland\/#\/schema\/person\/cb866e2d3dfec81378b5c838b767fbf7"},"breadcrumb":{"@id":"https:\/\/www.normisjon.no\/rogaland\/2018\/12\/10\/heia-gjengen\/#breadcrumb"},"inLanguage":"nb-NO","potentialAction":[{"@type":"ReadAction","target":["https:\/\/www.normisjon.no\/rogaland\/2018\/12\/10\/heia-gjengen\/"]}]},{"@type":"ImageObject","inLanguage":"nb-NO","@id":"https:\/\/www.normisjon.no\/rogaland\/2018\/12\/10\/heia-gjengen\/#primaryimage","url":"https:\/\/www.normisjon.no\/content\/uploads\/sites\/18\/2018\/12\/9-St\u00e5le-Sveinung-i-den-fremste-kanoen-Tim-Bj\u00f8rnar-og-Hallgrim-i-den-bakerste.jpg","contentUrl":"https:\/\/www.normisjon.no\/content\/uploads\/sites\/18\/2018\/12\/9-St\u00e5le-Sveinung-i-den-fremste-kanoen-Tim-Bj\u00f8rnar-og-Hallgrim-i-den-bakerste.jpg","width":1052,"height":1162},{"@type":"BreadcrumbList","@id":"https:\/\/www.normisjon.no\/rogaland\/2018\/12\/10\/heia-gjengen\/#breadcrumb","itemListElement":[{"@type":"ListItem","position":1,"name":"Home","item":"https:\/\/www.normisjon.no\/rogaland\/"},{"@type":"ListItem","position":2,"name":"Heia-gjengen"}]},{"@type":"WebSite","@id":"https:\/\/www.normisjon.no\/rogaland\/#website","url":"https:\/\/www.normisjon.no\/rogaland\/","name":"Region Rogaland","description":"","potentialAction":[{"@type":"SearchAction","target":{"@type":"EntryPoint","urlTemplate":"https:\/\/www.normisjon.no\/rogaland\/?s={search_term_string}"},"query-input":{"@type":"PropertyValueSpecification","valueRequired":true,"valueName":"search_term_string"}}],"inLanguage":"nb-NO"},{"@type":"Person","@id":"https:\/\/www.normisjon.no\/rogaland\/#\/schema\/person\/cb866e2d3dfec81378b5c838b767fbf7","name":"roar","image":{"@type":"ImageObject","inLanguage":"nb-NO","@id":"https:\/\/www.normisjon.no\/rogaland\/#\/schema\/person\/image\/","url":"https:\/\/secure.gravatar.com\/avatar\/f0917b143ffde67ae03d754d69a1f910c10e22105027d7fcdda7cd6abc1e087a?s=96&d=mm&r=g","contentUrl":"https:\/\/secure.gravatar.com\/avatar\/f0917b143ffde67ae03d754d69a1f910c10e22105027d7fcdda7cd6abc1e087a?s=96&d=mm&r=g","caption":"roar"},"url":"https:\/\/www.normisjon.no\/rogaland\/author\/roar\/"}]}},"_links":{"self":[{"href":"https:\/\/www.normisjon.no\/rogaland\/wp-json\/wp\/v2\/posts\/2219","targetHints":{"allow":["GET"]}}],"collection":[{"href":"https:\/\/www.normisjon.no\/rogaland\/wp-json\/wp\/v2\/posts"}],"about":[{"href":"https:\/\/www.normisjon.no\/rogaland\/wp-json\/wp\/v2\/types\/post"}],"author":[{"embeddable":true,"href":"https:\/\/www.normisjon.no\/rogaland\/wp-json\/wp\/v2\/users\/20"}],"replies":[{"embeddable":true,"href":"https:\/\/www.normisjon.no\/rogaland\/wp-json\/wp\/v2\/comments?post=2219"}],"version-history":[{"count":1,"href":"https:\/\/www.normisjon.no\/rogaland\/wp-json\/wp\/v2\/posts\/2219\/revisions"}],"predecessor-version":[{"id":2221,"href":"https:\/\/www.normisjon.no\/rogaland\/wp-json\/wp\/v2\/posts\/2219\/revisions\/2221"}],"wp:featuredmedia":[{"embeddable":true,"href":"https:\/\/www.normisjon.no\/rogaland\/wp-json\/wp\/v2\/media\/2220"}],"wp:attachment":[{"href":"https:\/\/www.normisjon.no\/rogaland\/wp-json\/wp\/v2\/media?parent=2219"}],"wp:term":[{"taxonomy":"category","embeddable":true,"href":"https:\/\/www.normisjon.no\/rogaland\/wp-json\/wp\/v2\/categories?post=2219"},{"taxonomy":"post_tag","embeddable":true,"href":"https:\/\/www.normisjon.no\/rogaland\/wp-json\/wp\/v2\/tags?post=2219"}],"curies":[{"name":"wp","href":"https:\/\/api.w.org\/{rel}","templated":true}]}}