{"id":2924,"date":"2019-10-01T08:06:53","date_gmt":"2019-10-01T06:06:53","guid":{"rendered":"https:\/\/www.normisjon.no\/rogaland\/?p=2924"},"modified":"2019-10-01T08:06:54","modified_gmt":"2019-10-01T06:06:54","slug":"rettsak-mot-arne-viste","status":"publish","type":"post","link":"https:\/\/www.normisjon.no\/rogaland\/2019\/10\/01\/rettsak-mot-arne-viste\/","title":{"rendered":"Rettsak mot Arne Viste"},"content":{"rendered":"<div class=\"entry-content alignfull wp-block-post-content has-global-padding is-layout-constrained wp-block-post-content-is-layout-constrained\">\n<p>Mandag 30. september startet rettsaken mot Arne Viste i Oslo\ntingrett. Normisjon Rogaland fikk ansette Nebiyo Bezabeh gjennom Arne Viste\nsitt firma Plog as. Vi har nettopp snakket med Nebiyo i Etiopia og han f\u00f8lger\nspent med p\u00e5 rettsaken. Og forteller at Arne Viste er en av hans helter. Han\nheier p\u00e5 og ber for Arne Viste. Vi oppfordrer ogs\u00e5 deg til \u00e5 be for denne saken.<\/p>\n\n\n\n<p>Under kan du lese en artikkel om Nebiyo som ble skrevet i\n2018. Den sier noe om hva denne saken handler om.<\/p>\n\n\n\n<figure class=\"wp-block-image\"><img loading=\"lazy\" decoding=\"async\" width=\"1024\" height=\"768\" src=\"https:\/\/www.normisjon.no\/content\/uploads\/sites\/18\/2018\/09\/2-Bilde0575-1024x768.jpg\" alt=\"\" class=\"wp-image-1825\" srcset=\"https:\/\/www.normisjon.no\/content\/uploads\/sites\/18\/2018\/09\/2-Bilde0575-1024x768.jpg 1024w, https:\/\/www.normisjon.no\/content\/uploads\/sites\/18\/2018\/09\/2-Bilde0575-300x225.jpg 300w, https:\/\/www.normisjon.no\/content\/uploads\/sites\/18\/2018\/09\/2-Bilde0575-768x576.jpg 768w, https:\/\/www.normisjon.no\/content\/uploads\/sites\/18\/2018\/09\/2-Bilde0575-1360x1020.jpg 1360w, https:\/\/www.normisjon.no\/content\/uploads\/sites\/18\/2018\/09\/2-Bilde0575-960x720.jpg 960w, https:\/\/www.normisjon.no\/content\/uploads\/sites\/18\/2018\/09\/2-Bilde0575.jpg 1600w\" sizes=\"auto, (max-width: 1024px) 100vw, 1024px\" \/><\/figure>\n\n\n\n<p><strong>Nebiyos historie<\/strong><\/p>\n\n\n\n<p class=\"has-small-font-size\"><em>Tekst: Hj\u00f8rdis Halleland Mikalsen&nbsp;&nbsp; <br>Foto: Hans H\u00f8ie<\/em><\/p>\n\n\n\n<p><strong>-Jeg f\u00f8ler meg alene. Hjertet mitt er i Norge\nog p\u00e5 Horve, men jeg er her, sier Nebiyo Bezabeh p\u00e5 d\u00e5rlig telefonlinje fra\nAddis Abeba.&nbsp; <\/strong><\/p>\n\n\n\n<p>Det er s\u00e5 mange\nhistorier som denne. Om mennesker p\u00e5 flukt. Mennesker som ikke har godkjente papirer.\nSom er papirl\u00f8se. Identitetsl\u00f8se. Det er en virkelighet som er vanskelig \u00e5 ta\ninnover seg \u2013 \u00e5 forst\u00e5. Det preller av. Men sannheten er at bak disse\nhistoriene er det mennesker. Personer med tro, h\u00e5p, lengsler og dr\u00f8mmer. Nebiyo\ner en av disse. Dette er hans historie. <\/p>\n\n\n\n<p><strong>Alene og forvirret<\/strong><\/p>\n\n\n\n<p>-Jeg f\u00f8ler meg alene\nog forvirret, og jeg savner vennene mine i Norge, sier Nebiyo. Men han smiler,\nog han er takknemlig.<\/p>\n\n\n\n<p>-Det er godt for meg\n\u00e5 vite at jeg har venner som gj\u00f8r alt de kan for \u00e5 hjelpe meg, sier han.<\/p>\n\n\n\n<p>Nebiyo er f\u00f8dt i\nEtiopia v\u00e5ren 1971, og vokste opp under et kommunistisk regime. Han opplevde at\nen n\u00e6r venn ble skutt p\u00e5 \u00e5pen gate, og s\u00e5 ingen annen utvei enn \u00e5 flykte. I\naugust 2003 s\u00f8kte han asyl i Norge \u2013 og fikk avslag. Men han hadde ikke noe\nsted \u00e5 dra.&nbsp; S\u00e5 Nebiyo ble v\u00e6rende, og i\n2006 fikk han arbeidstillatelse. Han hadde ulike jobber i Stavanger-omr\u00e5det og\nbetalte skatt til den norske stat. I 2011 ble han imidlertid fratatt\nskattekortet.<\/p>\n\n\n\n<p>-Fra den dagen hadde\njeg ingen jobb og ingen papirer. Jeg ble en av de mange papirl\u00f8se flyktningene.\nUreturnerbar og helt uten rettigheter. Det er en situasjon som ikke kan\nbeskrives med ord. <\/p>\n\n\n\n<p><strong>Ensom og usikker<\/strong><\/p>\n\n\n\n<p>Med sitt vinnende\nvesen hadde Nebiyo f\u00e5tt mange gode venner i Norge og Normisjon som st\u00f8tter ham\nmed et fast bel\u00f8p hver m\u00e5ned som gave. Han fikk seg jobb som altmuligmann p\u00e5\nHorve, hvor han ogs\u00e5 fikk kost og losji. -Vennene mine p\u00e5 Horve ble som en\nfamilie for meg, et \u00e5ndelig og sosialt nettverk som jeg savner inderlig, sier\nhan. <\/p>\n\n\n\n<p>Like f\u00f8r jul blir Nebiyo tatt av norsk politi og fraktet ut av landet. Siden har han bodd under kummerlige forhold i Addis Abeba. <\/p>\n\n\n\n<p>-Det verste er\nensomheten og usikkerheten \u2013 og ikke minst det at jeg ikke har noen\nrettigheter, fordi jeg er papirl\u00f8s. Etiopia vil ikke vite av meg, og jeg\nkjemper en daglig kamp for \u00e5 f\u00e5 en identitet. <\/p>\n\n\n\n<p>Han har havnet i en\ngr\u00e5sone. Etiopiske myndigheter vil ikke vite av ham, og norske myndigheter har\ntoet sine hender. <\/p>\n\n\n\n<p>-Situasjonen er\nfortvilet, men jeg gir ikke opp. Gud er med meg, og jeg stoler p\u00e5 at Han ville\nhjelpe meg gjennom. Han har reddet meg fra d\u00f8den mange ganger, og jeg har f\u00e5tt\noppleve hans omsorg, n\u00e5de og kj\u00e6rlighet hver dag.<\/p>\n\n\n\n<p><strong>Regionleder i Normisjon, Rogaland, Erik\nR\u00f8rtveit bekymrer seg ikke over at organisasjonen br\u00f8t norsk lov da de ansatte Nebiyo.<\/strong><\/p>\n\n\n\n<p>&nbsp;-Det var et gjennomtenkt og bevisst vedtak\nHorvestyret og styret i Normisjon Rogaland gjorde da de ansatte Nebiyo. Begge\nstyrene fikk god hjelp av Arne Viste og Plog as i denne saken. Hovedargumentet var\nde umenneskelige p\u00e5kjenningen det er \u00e5 leve som papirl\u00f8s uten at noen\navgj\u00f8relse blir gjort. Det er v\u00e5r plikt \u00e5 hjelpe n\u00e5r medmennesker lever under\nuverdige forhold, sier han.<\/p>\n\n\n\n<p>-Tenker p\u00e5 Nebiyo hver dag<\/p>\n\n\n\n<p><strong>Daglig leder ved Horve ungdomssenter, Hans\nH\u00f8ie, ble godt kjent med Nebiyo de fire \u00e5rene har var ansatt ved Horve.<\/strong><\/p>\n\n\n\n<p>-Jeg savner Nebiyo,\nog tenker p\u00e5 ham hver dag. Han var min n\u00e6rmeste medarbeider i fire \u00e5r, og jeg\nhar bare gode skussm\u00e5l. Nebiyo er et varmt menneske med et stort hjerte for\nsine medmennesker. Jeg vil ogs\u00e5 p\u00e5st\u00e5 at han er det mest integrerte menneske\njeg har m\u00f8tt. Han har hatt et vanskelig liv, og opplevd mye vondt, likevel er\nhan mest opptatt av \u00e5 spre godhet til andre mennesker. <\/p>\n\n\n\n<p>-Jeg opplevde det\nvanskelig \u00e5 ikke kunne betale ut l\u00f8nn til en ansatt, heldigvis hadde han et\nnettverk som st\u00f8ttet han \u00f8konomisk, sier Hans H\u00f8ie.<\/p>\n\n\n\n<p>-Hadde du\nbetenkeligheter med at Normisjon br\u00f8t norsk ved \u00e5 ansette Nebiyo?<\/p>\n\n\n\n<p>&#8211; Kanskje til \u00e5\nbegynne med, men etter hvert som jeg fikk se det store bildet fant jeg ut at\ndet finnes en sterk skyggeside av norske samfunnet. En kynisk og totalt\nurimelig behandling av enkelte grupper mennesker som i utgangspunktet har mer \u00e5\nstri med enn andre. Dette kan vi ikke bare st\u00e5 passivt \u00e5 se p\u00e5, men rekke ut en\nh\u00e5nd for \u00e5 hjelpe. <\/p>\n<\/div>","protected":false},"excerpt":{"rendered":"<p>Mandag 30. september startet rettsaken mot Arne Viste i Oslo tingrett. Normisjon Rogaland fikk ansette Nebiyo Bezabeh gjennom Arne Viste sitt firma Plog as. Vi [&hellip;]<\/p>\n","protected":false},"author":21,"featured_media":1825,"comment_status":"closed","ping_status":"closed","sticky":false,"template":"","format":"standard","meta":{"_acf_changed":false,"footnotes":""},"categories":[21],"tags":[],"class_list":["post-2924","post","type-post","status-publish","format-standard","has-post-thumbnail","hentry","category-nyheter"],"acf":[],"yoast_head":"<!-- This site is optimized with the Yoast SEO plugin v25.9 - https:\/\/yoast.com\/wordpress\/plugins\/seo\/ -->\n<title>Rettsak mot Arne Viste - Region Rogaland<\/title>\n<meta name=\"robots\" content=\"index, follow, max-snippet:-1, max-image-preview:large, max-video-preview:-1\" \/>\n<link rel=\"canonical\" href=\"https:\/\/www.normisjon.no\/rogaland\/2019\/10\/01\/rettsak-mot-arne-viste\/\" \/>\n<meta property=\"og:locale\" content=\"nb_NO\" \/>\n<meta property=\"og:type\" content=\"article\" \/>\n<meta property=\"og:title\" content=\"Rettsak mot Arne Viste - Region Rogaland\" \/>\n<meta property=\"og:description\" content=\"Mandag 30. september startet rettsaken mot Arne Viste i Oslo tingrett. Normisjon Rogaland fikk ansette Nebiyo Bezabeh gjennom Arne Viste sitt firma Plog as. Vi [&hellip;]\" \/>\n<meta property=\"og:url\" content=\"https:\/\/www.normisjon.no\/rogaland\/2019\/10\/01\/rettsak-mot-arne-viste\/\" \/>\n<meta property=\"og:site_name\" content=\"Region Rogaland\" \/>\n<meta property=\"article:published_time\" content=\"2019-10-01T06:06:53+00:00\" \/>\n<meta property=\"article:modified_time\" content=\"2019-10-01T06:06:54+00:00\" \/>\n<meta property=\"og:image\" content=\"https:\/\/www.normisjon.no\/content\/uploads\/sites\/18\/2018\/09\/2-Bilde0575.jpg\" \/>\n\t<meta property=\"og:image:width\" content=\"1600\" \/>\n\t<meta property=\"og:image:height\" content=\"1200\" \/>\n\t<meta property=\"og:image:type\" content=\"image\/jpeg\" \/>\n<meta name=\"author\" content=\"jeanett\" \/>\n<meta name=\"twitter:card\" content=\"summary_large_image\" \/>\n<meta name=\"twitter:label1\" content=\"Skrevet av\" \/>\n\t<meta name=\"twitter:data1\" content=\"jeanett\" \/>\n\t<meta name=\"twitter:label2\" content=\"Ansl. lesetid\" \/>\n\t<meta name=\"twitter:data2\" content=\"4 minutter\" \/>\n<script type=\"application\/ld+json\" class=\"yoast-schema-graph\">{\"@context\":\"https:\/\/schema.org\",\"@graph\":[{\"@type\":\"WebPage\",\"@id\":\"https:\/\/www.normisjon.no\/rogaland\/2019\/10\/01\/rettsak-mot-arne-viste\/\",\"url\":\"https:\/\/www.normisjon.no\/rogaland\/2019\/10\/01\/rettsak-mot-arne-viste\/\",\"name\":\"Rettsak mot Arne Viste - Region Rogaland\",\"isPartOf\":{\"@id\":\"https:\/\/www.normisjon.no\/rogaland\/#website\"},\"primaryImageOfPage\":{\"@id\":\"https:\/\/www.normisjon.no\/rogaland\/2019\/10\/01\/rettsak-mot-arne-viste\/#primaryimage\"},\"image\":{\"@id\":\"https:\/\/www.normisjon.no\/rogaland\/2019\/10\/01\/rettsak-mot-arne-viste\/#primaryimage\"},\"thumbnailUrl\":\"https:\/\/www.normisjon.no\/content\/uploads\/sites\/18\/2018\/09\/2-Bilde0575.jpg\",\"datePublished\":\"2019-10-01T06:06:53+00:00\",\"dateModified\":\"2019-10-01T06:06:54+00:00\",\"author\":{\"@id\":\"https:\/\/www.normisjon.no\/rogaland\/#\/schema\/person\/3b44448037977b40922be844c036cebb\"},\"breadcrumb\":{\"@id\":\"https:\/\/www.normisjon.no\/rogaland\/2019\/10\/01\/rettsak-mot-arne-viste\/#breadcrumb\"},\"inLanguage\":\"nb-NO\",\"potentialAction\":[{\"@type\":\"ReadAction\",\"target\":[\"https:\/\/www.normisjon.no\/rogaland\/2019\/10\/01\/rettsak-mot-arne-viste\/\"]}]},{\"@type\":\"ImageObject\",\"inLanguage\":\"nb-NO\",\"@id\":\"https:\/\/www.normisjon.no\/rogaland\/2019\/10\/01\/rettsak-mot-arne-viste\/#primaryimage\",\"url\":\"https:\/\/www.normisjon.no\/content\/uploads\/sites\/18\/2018\/09\/2-Bilde0575.jpg\",\"contentUrl\":\"https:\/\/www.normisjon.no\/content\/uploads\/sites\/18\/2018\/09\/2-Bilde0575.jpg\",\"width\":1600,\"height\":1200},{\"@type\":\"BreadcrumbList\",\"@id\":\"https:\/\/www.normisjon.no\/rogaland\/2019\/10\/01\/rettsak-mot-arne-viste\/#breadcrumb\",\"itemListElement\":[{\"@type\":\"ListItem\",\"position\":1,\"name\":\"Home\",\"item\":\"https:\/\/www.normisjon.no\/rogaland\/\"},{\"@type\":\"ListItem\",\"position\":2,\"name\":\"Rettsak mot Arne Viste\"}]},{\"@type\":\"WebSite\",\"@id\":\"https:\/\/www.normisjon.no\/rogaland\/#website\",\"url\":\"https:\/\/www.normisjon.no\/rogaland\/\",\"name\":\"Region Rogaland\",\"description\":\"\",\"potentialAction\":[{\"@type\":\"SearchAction\",\"target\":{\"@type\":\"EntryPoint\",\"urlTemplate\":\"https:\/\/www.normisjon.no\/rogaland\/?s={search_term_string}\"},\"query-input\":{\"@type\":\"PropertyValueSpecification\",\"valueRequired\":true,\"valueName\":\"search_term_string\"}}],\"inLanguage\":\"nb-NO\"},{\"@type\":\"Person\",\"@id\":\"https:\/\/www.normisjon.no\/rogaland\/#\/schema\/person\/3b44448037977b40922be844c036cebb\",\"name\":\"jeanett\",\"image\":{\"@type\":\"ImageObject\",\"inLanguage\":\"nb-NO\",\"@id\":\"https:\/\/www.normisjon.no\/rogaland\/#\/schema\/person\/image\/\",\"url\":\"https:\/\/secure.gravatar.com\/avatar\/00c93f9927022c522529cfefd447e362b60291bf55ac3107e12c077a8b459e43?s=96&d=mm&r=g\",\"contentUrl\":\"https:\/\/secure.gravatar.com\/avatar\/00c93f9927022c522529cfefd447e362b60291bf55ac3107e12c077a8b459e43?s=96&d=mm&r=g\",\"caption\":\"jeanett\"},\"url\":\"https:\/\/www.normisjon.no\/rogaland\/author\/jeanett\/\"}]}<\/script>\n<!-- \/ Yoast SEO plugin. -->","yoast_head_json":{"title":"Rettsak mot Arne Viste - Region Rogaland","robots":{"index":"index","follow":"follow","max-snippet":"max-snippet:-1","max-image-preview":"max-image-preview:large","max-video-preview":"max-video-preview:-1"},"canonical":"https:\/\/www.normisjon.no\/rogaland\/2019\/10\/01\/rettsak-mot-arne-viste\/","og_locale":"nb_NO","og_type":"article","og_title":"Rettsak mot Arne Viste - Region Rogaland","og_description":"Mandag 30. september startet rettsaken mot Arne Viste i Oslo tingrett. Normisjon Rogaland fikk ansette Nebiyo Bezabeh gjennom Arne Viste sitt firma Plog as. Vi [&hellip;]","og_url":"https:\/\/www.normisjon.no\/rogaland\/2019\/10\/01\/rettsak-mot-arne-viste\/","og_site_name":"Region Rogaland","article_published_time":"2019-10-01T06:06:53+00:00","article_modified_time":"2019-10-01T06:06:54+00:00","og_image":[{"width":1600,"height":1200,"url":"https:\/\/www.normisjon.no\/content\/uploads\/sites\/18\/2018\/09\/2-Bilde0575.jpg","type":"image\/jpeg"}],"author":"jeanett","twitter_card":"summary_large_image","twitter_misc":{"Skrevet av":"jeanett","Ansl. lesetid":"4 minutter"},"schema":{"@context":"https:\/\/schema.org","@graph":[{"@type":"WebPage","@id":"https:\/\/www.normisjon.no\/rogaland\/2019\/10\/01\/rettsak-mot-arne-viste\/","url":"https:\/\/www.normisjon.no\/rogaland\/2019\/10\/01\/rettsak-mot-arne-viste\/","name":"Rettsak mot Arne Viste - Region Rogaland","isPartOf":{"@id":"https:\/\/www.normisjon.no\/rogaland\/#website"},"primaryImageOfPage":{"@id":"https:\/\/www.normisjon.no\/rogaland\/2019\/10\/01\/rettsak-mot-arne-viste\/#primaryimage"},"image":{"@id":"https:\/\/www.normisjon.no\/rogaland\/2019\/10\/01\/rettsak-mot-arne-viste\/#primaryimage"},"thumbnailUrl":"https:\/\/www.normisjon.no\/content\/uploads\/sites\/18\/2018\/09\/2-Bilde0575.jpg","datePublished":"2019-10-01T06:06:53+00:00","dateModified":"2019-10-01T06:06:54+00:00","author":{"@id":"https:\/\/www.normisjon.no\/rogaland\/#\/schema\/person\/3b44448037977b40922be844c036cebb"},"breadcrumb":{"@id":"https:\/\/www.normisjon.no\/rogaland\/2019\/10\/01\/rettsak-mot-arne-viste\/#breadcrumb"},"inLanguage":"nb-NO","potentialAction":[{"@type":"ReadAction","target":["https:\/\/www.normisjon.no\/rogaland\/2019\/10\/01\/rettsak-mot-arne-viste\/"]}]},{"@type":"ImageObject","inLanguage":"nb-NO","@id":"https:\/\/www.normisjon.no\/rogaland\/2019\/10\/01\/rettsak-mot-arne-viste\/#primaryimage","url":"https:\/\/www.normisjon.no\/content\/uploads\/sites\/18\/2018\/09\/2-Bilde0575.jpg","contentUrl":"https:\/\/www.normisjon.no\/content\/uploads\/sites\/18\/2018\/09\/2-Bilde0575.jpg","width":1600,"height":1200},{"@type":"BreadcrumbList","@id":"https:\/\/www.normisjon.no\/rogaland\/2019\/10\/01\/rettsak-mot-arne-viste\/#breadcrumb","itemListElement":[{"@type":"ListItem","position":1,"name":"Home","item":"https:\/\/www.normisjon.no\/rogaland\/"},{"@type":"ListItem","position":2,"name":"Rettsak mot Arne Viste"}]},{"@type":"WebSite","@id":"https:\/\/www.normisjon.no\/rogaland\/#website","url":"https:\/\/www.normisjon.no\/rogaland\/","name":"Region Rogaland","description":"","potentialAction":[{"@type":"SearchAction","target":{"@type":"EntryPoint","urlTemplate":"https:\/\/www.normisjon.no\/rogaland\/?s={search_term_string}"},"query-input":{"@type":"PropertyValueSpecification","valueRequired":true,"valueName":"search_term_string"}}],"inLanguage":"nb-NO"},{"@type":"Person","@id":"https:\/\/www.normisjon.no\/rogaland\/#\/schema\/person\/3b44448037977b40922be844c036cebb","name":"jeanett","image":{"@type":"ImageObject","inLanguage":"nb-NO","@id":"https:\/\/www.normisjon.no\/rogaland\/#\/schema\/person\/image\/","url":"https:\/\/secure.gravatar.com\/avatar\/00c93f9927022c522529cfefd447e362b60291bf55ac3107e12c077a8b459e43?s=96&d=mm&r=g","contentUrl":"https:\/\/secure.gravatar.com\/avatar\/00c93f9927022c522529cfefd447e362b60291bf55ac3107e12c077a8b459e43?s=96&d=mm&r=g","caption":"jeanett"},"url":"https:\/\/www.normisjon.no\/rogaland\/author\/jeanett\/"}]}},"_links":{"self":[{"href":"https:\/\/www.normisjon.no\/rogaland\/wp-json\/wp\/v2\/posts\/2924","targetHints":{"allow":["GET"]}}],"collection":[{"href":"https:\/\/www.normisjon.no\/rogaland\/wp-json\/wp\/v2\/posts"}],"about":[{"href":"https:\/\/www.normisjon.no\/rogaland\/wp-json\/wp\/v2\/types\/post"}],"author":[{"embeddable":true,"href":"https:\/\/www.normisjon.no\/rogaland\/wp-json\/wp\/v2\/users\/21"}],"replies":[{"embeddable":true,"href":"https:\/\/www.normisjon.no\/rogaland\/wp-json\/wp\/v2\/comments?post=2924"}],"version-history":[{"count":1,"href":"https:\/\/www.normisjon.no\/rogaland\/wp-json\/wp\/v2\/posts\/2924\/revisions"}],"predecessor-version":[{"id":2925,"href":"https:\/\/www.normisjon.no\/rogaland\/wp-json\/wp\/v2\/posts\/2924\/revisions\/2925"}],"wp:featuredmedia":[{"embeddable":true,"href":"https:\/\/www.normisjon.no\/rogaland\/wp-json\/wp\/v2\/media\/1825"}],"wp:attachment":[{"href":"https:\/\/www.normisjon.no\/rogaland\/wp-json\/wp\/v2\/media?parent=2924"}],"wp:term":[{"taxonomy":"category","embeddable":true,"href":"https:\/\/www.normisjon.no\/rogaland\/wp-json\/wp\/v2\/categories?post=2924"},{"taxonomy":"post_tag","embeddable":true,"href":"https:\/\/www.normisjon.no\/rogaland\/wp-json\/wp\/v2\/tags?post=2924"}],"curies":[{"name":"wp","href":"https:\/\/api.w.org\/{rel}","templated":true}]}}