{"id":3400,"date":"2020-03-25T16:41:07","date_gmt":"2020-03-25T15:41:07","guid":{"rendered":"https:\/\/www.normisjon.no\/rogaland\/?p=3400"},"modified":"2020-03-25T16:41:09","modified_gmt":"2020-03-25T15:41:09","slug":"fra-hommersak-til-paraguay-via-trondheim","status":"publish","type":"post","link":"https:\/\/www.normisjon.no\/rogaland\/2020\/03\/25\/fra-hommersak-til-paraguay-via-trondheim\/","title":{"rendered":"Fra Hommers\u00e5k til Paraguay, via Trondheim"},"content":{"rendered":"<div class=\"entry-content alignfull wp-block-post-content has-global-padding is-layout-constrained wp-block-post-content-is-layout-constrained\">\n<p>Et intervju med Tove Karin, 20 \u00e5r<\/p>\n\n\n\n<p><strong><em>Beskriv deg selv med tre ord:<\/em><\/strong> Positiv, eventyrlysten og rastl\u00f8s<\/p>\n\n\n\n<figure class=\"wp-block-image\"><img loading=\"lazy\" decoding=\"async\" width=\"1024\" height=\"768\" src=\"https:\/\/www.normisjon.no\/content\/uploads\/sites\/18\/2020\/03\/Tove_Paraguay-1024x768.jpg\" alt=\"\" class=\"wp-image-3402\" srcset=\"https:\/\/www.normisjon.no\/content\/uploads\/sites\/18\/2020\/03\/Tove_Paraguay-1024x768.jpg 1024w, https:\/\/www.normisjon.no\/content\/uploads\/sites\/18\/2020\/03\/Tove_Paraguay-300x225.jpg 300w, https:\/\/www.normisjon.no\/content\/uploads\/sites\/18\/2020\/03\/Tove_Paraguay-768x576.jpg 768w, https:\/\/www.normisjon.no\/content\/uploads\/sites\/18\/2020\/03\/Tove_Paraguay-1920x1440.jpg 1920w, https:\/\/www.normisjon.no\/content\/uploads\/sites\/18\/2020\/03\/Tove_Paraguay-1360x1020.jpg 1360w, https:\/\/www.normisjon.no\/content\/uploads\/sites\/18\/2020\/03\/Tove_Paraguay-960x720.jpg 960w\" sizes=\"auto, (max-width: 1024px) 100vw, 1024px\" \/><\/figure>\n\n\n\n<p><strong><em>Hvorfor bibelskolen G\u00e5 Ut Senteret i Trondheim? <\/em><\/strong>Jeg deltok p\u00e5 det de kaller Ex-weekend. Tidligere elever m\u00f8ttes og hadde en gathering. Ungdommer som tenkte at det kunne v\u00e6re aktuelt \u00e5 begynne ble ogs\u00e5 invitert samme helgen. S\u00f8steren min Lindy, som hadde g\u00e5tt f\u00f8r, inviterte meg opp til Trondheim. Vi fikk blant annet sett skolen, opplevde det sosiale internatlivet og snakket med l\u00e6rerne. Da s\u00f8ndagen kom hadde jeg bare en tanke i hodet: \u00abKan jeg ikke bare f\u00e5 lov til \u00e5 v\u00e6re igjen her?\u00bb. Kunne selvsagt ikke det, men \u00e5ret etterp\u00e5 s\u00e5 startet jeg. <\/p>\n\n\n\n<p><strong><em>Hvilke forventinger hadde du til skole\u00e5ret?<\/em><\/strong> Jeg ville finne ut mer om Gud, meg selv og hvordan Gud kan bruke meg. Det har absolutt svart til forventningene! I dagene etter jeg kom hjem har jeg skrevet p\u00e5 en oppgave som heter: \u00abMin personlige utvikling\u00bb, og det er da jeg innser hvor mye jeg har l\u00e6rt, og forandret meg, i l\u00f8pet av skole\u00e5ret. <\/p>\n\n\n\n<p><strong><em>Hvor lenge var dere i Trondheim f\u00f8r dere reiste ut til de ulike landene? <\/em><\/strong>To m\u00e5neder. To skamkjekke m\u00e5neder! Noen ville raskest mulig avg\u00e5rde, men jeg kjente at det var godt \u00e5 komme til en ny by. Jeg likte livet i kollektivet, skolen og timene, og ikke minst milj\u00f8et i Salem. Det vil si Normisjon sin forsamling i Trondheim by. <\/p>\n\n\n\n<p><strong><em>S\u00e5 ble du plassert i S\u00f8r-Amerika, i landet Paraguay, med 5 andre jenter. Hvilke oppgaver fikk dere der?<\/em><\/strong> Vi hadde to perioder: F\u00f8rste delen ble tre av oss med p\u00e5 et hjem for voksne som er psykisk og fysisk utviklingshemmede, mens vi tre andre var p\u00e5 et barnehjem for jenter. P\u00e5 l\u00f8rdagen jobbet vi alle sammen p\u00e5 noe som het l\u00f8rdagsprogrammet, hvor barn fra fattige str\u00f8k fikk komme til barnehjemmet for \u00e5 l\u00e6re spr\u00e5k, leke og f\u00e5 mat. S\u00e5 i februar reiste vi til Pedro Juan Caballero hvor vi jobbet en m\u00e5ned p\u00e5 la guarder\u00eda, som er en kombinert barnehage og skole som er tilrettelagt for vanskeligstilte barn. Vi likte oss veldig godt begge plassene. Uansett hvor vi havnet f\u00f8lte vi alltid at vi var hjemme og akkurat p\u00e5 den plassen Gud ville ha oss.<\/p>\n\n\n\n<figure class=\"wp-block-image\"><img loading=\"lazy\" decoding=\"async\" width=\"1024\" height=\"683\" src=\"https:\/\/www.normisjon.no\/content\/uploads\/sites\/18\/2020\/03\/Tove-i-Paraguay-1024x683.png\" alt=\"\" class=\"wp-image-3401\" srcset=\"https:\/\/www.normisjon.no\/content\/uploads\/sites\/18\/2020\/03\/Tove-i-Paraguay-1024x683.png 1024w, https:\/\/www.normisjon.no\/content\/uploads\/sites\/18\/2020\/03\/Tove-i-Paraguay-300x200.png 300w, https:\/\/www.normisjon.no\/content\/uploads\/sites\/18\/2020\/03\/Tove-i-Paraguay-768x512.png 768w, https:\/\/www.normisjon.no\/content\/uploads\/sites\/18\/2020\/03\/Tove-i-Paraguay-1920x1280.png 1920w, https:\/\/www.normisjon.no\/content\/uploads\/sites\/18\/2020\/03\/Tove-i-Paraguay-1360x907.png 1360w, https:\/\/www.normisjon.no\/content\/uploads\/sites\/18\/2020\/03\/Tove-i-Paraguay-960x640.png 960w\" sizes=\"auto, (max-width: 1024px) 100vw, 1024px\" \/><\/figure>\n\n\n\n<p><strong><em>Hva opplevde du som den st\u00f8rste forskjellen i ungdomsmilj\u00f8ene?<\/em><\/strong> I Paraguay var de mye mer \u00e5pne og gjestfrie. N\u00e5r vi kom f\u00f8rste dagen tok det ikke fem minutter en gang f\u00f8r vi fikk bes\u00f8k av tre ungdommer som ville \u00f8nske oss velkommen. Og ut over hele oppholdet var de ikke langt unna. N\u00e5r vi var sammen, s\u00e5 trengte det ikke v\u00e6re det store programmet, men heller hverdagslige ting som \u00e5 snakke, spille volleyball, drikke \u00abterere\u00bb eller spille Uno. <\/p>\n\n\n\n<p><strong><em>Og likhetene da, hva er det?<\/em><\/strong> Det er mye likt. De er akkurat som oss, studerer, er med p\u00e5 fritidsaktiviteter, har forskjellige interesserer og er opptatt av serier og musikk.<\/p>\n\n\n\n<p><strong><em>Hva gjorde mest inntrykk?<\/em><\/strong> Mye. Men skal jeg plukket en ting frem m\u00e5 det v\u00e6re <em>l\u00f8rdagsprogrammet<\/em> i Tobati. Med buss hentet de ungene fra nabolagene. S\u00e5 brukte vi dagen sammen med dem. Utrolig kjekt! Men da de skulle levere ungene hjem i slutten av dagen fikk jeg og ei venninne v\u00e6re med \u00e5 se. Bussj\u00e5f\u00f8ren kunne fortelle om de vanskelige livssituasjonene til flere av disse barna. Og ungene med store smil om munnen gikk til hus mindre enn rommet mitt hjemme i Norge. Det gikk inn p\u00e5 meg at glede handler s\u00e5 mye mer om enn bare ting og velstand.<\/p>\n\n\n\n<p><strong><em>Hva n\u00e5?<\/em><\/strong> Alle i teamet vil tilbake. Og, uansett s\u00e5 fortsetter vi som en gruppe og holder kontakten.\u00a0 Men vi vet vi n\u00e5 har hverandre i ryggen uansett hva! Mi familia Paraguay <\/p>\n\n\n\n<p><strong><em>L\u00e6rte du noe, i tilfelle hva?<\/em><\/strong> Ja, jeg l\u00e6rte utrolig mye. Jeg beundrer Guds-fokuset de hadde i hverdagen! Det \u00f8nsker jeg \u00e5 ta med meg hjem til Norge. I tillegg s\u00e5 h\u00e5per jeg at jeg tar med meg gjestfriheten som de praktiserte. Det var helt utrolig \u00e5 se hvordan de tok imot alle med \u00e5pne armer. Og mye mer ogs\u00e5 har jeg l\u00e6rt, men har ikke muligheten til \u00e5 nevne alt her.<\/p>\n\n\n\n<p><strong><em>Hva gj\u00f8r du neste \u00e5r?<\/em><\/strong> Jeg skal i milit\u00e6ret, Setermoen. Jeg h\u00e5per at jeg kommer inn i Saniteten, for det vil jeg f\u00e5 bruk for i videre studier. Jeg har lyst til \u00e5 jobbe med paramedicin. Med dette kan jeg for eksempel jobbe i ambulansetjenesten. <\/p>\n\n\n\n<p><strong><em>Er det noen l\u00e6rdom du vil ta med deg fra dette \u00e5ret dit?<\/em><\/strong> F\u00f8rst av alt vil jeg v\u00e6re mer takknemlig. Jeg \u00f8nsker \u00e5 kunne se ting fra andre sin synsvinkel. Se p\u00e5 ting med deres \u00f8yne. Ogs\u00e5 skal jeg jobbe med \u00e5 sette av stilletid med Gud. Menighetslivet vil jeg ogs\u00e5 prioritere mer. Har innsett hvor viktig det er med \u00abp\u00e5fyll\u00bb for \u00e5 kunne gi noe videre.<\/p>\n\n\n\n<p><strong><em>Vil du anbefale et \u00e5r p\u00e5 GUS til andre?<\/em><\/strong> Absolutt!! Du vil l\u00e6re mye om Gud, deg selv, kulturer, spr\u00e5k og s\u00e5 sykt mye mer! Jeg ville ikke byttet dette \u00e5ret med noe annet.<\/p>\n<\/div>","protected":false},"excerpt":{"rendered":"<p>Et intervju med Tove Karin, 20 \u00e5r Beskriv deg selv med tre ord: Positiv, eventyrlysten og rastl\u00f8s Hvorfor bibelskolen G\u00e5 Ut Senteret i Trondheim? Jeg [&hellip;]<\/p>\n","protected":false},"author":21,"featured_media":3401,"comment_status":"closed","ping_status":"closed","sticky":false,"template":"","format":"standard","meta":{"_acf_changed":false,"footnotes":""},"categories":[21],"tags":[],"class_list":["post-3400","post","type-post","status-publish","format-standard","has-post-thumbnail","hentry","category-nyheter"],"acf":[],"yoast_head":"<!-- This site is optimized with the Yoast SEO plugin v25.9 - https:\/\/yoast.com\/wordpress\/plugins\/seo\/ -->\n<title>Fra Hommers\u00e5k til Paraguay, via Trondheim - Region Rogaland<\/title>\n<meta name=\"robots\" content=\"index, follow, max-snippet:-1, max-image-preview:large, max-video-preview:-1\" \/>\n<link rel=\"canonical\" href=\"https:\/\/www.normisjon.no\/rogaland\/2020\/03\/25\/fra-hommersak-til-paraguay-via-trondheim\/\" \/>\n<meta property=\"og:locale\" content=\"nb_NO\" \/>\n<meta property=\"og:type\" content=\"article\" \/>\n<meta property=\"og:title\" content=\"Fra Hommers\u00e5k til Paraguay, via Trondheim - Region Rogaland\" \/>\n<meta property=\"og:description\" content=\"Et intervju med Tove Karin, 20 \u00e5r Beskriv deg selv med tre ord: Positiv, eventyrlysten og rastl\u00f8s Hvorfor bibelskolen G\u00e5 Ut Senteret i Trondheim? Jeg [&hellip;]\" \/>\n<meta property=\"og:url\" content=\"https:\/\/www.normisjon.no\/rogaland\/2020\/03\/25\/fra-hommersak-til-paraguay-via-trondheim\/\" \/>\n<meta property=\"og:site_name\" content=\"Region Rogaland\" \/>\n<meta property=\"article:published_time\" content=\"2020-03-25T15:41:07+00:00\" \/>\n<meta property=\"article:modified_time\" content=\"2020-03-25T15:41:09+00:00\" \/>\n<meta property=\"og:image\" content=\"https:\/\/www.normisjon.no\/content\/uploads\/sites\/18\/2020\/03\/Tove-i-Paraguay-1024x683.png\" \/>\n\t<meta property=\"og:image:width\" content=\"1024\" \/>\n\t<meta property=\"og:image:height\" content=\"683\" \/>\n\t<meta property=\"og:image:type\" content=\"image\/png\" \/>\n<meta name=\"author\" content=\"jeanett\" \/>\n<meta name=\"twitter:card\" content=\"summary_large_image\" \/>\n<meta name=\"twitter:label1\" content=\"Skrevet av\" \/>\n\t<meta name=\"twitter:data1\" content=\"jeanett\" \/>\n\t<meta name=\"twitter:label2\" content=\"Ansl. lesetid\" \/>\n\t<meta name=\"twitter:data2\" content=\"4 minutter\" \/>\n<script type=\"application\/ld+json\" class=\"yoast-schema-graph\">{\"@context\":\"https:\/\/schema.org\",\"@graph\":[{\"@type\":\"WebPage\",\"@id\":\"https:\/\/www.normisjon.no\/rogaland\/2020\/03\/25\/fra-hommersak-til-paraguay-via-trondheim\/\",\"url\":\"https:\/\/www.normisjon.no\/rogaland\/2020\/03\/25\/fra-hommersak-til-paraguay-via-trondheim\/\",\"name\":\"Fra Hommers\u00e5k til Paraguay, via Trondheim - Region Rogaland\",\"isPartOf\":{\"@id\":\"https:\/\/www.normisjon.no\/rogaland\/#website\"},\"primaryImageOfPage\":{\"@id\":\"https:\/\/www.normisjon.no\/rogaland\/2020\/03\/25\/fra-hommersak-til-paraguay-via-trondheim\/#primaryimage\"},\"image\":{\"@id\":\"https:\/\/www.normisjon.no\/rogaland\/2020\/03\/25\/fra-hommersak-til-paraguay-via-trondheim\/#primaryimage\"},\"thumbnailUrl\":\"https:\/\/www.normisjon.no\/content\/uploads\/sites\/18\/2020\/03\/Tove-i-Paraguay.png\",\"datePublished\":\"2020-03-25T15:41:07+00:00\",\"dateModified\":\"2020-03-25T15:41:09+00:00\",\"author\":{\"@id\":\"https:\/\/www.normisjon.no\/rogaland\/#\/schema\/person\/3b44448037977b40922be844c036cebb\"},\"breadcrumb\":{\"@id\":\"https:\/\/www.normisjon.no\/rogaland\/2020\/03\/25\/fra-hommersak-til-paraguay-via-trondheim\/#breadcrumb\"},\"inLanguage\":\"nb-NO\",\"potentialAction\":[{\"@type\":\"ReadAction\",\"target\":[\"https:\/\/www.normisjon.no\/rogaland\/2020\/03\/25\/fra-hommersak-til-paraguay-via-trondheim\/\"]}]},{\"@type\":\"ImageObject\",\"inLanguage\":\"nb-NO\",\"@id\":\"https:\/\/www.normisjon.no\/rogaland\/2020\/03\/25\/fra-hommersak-til-paraguay-via-trondheim\/#primaryimage\",\"url\":\"https:\/\/www.normisjon.no\/content\/uploads\/sites\/18\/2020\/03\/Tove-i-Paraguay.png\",\"contentUrl\":\"https:\/\/www.normisjon.no\/content\/uploads\/sites\/18\/2020\/03\/Tove-i-Paraguay.png\",\"width\":5184,\"height\":3456},{\"@type\":\"BreadcrumbList\",\"@id\":\"https:\/\/www.normisjon.no\/rogaland\/2020\/03\/25\/fra-hommersak-til-paraguay-via-trondheim\/#breadcrumb\",\"itemListElement\":[{\"@type\":\"ListItem\",\"position\":1,\"name\":\"Home\",\"item\":\"https:\/\/www.normisjon.no\/rogaland\/\"},{\"@type\":\"ListItem\",\"position\":2,\"name\":\"Fra Hommers\u00e5k til Paraguay, via Trondheim\"}]},{\"@type\":\"WebSite\",\"@id\":\"https:\/\/www.normisjon.no\/rogaland\/#website\",\"url\":\"https:\/\/www.normisjon.no\/rogaland\/\",\"name\":\"Region Rogaland\",\"description\":\"\",\"potentialAction\":[{\"@type\":\"SearchAction\",\"target\":{\"@type\":\"EntryPoint\",\"urlTemplate\":\"https:\/\/www.normisjon.no\/rogaland\/?s={search_term_string}\"},\"query-input\":{\"@type\":\"PropertyValueSpecification\",\"valueRequired\":true,\"valueName\":\"search_term_string\"}}],\"inLanguage\":\"nb-NO\"},{\"@type\":\"Person\",\"@id\":\"https:\/\/www.normisjon.no\/rogaland\/#\/schema\/person\/3b44448037977b40922be844c036cebb\",\"name\":\"jeanett\",\"image\":{\"@type\":\"ImageObject\",\"inLanguage\":\"nb-NO\",\"@id\":\"https:\/\/www.normisjon.no\/rogaland\/#\/schema\/person\/image\/\",\"url\":\"https:\/\/secure.gravatar.com\/avatar\/00c93f9927022c522529cfefd447e362b60291bf55ac3107e12c077a8b459e43?s=96&d=mm&r=g\",\"contentUrl\":\"https:\/\/secure.gravatar.com\/avatar\/00c93f9927022c522529cfefd447e362b60291bf55ac3107e12c077a8b459e43?s=96&d=mm&r=g\",\"caption\":\"jeanett\"},\"url\":\"https:\/\/www.normisjon.no\/rogaland\/author\/jeanett\/\"}]}<\/script>\n<!-- \/ Yoast SEO plugin. -->","yoast_head_json":{"title":"Fra Hommers\u00e5k til Paraguay, via Trondheim - Region Rogaland","robots":{"index":"index","follow":"follow","max-snippet":"max-snippet:-1","max-image-preview":"max-image-preview:large","max-video-preview":"max-video-preview:-1"},"canonical":"https:\/\/www.normisjon.no\/rogaland\/2020\/03\/25\/fra-hommersak-til-paraguay-via-trondheim\/","og_locale":"nb_NO","og_type":"article","og_title":"Fra Hommers\u00e5k til Paraguay, via Trondheim - Region Rogaland","og_description":"Et intervju med Tove Karin, 20 \u00e5r Beskriv deg selv med tre ord: Positiv, eventyrlysten og rastl\u00f8s Hvorfor bibelskolen G\u00e5 Ut Senteret i Trondheim? Jeg [&hellip;]","og_url":"https:\/\/www.normisjon.no\/rogaland\/2020\/03\/25\/fra-hommersak-til-paraguay-via-trondheim\/","og_site_name":"Region Rogaland","article_published_time":"2020-03-25T15:41:07+00:00","article_modified_time":"2020-03-25T15:41:09+00:00","og_image":[{"width":1024,"height":683,"url":"https:\/\/www.normisjon.no\/content\/uploads\/sites\/18\/2020\/03\/Tove-i-Paraguay-1024x683.png","type":"image\/png"}],"author":"jeanett","twitter_card":"summary_large_image","twitter_misc":{"Skrevet av":"jeanett","Ansl. lesetid":"4 minutter"},"schema":{"@context":"https:\/\/schema.org","@graph":[{"@type":"WebPage","@id":"https:\/\/www.normisjon.no\/rogaland\/2020\/03\/25\/fra-hommersak-til-paraguay-via-trondheim\/","url":"https:\/\/www.normisjon.no\/rogaland\/2020\/03\/25\/fra-hommersak-til-paraguay-via-trondheim\/","name":"Fra Hommers\u00e5k til Paraguay, via Trondheim - Region Rogaland","isPartOf":{"@id":"https:\/\/www.normisjon.no\/rogaland\/#website"},"primaryImageOfPage":{"@id":"https:\/\/www.normisjon.no\/rogaland\/2020\/03\/25\/fra-hommersak-til-paraguay-via-trondheim\/#primaryimage"},"image":{"@id":"https:\/\/www.normisjon.no\/rogaland\/2020\/03\/25\/fra-hommersak-til-paraguay-via-trondheim\/#primaryimage"},"thumbnailUrl":"https:\/\/www.normisjon.no\/content\/uploads\/sites\/18\/2020\/03\/Tove-i-Paraguay.png","datePublished":"2020-03-25T15:41:07+00:00","dateModified":"2020-03-25T15:41:09+00:00","author":{"@id":"https:\/\/www.normisjon.no\/rogaland\/#\/schema\/person\/3b44448037977b40922be844c036cebb"},"breadcrumb":{"@id":"https:\/\/www.normisjon.no\/rogaland\/2020\/03\/25\/fra-hommersak-til-paraguay-via-trondheim\/#breadcrumb"},"inLanguage":"nb-NO","potentialAction":[{"@type":"ReadAction","target":["https:\/\/www.normisjon.no\/rogaland\/2020\/03\/25\/fra-hommersak-til-paraguay-via-trondheim\/"]}]},{"@type":"ImageObject","inLanguage":"nb-NO","@id":"https:\/\/www.normisjon.no\/rogaland\/2020\/03\/25\/fra-hommersak-til-paraguay-via-trondheim\/#primaryimage","url":"https:\/\/www.normisjon.no\/content\/uploads\/sites\/18\/2020\/03\/Tove-i-Paraguay.png","contentUrl":"https:\/\/www.normisjon.no\/content\/uploads\/sites\/18\/2020\/03\/Tove-i-Paraguay.png","width":5184,"height":3456},{"@type":"BreadcrumbList","@id":"https:\/\/www.normisjon.no\/rogaland\/2020\/03\/25\/fra-hommersak-til-paraguay-via-trondheim\/#breadcrumb","itemListElement":[{"@type":"ListItem","position":1,"name":"Home","item":"https:\/\/www.normisjon.no\/rogaland\/"},{"@type":"ListItem","position":2,"name":"Fra Hommers\u00e5k til Paraguay, via Trondheim"}]},{"@type":"WebSite","@id":"https:\/\/www.normisjon.no\/rogaland\/#website","url":"https:\/\/www.normisjon.no\/rogaland\/","name":"Region Rogaland","description":"","potentialAction":[{"@type":"SearchAction","target":{"@type":"EntryPoint","urlTemplate":"https:\/\/www.normisjon.no\/rogaland\/?s={search_term_string}"},"query-input":{"@type":"PropertyValueSpecification","valueRequired":true,"valueName":"search_term_string"}}],"inLanguage":"nb-NO"},{"@type":"Person","@id":"https:\/\/www.normisjon.no\/rogaland\/#\/schema\/person\/3b44448037977b40922be844c036cebb","name":"jeanett","image":{"@type":"ImageObject","inLanguage":"nb-NO","@id":"https:\/\/www.normisjon.no\/rogaland\/#\/schema\/person\/image\/","url":"https:\/\/secure.gravatar.com\/avatar\/00c93f9927022c522529cfefd447e362b60291bf55ac3107e12c077a8b459e43?s=96&d=mm&r=g","contentUrl":"https:\/\/secure.gravatar.com\/avatar\/00c93f9927022c522529cfefd447e362b60291bf55ac3107e12c077a8b459e43?s=96&d=mm&r=g","caption":"jeanett"},"url":"https:\/\/www.normisjon.no\/rogaland\/author\/jeanett\/"}]}},"_links":{"self":[{"href":"https:\/\/www.normisjon.no\/rogaland\/wp-json\/wp\/v2\/posts\/3400","targetHints":{"allow":["GET"]}}],"collection":[{"href":"https:\/\/www.normisjon.no\/rogaland\/wp-json\/wp\/v2\/posts"}],"about":[{"href":"https:\/\/www.normisjon.no\/rogaland\/wp-json\/wp\/v2\/types\/post"}],"author":[{"embeddable":true,"href":"https:\/\/www.normisjon.no\/rogaland\/wp-json\/wp\/v2\/users\/21"}],"replies":[{"embeddable":true,"href":"https:\/\/www.normisjon.no\/rogaland\/wp-json\/wp\/v2\/comments?post=3400"}],"version-history":[{"count":2,"href":"https:\/\/www.normisjon.no\/rogaland\/wp-json\/wp\/v2\/posts\/3400\/revisions"}],"predecessor-version":[{"id":3404,"href":"https:\/\/www.normisjon.no\/rogaland\/wp-json\/wp\/v2\/posts\/3400\/revisions\/3404"}],"wp:featuredmedia":[{"embeddable":true,"href":"https:\/\/www.normisjon.no\/rogaland\/wp-json\/wp\/v2\/media\/3401"}],"wp:attachment":[{"href":"https:\/\/www.normisjon.no\/rogaland\/wp-json\/wp\/v2\/media?parent=3400"}],"wp:term":[{"taxonomy":"category","embeddable":true,"href":"https:\/\/www.normisjon.no\/rogaland\/wp-json\/wp\/v2\/categories?post=3400"},{"taxonomy":"post_tag","embeddable":true,"href":"https:\/\/www.normisjon.no\/rogaland\/wp-json\/wp\/v2\/tags?post=3400"}],"curies":[{"name":"wp","href":"https:\/\/api.w.org\/{rel}","templated":true}]}}