{"id":3578,"date":"2020-05-11T09:57:53","date_gmt":"2020-05-11T07:57:53","guid":{"rendered":"https:\/\/www.normisjon.no\/rogaland\/?p=3578"},"modified":"2020-05-11T09:57:54","modified_gmt":"2020-05-11T07:57:54","slug":"a-vera-medmenneske-i-kriser","status":"publish","type":"post","link":"https:\/\/www.normisjon.no\/rogaland\/2020\/05\/11\/a-vera-medmenneske-i-kriser\/","title":{"rendered":"\u00c5 vera (med)menneske i kriser"},"content":{"rendered":"<div class=\"entry-content alignfull wp-block-post-content has-global-padding is-layout-constrained wp-block-post-content-is-layout-constrained\">\n<div class=\"wp-block-image\"><figure class=\"aligncenter\"><img loading=\"lazy\" decoding=\"async\" width=\"1024\" height=\"682\" src=\"https:\/\/www.normisjon.no\/content\/uploads\/sites\/18\/2020\/05\/Lengsel-1024x682.jpg\" alt=\"\" class=\"wp-image-3579\" srcset=\"https:\/\/www.normisjon.no\/content\/uploads\/sites\/18\/2020\/05\/Lengsel-1024x682.jpg 1024w, https:\/\/www.normisjon.no\/content\/uploads\/sites\/18\/2020\/05\/Lengsel-300x200.jpg 300w, https:\/\/www.normisjon.no\/content\/uploads\/sites\/18\/2020\/05\/Lengsel-768x512.jpg 768w, https:\/\/www.normisjon.no\/content\/uploads\/sites\/18\/2020\/05\/Lengsel-1920x1280.jpg 1920w, https:\/\/www.normisjon.no\/content\/uploads\/sites\/18\/2020\/05\/Lengsel-1360x906.jpg 1360w, https:\/\/www.normisjon.no\/content\/uploads\/sites\/18\/2020\/05\/Lengsel-960x640.jpg 960w, https:\/\/www.normisjon.no\/content\/uploads\/sites\/18\/2020\/05\/Lengsel.jpg 2000w\" sizes=\"auto, (max-width: 1024px) 100vw, 1024px\" \/><\/figure><\/div>\n\n\n\n<p class=\"has-small-font-size\"><em>Tekst: Aud Vihovde Hoftun<\/em><\/p>\n\n\n\n<p>F\u00f8rste veka i mars arrangerte\nFermate saman med F\u00f8rresfjorden menighet temakveld p\u00e5 Stemnestaden. Der var\nfokus: \u00ab\u00c5 vera medmenneske i kriser\u00bb. Lite tenkte mange av oss d\u00e5 at ei s\u00e5 altomfattande\nkrise var rett rundt hj\u00f8rna. <\/p>\n\n\n\n<p>Magnhild H. Helberg beskreiv i si undervisning m\u00f8tet med ei krise som \u00ab\u00e5 g\u00e5 inn i eit nytt landskap der ein manglar meistrings-strategiar i forhold til det ein st\u00e5r oppi\u00bb.<\/p>\n\n\n\n<p>Dette er noko som mange vil kjenna\nseg igjen i n\u00e5 om dagen. N\u00e5r det som er kjent og trygt, ikkje er der slik som\nf\u00f8r, kan mange slags f\u00f8lelsar dukka opp. Gamle skuffelsar og vonde erfaringar\ntilbake i tid, kjem ogs\u00e5 lettare til overflata. Der skal gjerne lite til f\u00f8r\nein blir vippa av pinnen. Ein kan ha problem med \u00e5 kjenna igjen b\u00e5de seg sj\u00f8lv\nog andre. &nbsp;<\/p>\n\n\n\n<p>I slike tider er det krevjande \u00e5\nvera menneske. Men kanskje det ogs\u00e5 er ei tid for \u00e5 stoppa opp og m\u00f8ta oss\nsj\u00f8lv p\u00e5 godt og vondt, ei tid for \u00e5 vera s\u00e5rbar og sann? Gjennom \u00e6rlege m\u00f8te\nmed oss sj\u00f8lv, vil me ogs\u00e5 vera betre i stand til \u00e5 m\u00f8ta andre. Ogs\u00e5 om ein\nikkje alltid forst\u00e5r den andre fullt ut. Det \u00e5 \u00f8va seg i raushet b\u00e5de overfor\noss sj\u00f8lv og dei som er rundt oss, kan vera ei fruktbar trening. &nbsp;Me gir kvarandre lov til \u00e5 vera s\u00e5rbare\nmenneske som treng kvarandre. Det kan koma mykje godt utav det. Lukke til!<\/p>\n<\/div>","protected":false},"excerpt":{"rendered":"<p>Tekst: Aud Vihovde Hoftun F\u00f8rste veka i mars arrangerte Fermate saman med F\u00f8rresfjorden menighet temakveld p\u00e5 Stemnestaden. Der var fokus: \u00ab\u00c5 vera medmenneske i kriser\u00bb. [&hellip;]<\/p>\n","protected":false},"author":20,"featured_media":3579,"comment_status":"closed","ping_status":"closed","sticky":false,"template":"","format":"standard","meta":{"_acf_changed":false,"footnotes":""},"categories":[21],"tags":[],"class_list":["post-3578","post","type-post","status-publish","format-standard","has-post-thumbnail","hentry","category-nyheter"],"acf":[],"yoast_head":"<!-- This site is optimized with the Yoast SEO plugin v25.9 - https:\/\/yoast.com\/wordpress\/plugins\/seo\/ -->\n<title>\u00c5 vera (med)menneske i kriser - Region Rogaland<\/title>\n<meta name=\"robots\" content=\"index, follow, max-snippet:-1, max-image-preview:large, max-video-preview:-1\" \/>\n<link rel=\"canonical\" href=\"https:\/\/www.normisjon.no\/rogaland\/2020\/05\/11\/a-vera-medmenneske-i-kriser\/\" \/>\n<meta property=\"og:locale\" content=\"nb_NO\" \/>\n<meta property=\"og:type\" content=\"article\" \/>\n<meta property=\"og:title\" content=\"\u00c5 vera (med)menneske i kriser - Region Rogaland\" \/>\n<meta property=\"og:description\" content=\"Tekst: Aud Vihovde Hoftun F\u00f8rste veka i mars arrangerte Fermate saman med F\u00f8rresfjorden menighet temakveld p\u00e5 Stemnestaden. Der var fokus: \u00ab\u00c5 vera medmenneske i kriser\u00bb. [&hellip;]\" \/>\n<meta property=\"og:url\" content=\"https:\/\/www.normisjon.no\/rogaland\/2020\/05\/11\/a-vera-medmenneske-i-kriser\/\" \/>\n<meta property=\"og:site_name\" content=\"Region Rogaland\" \/>\n<meta property=\"article:published_time\" content=\"2020-05-11T07:57:53+00:00\" \/>\n<meta property=\"article:modified_time\" content=\"2020-05-11T07:57:54+00:00\" \/>\n<meta property=\"og:image\" content=\"https:\/\/www.normisjon.no\/content\/uploads\/sites\/18\/2020\/05\/Lengsel.jpg\" \/>\n\t<meta property=\"og:image:width\" content=\"2000\" \/>\n\t<meta property=\"og:image:height\" content=\"1333\" \/>\n\t<meta property=\"og:image:type\" content=\"image\/jpeg\" \/>\n<meta name=\"author\" content=\"roar\" \/>\n<meta name=\"twitter:card\" content=\"summary_large_image\" \/>\n<meta name=\"twitter:label1\" content=\"Skrevet av\" \/>\n\t<meta name=\"twitter:data1\" content=\"roar\" \/>\n\t<meta name=\"twitter:label2\" content=\"Ansl. lesetid\" \/>\n\t<meta name=\"twitter:data2\" content=\"1 minutt\" \/>\n<script type=\"application\/ld+json\" class=\"yoast-schema-graph\">{\"@context\":\"https:\/\/schema.org\",\"@graph\":[{\"@type\":\"WebPage\",\"@id\":\"https:\/\/www.normisjon.no\/rogaland\/2020\/05\/11\/a-vera-medmenneske-i-kriser\/\",\"url\":\"https:\/\/www.normisjon.no\/rogaland\/2020\/05\/11\/a-vera-medmenneske-i-kriser\/\",\"name\":\"\u00c5 vera (med)menneske i kriser - Region Rogaland\",\"isPartOf\":{\"@id\":\"https:\/\/www.normisjon.no\/rogaland\/#website\"},\"primaryImageOfPage\":{\"@id\":\"https:\/\/www.normisjon.no\/rogaland\/2020\/05\/11\/a-vera-medmenneske-i-kriser\/#primaryimage\"},\"image\":{\"@id\":\"https:\/\/www.normisjon.no\/rogaland\/2020\/05\/11\/a-vera-medmenneske-i-kriser\/#primaryimage\"},\"thumbnailUrl\":\"https:\/\/www.normisjon.no\/content\/uploads\/sites\/18\/2020\/05\/Lengsel.jpg\",\"datePublished\":\"2020-05-11T07:57:53+00:00\",\"dateModified\":\"2020-05-11T07:57:54+00:00\",\"author\":{\"@id\":\"https:\/\/www.normisjon.no\/rogaland\/#\/schema\/person\/cb866e2d3dfec81378b5c838b767fbf7\"},\"breadcrumb\":{\"@id\":\"https:\/\/www.normisjon.no\/rogaland\/2020\/05\/11\/a-vera-medmenneske-i-kriser\/#breadcrumb\"},\"inLanguage\":\"nb-NO\",\"potentialAction\":[{\"@type\":\"ReadAction\",\"target\":[\"https:\/\/www.normisjon.no\/rogaland\/2020\/05\/11\/a-vera-medmenneske-i-kriser\/\"]}]},{\"@type\":\"ImageObject\",\"inLanguage\":\"nb-NO\",\"@id\":\"https:\/\/www.normisjon.no\/rogaland\/2020\/05\/11\/a-vera-medmenneske-i-kriser\/#primaryimage\",\"url\":\"https:\/\/www.normisjon.no\/content\/uploads\/sites\/18\/2020\/05\/Lengsel.jpg\",\"contentUrl\":\"https:\/\/www.normisjon.no\/content\/uploads\/sites\/18\/2020\/05\/Lengsel.jpg\",\"width\":2000,\"height\":1333},{\"@type\":\"BreadcrumbList\",\"@id\":\"https:\/\/www.normisjon.no\/rogaland\/2020\/05\/11\/a-vera-medmenneske-i-kriser\/#breadcrumb\",\"itemListElement\":[{\"@type\":\"ListItem\",\"position\":1,\"name\":\"Home\",\"item\":\"https:\/\/www.normisjon.no\/rogaland\/\"},{\"@type\":\"ListItem\",\"position\":2,\"name\":\"\u00c5 vera (med)menneske i kriser\"}]},{\"@type\":\"WebSite\",\"@id\":\"https:\/\/www.normisjon.no\/rogaland\/#website\",\"url\":\"https:\/\/www.normisjon.no\/rogaland\/\",\"name\":\"Region Rogaland\",\"description\":\"\",\"potentialAction\":[{\"@type\":\"SearchAction\",\"target\":{\"@type\":\"EntryPoint\",\"urlTemplate\":\"https:\/\/www.normisjon.no\/rogaland\/?s={search_term_string}\"},\"query-input\":{\"@type\":\"PropertyValueSpecification\",\"valueRequired\":true,\"valueName\":\"search_term_string\"}}],\"inLanguage\":\"nb-NO\"},{\"@type\":\"Person\",\"@id\":\"https:\/\/www.normisjon.no\/rogaland\/#\/schema\/person\/cb866e2d3dfec81378b5c838b767fbf7\",\"name\":\"roar\",\"image\":{\"@type\":\"ImageObject\",\"inLanguage\":\"nb-NO\",\"@id\":\"https:\/\/www.normisjon.no\/rogaland\/#\/schema\/person\/image\/\",\"url\":\"https:\/\/secure.gravatar.com\/avatar\/f0917b143ffde67ae03d754d69a1f910c10e22105027d7fcdda7cd6abc1e087a?s=96&d=mm&r=g\",\"contentUrl\":\"https:\/\/secure.gravatar.com\/avatar\/f0917b143ffde67ae03d754d69a1f910c10e22105027d7fcdda7cd6abc1e087a?s=96&d=mm&r=g\",\"caption\":\"roar\"},\"url\":\"https:\/\/www.normisjon.no\/rogaland\/author\/roar\/\"}]}<\/script>\n<!-- \/ Yoast SEO plugin. -->","yoast_head_json":{"title":"\u00c5 vera (med)menneske i kriser - Region Rogaland","robots":{"index":"index","follow":"follow","max-snippet":"max-snippet:-1","max-image-preview":"max-image-preview:large","max-video-preview":"max-video-preview:-1"},"canonical":"https:\/\/www.normisjon.no\/rogaland\/2020\/05\/11\/a-vera-medmenneske-i-kriser\/","og_locale":"nb_NO","og_type":"article","og_title":"\u00c5 vera (med)menneske i kriser - Region Rogaland","og_description":"Tekst: Aud Vihovde Hoftun F\u00f8rste veka i mars arrangerte Fermate saman med F\u00f8rresfjorden menighet temakveld p\u00e5 Stemnestaden. Der var fokus: \u00ab\u00c5 vera medmenneske i kriser\u00bb. [&hellip;]","og_url":"https:\/\/www.normisjon.no\/rogaland\/2020\/05\/11\/a-vera-medmenneske-i-kriser\/","og_site_name":"Region Rogaland","article_published_time":"2020-05-11T07:57:53+00:00","article_modified_time":"2020-05-11T07:57:54+00:00","og_image":[{"width":2000,"height":1333,"url":"https:\/\/www.normisjon.no\/content\/uploads\/sites\/18\/2020\/05\/Lengsel.jpg","type":"image\/jpeg"}],"author":"roar","twitter_card":"summary_large_image","twitter_misc":{"Skrevet av":"roar","Ansl. lesetid":"1 minutt"},"schema":{"@context":"https:\/\/schema.org","@graph":[{"@type":"WebPage","@id":"https:\/\/www.normisjon.no\/rogaland\/2020\/05\/11\/a-vera-medmenneske-i-kriser\/","url":"https:\/\/www.normisjon.no\/rogaland\/2020\/05\/11\/a-vera-medmenneske-i-kriser\/","name":"\u00c5 vera (med)menneske i kriser - Region Rogaland","isPartOf":{"@id":"https:\/\/www.normisjon.no\/rogaland\/#website"},"primaryImageOfPage":{"@id":"https:\/\/www.normisjon.no\/rogaland\/2020\/05\/11\/a-vera-medmenneske-i-kriser\/#primaryimage"},"image":{"@id":"https:\/\/www.normisjon.no\/rogaland\/2020\/05\/11\/a-vera-medmenneske-i-kriser\/#primaryimage"},"thumbnailUrl":"https:\/\/www.normisjon.no\/content\/uploads\/sites\/18\/2020\/05\/Lengsel.jpg","datePublished":"2020-05-11T07:57:53+00:00","dateModified":"2020-05-11T07:57:54+00:00","author":{"@id":"https:\/\/www.normisjon.no\/rogaland\/#\/schema\/person\/cb866e2d3dfec81378b5c838b767fbf7"},"breadcrumb":{"@id":"https:\/\/www.normisjon.no\/rogaland\/2020\/05\/11\/a-vera-medmenneske-i-kriser\/#breadcrumb"},"inLanguage":"nb-NO","potentialAction":[{"@type":"ReadAction","target":["https:\/\/www.normisjon.no\/rogaland\/2020\/05\/11\/a-vera-medmenneske-i-kriser\/"]}]},{"@type":"ImageObject","inLanguage":"nb-NO","@id":"https:\/\/www.normisjon.no\/rogaland\/2020\/05\/11\/a-vera-medmenneske-i-kriser\/#primaryimage","url":"https:\/\/www.normisjon.no\/content\/uploads\/sites\/18\/2020\/05\/Lengsel.jpg","contentUrl":"https:\/\/www.normisjon.no\/content\/uploads\/sites\/18\/2020\/05\/Lengsel.jpg","width":2000,"height":1333},{"@type":"BreadcrumbList","@id":"https:\/\/www.normisjon.no\/rogaland\/2020\/05\/11\/a-vera-medmenneske-i-kriser\/#breadcrumb","itemListElement":[{"@type":"ListItem","position":1,"name":"Home","item":"https:\/\/www.normisjon.no\/rogaland\/"},{"@type":"ListItem","position":2,"name":"\u00c5 vera (med)menneske i kriser"}]},{"@type":"WebSite","@id":"https:\/\/www.normisjon.no\/rogaland\/#website","url":"https:\/\/www.normisjon.no\/rogaland\/","name":"Region Rogaland","description":"","potentialAction":[{"@type":"SearchAction","target":{"@type":"EntryPoint","urlTemplate":"https:\/\/www.normisjon.no\/rogaland\/?s={search_term_string}"},"query-input":{"@type":"PropertyValueSpecification","valueRequired":true,"valueName":"search_term_string"}}],"inLanguage":"nb-NO"},{"@type":"Person","@id":"https:\/\/www.normisjon.no\/rogaland\/#\/schema\/person\/cb866e2d3dfec81378b5c838b767fbf7","name":"roar","image":{"@type":"ImageObject","inLanguage":"nb-NO","@id":"https:\/\/www.normisjon.no\/rogaland\/#\/schema\/person\/image\/","url":"https:\/\/secure.gravatar.com\/avatar\/f0917b143ffde67ae03d754d69a1f910c10e22105027d7fcdda7cd6abc1e087a?s=96&d=mm&r=g","contentUrl":"https:\/\/secure.gravatar.com\/avatar\/f0917b143ffde67ae03d754d69a1f910c10e22105027d7fcdda7cd6abc1e087a?s=96&d=mm&r=g","caption":"roar"},"url":"https:\/\/www.normisjon.no\/rogaland\/author\/roar\/"}]}},"_links":{"self":[{"href":"https:\/\/www.normisjon.no\/rogaland\/wp-json\/wp\/v2\/posts\/3578","targetHints":{"allow":["GET"]}}],"collection":[{"href":"https:\/\/www.normisjon.no\/rogaland\/wp-json\/wp\/v2\/posts"}],"about":[{"href":"https:\/\/www.normisjon.no\/rogaland\/wp-json\/wp\/v2\/types\/post"}],"author":[{"embeddable":true,"href":"https:\/\/www.normisjon.no\/rogaland\/wp-json\/wp\/v2\/users\/20"}],"replies":[{"embeddable":true,"href":"https:\/\/www.normisjon.no\/rogaland\/wp-json\/wp\/v2\/comments?post=3578"}],"version-history":[{"count":1,"href":"https:\/\/www.normisjon.no\/rogaland\/wp-json\/wp\/v2\/posts\/3578\/revisions"}],"predecessor-version":[{"id":3580,"href":"https:\/\/www.normisjon.no\/rogaland\/wp-json\/wp\/v2\/posts\/3578\/revisions\/3580"}],"wp:featuredmedia":[{"embeddable":true,"href":"https:\/\/www.normisjon.no\/rogaland\/wp-json\/wp\/v2\/media\/3579"}],"wp:attachment":[{"href":"https:\/\/www.normisjon.no\/rogaland\/wp-json\/wp\/v2\/media?parent=3578"}],"wp:term":[{"taxonomy":"category","embeddable":true,"href":"https:\/\/www.normisjon.no\/rogaland\/wp-json\/wp\/v2\/categories?post=3578"},{"taxonomy":"post_tag","embeddable":true,"href":"https:\/\/www.normisjon.no\/rogaland\/wp-json\/wp\/v2\/tags?post=3578"}],"curies":[{"name":"wp","href":"https:\/\/api.w.org\/{rel}","templated":true}]}}