{"id":3617,"date":"2020-06-04T10:47:37","date_gmt":"2020-06-04T08:47:37","guid":{"rendered":"https:\/\/www.normisjon.no\/rogaland\/?p=3617"},"modified":"2020-06-04T10:47:38","modified_gmt":"2020-06-04T08:47:38","slug":"sommeravslutning-for-onsdagsklubben-i-suldal","status":"publish","type":"post","link":"https:\/\/www.normisjon.no\/rogaland\/2020\/06\/04\/sommeravslutning-for-onsdagsklubben-i-suldal\/","title":{"rendered":"Sommeravslutning for Onsdagsklubben i Suldal"},"content":{"rendered":"<div class=\"entry-content alignfull wp-block-post-content has-global-padding is-layout-constrained wp-block-post-content-is-layout-constrained\">\n<figure class=\"wp-block-image\"><img loading=\"lazy\" decoding=\"async\" width=\"868\" height=\"468\" src=\"https:\/\/www.normisjon.no\/content\/uploads\/sites\/18\/2020\/06\/Onsdagsklubben-Suldal.jpeg\" alt=\"\" class=\"wp-image-3619\" srcset=\"https:\/\/www.normisjon.no\/content\/uploads\/sites\/18\/2020\/06\/Onsdagsklubben-Suldal.jpeg 868w, https:\/\/www.normisjon.no\/content\/uploads\/sites\/18\/2020\/06\/Onsdagsklubben-Suldal-300x162.jpeg 300w, https:\/\/www.normisjon.no\/content\/uploads\/sites\/18\/2020\/06\/Onsdagsklubben-Suldal-768x414.jpeg 768w\" sizes=\"auto, (max-width: 868px) 100vw, 868px\" \/><figcaption>Leiarane i onsdagsklubben, med Ingunn Hoftun i spissen, vart takka for god innsats.<\/figcaption><\/figure>\n\n\n\n<p class=\"has-small-font-size\"><em>Tekst\/bilde: Kjersti H Bjerga<\/em><\/p>\n\n\n\n<p>Over 40 ungar og 12 vaksne fekk ein flott siste klubbkveld i str\u00e5lande sol. Endeleg kunne alle f\u00e5 vera i lag p\u00e5 Onsdagsklubben att. Det var leik, p\u00f8lser og brus, andakt ved Kjersti Bjerga og takk for innsatsen til dei vaksne leiarane og ikkje minst til Ingunn Hoftun som har leia barnelaget sidan 1983. <\/p>\n\n\n\n<p>Til slutt var det trekning av gevinstar. Sidan basaren som skulle vore i mars ikkje blei, var lodda selt b\u00e5de p\u00e5 f\u00f8rehand i vinter og d\u00e5 det vart bestemt at trekninga skulle vera n\u00e5. Vel 27 000 kroner vert sende til Normisjon sitt prosjekt i Okhaldhunga i Nepal!!! Det er flott innsats av sm\u00e5 og store i Suldal. Me seier tusen takk for innsatsen og midlene! <\/p>\n\n\n\n<figure class=\"wp-block-image\"><img loading=\"lazy\" decoding=\"async\" width=\"1024\" height=\"768\" src=\"https:\/\/www.normisjon.no\/content\/uploads\/sites\/18\/2020\/06\/251-1024x768.jpeg\" alt=\"\" class=\"wp-image-3620\" srcset=\"https:\/\/www.normisjon.no\/content\/uploads\/sites\/18\/2020\/06\/251.jpeg 1024w, https:\/\/www.normisjon.no\/content\/uploads\/sites\/18\/2020\/06\/251-300x225.jpeg 300w, https:\/\/www.normisjon.no\/content\/uploads\/sites\/18\/2020\/06\/251-768x576.jpeg 768w, https:\/\/www.normisjon.no\/content\/uploads\/sites\/18\/2020\/06\/251-960x720.jpeg 960w\" sizes=\"auto, (max-width: 1024px) 100vw, 1024px\" \/><\/figure>\n<\/div>","protected":false},"excerpt":{"rendered":"<p>Tekst\/bilde: Kjersti H Bjerga Over 40 ungar og 12 vaksne fekk ein flott siste klubbkveld i str\u00e5lande sol. Endeleg kunne alle f\u00e5 vera i lag [&hellip;]<\/p>\n","protected":false},"author":20,"featured_media":3619,"comment_status":"closed","ping_status":"closed","sticky":false,"template":"","format":"standard","meta":{"_acf_changed":false,"footnotes":""},"categories":[21],"tags":[],"class_list":["post-3617","post","type-post","status-publish","format-standard","has-post-thumbnail","hentry","category-nyheter"],"acf":[],"yoast_head":"<!-- This site is optimized with the Yoast SEO plugin v25.9 - https:\/\/yoast.com\/wordpress\/plugins\/seo\/ -->\n<title>Sommeravslutning for Onsdagsklubben i Suldal - Region Rogaland<\/title>\n<meta name=\"robots\" content=\"index, follow, max-snippet:-1, max-image-preview:large, max-video-preview:-1\" \/>\n<link rel=\"canonical\" href=\"https:\/\/www.normisjon.no\/rogaland\/2020\/06\/04\/sommeravslutning-for-onsdagsklubben-i-suldal\/\" \/>\n<meta property=\"og:locale\" content=\"nb_NO\" \/>\n<meta property=\"og:type\" content=\"article\" \/>\n<meta property=\"og:title\" content=\"Sommeravslutning for Onsdagsklubben i Suldal - Region Rogaland\" \/>\n<meta property=\"og:description\" content=\"Tekst\/bilde: Kjersti H Bjerga Over 40 ungar og 12 vaksne fekk ein flott siste klubbkveld i str\u00e5lande sol. Endeleg kunne alle f\u00e5 vera i lag [&hellip;]\" \/>\n<meta property=\"og:url\" content=\"https:\/\/www.normisjon.no\/rogaland\/2020\/06\/04\/sommeravslutning-for-onsdagsklubben-i-suldal\/\" \/>\n<meta property=\"og:site_name\" content=\"Region Rogaland\" \/>\n<meta property=\"article:published_time\" content=\"2020-06-04T08:47:37+00:00\" \/>\n<meta property=\"article:modified_time\" content=\"2020-06-04T08:47:38+00:00\" \/>\n<meta property=\"og:image\" content=\"https:\/\/www.normisjon.no\/content\/uploads\/sites\/18\/2020\/06\/Onsdagsklubben-Suldal.jpeg\" \/>\n\t<meta property=\"og:image:width\" content=\"868\" \/>\n\t<meta property=\"og:image:height\" content=\"468\" \/>\n\t<meta property=\"og:image:type\" content=\"image\/jpeg\" \/>\n<meta name=\"author\" content=\"roar\" \/>\n<meta name=\"twitter:card\" content=\"summary_large_image\" \/>\n<meta name=\"twitter:label1\" content=\"Skrevet av\" \/>\n\t<meta name=\"twitter:data1\" content=\"roar\" \/>\n\t<meta name=\"twitter:label2\" content=\"Ansl. lesetid\" \/>\n\t<meta name=\"twitter:data2\" content=\"1 minutt\" \/>\n<script type=\"application\/ld+json\" class=\"yoast-schema-graph\">{\"@context\":\"https:\/\/schema.org\",\"@graph\":[{\"@type\":\"WebPage\",\"@id\":\"https:\/\/www.normisjon.no\/rogaland\/2020\/06\/04\/sommeravslutning-for-onsdagsklubben-i-suldal\/\",\"url\":\"https:\/\/www.normisjon.no\/rogaland\/2020\/06\/04\/sommeravslutning-for-onsdagsklubben-i-suldal\/\",\"name\":\"Sommeravslutning for Onsdagsklubben i Suldal - Region Rogaland\",\"isPartOf\":{\"@id\":\"https:\/\/www.normisjon.no\/rogaland\/#website\"},\"primaryImageOfPage\":{\"@id\":\"https:\/\/www.normisjon.no\/rogaland\/2020\/06\/04\/sommeravslutning-for-onsdagsklubben-i-suldal\/#primaryimage\"},\"image\":{\"@id\":\"https:\/\/www.normisjon.no\/rogaland\/2020\/06\/04\/sommeravslutning-for-onsdagsklubben-i-suldal\/#primaryimage\"},\"thumbnailUrl\":\"https:\/\/www.normisjon.no\/content\/uploads\/sites\/18\/2020\/06\/Onsdagsklubben-Suldal.jpeg\",\"datePublished\":\"2020-06-04T08:47:37+00:00\",\"dateModified\":\"2020-06-04T08:47:38+00:00\",\"author\":{\"@id\":\"https:\/\/www.normisjon.no\/rogaland\/#\/schema\/person\/cb866e2d3dfec81378b5c838b767fbf7\"},\"breadcrumb\":{\"@id\":\"https:\/\/www.normisjon.no\/rogaland\/2020\/06\/04\/sommeravslutning-for-onsdagsklubben-i-suldal\/#breadcrumb\"},\"inLanguage\":\"nb-NO\",\"potentialAction\":[{\"@type\":\"ReadAction\",\"target\":[\"https:\/\/www.normisjon.no\/rogaland\/2020\/06\/04\/sommeravslutning-for-onsdagsklubben-i-suldal\/\"]}]},{\"@type\":\"ImageObject\",\"inLanguage\":\"nb-NO\",\"@id\":\"https:\/\/www.normisjon.no\/rogaland\/2020\/06\/04\/sommeravslutning-for-onsdagsklubben-i-suldal\/#primaryimage\",\"url\":\"https:\/\/www.normisjon.no\/content\/uploads\/sites\/18\/2020\/06\/Onsdagsklubben-Suldal.jpeg\",\"contentUrl\":\"https:\/\/www.normisjon.no\/content\/uploads\/sites\/18\/2020\/06\/Onsdagsklubben-Suldal.jpeg\",\"width\":868,\"height\":468},{\"@type\":\"BreadcrumbList\",\"@id\":\"https:\/\/www.normisjon.no\/rogaland\/2020\/06\/04\/sommeravslutning-for-onsdagsklubben-i-suldal\/#breadcrumb\",\"itemListElement\":[{\"@type\":\"ListItem\",\"position\":1,\"name\":\"Home\",\"item\":\"https:\/\/www.normisjon.no\/rogaland\/\"},{\"@type\":\"ListItem\",\"position\":2,\"name\":\"Sommeravslutning for Onsdagsklubben i Suldal\"}]},{\"@type\":\"WebSite\",\"@id\":\"https:\/\/www.normisjon.no\/rogaland\/#website\",\"url\":\"https:\/\/www.normisjon.no\/rogaland\/\",\"name\":\"Region Rogaland\",\"description\":\"\",\"potentialAction\":[{\"@type\":\"SearchAction\",\"target\":{\"@type\":\"EntryPoint\",\"urlTemplate\":\"https:\/\/www.normisjon.no\/rogaland\/?s={search_term_string}\"},\"query-input\":{\"@type\":\"PropertyValueSpecification\",\"valueRequired\":true,\"valueName\":\"search_term_string\"}}],\"inLanguage\":\"nb-NO\"},{\"@type\":\"Person\",\"@id\":\"https:\/\/www.normisjon.no\/rogaland\/#\/schema\/person\/cb866e2d3dfec81378b5c838b767fbf7\",\"name\":\"roar\",\"image\":{\"@type\":\"ImageObject\",\"inLanguage\":\"nb-NO\",\"@id\":\"https:\/\/www.normisjon.no\/rogaland\/#\/schema\/person\/image\/\",\"url\":\"https:\/\/secure.gravatar.com\/avatar\/f0917b143ffde67ae03d754d69a1f910c10e22105027d7fcdda7cd6abc1e087a?s=96&d=mm&r=g\",\"contentUrl\":\"https:\/\/secure.gravatar.com\/avatar\/f0917b143ffde67ae03d754d69a1f910c10e22105027d7fcdda7cd6abc1e087a?s=96&d=mm&r=g\",\"caption\":\"roar\"},\"url\":\"https:\/\/www.normisjon.no\/rogaland\/author\/roar\/\"}]}<\/script>\n<!-- \/ Yoast SEO plugin. -->","yoast_head_json":{"title":"Sommeravslutning for Onsdagsklubben i Suldal - Region Rogaland","robots":{"index":"index","follow":"follow","max-snippet":"max-snippet:-1","max-image-preview":"max-image-preview:large","max-video-preview":"max-video-preview:-1"},"canonical":"https:\/\/www.normisjon.no\/rogaland\/2020\/06\/04\/sommeravslutning-for-onsdagsklubben-i-suldal\/","og_locale":"nb_NO","og_type":"article","og_title":"Sommeravslutning for Onsdagsklubben i Suldal - Region Rogaland","og_description":"Tekst\/bilde: Kjersti H Bjerga Over 40 ungar og 12 vaksne fekk ein flott siste klubbkveld i str\u00e5lande sol. Endeleg kunne alle f\u00e5 vera i lag [&hellip;]","og_url":"https:\/\/www.normisjon.no\/rogaland\/2020\/06\/04\/sommeravslutning-for-onsdagsklubben-i-suldal\/","og_site_name":"Region Rogaland","article_published_time":"2020-06-04T08:47:37+00:00","article_modified_time":"2020-06-04T08:47:38+00:00","og_image":[{"width":868,"height":468,"url":"https:\/\/www.normisjon.no\/content\/uploads\/sites\/18\/2020\/06\/Onsdagsklubben-Suldal.jpeg","type":"image\/jpeg"}],"author":"roar","twitter_card":"summary_large_image","twitter_misc":{"Skrevet av":"roar","Ansl. lesetid":"1 minutt"},"schema":{"@context":"https:\/\/schema.org","@graph":[{"@type":"WebPage","@id":"https:\/\/www.normisjon.no\/rogaland\/2020\/06\/04\/sommeravslutning-for-onsdagsklubben-i-suldal\/","url":"https:\/\/www.normisjon.no\/rogaland\/2020\/06\/04\/sommeravslutning-for-onsdagsklubben-i-suldal\/","name":"Sommeravslutning for Onsdagsklubben i Suldal - Region Rogaland","isPartOf":{"@id":"https:\/\/www.normisjon.no\/rogaland\/#website"},"primaryImageOfPage":{"@id":"https:\/\/www.normisjon.no\/rogaland\/2020\/06\/04\/sommeravslutning-for-onsdagsklubben-i-suldal\/#primaryimage"},"image":{"@id":"https:\/\/www.normisjon.no\/rogaland\/2020\/06\/04\/sommeravslutning-for-onsdagsklubben-i-suldal\/#primaryimage"},"thumbnailUrl":"https:\/\/www.normisjon.no\/content\/uploads\/sites\/18\/2020\/06\/Onsdagsklubben-Suldal.jpeg","datePublished":"2020-06-04T08:47:37+00:00","dateModified":"2020-06-04T08:47:38+00:00","author":{"@id":"https:\/\/www.normisjon.no\/rogaland\/#\/schema\/person\/cb866e2d3dfec81378b5c838b767fbf7"},"breadcrumb":{"@id":"https:\/\/www.normisjon.no\/rogaland\/2020\/06\/04\/sommeravslutning-for-onsdagsklubben-i-suldal\/#breadcrumb"},"inLanguage":"nb-NO","potentialAction":[{"@type":"ReadAction","target":["https:\/\/www.normisjon.no\/rogaland\/2020\/06\/04\/sommeravslutning-for-onsdagsklubben-i-suldal\/"]}]},{"@type":"ImageObject","inLanguage":"nb-NO","@id":"https:\/\/www.normisjon.no\/rogaland\/2020\/06\/04\/sommeravslutning-for-onsdagsklubben-i-suldal\/#primaryimage","url":"https:\/\/www.normisjon.no\/content\/uploads\/sites\/18\/2020\/06\/Onsdagsklubben-Suldal.jpeg","contentUrl":"https:\/\/www.normisjon.no\/content\/uploads\/sites\/18\/2020\/06\/Onsdagsklubben-Suldal.jpeg","width":868,"height":468},{"@type":"BreadcrumbList","@id":"https:\/\/www.normisjon.no\/rogaland\/2020\/06\/04\/sommeravslutning-for-onsdagsklubben-i-suldal\/#breadcrumb","itemListElement":[{"@type":"ListItem","position":1,"name":"Home","item":"https:\/\/www.normisjon.no\/rogaland\/"},{"@type":"ListItem","position":2,"name":"Sommeravslutning for Onsdagsklubben i Suldal"}]},{"@type":"WebSite","@id":"https:\/\/www.normisjon.no\/rogaland\/#website","url":"https:\/\/www.normisjon.no\/rogaland\/","name":"Region Rogaland","description":"","potentialAction":[{"@type":"SearchAction","target":{"@type":"EntryPoint","urlTemplate":"https:\/\/www.normisjon.no\/rogaland\/?s={search_term_string}"},"query-input":{"@type":"PropertyValueSpecification","valueRequired":true,"valueName":"search_term_string"}}],"inLanguage":"nb-NO"},{"@type":"Person","@id":"https:\/\/www.normisjon.no\/rogaland\/#\/schema\/person\/cb866e2d3dfec81378b5c838b767fbf7","name":"roar","image":{"@type":"ImageObject","inLanguage":"nb-NO","@id":"https:\/\/www.normisjon.no\/rogaland\/#\/schema\/person\/image\/","url":"https:\/\/secure.gravatar.com\/avatar\/f0917b143ffde67ae03d754d69a1f910c10e22105027d7fcdda7cd6abc1e087a?s=96&d=mm&r=g","contentUrl":"https:\/\/secure.gravatar.com\/avatar\/f0917b143ffde67ae03d754d69a1f910c10e22105027d7fcdda7cd6abc1e087a?s=96&d=mm&r=g","caption":"roar"},"url":"https:\/\/www.normisjon.no\/rogaland\/author\/roar\/"}]}},"_links":{"self":[{"href":"https:\/\/www.normisjon.no\/rogaland\/wp-json\/wp\/v2\/posts\/3617","targetHints":{"allow":["GET"]}}],"collection":[{"href":"https:\/\/www.normisjon.no\/rogaland\/wp-json\/wp\/v2\/posts"}],"about":[{"href":"https:\/\/www.normisjon.no\/rogaland\/wp-json\/wp\/v2\/types\/post"}],"author":[{"embeddable":true,"href":"https:\/\/www.normisjon.no\/rogaland\/wp-json\/wp\/v2\/users\/20"}],"replies":[{"embeddable":true,"href":"https:\/\/www.normisjon.no\/rogaland\/wp-json\/wp\/v2\/comments?post=3617"}],"version-history":[{"count":1,"href":"https:\/\/www.normisjon.no\/rogaland\/wp-json\/wp\/v2\/posts\/3617\/revisions"}],"predecessor-version":[{"id":3621,"href":"https:\/\/www.normisjon.no\/rogaland\/wp-json\/wp\/v2\/posts\/3617\/revisions\/3621"}],"wp:featuredmedia":[{"embeddable":true,"href":"https:\/\/www.normisjon.no\/rogaland\/wp-json\/wp\/v2\/media\/3619"}],"wp:attachment":[{"href":"https:\/\/www.normisjon.no\/rogaland\/wp-json\/wp\/v2\/media?parent=3617"}],"wp:term":[{"taxonomy":"category","embeddable":true,"href":"https:\/\/www.normisjon.no\/rogaland\/wp-json\/wp\/v2\/categories?post=3617"},{"taxonomy":"post_tag","embeddable":true,"href":"https:\/\/www.normisjon.no\/rogaland\/wp-json\/wp\/v2\/tags?post=3617"}],"curies":[{"name":"wp","href":"https:\/\/api.w.org\/{rel}","templated":true}]}}