{"id":4213,"date":"2021-03-08T11:04:53","date_gmt":"2021-03-08T10:04:53","guid":{"rendered":"https:\/\/www.normisjon.no\/rogaland\/?p=4213"},"modified":"2021-03-08T11:04:54","modified_gmt":"2021-03-08T10:04:54","slug":"flere-soker-til-fermate-for-samtale","status":"publish","type":"post","link":"https:\/\/www.normisjon.no\/rogaland\/2021\/03\/08\/flere-soker-til-fermate-for-samtale\/","title":{"rendered":"Flere s\u00f8ker til Fermate for samtale"},"content":{"rendered":"<div class=\"entry-content alignfull wp-block-post-content has-global-padding is-layout-constrained wp-block-post-content-is-layout-constrained\">\n<div class=\"wp-block-image\"><figure class=\"aligncenter\"><img loading=\"lazy\" decoding=\"async\" width=\"556\" height=\"476\" src=\"https:\/\/www.normisjon.no\/content\/uploads\/sites\/18\/2021\/03\/1-Aud.jpg\" alt=\"\" class=\"wp-image-4215\" srcset=\"https:\/\/www.normisjon.no\/content\/uploads\/sites\/18\/2021\/03\/1-Aud.jpg 556w, https:\/\/www.normisjon.no\/content\/uploads\/sites\/18\/2021\/03\/1-Aud-300x257.jpg 300w\" sizes=\"auto, (max-width: 556px) 100vw, 556px\" \/><figcaption>Aud Vihovde hoftun er leder for Fermate Rogaland.<\/figcaption><\/figure><\/div>\n\n\n\n<p class=\"has-small-font-size\"><em>Tekst: Hj\u00f8rdis Halleland Mikalsen<\/em><\/p>\n\n\n\n<p><strong>Koronaepidemien har f\u00f8rt til en \u00f8kning i tjenestene til\nAud Vihovde Hoftun og de andre sjeles\u00f8rgerne i Fermate Rogaland.&nbsp; N\u00e5 tilbyr de ogs\u00e5 et nettbasert kurs med\nfokus p\u00e5 selvbilde og identitet.<\/strong><\/p>\n\n\n\n<p>-Noen h\u00e5ndterer de endringene epidemien har p\u00e5f\u00f8rt\ntilv\u00e6relsen v\u00e5r helt fint, andre synes det er vanskelig. Behovet for en\nm\u00f8teplass for den \u00e6rlige samtalen om livet, har v\u00e6rt \u00f8kende den siste tiden,\nsier den erfarne sjeles\u00f8rgeren Aud Vihovde Hoftun, som er leder for Fermates\navdeling i Rogaland. Hun forteller at Fermate med unntak av mars og april i\nfjor har hatt \u00e5pent for en til en samtaler.<\/p>\n\n\n\n<p>-Selvf\u00f8lgelig i henhold til smittevernregler. Vi holder god\navstand og bruker mye antibac. <\/p>\n\n\n\n<p><strong>Sosial distanse<\/strong><\/p>\n\n\n\n<p>-Hverdagen v\u00e5r har endret seg betraktelig det siste \u00e5ret. Vi\nhar blitt tatt ut av de faste rutinene, de arenaene vi tidligere m\u00f8ttes p\u00e5 er i\nstor grad borte, noen bor alene og kjenner p\u00e5 ensomhet, andre er permitterte\nfra jobben, mens andre i for eksempel helsevesenet og skoleverket kjenner p\u00e5 et\n\u00f8kt arbeidspress og stor slitasje. I tillegg opplever noen av oss at den\nsosiale distansen gir oss mer tid til \u00e5 reflektere over livet og tilv\u00e6relsen.\nDet kan v\u00e6re en god ting, men det kan ogs\u00e5 oppleves utfordrende. Vanskelige\nerfaringer kan komme opp til overflaten og man begynner \u00e5 gruble over hvem man\ner, og hvilken verdi man har. Da kan det v\u00e6re godt \u00e5 ha noen \u00e5 snakke med, sier\nAud. <\/p>\n\n\n\n<p><strong>Pusterom<\/strong><\/p>\n\n\n\n<p>Ordet Fermate er et musikalsk uttrykk som betyr \u00e5 stanse opp\net \u00f8yeblikk. Og det er akkurat det sjelesorgsenteret ved samme navn tilbyr. En\npause i hverdagen, et pusterom i livet.&nbsp;\nKanskje er det viktigere n\u00e5 enn noen gang? <\/p>\n\n\n\n<p>-Fermate \u00f8nsker \u00e5 v\u00e6re et sted for den viktige samtalen om\nlivet og troen, der den enkelte kan f\u00e5 hjelp til \u00e5 komme til rette med seg\nselv, livet rundt seg og med Gud. Noen ganger floker livet seg til og en\ntrenger hjelp til \u00e5 sortere, legge fra seg og finne en vei videre. Da kan det\nv\u00e6re viktig \u00e5 samtale med noen som kan se situasjonen utenfra og som har faglig\nkompetanse og erfaring. Vi i Fermate har stor tro p\u00e5 bevisstgj\u00f8ring. Det du er\nbevisst p\u00e5 kan du gj\u00f8re noe med, mens det du ikke er bevisst p\u00e5 gj\u00f8r noe med\ndeg. <\/p>\n\n\n\n<p><strong>Nettbasert kurskonsept<\/strong><\/p>\n\n\n\n<p>Foruten samtaler arrangerer Fermate ulike kurs. Det siste\n\u00e5ret har det ikke latt seg gj\u00f8re, men det har ikke satt en stopper for Aud og\nde andre i Fermate. <\/p>\n\n\n\n<p>-Epidemien gj\u00f8r at vi ikke kan m\u00f8tes p\u00e5 samme m\u00e5te som f\u00f8r.\nDerfor har vi utarbeidet et nettbasert kurskonsept, sier hun og forteller at\nkurset best\u00e5r av fire episoder basert p\u00e5 tema om selvbilde og identitet,\nselvf\u00f8lelse og selvtillit, mestringsstrategier og skam. Hver episode inneholder\ntre deler. <\/p>\n\n\n\n<p>-Den ene delen best\u00e5r av det jeg vil kalle enkel\nhverdagspsykologi, den andre delen har fokus p\u00e5 praktisk livserfaring blant\nannet gjennom intervju og den siste bolken belyser tema utfra en bibelsk\nperson, forklarer Aud, som st\u00e5r for undervisningen sammen med Hans H\u00f8ie og\nTorgeir Mork.<\/p>\n\n\n\n<p><strong>Et godt redskap<\/strong><\/p>\n\n\n\n<p>-Dette er et kursopplegg du kan g\u00e5 inn i alene eller sammen\nmed andre. Det kan ikke minst v\u00e6re et godt redskap for sm\u00e5grupper. Tilbudet er\ngratis, og man kan n\u00e5r som helst g\u00e5 inn p\u00e5 Fermate Rogaland sine nettsider hvor\nman finner en link til kurset, sier Aud, og forteller at de planlegger flere\nlignende kurs i tiden som kommer. <\/p>\n\n\n\n<p>-Vi er mange som savner det \u00e5ndelige fellesskapet, et sted\nhvor vi kan m\u00f8tes for sosialt samv\u00e6r og \u00e5ndelig p\u00e5fyll. Dette kurset kan ikke\nerstatte det, men mitt \u00f8nske er at dette kan v\u00e6re et godt tilbud ogs\u00e5 n\u00e5 i\ndenne tiden.<\/p>\n\n\n\n<p>SITAT: Fermate \u00f8nsker \u00e5 v\u00e6re et sted for den viktige samtalen om livet og troen, et pusterom der den enkelte kan f\u00e5 hjelp til \u00e5 komme til rette med seg selv, livet rundt seg og med Gud. <\/p>\n\n\n\n<p><\/p>\n\n\n\n<p><strong><em>Fakta Fermate:<\/em><\/strong><\/p>\n\n\n\n<p><strong>Fermate Rogaland har samtaletilbud p\u00e5 B\u00e5deOg-huset i\nSandnes sentrum og p\u00e5 Kraftsenteret p\u00e5 Stemnestaden i Tysv\u00e6r. <\/strong><\/p>\n\n\n\n<p><strong>I Tysv\u00e6r er Gjermund Lygre samtalepartner i tillegg til\nAud V. Hoftun.<\/strong><\/p>\n\n\n\n<p><strong>Medarbeidere i Sandnes er Vigdis H. Hadland, Karstein\nDragsund og Aud V. Hoftun. Hans H\u00f8ie har mentor-samtaler for ledere.<\/strong><\/p>\n\n\n\n<p><strong>Du kan bestille samtale ved \u00e5 ta kontakt med Fermate\nRogaland p\u00e5 tlf. 98216181 eller via E-post: fermate.rogaland@gmail.com.<\/strong><\/p>\n<\/div>","protected":false},"excerpt":{"rendered":"<p>Tekst: Hj\u00f8rdis Halleland Mikalsen Koronaepidemien har f\u00f8rt til en \u00f8kning i tjenestene til Aud Vihovde Hoftun og de andre sjeles\u00f8rgerne i Fermate Rogaland.&nbsp; N\u00e5 tilbyr [&hellip;]<\/p>\n","protected":false},"author":20,"featured_media":4215,"comment_status":"closed","ping_status":"closed","sticky":false,"template":"","format":"standard","meta":{"_acf_changed":false,"footnotes":""},"categories":[21],"tags":[],"class_list":["post-4213","post","type-post","status-publish","format-standard","has-post-thumbnail","hentry","category-nyheter"],"acf":[],"yoast_head":"<!-- This site is optimized with the Yoast SEO plugin v25.9 - https:\/\/yoast.com\/wordpress\/plugins\/seo\/ -->\n<title>Flere s\u00f8ker til Fermate for samtale - Region Rogaland<\/title>\n<meta name=\"robots\" content=\"index, follow, max-snippet:-1, max-image-preview:large, max-video-preview:-1\" \/>\n<link rel=\"canonical\" href=\"https:\/\/www.normisjon.no\/rogaland\/2021\/03\/08\/flere-soker-til-fermate-for-samtale\/\" \/>\n<meta property=\"og:locale\" content=\"nb_NO\" \/>\n<meta property=\"og:type\" content=\"article\" \/>\n<meta property=\"og:title\" content=\"Flere s\u00f8ker til Fermate for samtale - Region Rogaland\" \/>\n<meta property=\"og:description\" content=\"Tekst: Hj\u00f8rdis Halleland Mikalsen Koronaepidemien har f\u00f8rt til en \u00f8kning i tjenestene til Aud Vihovde Hoftun og de andre sjeles\u00f8rgerne i Fermate Rogaland.&nbsp; N\u00e5 tilbyr [&hellip;]\" \/>\n<meta property=\"og:url\" content=\"https:\/\/www.normisjon.no\/rogaland\/2021\/03\/08\/flere-soker-til-fermate-for-samtale\/\" \/>\n<meta property=\"og:site_name\" content=\"Region Rogaland\" \/>\n<meta property=\"article:published_time\" content=\"2021-03-08T10:04:53+00:00\" \/>\n<meta property=\"article:modified_time\" content=\"2021-03-08T10:04:54+00:00\" \/>\n<meta property=\"og:image\" content=\"https:\/\/www.normisjon.no\/content\/uploads\/sites\/18\/2021\/03\/1-Aud.jpg\" \/>\n\t<meta property=\"og:image:width\" content=\"556\" \/>\n\t<meta property=\"og:image:height\" content=\"476\" \/>\n\t<meta property=\"og:image:type\" content=\"image\/jpeg\" \/>\n<meta name=\"author\" content=\"roar\" \/>\n<meta name=\"twitter:card\" content=\"summary_large_image\" \/>\n<meta name=\"twitter:label1\" content=\"Skrevet av\" \/>\n\t<meta name=\"twitter:data1\" content=\"roar\" \/>\n\t<meta name=\"twitter:label2\" content=\"Ansl. lesetid\" \/>\n\t<meta name=\"twitter:data2\" content=\"4 minutter\" \/>\n<script type=\"application\/ld+json\" class=\"yoast-schema-graph\">{\"@context\":\"https:\/\/schema.org\",\"@graph\":[{\"@type\":\"WebPage\",\"@id\":\"https:\/\/www.normisjon.no\/rogaland\/2021\/03\/08\/flere-soker-til-fermate-for-samtale\/\",\"url\":\"https:\/\/www.normisjon.no\/rogaland\/2021\/03\/08\/flere-soker-til-fermate-for-samtale\/\",\"name\":\"Flere s\u00f8ker til Fermate for samtale - Region Rogaland\",\"isPartOf\":{\"@id\":\"https:\/\/www.normisjon.no\/rogaland\/#website\"},\"primaryImageOfPage\":{\"@id\":\"https:\/\/www.normisjon.no\/rogaland\/2021\/03\/08\/flere-soker-til-fermate-for-samtale\/#primaryimage\"},\"image\":{\"@id\":\"https:\/\/www.normisjon.no\/rogaland\/2021\/03\/08\/flere-soker-til-fermate-for-samtale\/#primaryimage\"},\"thumbnailUrl\":\"https:\/\/www.normisjon.no\/content\/uploads\/sites\/18\/2021\/03\/1-Aud.jpg\",\"datePublished\":\"2021-03-08T10:04:53+00:00\",\"dateModified\":\"2021-03-08T10:04:54+00:00\",\"author\":{\"@id\":\"https:\/\/www.normisjon.no\/rogaland\/#\/schema\/person\/cb866e2d3dfec81378b5c838b767fbf7\"},\"breadcrumb\":{\"@id\":\"https:\/\/www.normisjon.no\/rogaland\/2021\/03\/08\/flere-soker-til-fermate-for-samtale\/#breadcrumb\"},\"inLanguage\":\"nb-NO\",\"potentialAction\":[{\"@type\":\"ReadAction\",\"target\":[\"https:\/\/www.normisjon.no\/rogaland\/2021\/03\/08\/flere-soker-til-fermate-for-samtale\/\"]}]},{\"@type\":\"ImageObject\",\"inLanguage\":\"nb-NO\",\"@id\":\"https:\/\/www.normisjon.no\/rogaland\/2021\/03\/08\/flere-soker-til-fermate-for-samtale\/#primaryimage\",\"url\":\"https:\/\/www.normisjon.no\/content\/uploads\/sites\/18\/2021\/03\/1-Aud.jpg\",\"contentUrl\":\"https:\/\/www.normisjon.no\/content\/uploads\/sites\/18\/2021\/03\/1-Aud.jpg\",\"width\":556,\"height\":476},{\"@type\":\"BreadcrumbList\",\"@id\":\"https:\/\/www.normisjon.no\/rogaland\/2021\/03\/08\/flere-soker-til-fermate-for-samtale\/#breadcrumb\",\"itemListElement\":[{\"@type\":\"ListItem\",\"position\":1,\"name\":\"Home\",\"item\":\"https:\/\/www.normisjon.no\/rogaland\/\"},{\"@type\":\"ListItem\",\"position\":2,\"name\":\"Flere s\u00f8ker til Fermate for samtale\"}]},{\"@type\":\"WebSite\",\"@id\":\"https:\/\/www.normisjon.no\/rogaland\/#website\",\"url\":\"https:\/\/www.normisjon.no\/rogaland\/\",\"name\":\"Region Rogaland\",\"description\":\"\",\"potentialAction\":[{\"@type\":\"SearchAction\",\"target\":{\"@type\":\"EntryPoint\",\"urlTemplate\":\"https:\/\/www.normisjon.no\/rogaland\/?s={search_term_string}\"},\"query-input\":{\"@type\":\"PropertyValueSpecification\",\"valueRequired\":true,\"valueName\":\"search_term_string\"}}],\"inLanguage\":\"nb-NO\"},{\"@type\":\"Person\",\"@id\":\"https:\/\/www.normisjon.no\/rogaland\/#\/schema\/person\/cb866e2d3dfec81378b5c838b767fbf7\",\"name\":\"roar\",\"image\":{\"@type\":\"ImageObject\",\"inLanguage\":\"nb-NO\",\"@id\":\"https:\/\/www.normisjon.no\/rogaland\/#\/schema\/person\/image\/\",\"url\":\"https:\/\/secure.gravatar.com\/avatar\/f0917b143ffde67ae03d754d69a1f910c10e22105027d7fcdda7cd6abc1e087a?s=96&d=mm&r=g\",\"contentUrl\":\"https:\/\/secure.gravatar.com\/avatar\/f0917b143ffde67ae03d754d69a1f910c10e22105027d7fcdda7cd6abc1e087a?s=96&d=mm&r=g\",\"caption\":\"roar\"},\"url\":\"https:\/\/www.normisjon.no\/rogaland\/author\/roar\/\"}]}<\/script>\n<!-- \/ Yoast SEO plugin. -->","yoast_head_json":{"title":"Flere s\u00f8ker til Fermate for samtale - Region Rogaland","robots":{"index":"index","follow":"follow","max-snippet":"max-snippet:-1","max-image-preview":"max-image-preview:large","max-video-preview":"max-video-preview:-1"},"canonical":"https:\/\/www.normisjon.no\/rogaland\/2021\/03\/08\/flere-soker-til-fermate-for-samtale\/","og_locale":"nb_NO","og_type":"article","og_title":"Flere s\u00f8ker til Fermate for samtale - Region Rogaland","og_description":"Tekst: Hj\u00f8rdis Halleland Mikalsen Koronaepidemien har f\u00f8rt til en \u00f8kning i tjenestene til Aud Vihovde Hoftun og de andre sjeles\u00f8rgerne i Fermate Rogaland.&nbsp; N\u00e5 tilbyr [&hellip;]","og_url":"https:\/\/www.normisjon.no\/rogaland\/2021\/03\/08\/flere-soker-til-fermate-for-samtale\/","og_site_name":"Region Rogaland","article_published_time":"2021-03-08T10:04:53+00:00","article_modified_time":"2021-03-08T10:04:54+00:00","og_image":[{"width":556,"height":476,"url":"https:\/\/www.normisjon.no\/content\/uploads\/sites\/18\/2021\/03\/1-Aud.jpg","type":"image\/jpeg"}],"author":"roar","twitter_card":"summary_large_image","twitter_misc":{"Skrevet av":"roar","Ansl. lesetid":"4 minutter"},"schema":{"@context":"https:\/\/schema.org","@graph":[{"@type":"WebPage","@id":"https:\/\/www.normisjon.no\/rogaland\/2021\/03\/08\/flere-soker-til-fermate-for-samtale\/","url":"https:\/\/www.normisjon.no\/rogaland\/2021\/03\/08\/flere-soker-til-fermate-for-samtale\/","name":"Flere s\u00f8ker til Fermate for samtale - Region Rogaland","isPartOf":{"@id":"https:\/\/www.normisjon.no\/rogaland\/#website"},"primaryImageOfPage":{"@id":"https:\/\/www.normisjon.no\/rogaland\/2021\/03\/08\/flere-soker-til-fermate-for-samtale\/#primaryimage"},"image":{"@id":"https:\/\/www.normisjon.no\/rogaland\/2021\/03\/08\/flere-soker-til-fermate-for-samtale\/#primaryimage"},"thumbnailUrl":"https:\/\/www.normisjon.no\/content\/uploads\/sites\/18\/2021\/03\/1-Aud.jpg","datePublished":"2021-03-08T10:04:53+00:00","dateModified":"2021-03-08T10:04:54+00:00","author":{"@id":"https:\/\/www.normisjon.no\/rogaland\/#\/schema\/person\/cb866e2d3dfec81378b5c838b767fbf7"},"breadcrumb":{"@id":"https:\/\/www.normisjon.no\/rogaland\/2021\/03\/08\/flere-soker-til-fermate-for-samtale\/#breadcrumb"},"inLanguage":"nb-NO","potentialAction":[{"@type":"ReadAction","target":["https:\/\/www.normisjon.no\/rogaland\/2021\/03\/08\/flere-soker-til-fermate-for-samtale\/"]}]},{"@type":"ImageObject","inLanguage":"nb-NO","@id":"https:\/\/www.normisjon.no\/rogaland\/2021\/03\/08\/flere-soker-til-fermate-for-samtale\/#primaryimage","url":"https:\/\/www.normisjon.no\/content\/uploads\/sites\/18\/2021\/03\/1-Aud.jpg","contentUrl":"https:\/\/www.normisjon.no\/content\/uploads\/sites\/18\/2021\/03\/1-Aud.jpg","width":556,"height":476},{"@type":"BreadcrumbList","@id":"https:\/\/www.normisjon.no\/rogaland\/2021\/03\/08\/flere-soker-til-fermate-for-samtale\/#breadcrumb","itemListElement":[{"@type":"ListItem","position":1,"name":"Home","item":"https:\/\/www.normisjon.no\/rogaland\/"},{"@type":"ListItem","position":2,"name":"Flere s\u00f8ker til Fermate for samtale"}]},{"@type":"WebSite","@id":"https:\/\/www.normisjon.no\/rogaland\/#website","url":"https:\/\/www.normisjon.no\/rogaland\/","name":"Region Rogaland","description":"","potentialAction":[{"@type":"SearchAction","target":{"@type":"EntryPoint","urlTemplate":"https:\/\/www.normisjon.no\/rogaland\/?s={search_term_string}"},"query-input":{"@type":"PropertyValueSpecification","valueRequired":true,"valueName":"search_term_string"}}],"inLanguage":"nb-NO"},{"@type":"Person","@id":"https:\/\/www.normisjon.no\/rogaland\/#\/schema\/person\/cb866e2d3dfec81378b5c838b767fbf7","name":"roar","image":{"@type":"ImageObject","inLanguage":"nb-NO","@id":"https:\/\/www.normisjon.no\/rogaland\/#\/schema\/person\/image\/","url":"https:\/\/secure.gravatar.com\/avatar\/f0917b143ffde67ae03d754d69a1f910c10e22105027d7fcdda7cd6abc1e087a?s=96&d=mm&r=g","contentUrl":"https:\/\/secure.gravatar.com\/avatar\/f0917b143ffde67ae03d754d69a1f910c10e22105027d7fcdda7cd6abc1e087a?s=96&d=mm&r=g","caption":"roar"},"url":"https:\/\/www.normisjon.no\/rogaland\/author\/roar\/"}]}},"_links":{"self":[{"href":"https:\/\/www.normisjon.no\/rogaland\/wp-json\/wp\/v2\/posts\/4213","targetHints":{"allow":["GET"]}}],"collection":[{"href":"https:\/\/www.normisjon.no\/rogaland\/wp-json\/wp\/v2\/posts"}],"about":[{"href":"https:\/\/www.normisjon.no\/rogaland\/wp-json\/wp\/v2\/types\/post"}],"author":[{"embeddable":true,"href":"https:\/\/www.normisjon.no\/rogaland\/wp-json\/wp\/v2\/users\/20"}],"replies":[{"embeddable":true,"href":"https:\/\/www.normisjon.no\/rogaland\/wp-json\/wp\/v2\/comments?post=4213"}],"version-history":[{"count":1,"href":"https:\/\/www.normisjon.no\/rogaland\/wp-json\/wp\/v2\/posts\/4213\/revisions"}],"predecessor-version":[{"id":4216,"href":"https:\/\/www.normisjon.no\/rogaland\/wp-json\/wp\/v2\/posts\/4213\/revisions\/4216"}],"wp:featuredmedia":[{"embeddable":true,"href":"https:\/\/www.normisjon.no\/rogaland\/wp-json\/wp\/v2\/media\/4215"}],"wp:attachment":[{"href":"https:\/\/www.normisjon.no\/rogaland\/wp-json\/wp\/v2\/media?parent=4213"}],"wp:term":[{"taxonomy":"category","embeddable":true,"href":"https:\/\/www.normisjon.no\/rogaland\/wp-json\/wp\/v2\/categories?post=4213"},{"taxonomy":"post_tag","embeddable":true,"href":"https:\/\/www.normisjon.no\/rogaland\/wp-json\/wp\/v2\/tags?post=4213"}],"curies":[{"name":"wp","href":"https:\/\/api.w.org\/{rel}","templated":true}]}}