{"id":5754,"date":"2022-11-22T09:21:06","date_gmt":"2022-11-22T08:21:06","guid":{"rendered":"https:\/\/www.normisjon.no\/rogaland\/?p=5754"},"modified":"2022-11-22T09:21:06","modified_gmt":"2022-11-22T08:21:06","slug":"damenes-helg-stemnestaden-2023","status":"publish","type":"post","link":"https:\/\/www.normisjon.no\/rogaland\/2022\/11\/22\/damenes-helg-stemnestaden-2023\/","title":{"rendered":"Damenes helg Stemnestaden 2023"},"content":{"rendered":"<div class=\"entry-content alignfull wp-block-post-content has-global-padding is-layout-constrained wp-block-post-content-is-layout-constrained\">\n<figure class=\"wp-block-image size-full is-resized\"><img loading=\"lazy\" decoding=\"async\" src=\"https:\/\/www.normisjon.no\/content\/uploads\/sites\/18\/2022\/11\/Damenes-helg-Stemnestaden-2023.jpg\" alt=\"\" class=\"wp-image-5755\" width=\"528\" height=\"384\" srcset=\"https:\/\/www.normisjon.no\/content\/uploads\/sites\/18\/2022\/11\/Damenes-helg-Stemnestaden-2023.jpg 704w, https:\/\/www.normisjon.no\/content\/uploads\/sites\/18\/2022\/11\/Damenes-helg-Stemnestaden-2023-300x218.jpg 300w\" sizes=\"auto, (max-width: 528px) 100vw, 528px\" \/><\/figure>\n\n\n\n<p>Velkommen til Damenes helg p\u00e5 Stemnestaden 17.-19.februar 2023.<\/p>\n\n\n\n<p>Tema: Peiling<\/p>\n\n\n\n<p>Velkommen til:<\/p>\n\n\n\n<ul class=\"wp-block-list\"><li>Fellesskap med damer i ulike aldersgrupper<\/li><li>P\u00e5fyll og utrustning for hverdagen<\/li><li>Avkobling i gode omgivelser <\/li><\/ul>\n\n\n\n<p>Taler: Marianne S. Braseth<\/p>\n\n\n\n<p>Sang: Synn\u00f8ve S\u00e6tervik H\u00f8ie, Marianne H\u00e5vik, Eili Kallevik og Lina Fisk Eide<\/p>\n\n\n\n<p><a href=\"https:\/\/app.checkin.no\/event\/50176\/damenes-helg-stemnestaden\" target=\"_blank\" rel=\"noreferrer noopener\">P\u00e5melding i Checkin<\/a> eller epost: <a href=\"mailto:kraftsenteret@gmail.com\" target=\"_blank\" rel=\"noreferrer noopener\">kraftsenteret@gmail.com<\/a> eller tlf. 98216181<\/p>\n\n\n\n<p><a href=\"https:\/\/www.normisjon.no\/content\/uploads\/sites\/18\/2022\/11\/brosjyre_Kvinnehelg_2023_A4.pdf\" target=\"_blank\" rel=\"noreferrer noopener\">Hele brosjyren med mer informasjon og program finner du her<\/a>. <\/p>\n<\/div>","protected":false},"excerpt":{"rendered":"<p>Velkommen til Damenes helg p\u00e5 Stemnestaden 17.-19.februar 2023. Tema: Peiling Velkommen til: Fellesskap med damer i ulike aldersgrupper P\u00e5fyll og utrustning for hverdagen Avkobling i [&hellip;]<\/p>\n","protected":false},"author":21,"featured_media":5757,"comment_status":"closed","ping_status":"closed","sticky":false,"template":"","format":"standard","meta":{"_acf_changed":false,"footnotes":""},"categories":[22],"tags":[],"class_list":["post-5754","post","type-post","status-publish","format-standard","has-post-thumbnail","hentry","category-arrangement"],"acf":[],"yoast_head":"<!-- This site is optimized with the Yoast SEO plugin v25.9 - https:\/\/yoast.com\/wordpress\/plugins\/seo\/ -->\n<title>Damenes helg Stemnestaden 2023 - Region Rogaland<\/title>\n<meta name=\"robots\" content=\"index, follow, max-snippet:-1, max-image-preview:large, max-video-preview:-1\" \/>\n<link rel=\"canonical\" href=\"https:\/\/www.normisjon.no\/rogaland\/2022\/11\/22\/damenes-helg-stemnestaden-2023\/\" \/>\n<meta property=\"og:locale\" content=\"nb_NO\" \/>\n<meta property=\"og:type\" content=\"article\" \/>\n<meta property=\"og:title\" content=\"Damenes helg Stemnestaden 2023 - Region Rogaland\" \/>\n<meta property=\"og:description\" content=\"Velkommen til Damenes helg p\u00e5 Stemnestaden 17.-19.februar 2023. Tema: Peiling Velkommen til: Fellesskap med damer i ulike aldersgrupper P\u00e5fyll og utrustning for hverdagen Avkobling i [&hellip;]\" \/>\n<meta property=\"og:url\" content=\"https:\/\/www.normisjon.no\/rogaland\/2022\/11\/22\/damenes-helg-stemnestaden-2023\/\" \/>\n<meta property=\"og:site_name\" content=\"Region Rogaland\" \/>\n<meta property=\"article:published_time\" content=\"2022-11-22T08:21:06+00:00\" \/>\n<meta property=\"og:image\" content=\"https:\/\/www.normisjon.no\/content\/uploads\/sites\/18\/2022\/11\/Damenes-helg-Stemnestaden-2023_2.jpg\" \/>\n\t<meta property=\"og:image:width\" content=\"1192\" \/>\n\t<meta property=\"og:image:height\" content=\"662\" \/>\n\t<meta property=\"og:image:type\" content=\"image\/jpeg\" \/>\n<meta name=\"author\" content=\"jeanett\" \/>\n<meta name=\"twitter:card\" content=\"summary_large_image\" \/>\n<meta name=\"twitter:label1\" content=\"Skrevet av\" \/>\n\t<meta name=\"twitter:data1\" content=\"jeanett\" \/>\n\t<meta name=\"twitter:label2\" content=\"Ansl. lesetid\" \/>\n\t<meta name=\"twitter:data2\" content=\"1 minutt\" \/>\n<script type=\"application\/ld+json\" class=\"yoast-schema-graph\">{\"@context\":\"https:\/\/schema.org\",\"@graph\":[{\"@type\":\"WebPage\",\"@id\":\"https:\/\/www.normisjon.no\/rogaland\/2022\/11\/22\/damenes-helg-stemnestaden-2023\/\",\"url\":\"https:\/\/www.normisjon.no\/rogaland\/2022\/11\/22\/damenes-helg-stemnestaden-2023\/\",\"name\":\"Damenes helg Stemnestaden 2023 - Region Rogaland\",\"isPartOf\":{\"@id\":\"https:\/\/www.normisjon.no\/rogaland\/#website\"},\"primaryImageOfPage\":{\"@id\":\"https:\/\/www.normisjon.no\/rogaland\/2022\/11\/22\/damenes-helg-stemnestaden-2023\/#primaryimage\"},\"image\":{\"@id\":\"https:\/\/www.normisjon.no\/rogaland\/2022\/11\/22\/damenes-helg-stemnestaden-2023\/#primaryimage\"},\"thumbnailUrl\":\"https:\/\/www.normisjon.no\/content\/uploads\/sites\/18\/2022\/11\/Damenes-helg-Stemnestaden-2023_2.jpg\",\"datePublished\":\"2022-11-22T08:21:06+00:00\",\"author\":{\"@id\":\"https:\/\/www.normisjon.no\/rogaland\/#\/schema\/person\/3b44448037977b40922be844c036cebb\"},\"breadcrumb\":{\"@id\":\"https:\/\/www.normisjon.no\/rogaland\/2022\/11\/22\/damenes-helg-stemnestaden-2023\/#breadcrumb\"},\"inLanguage\":\"nb-NO\",\"potentialAction\":[{\"@type\":\"ReadAction\",\"target\":[\"https:\/\/www.normisjon.no\/rogaland\/2022\/11\/22\/damenes-helg-stemnestaden-2023\/\"]}]},{\"@type\":\"ImageObject\",\"inLanguage\":\"nb-NO\",\"@id\":\"https:\/\/www.normisjon.no\/rogaland\/2022\/11\/22\/damenes-helg-stemnestaden-2023\/#primaryimage\",\"url\":\"https:\/\/www.normisjon.no\/content\/uploads\/sites\/18\/2022\/11\/Damenes-helg-Stemnestaden-2023_2.jpg\",\"contentUrl\":\"https:\/\/www.normisjon.no\/content\/uploads\/sites\/18\/2022\/11\/Damenes-helg-Stemnestaden-2023_2.jpg\",\"width\":1192,\"height\":662},{\"@type\":\"BreadcrumbList\",\"@id\":\"https:\/\/www.normisjon.no\/rogaland\/2022\/11\/22\/damenes-helg-stemnestaden-2023\/#breadcrumb\",\"itemListElement\":[{\"@type\":\"ListItem\",\"position\":1,\"name\":\"Home\",\"item\":\"https:\/\/www.normisjon.no\/rogaland\/\"},{\"@type\":\"ListItem\",\"position\":2,\"name\":\"Damenes helg Stemnestaden 2023\"}]},{\"@type\":\"WebSite\",\"@id\":\"https:\/\/www.normisjon.no\/rogaland\/#website\",\"url\":\"https:\/\/www.normisjon.no\/rogaland\/\",\"name\":\"Region Rogaland\",\"description\":\"\",\"potentialAction\":[{\"@type\":\"SearchAction\",\"target\":{\"@type\":\"EntryPoint\",\"urlTemplate\":\"https:\/\/www.normisjon.no\/rogaland\/?s={search_term_string}\"},\"query-input\":{\"@type\":\"PropertyValueSpecification\",\"valueRequired\":true,\"valueName\":\"search_term_string\"}}],\"inLanguage\":\"nb-NO\"},{\"@type\":\"Person\",\"@id\":\"https:\/\/www.normisjon.no\/rogaland\/#\/schema\/person\/3b44448037977b40922be844c036cebb\",\"name\":\"jeanett\",\"image\":{\"@type\":\"ImageObject\",\"inLanguage\":\"nb-NO\",\"@id\":\"https:\/\/www.normisjon.no\/rogaland\/#\/schema\/person\/image\/\",\"url\":\"https:\/\/secure.gravatar.com\/avatar\/00c93f9927022c522529cfefd447e362b60291bf55ac3107e12c077a8b459e43?s=96&d=mm&r=g\",\"contentUrl\":\"https:\/\/secure.gravatar.com\/avatar\/00c93f9927022c522529cfefd447e362b60291bf55ac3107e12c077a8b459e43?s=96&d=mm&r=g\",\"caption\":\"jeanett\"},\"url\":\"https:\/\/www.normisjon.no\/rogaland\/author\/jeanett\/\"}]}<\/script>\n<!-- \/ Yoast SEO plugin. -->","yoast_head_json":{"title":"Damenes helg Stemnestaden 2023 - Region Rogaland","robots":{"index":"index","follow":"follow","max-snippet":"max-snippet:-1","max-image-preview":"max-image-preview:large","max-video-preview":"max-video-preview:-1"},"canonical":"https:\/\/www.normisjon.no\/rogaland\/2022\/11\/22\/damenes-helg-stemnestaden-2023\/","og_locale":"nb_NO","og_type":"article","og_title":"Damenes helg Stemnestaden 2023 - Region Rogaland","og_description":"Velkommen til Damenes helg p\u00e5 Stemnestaden 17.-19.februar 2023. Tema: Peiling Velkommen til: Fellesskap med damer i ulike aldersgrupper P\u00e5fyll og utrustning for hverdagen Avkobling i [&hellip;]","og_url":"https:\/\/www.normisjon.no\/rogaland\/2022\/11\/22\/damenes-helg-stemnestaden-2023\/","og_site_name":"Region Rogaland","article_published_time":"2022-11-22T08:21:06+00:00","og_image":[{"width":1192,"height":662,"url":"https:\/\/www.normisjon.no\/content\/uploads\/sites\/18\/2022\/11\/Damenes-helg-Stemnestaden-2023_2.jpg","type":"image\/jpeg"}],"author":"jeanett","twitter_card":"summary_large_image","twitter_misc":{"Skrevet av":"jeanett","Ansl. lesetid":"1 minutt"},"schema":{"@context":"https:\/\/schema.org","@graph":[{"@type":"WebPage","@id":"https:\/\/www.normisjon.no\/rogaland\/2022\/11\/22\/damenes-helg-stemnestaden-2023\/","url":"https:\/\/www.normisjon.no\/rogaland\/2022\/11\/22\/damenes-helg-stemnestaden-2023\/","name":"Damenes helg Stemnestaden 2023 - Region Rogaland","isPartOf":{"@id":"https:\/\/www.normisjon.no\/rogaland\/#website"},"primaryImageOfPage":{"@id":"https:\/\/www.normisjon.no\/rogaland\/2022\/11\/22\/damenes-helg-stemnestaden-2023\/#primaryimage"},"image":{"@id":"https:\/\/www.normisjon.no\/rogaland\/2022\/11\/22\/damenes-helg-stemnestaden-2023\/#primaryimage"},"thumbnailUrl":"https:\/\/www.normisjon.no\/content\/uploads\/sites\/18\/2022\/11\/Damenes-helg-Stemnestaden-2023_2.jpg","datePublished":"2022-11-22T08:21:06+00:00","author":{"@id":"https:\/\/www.normisjon.no\/rogaland\/#\/schema\/person\/3b44448037977b40922be844c036cebb"},"breadcrumb":{"@id":"https:\/\/www.normisjon.no\/rogaland\/2022\/11\/22\/damenes-helg-stemnestaden-2023\/#breadcrumb"},"inLanguage":"nb-NO","potentialAction":[{"@type":"ReadAction","target":["https:\/\/www.normisjon.no\/rogaland\/2022\/11\/22\/damenes-helg-stemnestaden-2023\/"]}]},{"@type":"ImageObject","inLanguage":"nb-NO","@id":"https:\/\/www.normisjon.no\/rogaland\/2022\/11\/22\/damenes-helg-stemnestaden-2023\/#primaryimage","url":"https:\/\/www.normisjon.no\/content\/uploads\/sites\/18\/2022\/11\/Damenes-helg-Stemnestaden-2023_2.jpg","contentUrl":"https:\/\/www.normisjon.no\/content\/uploads\/sites\/18\/2022\/11\/Damenes-helg-Stemnestaden-2023_2.jpg","width":1192,"height":662},{"@type":"BreadcrumbList","@id":"https:\/\/www.normisjon.no\/rogaland\/2022\/11\/22\/damenes-helg-stemnestaden-2023\/#breadcrumb","itemListElement":[{"@type":"ListItem","position":1,"name":"Home","item":"https:\/\/www.normisjon.no\/rogaland\/"},{"@type":"ListItem","position":2,"name":"Damenes helg Stemnestaden 2023"}]},{"@type":"WebSite","@id":"https:\/\/www.normisjon.no\/rogaland\/#website","url":"https:\/\/www.normisjon.no\/rogaland\/","name":"Region Rogaland","description":"","potentialAction":[{"@type":"SearchAction","target":{"@type":"EntryPoint","urlTemplate":"https:\/\/www.normisjon.no\/rogaland\/?s={search_term_string}"},"query-input":{"@type":"PropertyValueSpecification","valueRequired":true,"valueName":"search_term_string"}}],"inLanguage":"nb-NO"},{"@type":"Person","@id":"https:\/\/www.normisjon.no\/rogaland\/#\/schema\/person\/3b44448037977b40922be844c036cebb","name":"jeanett","image":{"@type":"ImageObject","inLanguage":"nb-NO","@id":"https:\/\/www.normisjon.no\/rogaland\/#\/schema\/person\/image\/","url":"https:\/\/secure.gravatar.com\/avatar\/00c93f9927022c522529cfefd447e362b60291bf55ac3107e12c077a8b459e43?s=96&d=mm&r=g","contentUrl":"https:\/\/secure.gravatar.com\/avatar\/00c93f9927022c522529cfefd447e362b60291bf55ac3107e12c077a8b459e43?s=96&d=mm&r=g","caption":"jeanett"},"url":"https:\/\/www.normisjon.no\/rogaland\/author\/jeanett\/"}]}},"_links":{"self":[{"href":"https:\/\/www.normisjon.no\/rogaland\/wp-json\/wp\/v2\/posts\/5754","targetHints":{"allow":["GET"]}}],"collection":[{"href":"https:\/\/www.normisjon.no\/rogaland\/wp-json\/wp\/v2\/posts"}],"about":[{"href":"https:\/\/www.normisjon.no\/rogaland\/wp-json\/wp\/v2\/types\/post"}],"author":[{"embeddable":true,"href":"https:\/\/www.normisjon.no\/rogaland\/wp-json\/wp\/v2\/users\/21"}],"replies":[{"embeddable":true,"href":"https:\/\/www.normisjon.no\/rogaland\/wp-json\/wp\/v2\/comments?post=5754"}],"version-history":[{"count":2,"href":"https:\/\/www.normisjon.no\/rogaland\/wp-json\/wp\/v2\/posts\/5754\/revisions"}],"predecessor-version":[{"id":5759,"href":"https:\/\/www.normisjon.no\/rogaland\/wp-json\/wp\/v2\/posts\/5754\/revisions\/5759"}],"wp:featuredmedia":[{"embeddable":true,"href":"https:\/\/www.normisjon.no\/rogaland\/wp-json\/wp\/v2\/media\/5757"}],"wp:attachment":[{"href":"https:\/\/www.normisjon.no\/rogaland\/wp-json\/wp\/v2\/media?parent=5754"}],"wp:term":[{"taxonomy":"category","embeddable":true,"href":"https:\/\/www.normisjon.no\/rogaland\/wp-json\/wp\/v2\/categories?post=5754"},{"taxonomy":"post_tag","embeddable":true,"href":"https:\/\/www.normisjon.no\/rogaland\/wp-json\/wp\/v2\/tags?post=5754"}],"curies":[{"name":"wp","href":"https:\/\/api.w.org\/{rel}","templated":true}]}}