{"id":6137,"date":"2023-08-09T18:47:04","date_gmt":"2023-08-09T16:47:04","guid":{"rendered":"https:\/\/www.normisjon.no\/rogaland\/?p=6137"},"modified":"2023-08-09T18:47:04","modified_gmt":"2023-08-09T16:47:04","slug":"stille-kveld-pa-stemnestaden-hosten-2023","status":"publish","type":"post","link":"https:\/\/www.normisjon.no\/rogaland\/2023\/08\/09\/stille-kveld-pa-stemnestaden-hosten-2023\/","title":{"rendered":"Stille kveld p\u00e5 Stemnestaden h\u00f8sten 2023"},"content":{"rendered":"<div class=\"entry-content alignfull wp-block-post-content has-global-padding is-layout-constrained wp-block-post-content-is-layout-constrained\">\n<figure class=\"wp-block-image aligncenter size-full\"><img loading=\"lazy\" decoding=\"async\" width=\"479\" height=\"290\" src=\"https:\/\/www.normisjon.no\/content\/uploads\/sites\/18\/2023\/08\/Vannlilje2.jpg\" alt=\"\" class=\"wp-image-6138\" srcset=\"https:\/\/www.normisjon.no\/content\/uploads\/sites\/18\/2023\/08\/Vannlilje2.jpg 479w, https:\/\/www.normisjon.no\/content\/uploads\/sites\/18\/2023\/08\/Vannlilje2-300x182.jpg 300w\" sizes=\"auto, (max-width: 479px) 100vw, 479px\" \/><figcaption class=\"wp-element-caption\"><em>&laquo;I stillheten spirer liv.\u00a0I stillheten er du aldri alene.&raquo;\u00a0F. Finne<\/em><\/figcaption><\/figure>\n\n\n\n<p><strong>Velkommen til Stille kveld p\u00e5 Stemnestaden h\u00f8sten 2023!<\/strong><\/p>\n\n\n\n<p>Onsdag 6.9., 1.11. og 29.11. kl.18.30-20.30\u00a0\u00a0\u00a0\u00a0\u00a0<\/p>\n\n\n\n<p>Kvelden vil se slik ut: <\/p>\n\n\n\n<p>Kort innledning<\/p>\n\n\n\n<p>Vi g\u00e5r inn i en Bibeltekst<\/p>\n\n\n\n<p>Stillhet<\/p>\n\n\n\n<p>Enkelt m\u00e5ltid (ta med niste)<\/p>\n\n\n\n<p>Mulighet til en liten b\u00f8nnevandring<\/p>\n\n\n\n<p>Tilbakeblikk p\u00e5 kvelden<\/p>\n\n\n\n<p>Kveldsb\u00f8nn<\/p>\n<\/div>","protected":false},"excerpt":{"rendered":"<p>Velkommen til Stille kveld p\u00e5 Stemnestaden h\u00f8sten 2023! Onsdag 6.9., 1.11. og 29.11. kl.18.30-20.30\u00a0\u00a0\u00a0\u00a0\u00a0 Kvelden vil se slik ut: Kort innledning Vi g\u00e5r inn i [&hellip;]<\/p>\n","protected":false},"author":20,"featured_media":6138,"comment_status":"closed","ping_status":"closed","sticky":false,"template":"","format":"standard","meta":{"_acf_changed":false,"footnotes":""},"categories":[22],"tags":[],"class_list":["post-6137","post","type-post","status-publish","format-standard","has-post-thumbnail","hentry","category-arrangement"],"acf":[],"yoast_head":"<!-- This site is optimized with the Yoast SEO plugin v25.9 - https:\/\/yoast.com\/wordpress\/plugins\/seo\/ -->\n<title>Stille kveld p\u00e5 Stemnestaden h\u00f8sten 2023 - Region Rogaland<\/title>\n<meta name=\"robots\" content=\"index, follow, max-snippet:-1, max-image-preview:large, max-video-preview:-1\" \/>\n<link rel=\"canonical\" href=\"https:\/\/www.normisjon.no\/rogaland\/2023\/08\/09\/stille-kveld-pa-stemnestaden-hosten-2023\/\" \/>\n<meta property=\"og:locale\" content=\"nb_NO\" \/>\n<meta property=\"og:type\" content=\"article\" \/>\n<meta property=\"og:title\" content=\"Stille kveld p\u00e5 Stemnestaden h\u00f8sten 2023 - Region Rogaland\" \/>\n<meta property=\"og:description\" content=\"Velkommen til Stille kveld p\u00e5 Stemnestaden h\u00f8sten 2023! Onsdag 6.9., 1.11. og 29.11. kl.18.30-20.30\u00a0\u00a0\u00a0\u00a0\u00a0 Kvelden vil se slik ut: Kort innledning Vi g\u00e5r inn i [&hellip;]\" \/>\n<meta property=\"og:url\" content=\"https:\/\/www.normisjon.no\/rogaland\/2023\/08\/09\/stille-kveld-pa-stemnestaden-hosten-2023\/\" \/>\n<meta property=\"og:site_name\" content=\"Region Rogaland\" \/>\n<meta property=\"article:published_time\" content=\"2023-08-09T16:47:04+00:00\" \/>\n<meta property=\"og:image\" content=\"https:\/\/www.normisjon.no\/content\/uploads\/sites\/18\/2023\/08\/Vannlilje2.jpg\" \/>\n\t<meta property=\"og:image:width\" content=\"479\" \/>\n\t<meta property=\"og:image:height\" content=\"290\" \/>\n\t<meta property=\"og:image:type\" content=\"image\/jpeg\" \/>\n<meta name=\"author\" content=\"roar\" \/>\n<meta name=\"twitter:card\" content=\"summary_large_image\" \/>\n<meta name=\"twitter:label1\" content=\"Skrevet av\" \/>\n\t<meta name=\"twitter:data1\" content=\"roar\" \/>\n\t<meta name=\"twitter:label2\" content=\"Ansl. lesetid\" \/>\n\t<meta name=\"twitter:data2\" content=\"1 minutt\" \/>\n<script type=\"application\/ld+json\" class=\"yoast-schema-graph\">{\"@context\":\"https:\/\/schema.org\",\"@graph\":[{\"@type\":\"WebPage\",\"@id\":\"https:\/\/www.normisjon.no\/rogaland\/2023\/08\/09\/stille-kveld-pa-stemnestaden-hosten-2023\/\",\"url\":\"https:\/\/www.normisjon.no\/rogaland\/2023\/08\/09\/stille-kveld-pa-stemnestaden-hosten-2023\/\",\"name\":\"Stille kveld p\u00e5 Stemnestaden h\u00f8sten 2023 - Region Rogaland\",\"isPartOf\":{\"@id\":\"https:\/\/www.normisjon.no\/rogaland\/#website\"},\"primaryImageOfPage\":{\"@id\":\"https:\/\/www.normisjon.no\/rogaland\/2023\/08\/09\/stille-kveld-pa-stemnestaden-hosten-2023\/#primaryimage\"},\"image\":{\"@id\":\"https:\/\/www.normisjon.no\/rogaland\/2023\/08\/09\/stille-kveld-pa-stemnestaden-hosten-2023\/#primaryimage\"},\"thumbnailUrl\":\"https:\/\/www.normisjon.no\/content\/uploads\/sites\/18\/2023\/08\/Vannlilje2.jpg\",\"datePublished\":\"2023-08-09T16:47:04+00:00\",\"author\":{\"@id\":\"https:\/\/www.normisjon.no\/rogaland\/#\/schema\/person\/cb866e2d3dfec81378b5c838b767fbf7\"},\"breadcrumb\":{\"@id\":\"https:\/\/www.normisjon.no\/rogaland\/2023\/08\/09\/stille-kveld-pa-stemnestaden-hosten-2023\/#breadcrumb\"},\"inLanguage\":\"nb-NO\",\"potentialAction\":[{\"@type\":\"ReadAction\",\"target\":[\"https:\/\/www.normisjon.no\/rogaland\/2023\/08\/09\/stille-kveld-pa-stemnestaden-hosten-2023\/\"]}]},{\"@type\":\"ImageObject\",\"inLanguage\":\"nb-NO\",\"@id\":\"https:\/\/www.normisjon.no\/rogaland\/2023\/08\/09\/stille-kveld-pa-stemnestaden-hosten-2023\/#primaryimage\",\"url\":\"https:\/\/www.normisjon.no\/content\/uploads\/sites\/18\/2023\/08\/Vannlilje2.jpg\",\"contentUrl\":\"https:\/\/www.normisjon.no\/content\/uploads\/sites\/18\/2023\/08\/Vannlilje2.jpg\",\"width\":479,\"height\":290},{\"@type\":\"BreadcrumbList\",\"@id\":\"https:\/\/www.normisjon.no\/rogaland\/2023\/08\/09\/stille-kveld-pa-stemnestaden-hosten-2023\/#breadcrumb\",\"itemListElement\":[{\"@type\":\"ListItem\",\"position\":1,\"name\":\"Home\",\"item\":\"https:\/\/www.normisjon.no\/rogaland\/\"},{\"@type\":\"ListItem\",\"position\":2,\"name\":\"Stille kveld p\u00e5 Stemnestaden h\u00f8sten 2023\"}]},{\"@type\":\"WebSite\",\"@id\":\"https:\/\/www.normisjon.no\/rogaland\/#website\",\"url\":\"https:\/\/www.normisjon.no\/rogaland\/\",\"name\":\"Region Rogaland\",\"description\":\"\",\"potentialAction\":[{\"@type\":\"SearchAction\",\"target\":{\"@type\":\"EntryPoint\",\"urlTemplate\":\"https:\/\/www.normisjon.no\/rogaland\/?s={search_term_string}\"},\"query-input\":{\"@type\":\"PropertyValueSpecification\",\"valueRequired\":true,\"valueName\":\"search_term_string\"}}],\"inLanguage\":\"nb-NO\"},{\"@type\":\"Person\",\"@id\":\"https:\/\/www.normisjon.no\/rogaland\/#\/schema\/person\/cb866e2d3dfec81378b5c838b767fbf7\",\"name\":\"roar\",\"image\":{\"@type\":\"ImageObject\",\"inLanguage\":\"nb-NO\",\"@id\":\"https:\/\/www.normisjon.no\/rogaland\/#\/schema\/person\/image\/\",\"url\":\"https:\/\/secure.gravatar.com\/avatar\/f0917b143ffde67ae03d754d69a1f910c10e22105027d7fcdda7cd6abc1e087a?s=96&d=mm&r=g\",\"contentUrl\":\"https:\/\/secure.gravatar.com\/avatar\/f0917b143ffde67ae03d754d69a1f910c10e22105027d7fcdda7cd6abc1e087a?s=96&d=mm&r=g\",\"caption\":\"roar\"},\"url\":\"https:\/\/www.normisjon.no\/rogaland\/author\/roar\/\"}]}<\/script>\n<!-- \/ Yoast SEO plugin. -->","yoast_head_json":{"title":"Stille kveld p\u00e5 Stemnestaden h\u00f8sten 2023 - Region Rogaland","robots":{"index":"index","follow":"follow","max-snippet":"max-snippet:-1","max-image-preview":"max-image-preview:large","max-video-preview":"max-video-preview:-1"},"canonical":"https:\/\/www.normisjon.no\/rogaland\/2023\/08\/09\/stille-kveld-pa-stemnestaden-hosten-2023\/","og_locale":"nb_NO","og_type":"article","og_title":"Stille kveld p\u00e5 Stemnestaden h\u00f8sten 2023 - Region Rogaland","og_description":"Velkommen til Stille kveld p\u00e5 Stemnestaden h\u00f8sten 2023! Onsdag 6.9., 1.11. og 29.11. kl.18.30-20.30\u00a0\u00a0\u00a0\u00a0\u00a0 Kvelden vil se slik ut: Kort innledning Vi g\u00e5r inn i [&hellip;]","og_url":"https:\/\/www.normisjon.no\/rogaland\/2023\/08\/09\/stille-kveld-pa-stemnestaden-hosten-2023\/","og_site_name":"Region Rogaland","article_published_time":"2023-08-09T16:47:04+00:00","og_image":[{"width":479,"height":290,"url":"https:\/\/www.normisjon.no\/content\/uploads\/sites\/18\/2023\/08\/Vannlilje2.jpg","type":"image\/jpeg"}],"author":"roar","twitter_card":"summary_large_image","twitter_misc":{"Skrevet av":"roar","Ansl. lesetid":"1 minutt"},"schema":{"@context":"https:\/\/schema.org","@graph":[{"@type":"WebPage","@id":"https:\/\/www.normisjon.no\/rogaland\/2023\/08\/09\/stille-kveld-pa-stemnestaden-hosten-2023\/","url":"https:\/\/www.normisjon.no\/rogaland\/2023\/08\/09\/stille-kveld-pa-stemnestaden-hosten-2023\/","name":"Stille kveld p\u00e5 Stemnestaden h\u00f8sten 2023 - Region Rogaland","isPartOf":{"@id":"https:\/\/www.normisjon.no\/rogaland\/#website"},"primaryImageOfPage":{"@id":"https:\/\/www.normisjon.no\/rogaland\/2023\/08\/09\/stille-kveld-pa-stemnestaden-hosten-2023\/#primaryimage"},"image":{"@id":"https:\/\/www.normisjon.no\/rogaland\/2023\/08\/09\/stille-kveld-pa-stemnestaden-hosten-2023\/#primaryimage"},"thumbnailUrl":"https:\/\/www.normisjon.no\/content\/uploads\/sites\/18\/2023\/08\/Vannlilje2.jpg","datePublished":"2023-08-09T16:47:04+00:00","author":{"@id":"https:\/\/www.normisjon.no\/rogaland\/#\/schema\/person\/cb866e2d3dfec81378b5c838b767fbf7"},"breadcrumb":{"@id":"https:\/\/www.normisjon.no\/rogaland\/2023\/08\/09\/stille-kveld-pa-stemnestaden-hosten-2023\/#breadcrumb"},"inLanguage":"nb-NO","potentialAction":[{"@type":"ReadAction","target":["https:\/\/www.normisjon.no\/rogaland\/2023\/08\/09\/stille-kveld-pa-stemnestaden-hosten-2023\/"]}]},{"@type":"ImageObject","inLanguage":"nb-NO","@id":"https:\/\/www.normisjon.no\/rogaland\/2023\/08\/09\/stille-kveld-pa-stemnestaden-hosten-2023\/#primaryimage","url":"https:\/\/www.normisjon.no\/content\/uploads\/sites\/18\/2023\/08\/Vannlilje2.jpg","contentUrl":"https:\/\/www.normisjon.no\/content\/uploads\/sites\/18\/2023\/08\/Vannlilje2.jpg","width":479,"height":290},{"@type":"BreadcrumbList","@id":"https:\/\/www.normisjon.no\/rogaland\/2023\/08\/09\/stille-kveld-pa-stemnestaden-hosten-2023\/#breadcrumb","itemListElement":[{"@type":"ListItem","position":1,"name":"Home","item":"https:\/\/www.normisjon.no\/rogaland\/"},{"@type":"ListItem","position":2,"name":"Stille kveld p\u00e5 Stemnestaden h\u00f8sten 2023"}]},{"@type":"WebSite","@id":"https:\/\/www.normisjon.no\/rogaland\/#website","url":"https:\/\/www.normisjon.no\/rogaland\/","name":"Region Rogaland","description":"","potentialAction":[{"@type":"SearchAction","target":{"@type":"EntryPoint","urlTemplate":"https:\/\/www.normisjon.no\/rogaland\/?s={search_term_string}"},"query-input":{"@type":"PropertyValueSpecification","valueRequired":true,"valueName":"search_term_string"}}],"inLanguage":"nb-NO"},{"@type":"Person","@id":"https:\/\/www.normisjon.no\/rogaland\/#\/schema\/person\/cb866e2d3dfec81378b5c838b767fbf7","name":"roar","image":{"@type":"ImageObject","inLanguage":"nb-NO","@id":"https:\/\/www.normisjon.no\/rogaland\/#\/schema\/person\/image\/","url":"https:\/\/secure.gravatar.com\/avatar\/f0917b143ffde67ae03d754d69a1f910c10e22105027d7fcdda7cd6abc1e087a?s=96&d=mm&r=g","contentUrl":"https:\/\/secure.gravatar.com\/avatar\/f0917b143ffde67ae03d754d69a1f910c10e22105027d7fcdda7cd6abc1e087a?s=96&d=mm&r=g","caption":"roar"},"url":"https:\/\/www.normisjon.no\/rogaland\/author\/roar\/"}]}},"_links":{"self":[{"href":"https:\/\/www.normisjon.no\/rogaland\/wp-json\/wp\/v2\/posts\/6137","targetHints":{"allow":["GET"]}}],"collection":[{"href":"https:\/\/www.normisjon.no\/rogaland\/wp-json\/wp\/v2\/posts"}],"about":[{"href":"https:\/\/www.normisjon.no\/rogaland\/wp-json\/wp\/v2\/types\/post"}],"author":[{"embeddable":true,"href":"https:\/\/www.normisjon.no\/rogaland\/wp-json\/wp\/v2\/users\/20"}],"replies":[{"embeddable":true,"href":"https:\/\/www.normisjon.no\/rogaland\/wp-json\/wp\/v2\/comments?post=6137"}],"version-history":[{"count":1,"href":"https:\/\/www.normisjon.no\/rogaland\/wp-json\/wp\/v2\/posts\/6137\/revisions"}],"predecessor-version":[{"id":6139,"href":"https:\/\/www.normisjon.no\/rogaland\/wp-json\/wp\/v2\/posts\/6137\/revisions\/6139"}],"wp:featuredmedia":[{"embeddable":true,"href":"https:\/\/www.normisjon.no\/rogaland\/wp-json\/wp\/v2\/media\/6138"}],"wp:attachment":[{"href":"https:\/\/www.normisjon.no\/rogaland\/wp-json\/wp\/v2\/media?parent=6137"}],"wp:term":[{"taxonomy":"category","embeddable":true,"href":"https:\/\/www.normisjon.no\/rogaland\/wp-json\/wp\/v2\/categories?post=6137"},{"taxonomy":"post_tag","embeddable":true,"href":"https:\/\/www.normisjon.no\/rogaland\/wp-json\/wp\/v2\/tags?post=6137"}],"curies":[{"name":"wp","href":"https:\/\/api.w.org\/{rel}","templated":true}]}}