{"id":6584,"date":"2024-03-19T23:05:23","date_gmt":"2024-03-19T22:05:23","guid":{"rendered":"https:\/\/www.normisjon.no\/rogaland\/?p=6584"},"modified":"2024-03-19T23:05:23","modified_gmt":"2024-03-19T22:05:23","slug":"galleri-normisjon-vigrestad-har-apnet","status":"publish","type":"post","link":"https:\/\/www.normisjon.no\/rogaland\/2024\/03\/19\/galleri-normisjon-vigrestad-har-apnet\/","title":{"rendered":"Galleri Normisjon Vigrestad har \u00e5pnet!"},"content":{"rendered":"<div class=\"entry-content alignfull wp-block-post-content has-global-padding is-layout-constrained wp-block-post-content-is-layout-constrained\">\n<figure class=\"wp-block-image size-large\"><img loading=\"lazy\" decoding=\"async\" width=\"1024\" height=\"768\" src=\"https:\/\/www.normisjon.no\/content\/uploads\/sites\/18\/2024\/03\/Butikken-1024x768.jpg\" alt=\"\" class=\"wp-image-6585\" srcset=\"https:\/\/www.normisjon.no\/content\/uploads\/sites\/18\/2024\/03\/Butikken-1024x768.jpg 1024w, https:\/\/www.normisjon.no\/content\/uploads\/sites\/18\/2024\/03\/Butikken-300x225.jpg 300w, https:\/\/www.normisjon.no\/content\/uploads\/sites\/18\/2024\/03\/Butikken-768x576.jpg 768w, https:\/\/www.normisjon.no\/content\/uploads\/sites\/18\/2024\/03\/Butikken-1536x1152.jpg 1536w, https:\/\/www.normisjon.no\/content\/uploads\/sites\/18\/2024\/03\/Butikken-2048x1536.jpg 2048w, https:\/\/www.normisjon.no\/content\/uploads\/sites\/18\/2024\/03\/Butikken-1920x1440.jpg 1920w, https:\/\/www.normisjon.no\/content\/uploads\/sites\/18\/2024\/03\/Butikken-1360x1020.jpg 1360w, https:\/\/www.normisjon.no\/content\/uploads\/sites\/18\/2024\/03\/Butikken-960x720.jpg 960w\" sizes=\"auto, (max-width: 1024px) 100vw, 1024px\" \/><\/figure>\n\n\n\n<p>&laquo;Vi tror det kommer mange folk&raquo;.<\/p>\n\n\n\n<p>&laquo;Hva om det ikke kommer noen n\u00e5r det er s\u00e5 surt v\u00e6r ute!?&raquo;<\/p>\n\n\n\n<p>&laquo;Dette gleder vi oss til&raquo;.<\/p>\n\n\n\n<p>&laquo;Vi m\u00e5 nok t\u00f8mme lageret mot slutten av dagen for \u00e5 f\u00e5 fylt p\u00e5 i butikken igjen&raquo;.<\/p>\n\n\n\n<p>Medarbeidergjengen p\u00e5 Galleri Normisjon Vigrestad var spente og gledet seg til \u00e5pningsfesten! Og endelig var dagen som de har jobbet mot i et par m\u00e5neder her. <\/p>\n\n\n\n<figure class=\"wp-block-image size-large\"><img loading=\"lazy\" decoding=\"async\" width=\"1024\" height=\"768\" src=\"https:\/\/www.normisjon.no\/content\/uploads\/sites\/18\/2024\/03\/Medarbeidergjengen-1024x768.jpg\" alt=\"\" class=\"wp-image-6586\" srcset=\"https:\/\/www.normisjon.no\/content\/uploads\/sites\/18\/2024\/03\/Medarbeidergjengen-1024x768.jpg 1024w, https:\/\/www.normisjon.no\/content\/uploads\/sites\/18\/2024\/03\/Medarbeidergjengen-300x225.jpg 300w, https:\/\/www.normisjon.no\/content\/uploads\/sites\/18\/2024\/03\/Medarbeidergjengen-768x576.jpg 768w, https:\/\/www.normisjon.no\/content\/uploads\/sites\/18\/2024\/03\/Medarbeidergjengen-1536x1152.jpg 1536w, https:\/\/www.normisjon.no\/content\/uploads\/sites\/18\/2024\/03\/Medarbeidergjengen-2048x1536.jpg 2048w, https:\/\/www.normisjon.no\/content\/uploads\/sites\/18\/2024\/03\/Medarbeidergjengen-1920x1440.jpg 1920w, https:\/\/www.normisjon.no\/content\/uploads\/sites\/18\/2024\/03\/Medarbeidergjengen-1360x1020.jpg 1360w, https:\/\/www.normisjon.no\/content\/uploads\/sites\/18\/2024\/03\/Medarbeidergjengen-960x720.jpg 960w\" sizes=\"auto, (max-width: 1024px) 100vw, 1024px\" \/><figcaption class=\"wp-element-caption\">Noen av medarbeiderne som er klare til \u00e5pning!<\/figcaption><\/figure>\n\n\n\n<p>Daglig leder for butikken, Line Marie L\u00f8ge, \u00f8nsket velkommen og fortalte at dette har vi gledet oss til og vi er kjempeglade for at det er s\u00e5 mange folk som m\u00f8tte opp. Hun fortalte ogs\u00e5 om de 4 M-ene til Galleri Normisjon: m\u00f8teplass, milj\u00f8, midler og mening! <\/p>\n\n\n\n<figure class=\"wp-block-image size-large\"><img loading=\"lazy\" decoding=\"async\" width=\"681\" height=\"1024\" src=\"https:\/\/www.normisjon.no\/content\/uploads\/sites\/18\/2024\/03\/4Mer-681x1024.jpg\" alt=\"\" class=\"wp-image-6588\" srcset=\"https:\/\/www.normisjon.no\/content\/uploads\/sites\/18\/2024\/03\/4Mer-681x1024.jpg 681w, https:\/\/www.normisjon.no\/content\/uploads\/sites\/18\/2024\/03\/4Mer-199x300.jpg 199w, https:\/\/www.normisjon.no\/content\/uploads\/sites\/18\/2024\/03\/4Mer-768x1155.jpg 768w, https:\/\/www.normisjon.no\/content\/uploads\/sites\/18\/2024\/03\/4Mer-1021x1536.jpg 1021w, https:\/\/www.normisjon.no\/content\/uploads\/sites\/18\/2024\/03\/4Mer-1362x2048.jpg 1362w, https:\/\/www.normisjon.no\/content\/uploads\/sites\/18\/2024\/03\/4Mer-1277x1920.jpg 1277w, https:\/\/www.normisjon.no\/content\/uploads\/sites\/18\/2024\/03\/4Mer-638x960.jpg 638w, https:\/\/www.normisjon.no\/content\/uploads\/sites\/18\/2024\/03\/4Mer.jpg 1663w\" sizes=\"auto, (max-width: 681px) 100vw, 681px\" \/><\/figure>\n\n\n\n<p>Ordf\u00f8rer i H\u00e5, Andreas Bjorland, fikk st\u00e5 for \u00e5pningen. Det vanlige er snorklipping, men i gjenbrukens \u00e5nd s\u00e5 var det to skjerf som ble knyttet opp som \u00e5pning. I talen sin fortalte han at n\u00e5r han kom kj\u00f8rende s\u00e5 fikk han se den lange k\u00f8en utenfor butikken og at det er en god start for butikken! Han trakk frem at gjenbruksbutikken er nesten som et kinderegg, mye godt i en pakke: bruke ting om igjen, en m\u00f8teplass hvor frivillige f\u00e5r jobbe sammen og ha fellesskap, kaffekrok hvor en kan samles og at butikken kan bli et samlingssted hvor ensomme i bygda kan komme. Han fortalte ogs\u00e5 om at ungdom i dag er opptatt av gjenbruk og liker \u00e5 handle i gjenbruksbutikker, for der er det kule kl\u00e6r.  <\/p>\n\n\n\n<figure class=\"wp-block-image size-large\"><img loading=\"lazy\" decoding=\"async\" width=\"1024\" height=\"1005\" src=\"https:\/\/www.normisjon.no\/content\/uploads\/sites\/18\/2024\/03\/Apningen-1024x1005.jpg\" alt=\"\" class=\"wp-image-6587\" srcset=\"https:\/\/www.normisjon.no\/content\/uploads\/sites\/18\/2024\/03\/Apningen-1024x1005.jpg 1024w, https:\/\/www.normisjon.no\/content\/uploads\/sites\/18\/2024\/03\/Apningen-300x295.jpg 300w, https:\/\/www.normisjon.no\/content\/uploads\/sites\/18\/2024\/03\/Apningen-768x754.jpg 768w, https:\/\/www.normisjon.no\/content\/uploads\/sites\/18\/2024\/03\/Apningen-1536x1508.jpg 1536w, https:\/\/www.normisjon.no\/content\/uploads\/sites\/18\/2024\/03\/Apningen-2048x2011.jpg 2048w, https:\/\/www.normisjon.no\/content\/uploads\/sites\/18\/2024\/03\/Apningen-1920x1885.jpg 1920w, https:\/\/www.normisjon.no\/content\/uploads\/sites\/18\/2024\/03\/Apningen-1360x1335.jpg 1360w, https:\/\/www.normisjon.no\/content\/uploads\/sites\/18\/2024\/03\/Apningen-960x943.jpg 960w\" sizes=\"auto, (max-width: 1024px) 100vw, 1024px\" \/><figcaption class=\"wp-element-caption\">&laquo;Snorklipping&raquo; ved ordf\u00f8rer Andreas Bjorland<\/figcaption><\/figure>\n\n\n\n<p>K\u00f8en foran kassen gikk helt til inngangsd\u00f8ra i over en time etter \u00e5pningen og medarbeiderne som betjente kassen fikk virkelig st\u00e5tt p\u00e5. Mange kunder fant seg noen skatter som de fikk kj\u00f8pt. <\/p>\n\n\n\n<p>Kaker og kaffe ble servert, og kaffekroken var godt bes\u00f8kt. Teddy var p\u00e5 bes\u00f8k og delte ut sm\u00e5leker til de minste som hadde m\u00f8tt opp. Legobord kunne de ogs\u00e5 kose seg med.  <\/p>\n\n\n\n<figure class=\"wp-block-image size-large\"><img loading=\"lazy\" decoding=\"async\" width=\"1024\" height=\"768\" src=\"https:\/\/www.normisjon.no\/content\/uploads\/sites\/18\/2024\/03\/DSC_2119-1024x768.jpg\" alt=\"\" class=\"wp-image-6594\" srcset=\"https:\/\/www.normisjon.no\/content\/uploads\/sites\/18\/2024\/03\/DSC_2119-1024x768.jpg 1024w, https:\/\/www.normisjon.no\/content\/uploads\/sites\/18\/2024\/03\/DSC_2119-300x225.jpg 300w, https:\/\/www.normisjon.no\/content\/uploads\/sites\/18\/2024\/03\/DSC_2119-768x576.jpg 768w, https:\/\/www.normisjon.no\/content\/uploads\/sites\/18\/2024\/03\/DSC_2119-1536x1152.jpg 1536w, https:\/\/www.normisjon.no\/content\/uploads\/sites\/18\/2024\/03\/DSC_2119-2048x1536.jpg 2048w, https:\/\/www.normisjon.no\/content\/uploads\/sites\/18\/2024\/03\/DSC_2119-1920x1440.jpg 1920w, https:\/\/www.normisjon.no\/content\/uploads\/sites\/18\/2024\/03\/DSC_2119-1360x1020.jpg 1360w, https:\/\/www.normisjon.no\/content\/uploads\/sites\/18\/2024\/03\/DSC_2119-960x720.jpg 960w\" sizes=\"auto, (max-width: 1024px) 100vw, 1024px\" \/><figcaption class=\"wp-element-caption\">K\u00f8en til kassen gikk helt fra inngangsd\u00f8ra!<\/figcaption><\/figure>\n\n\n\n<figure class=\"wp-block-image size-large\"><img loading=\"lazy\" decoding=\"async\" width=\"1024\" height=\"768\" src=\"https:\/\/www.normisjon.no\/content\/uploads\/sites\/18\/2024\/03\/DSC_2104-1024x768.jpg\" alt=\"\" class=\"wp-image-6589\" srcset=\"https:\/\/www.normisjon.no\/content\/uploads\/sites\/18\/2024\/03\/DSC_2104-1024x768.jpg 1024w, https:\/\/www.normisjon.no\/content\/uploads\/sites\/18\/2024\/03\/DSC_2104-300x225.jpg 300w, https:\/\/www.normisjon.no\/content\/uploads\/sites\/18\/2024\/03\/DSC_2104-768x576.jpg 768w, https:\/\/www.normisjon.no\/content\/uploads\/sites\/18\/2024\/03\/DSC_2104-1536x1152.jpg 1536w, https:\/\/www.normisjon.no\/content\/uploads\/sites\/18\/2024\/03\/DSC_2104-2048x1536.jpg 2048w, https:\/\/www.normisjon.no\/content\/uploads\/sites\/18\/2024\/03\/DSC_2104-1920x1440.jpg 1920w, https:\/\/www.normisjon.no\/content\/uploads\/sites\/18\/2024\/03\/DSC_2104-1360x1020.jpg 1360w, https:\/\/www.normisjon.no\/content\/uploads\/sites\/18\/2024\/03\/DSC_2104-960x720.jpg 960w\" sizes=\"auto, (max-width: 1024px) 100vw, 1024px\" \/><figcaption class=\"wp-element-caption\">Marsipankake servert til kunder, bes\u00f8kende og medarbeidere<\/figcaption><\/figure>\n\n\n\n<figure class=\"wp-block-image size-large\"><img loading=\"lazy\" decoding=\"async\" width=\"1024\" height=\"768\" src=\"https:\/\/www.normisjon.no\/content\/uploads\/sites\/18\/2024\/03\/Esther-Ramos-og-Jorunn-Bo-Loge-1024x768.jpg\" alt=\"\" class=\"wp-image-6591\" srcset=\"https:\/\/www.normisjon.no\/content\/uploads\/sites\/18\/2024\/03\/Esther-Ramos-og-Jorunn-Bo-Loge-1024x768.jpg 1024w, https:\/\/www.normisjon.no\/content\/uploads\/sites\/18\/2024\/03\/Esther-Ramos-og-Jorunn-Bo-Loge-300x225.jpg 300w, https:\/\/www.normisjon.no\/content\/uploads\/sites\/18\/2024\/03\/Esther-Ramos-og-Jorunn-Bo-Loge-768x576.jpg 768w, https:\/\/www.normisjon.no\/content\/uploads\/sites\/18\/2024\/03\/Esther-Ramos-og-Jorunn-Bo-Loge-1536x1152.jpg 1536w, https:\/\/www.normisjon.no\/content\/uploads\/sites\/18\/2024\/03\/Esther-Ramos-og-Jorunn-Bo-Loge-2048x1536.jpg 2048w, https:\/\/www.normisjon.no\/content\/uploads\/sites\/18\/2024\/03\/Esther-Ramos-og-Jorunn-Bo-Loge-1920x1440.jpg 1920w, https:\/\/www.normisjon.no\/content\/uploads\/sites\/18\/2024\/03\/Esther-Ramos-og-Jorunn-Bo-Loge-1360x1020.jpg 1360w, https:\/\/www.normisjon.no\/content\/uploads\/sites\/18\/2024\/03\/Esther-Ramos-og-Jorunn-Bo-Loge-960x720.jpg 960w\" sizes=\"auto, (max-width: 1024px) 100vw, 1024px\" \/><figcaption class=\"wp-element-caption\">Esther Ramos og Jorunn B\u00f8 L\u00f8ge tar seg tid til en liten prat over kaffekoppen<\/figcaption><\/figure>\n\n\n\n<figure class=\"wp-block-image size-large\"><img loading=\"lazy\" decoding=\"async\" width=\"1024\" height=\"768\" src=\"https:\/\/www.normisjon.no\/content\/uploads\/sites\/18\/2024\/03\/Legobord-1024x768.jpg\" alt=\"\" class=\"wp-image-6590\" srcset=\"https:\/\/www.normisjon.no\/content\/uploads\/sites\/18\/2024\/03\/Legobord-1024x768.jpg 1024w, https:\/\/www.normisjon.no\/content\/uploads\/sites\/18\/2024\/03\/Legobord-300x225.jpg 300w, https:\/\/www.normisjon.no\/content\/uploads\/sites\/18\/2024\/03\/Legobord-768x576.jpg 768w, https:\/\/www.normisjon.no\/content\/uploads\/sites\/18\/2024\/03\/Legobord-1536x1152.jpg 1536w, https:\/\/www.normisjon.no\/content\/uploads\/sites\/18\/2024\/03\/Legobord-2048x1536.jpg 2048w, https:\/\/www.normisjon.no\/content\/uploads\/sites\/18\/2024\/03\/Legobord-1920x1440.jpg 1920w, https:\/\/www.normisjon.no\/content\/uploads\/sites\/18\/2024\/03\/Legobord-1360x1020.jpg 1360w, https:\/\/www.normisjon.no\/content\/uploads\/sites\/18\/2024\/03\/Legobord-960x720.jpg 960w\" sizes=\"auto, (max-width: 1024px) 100vw, 1024px\" \/><figcaption class=\"wp-element-caption\">Legobord for de minste<\/figcaption><\/figure>\n\n\n\n<figure class=\"wp-block-image size-large\"><img loading=\"lazy\" decoding=\"async\" width=\"1024\" height=\"768\" src=\"https:\/\/www.normisjon.no\/content\/uploads\/sites\/18\/2024\/03\/Olina-Liva-Borghild-1024x768.jpg\" alt=\"\" class=\"wp-image-6592\" srcset=\"https:\/\/www.normisjon.no\/content\/uploads\/sites\/18\/2024\/03\/Olina-Liva-Borghild-1024x768.jpg 1024w, https:\/\/www.normisjon.no\/content\/uploads\/sites\/18\/2024\/03\/Olina-Liva-Borghild-300x225.jpg 300w, https:\/\/www.normisjon.no\/content\/uploads\/sites\/18\/2024\/03\/Olina-Liva-Borghild-768x576.jpg 768w, https:\/\/www.normisjon.no\/content\/uploads\/sites\/18\/2024\/03\/Olina-Liva-Borghild-1536x1152.jpg 1536w, https:\/\/www.normisjon.no\/content\/uploads\/sites\/18\/2024\/03\/Olina-Liva-Borghild-2048x1536.jpg 2048w, https:\/\/www.normisjon.no\/content\/uploads\/sites\/18\/2024\/03\/Olina-Liva-Borghild-1920x1440.jpg 1920w, https:\/\/www.normisjon.no\/content\/uploads\/sites\/18\/2024\/03\/Olina-Liva-Borghild-1360x1020.jpg 1360w, https:\/\/www.normisjon.no\/content\/uploads\/sites\/18\/2024\/03\/Olina-Liva-Borghild-960x720.jpg 960w\" sizes=\"auto, (max-width: 1024px) 100vw, 1024px\" \/><figcaption class=\"wp-element-caption\">Olina, Liva og Borghild er forn\u00f8yde med dagens funn. Matchende puter, genser og bestevenn kopp!<\/figcaption><\/figure>\n\n\n\n<figure class=\"wp-block-image size-large\"><img loading=\"lazy\" decoding=\"async\" width=\"1024\" height=\"768\" src=\"https:\/\/www.normisjon.no\/content\/uploads\/sites\/18\/2024\/03\/Mor-og-datter-1024x768.jpg\" alt=\"\" class=\"wp-image-6593\" srcset=\"https:\/\/www.normisjon.no\/content\/uploads\/sites\/18\/2024\/03\/Mor-og-datter-1024x768.jpg 1024w, https:\/\/www.normisjon.no\/content\/uploads\/sites\/18\/2024\/03\/Mor-og-datter-300x225.jpg 300w, https:\/\/www.normisjon.no\/content\/uploads\/sites\/18\/2024\/03\/Mor-og-datter-768x576.jpg 768w, https:\/\/www.normisjon.no\/content\/uploads\/sites\/18\/2024\/03\/Mor-og-datter-1536x1152.jpg 1536w, https:\/\/www.normisjon.no\/content\/uploads\/sites\/18\/2024\/03\/Mor-og-datter-2048x1536.jpg 2048w, https:\/\/www.normisjon.no\/content\/uploads\/sites\/18\/2024\/03\/Mor-og-datter-1920x1440.jpg 1920w, https:\/\/www.normisjon.no\/content\/uploads\/sites\/18\/2024\/03\/Mor-og-datter-1360x1020.jpg 1360w, https:\/\/www.normisjon.no\/content\/uploads\/sites\/18\/2024\/03\/Mor-og-datter-960x720.jpg 960w\" sizes=\"auto, (max-width: 1024px) 100vw, 1024px\" \/><figcaption class=\"wp-element-caption\">Mor er p\u00e5 bes\u00f8k hos datter Tonje og fant noen skatter med det samme.<\/figcaption><\/figure>\n\n\n\n<p>Mot slutten av dagen viste kasseoppgj\u00f8ret 24500 kr p\u00e5 fire timer! Overskuddet fra butikken skal g\u00e5 til Hjerte for H\u00e5 og til Normisjon region Rogaland. <\/p>\n\n\n\n<p>Galleri Normisjon Vigrestad skal ha \u00e5pent tirsdager, torsdager og l\u00f8rdager. Velkommen innom!<\/p>\n<\/div>","protected":false},"excerpt":{"rendered":"<p>&laquo;Vi tror det kommer mange folk&raquo;. &laquo;Hva om det ikke kommer noen n\u00e5r det er s\u00e5 surt v\u00e6r ute!?&raquo; &laquo;Dette gleder vi oss til&raquo;. &laquo;Vi [&hellip;]<\/p>\n","protected":false},"author":21,"featured_media":6587,"comment_status":"closed","ping_status":"closed","sticky":false,"template":"","format":"standard","meta":{"_acf_changed":false,"footnotes":""},"categories":[21],"tags":[],"class_list":["post-6584","post","type-post","status-publish","format-standard","has-post-thumbnail","hentry","category-nyheter"],"acf":[],"yoast_head":"<!-- This site is optimized with the Yoast SEO plugin v25.9 - https:\/\/yoast.com\/wordpress\/plugins\/seo\/ -->\n<title>Galleri Normisjon Vigrestad har \u00e5pnet! - Region Rogaland<\/title>\n<meta name=\"robots\" content=\"index, follow, max-snippet:-1, max-image-preview:large, max-video-preview:-1\" \/>\n<link rel=\"canonical\" href=\"https:\/\/www.normisjon.no\/rogaland\/2024\/03\/19\/galleri-normisjon-vigrestad-har-apnet\/\" \/>\n<meta property=\"og:locale\" content=\"nb_NO\" \/>\n<meta property=\"og:type\" content=\"article\" \/>\n<meta property=\"og:title\" content=\"Galleri Normisjon Vigrestad har \u00e5pnet! - Region Rogaland\" \/>\n<meta property=\"og:description\" content=\"&laquo;Vi tror det kommer mange folk&raquo;. &laquo;Hva om det ikke kommer noen n\u00e5r det er s\u00e5 surt v\u00e6r ute!?&raquo; &laquo;Dette gleder vi oss til&raquo;. &laquo;Vi [&hellip;]\" \/>\n<meta property=\"og:url\" content=\"https:\/\/www.normisjon.no\/rogaland\/2024\/03\/19\/galleri-normisjon-vigrestad-har-apnet\/\" \/>\n<meta property=\"og:site_name\" content=\"Region Rogaland\" \/>\n<meta property=\"article:published_time\" content=\"2024-03-19T22:05:23+00:00\" \/>\n<meta property=\"og:image\" content=\"https:\/\/www.normisjon.no\/content\/uploads\/sites\/18\/2024\/03\/Apningen-scaled.jpg\" \/>\n\t<meta property=\"og:image:width\" content=\"2560\" \/>\n\t<meta property=\"og:image:height\" content=\"2513\" \/>\n\t<meta property=\"og:image:type\" content=\"image\/jpeg\" \/>\n<meta name=\"author\" content=\"jeanett\" \/>\n<meta name=\"twitter:card\" content=\"summary_large_image\" \/>\n<meta name=\"twitter:label1\" content=\"Skrevet av\" \/>\n\t<meta name=\"twitter:data1\" content=\"jeanett\" \/>\n\t<meta name=\"twitter:label2\" content=\"Ansl. lesetid\" \/>\n\t<meta name=\"twitter:data2\" content=\"5 minutter\" \/>\n<script type=\"application\/ld+json\" class=\"yoast-schema-graph\">{\"@context\":\"https:\/\/schema.org\",\"@graph\":[{\"@type\":\"WebPage\",\"@id\":\"https:\/\/www.normisjon.no\/rogaland\/2024\/03\/19\/galleri-normisjon-vigrestad-har-apnet\/\",\"url\":\"https:\/\/www.normisjon.no\/rogaland\/2024\/03\/19\/galleri-normisjon-vigrestad-har-apnet\/\",\"name\":\"Galleri Normisjon Vigrestad har \u00e5pnet! - Region Rogaland\",\"isPartOf\":{\"@id\":\"https:\/\/www.normisjon.no\/rogaland\/#website\"},\"primaryImageOfPage\":{\"@id\":\"https:\/\/www.normisjon.no\/rogaland\/2024\/03\/19\/galleri-normisjon-vigrestad-har-apnet\/#primaryimage\"},\"image\":{\"@id\":\"https:\/\/www.normisjon.no\/rogaland\/2024\/03\/19\/galleri-normisjon-vigrestad-har-apnet\/#primaryimage\"},\"thumbnailUrl\":\"https:\/\/www.normisjon.no\/content\/uploads\/sites\/18\/2024\/03\/Apningen-scaled.jpg\",\"datePublished\":\"2024-03-19T22:05:23+00:00\",\"author\":{\"@id\":\"https:\/\/www.normisjon.no\/rogaland\/#\/schema\/person\/3b44448037977b40922be844c036cebb\"},\"breadcrumb\":{\"@id\":\"https:\/\/www.normisjon.no\/rogaland\/2024\/03\/19\/galleri-normisjon-vigrestad-har-apnet\/#breadcrumb\"},\"inLanguage\":\"nb-NO\",\"potentialAction\":[{\"@type\":\"ReadAction\",\"target\":[\"https:\/\/www.normisjon.no\/rogaland\/2024\/03\/19\/galleri-normisjon-vigrestad-har-apnet\/\"]}]},{\"@type\":\"ImageObject\",\"inLanguage\":\"nb-NO\",\"@id\":\"https:\/\/www.normisjon.no\/rogaland\/2024\/03\/19\/galleri-normisjon-vigrestad-har-apnet\/#primaryimage\",\"url\":\"https:\/\/www.normisjon.no\/content\/uploads\/sites\/18\/2024\/03\/Apningen-scaled.jpg\",\"contentUrl\":\"https:\/\/www.normisjon.no\/content\/uploads\/sites\/18\/2024\/03\/Apningen-scaled.jpg\",\"width\":2560,\"height\":2513},{\"@type\":\"BreadcrumbList\",\"@id\":\"https:\/\/www.normisjon.no\/rogaland\/2024\/03\/19\/galleri-normisjon-vigrestad-har-apnet\/#breadcrumb\",\"itemListElement\":[{\"@type\":\"ListItem\",\"position\":1,\"name\":\"Home\",\"item\":\"https:\/\/www.normisjon.no\/rogaland\/\"},{\"@type\":\"ListItem\",\"position\":2,\"name\":\"Galleri Normisjon Vigrestad har \u00e5pnet!\"}]},{\"@type\":\"WebSite\",\"@id\":\"https:\/\/www.normisjon.no\/rogaland\/#website\",\"url\":\"https:\/\/www.normisjon.no\/rogaland\/\",\"name\":\"Region Rogaland\",\"description\":\"\",\"potentialAction\":[{\"@type\":\"SearchAction\",\"target\":{\"@type\":\"EntryPoint\",\"urlTemplate\":\"https:\/\/www.normisjon.no\/rogaland\/?s={search_term_string}\"},\"query-input\":{\"@type\":\"PropertyValueSpecification\",\"valueRequired\":true,\"valueName\":\"search_term_string\"}}],\"inLanguage\":\"nb-NO\"},{\"@type\":\"Person\",\"@id\":\"https:\/\/www.normisjon.no\/rogaland\/#\/schema\/person\/3b44448037977b40922be844c036cebb\",\"name\":\"jeanett\",\"image\":{\"@type\":\"ImageObject\",\"inLanguage\":\"nb-NO\",\"@id\":\"https:\/\/www.normisjon.no\/rogaland\/#\/schema\/person\/image\/\",\"url\":\"https:\/\/secure.gravatar.com\/avatar\/00c93f9927022c522529cfefd447e362b60291bf55ac3107e12c077a8b459e43?s=96&d=mm&r=g\",\"contentUrl\":\"https:\/\/secure.gravatar.com\/avatar\/00c93f9927022c522529cfefd447e362b60291bf55ac3107e12c077a8b459e43?s=96&d=mm&r=g\",\"caption\":\"jeanett\"},\"url\":\"https:\/\/www.normisjon.no\/rogaland\/author\/jeanett\/\"}]}<\/script>\n<!-- \/ Yoast SEO plugin. -->","yoast_head_json":{"title":"Galleri Normisjon Vigrestad har \u00e5pnet! - Region Rogaland","robots":{"index":"index","follow":"follow","max-snippet":"max-snippet:-1","max-image-preview":"max-image-preview:large","max-video-preview":"max-video-preview:-1"},"canonical":"https:\/\/www.normisjon.no\/rogaland\/2024\/03\/19\/galleri-normisjon-vigrestad-har-apnet\/","og_locale":"nb_NO","og_type":"article","og_title":"Galleri Normisjon Vigrestad har \u00e5pnet! - Region Rogaland","og_description":"&laquo;Vi tror det kommer mange folk&raquo;. &laquo;Hva om det ikke kommer noen n\u00e5r det er s\u00e5 surt v\u00e6r ute!?&raquo; &laquo;Dette gleder vi oss til&raquo;. &laquo;Vi [&hellip;]","og_url":"https:\/\/www.normisjon.no\/rogaland\/2024\/03\/19\/galleri-normisjon-vigrestad-har-apnet\/","og_site_name":"Region Rogaland","article_published_time":"2024-03-19T22:05:23+00:00","og_image":[{"width":2560,"height":2513,"url":"https:\/\/www.normisjon.no\/content\/uploads\/sites\/18\/2024\/03\/Apningen-scaled.jpg","type":"image\/jpeg"}],"author":"jeanett","twitter_card":"summary_large_image","twitter_misc":{"Skrevet av":"jeanett","Ansl. lesetid":"5 minutter"},"schema":{"@context":"https:\/\/schema.org","@graph":[{"@type":"WebPage","@id":"https:\/\/www.normisjon.no\/rogaland\/2024\/03\/19\/galleri-normisjon-vigrestad-har-apnet\/","url":"https:\/\/www.normisjon.no\/rogaland\/2024\/03\/19\/galleri-normisjon-vigrestad-har-apnet\/","name":"Galleri Normisjon Vigrestad har \u00e5pnet! - Region Rogaland","isPartOf":{"@id":"https:\/\/www.normisjon.no\/rogaland\/#website"},"primaryImageOfPage":{"@id":"https:\/\/www.normisjon.no\/rogaland\/2024\/03\/19\/galleri-normisjon-vigrestad-har-apnet\/#primaryimage"},"image":{"@id":"https:\/\/www.normisjon.no\/rogaland\/2024\/03\/19\/galleri-normisjon-vigrestad-har-apnet\/#primaryimage"},"thumbnailUrl":"https:\/\/www.normisjon.no\/content\/uploads\/sites\/18\/2024\/03\/Apningen-scaled.jpg","datePublished":"2024-03-19T22:05:23+00:00","author":{"@id":"https:\/\/www.normisjon.no\/rogaland\/#\/schema\/person\/3b44448037977b40922be844c036cebb"},"breadcrumb":{"@id":"https:\/\/www.normisjon.no\/rogaland\/2024\/03\/19\/galleri-normisjon-vigrestad-har-apnet\/#breadcrumb"},"inLanguage":"nb-NO","potentialAction":[{"@type":"ReadAction","target":["https:\/\/www.normisjon.no\/rogaland\/2024\/03\/19\/galleri-normisjon-vigrestad-har-apnet\/"]}]},{"@type":"ImageObject","inLanguage":"nb-NO","@id":"https:\/\/www.normisjon.no\/rogaland\/2024\/03\/19\/galleri-normisjon-vigrestad-har-apnet\/#primaryimage","url":"https:\/\/www.normisjon.no\/content\/uploads\/sites\/18\/2024\/03\/Apningen-scaled.jpg","contentUrl":"https:\/\/www.normisjon.no\/content\/uploads\/sites\/18\/2024\/03\/Apningen-scaled.jpg","width":2560,"height":2513},{"@type":"BreadcrumbList","@id":"https:\/\/www.normisjon.no\/rogaland\/2024\/03\/19\/galleri-normisjon-vigrestad-har-apnet\/#breadcrumb","itemListElement":[{"@type":"ListItem","position":1,"name":"Home","item":"https:\/\/www.normisjon.no\/rogaland\/"},{"@type":"ListItem","position":2,"name":"Galleri Normisjon Vigrestad har \u00e5pnet!"}]},{"@type":"WebSite","@id":"https:\/\/www.normisjon.no\/rogaland\/#website","url":"https:\/\/www.normisjon.no\/rogaland\/","name":"Region Rogaland","description":"","potentialAction":[{"@type":"SearchAction","target":{"@type":"EntryPoint","urlTemplate":"https:\/\/www.normisjon.no\/rogaland\/?s={search_term_string}"},"query-input":{"@type":"PropertyValueSpecification","valueRequired":true,"valueName":"search_term_string"}}],"inLanguage":"nb-NO"},{"@type":"Person","@id":"https:\/\/www.normisjon.no\/rogaland\/#\/schema\/person\/3b44448037977b40922be844c036cebb","name":"jeanett","image":{"@type":"ImageObject","inLanguage":"nb-NO","@id":"https:\/\/www.normisjon.no\/rogaland\/#\/schema\/person\/image\/","url":"https:\/\/secure.gravatar.com\/avatar\/00c93f9927022c522529cfefd447e362b60291bf55ac3107e12c077a8b459e43?s=96&d=mm&r=g","contentUrl":"https:\/\/secure.gravatar.com\/avatar\/00c93f9927022c522529cfefd447e362b60291bf55ac3107e12c077a8b459e43?s=96&d=mm&r=g","caption":"jeanett"},"url":"https:\/\/www.normisjon.no\/rogaland\/author\/jeanett\/"}]}},"_links":{"self":[{"href":"https:\/\/www.normisjon.no\/rogaland\/wp-json\/wp\/v2\/posts\/6584","targetHints":{"allow":["GET"]}}],"collection":[{"href":"https:\/\/www.normisjon.no\/rogaland\/wp-json\/wp\/v2\/posts"}],"about":[{"href":"https:\/\/www.normisjon.no\/rogaland\/wp-json\/wp\/v2\/types\/post"}],"author":[{"embeddable":true,"href":"https:\/\/www.normisjon.no\/rogaland\/wp-json\/wp\/v2\/users\/21"}],"replies":[{"embeddable":true,"href":"https:\/\/www.normisjon.no\/rogaland\/wp-json\/wp\/v2\/comments?post=6584"}],"version-history":[{"count":4,"href":"https:\/\/www.normisjon.no\/rogaland\/wp-json\/wp\/v2\/posts\/6584\/revisions"}],"predecessor-version":[{"id":6598,"href":"https:\/\/www.normisjon.no\/rogaland\/wp-json\/wp\/v2\/posts\/6584\/revisions\/6598"}],"wp:featuredmedia":[{"embeddable":true,"href":"https:\/\/www.normisjon.no\/rogaland\/wp-json\/wp\/v2\/media\/6587"}],"wp:attachment":[{"href":"https:\/\/www.normisjon.no\/rogaland\/wp-json\/wp\/v2\/media?parent=6584"}],"wp:term":[{"taxonomy":"category","embeddable":true,"href":"https:\/\/www.normisjon.no\/rogaland\/wp-json\/wp\/v2\/categories?post=6584"},{"taxonomy":"post_tag","embeddable":true,"href":"https:\/\/www.normisjon.no\/rogaland\/wp-json\/wp\/v2\/tags?post=6584"}],"curies":[{"name":"wp","href":"https:\/\/api.w.org\/{rel}","templated":true}]}}