{"id":6611,"date":"2024-04-10T11:16:03","date_gmt":"2024-04-10T09:16:03","guid":{"rendered":"https:\/\/www.normisjon.no\/rogaland\/?p=6611"},"modified":"2024-04-10T11:16:03","modified_gmt":"2024-04-10T09:16:03","slug":"varbasar-skudenes","status":"publish","type":"post","link":"https:\/\/www.normisjon.no\/rogaland\/2024\/04\/10\/varbasar-skudenes\/","title":{"rendered":"V\u00e5rbasar Skudenes"},"content":{"rendered":"<div class=\"entry-content alignfull wp-block-post-content has-global-padding is-layout-constrained wp-block-post-content-is-layout-constrained\">\n<figure class=\"wp-block-image size-large\"><img loading=\"lazy\" decoding=\"async\" width=\"1024\" height=\"678\" src=\"https:\/\/www.normisjon.no\/content\/uploads\/sites\/18\/2024\/04\/Skudenes-bedehus-1024x678.jpg\" alt=\"\" class=\"wp-image-6612\" srcset=\"https:\/\/www.normisjon.no\/content\/uploads\/sites\/18\/2024\/04\/Skudenes-bedehus-1024x678.jpg 1024w, https:\/\/www.normisjon.no\/content\/uploads\/sites\/18\/2024\/04\/Skudenes-bedehus-300x199.jpg 300w, https:\/\/www.normisjon.no\/content\/uploads\/sites\/18\/2024\/04\/Skudenes-bedehus-768x508.jpg 768w, https:\/\/www.normisjon.no\/content\/uploads\/sites\/18\/2024\/04\/Skudenes-bedehus-960x635.jpg 960w, https:\/\/www.normisjon.no\/content\/uploads\/sites\/18\/2024\/04\/Skudenes-bedehus.jpg 1109w\" sizes=\"auto, (max-width: 1024px) 100vw, 1024px\" \/><\/figure>\n\n\n\n<p><strong>Velkommen til v\u00e5rbasar<\/strong> p\u00e5 Skudenes bedehus fredag 19. april kl. 18.00.<\/p>\n\n\n\n<p>Tale av Solveig Eike Bringaker.<\/p>\n\n\n\n<p>Sang av Skudenes mannskor.<\/p>\n<\/div>","protected":false},"excerpt":{"rendered":"<p>Velkommen til v\u00e5rbasar p\u00e5 Skudenes bedehus fredag 19. april kl. 18.00. Tale av Solveig Eike Bringaker. Sang av Skudenes mannskor.<\/p>\n","protected":false},"author":20,"featured_media":6612,"comment_status":"closed","ping_status":"closed","sticky":false,"template":"","format":"standard","meta":{"_acf_changed":false,"footnotes":""},"categories":[22],"tags":[],"class_list":["post-6611","post","type-post","status-publish","format-standard","has-post-thumbnail","hentry","category-arrangement"],"acf":[],"yoast_head":"<!-- This site is optimized with the Yoast SEO plugin v25.9 - https:\/\/yoast.com\/wordpress\/plugins\/seo\/ -->\n<title>V\u00e5rbasar Skudenes - Region Rogaland<\/title>\n<meta name=\"robots\" content=\"index, follow, max-snippet:-1, max-image-preview:large, max-video-preview:-1\" \/>\n<link rel=\"canonical\" href=\"https:\/\/www.normisjon.no\/rogaland\/2024\/04\/10\/varbasar-skudenes\/\" \/>\n<meta property=\"og:locale\" content=\"nb_NO\" \/>\n<meta property=\"og:type\" content=\"article\" \/>\n<meta property=\"og:title\" content=\"V\u00e5rbasar Skudenes - Region Rogaland\" \/>\n<meta property=\"og:description\" content=\"Velkommen til v\u00e5rbasar p\u00e5 Skudenes bedehus fredag 19. april kl. 18.00. Tale av Solveig Eike Bringaker. Sang av Skudenes mannskor.\" \/>\n<meta property=\"og:url\" content=\"https:\/\/www.normisjon.no\/rogaland\/2024\/04\/10\/varbasar-skudenes\/\" \/>\n<meta property=\"og:site_name\" content=\"Region Rogaland\" \/>\n<meta property=\"article:published_time\" content=\"2024-04-10T09:16:03+00:00\" \/>\n<meta property=\"og:image\" content=\"https:\/\/www.normisjon.no\/content\/uploads\/sites\/18\/2024\/04\/Skudenes-bedehus.jpg\" \/>\n\t<meta property=\"og:image:width\" content=\"1109\" \/>\n\t<meta property=\"og:image:height\" content=\"734\" \/>\n\t<meta property=\"og:image:type\" content=\"image\/jpeg\" \/>\n<meta name=\"author\" content=\"roar\" \/>\n<meta name=\"twitter:card\" content=\"summary_large_image\" \/>\n<meta name=\"twitter:label1\" content=\"Skrevet av\" \/>\n\t<meta name=\"twitter:data1\" content=\"roar\" \/>\n\t<meta name=\"twitter:label2\" content=\"Ansl. lesetid\" \/>\n\t<meta name=\"twitter:data2\" content=\"1 minutt\" \/>\n<script type=\"application\/ld+json\" class=\"yoast-schema-graph\">{\"@context\":\"https:\/\/schema.org\",\"@graph\":[{\"@type\":\"WebPage\",\"@id\":\"https:\/\/www.normisjon.no\/rogaland\/2024\/04\/10\/varbasar-skudenes\/\",\"url\":\"https:\/\/www.normisjon.no\/rogaland\/2024\/04\/10\/varbasar-skudenes\/\",\"name\":\"V\u00e5rbasar Skudenes - Region Rogaland\",\"isPartOf\":{\"@id\":\"https:\/\/www.normisjon.no\/rogaland\/#website\"},\"primaryImageOfPage\":{\"@id\":\"https:\/\/www.normisjon.no\/rogaland\/2024\/04\/10\/varbasar-skudenes\/#primaryimage\"},\"image\":{\"@id\":\"https:\/\/www.normisjon.no\/rogaland\/2024\/04\/10\/varbasar-skudenes\/#primaryimage\"},\"thumbnailUrl\":\"https:\/\/www.normisjon.no\/content\/uploads\/sites\/18\/2024\/04\/Skudenes-bedehus.jpg\",\"datePublished\":\"2024-04-10T09:16:03+00:00\",\"author\":{\"@id\":\"https:\/\/www.normisjon.no\/rogaland\/#\/schema\/person\/cb866e2d3dfec81378b5c838b767fbf7\"},\"breadcrumb\":{\"@id\":\"https:\/\/www.normisjon.no\/rogaland\/2024\/04\/10\/varbasar-skudenes\/#breadcrumb\"},\"inLanguage\":\"nb-NO\",\"potentialAction\":[{\"@type\":\"ReadAction\",\"target\":[\"https:\/\/www.normisjon.no\/rogaland\/2024\/04\/10\/varbasar-skudenes\/\"]}]},{\"@type\":\"ImageObject\",\"inLanguage\":\"nb-NO\",\"@id\":\"https:\/\/www.normisjon.no\/rogaland\/2024\/04\/10\/varbasar-skudenes\/#primaryimage\",\"url\":\"https:\/\/www.normisjon.no\/content\/uploads\/sites\/18\/2024\/04\/Skudenes-bedehus.jpg\",\"contentUrl\":\"https:\/\/www.normisjon.no\/content\/uploads\/sites\/18\/2024\/04\/Skudenes-bedehus.jpg\",\"width\":1109,\"height\":734,\"caption\":\"????????????????????????????????????\"},{\"@type\":\"BreadcrumbList\",\"@id\":\"https:\/\/www.normisjon.no\/rogaland\/2024\/04\/10\/varbasar-skudenes\/#breadcrumb\",\"itemListElement\":[{\"@type\":\"ListItem\",\"position\":1,\"name\":\"Home\",\"item\":\"https:\/\/www.normisjon.no\/rogaland\/\"},{\"@type\":\"ListItem\",\"position\":2,\"name\":\"V\u00e5rbasar Skudenes\"}]},{\"@type\":\"WebSite\",\"@id\":\"https:\/\/www.normisjon.no\/rogaland\/#website\",\"url\":\"https:\/\/www.normisjon.no\/rogaland\/\",\"name\":\"Region Rogaland\",\"description\":\"\",\"potentialAction\":[{\"@type\":\"SearchAction\",\"target\":{\"@type\":\"EntryPoint\",\"urlTemplate\":\"https:\/\/www.normisjon.no\/rogaland\/?s={search_term_string}\"},\"query-input\":{\"@type\":\"PropertyValueSpecification\",\"valueRequired\":true,\"valueName\":\"search_term_string\"}}],\"inLanguage\":\"nb-NO\"},{\"@type\":\"Person\",\"@id\":\"https:\/\/www.normisjon.no\/rogaland\/#\/schema\/person\/cb866e2d3dfec81378b5c838b767fbf7\",\"name\":\"roar\",\"image\":{\"@type\":\"ImageObject\",\"inLanguage\":\"nb-NO\",\"@id\":\"https:\/\/www.normisjon.no\/rogaland\/#\/schema\/person\/image\/\",\"url\":\"https:\/\/secure.gravatar.com\/avatar\/f0917b143ffde67ae03d754d69a1f910c10e22105027d7fcdda7cd6abc1e087a?s=96&d=mm&r=g\",\"contentUrl\":\"https:\/\/secure.gravatar.com\/avatar\/f0917b143ffde67ae03d754d69a1f910c10e22105027d7fcdda7cd6abc1e087a?s=96&d=mm&r=g\",\"caption\":\"roar\"},\"url\":\"https:\/\/www.normisjon.no\/rogaland\/author\/roar\/\"}]}<\/script>\n<!-- \/ Yoast SEO plugin. -->","yoast_head_json":{"title":"V\u00e5rbasar Skudenes - Region Rogaland","robots":{"index":"index","follow":"follow","max-snippet":"max-snippet:-1","max-image-preview":"max-image-preview:large","max-video-preview":"max-video-preview:-1"},"canonical":"https:\/\/www.normisjon.no\/rogaland\/2024\/04\/10\/varbasar-skudenes\/","og_locale":"nb_NO","og_type":"article","og_title":"V\u00e5rbasar Skudenes - Region Rogaland","og_description":"Velkommen til v\u00e5rbasar p\u00e5 Skudenes bedehus fredag 19. april kl. 18.00. Tale av Solveig Eike Bringaker. Sang av Skudenes mannskor.","og_url":"https:\/\/www.normisjon.no\/rogaland\/2024\/04\/10\/varbasar-skudenes\/","og_site_name":"Region Rogaland","article_published_time":"2024-04-10T09:16:03+00:00","og_image":[{"width":1109,"height":734,"url":"https:\/\/www.normisjon.no\/content\/uploads\/sites\/18\/2024\/04\/Skudenes-bedehus.jpg","type":"image\/jpeg"}],"author":"roar","twitter_card":"summary_large_image","twitter_misc":{"Skrevet av":"roar","Ansl. lesetid":"1 minutt"},"schema":{"@context":"https:\/\/schema.org","@graph":[{"@type":"WebPage","@id":"https:\/\/www.normisjon.no\/rogaland\/2024\/04\/10\/varbasar-skudenes\/","url":"https:\/\/www.normisjon.no\/rogaland\/2024\/04\/10\/varbasar-skudenes\/","name":"V\u00e5rbasar Skudenes - Region Rogaland","isPartOf":{"@id":"https:\/\/www.normisjon.no\/rogaland\/#website"},"primaryImageOfPage":{"@id":"https:\/\/www.normisjon.no\/rogaland\/2024\/04\/10\/varbasar-skudenes\/#primaryimage"},"image":{"@id":"https:\/\/www.normisjon.no\/rogaland\/2024\/04\/10\/varbasar-skudenes\/#primaryimage"},"thumbnailUrl":"https:\/\/www.normisjon.no\/content\/uploads\/sites\/18\/2024\/04\/Skudenes-bedehus.jpg","datePublished":"2024-04-10T09:16:03+00:00","author":{"@id":"https:\/\/www.normisjon.no\/rogaland\/#\/schema\/person\/cb866e2d3dfec81378b5c838b767fbf7"},"breadcrumb":{"@id":"https:\/\/www.normisjon.no\/rogaland\/2024\/04\/10\/varbasar-skudenes\/#breadcrumb"},"inLanguage":"nb-NO","potentialAction":[{"@type":"ReadAction","target":["https:\/\/www.normisjon.no\/rogaland\/2024\/04\/10\/varbasar-skudenes\/"]}]},{"@type":"ImageObject","inLanguage":"nb-NO","@id":"https:\/\/www.normisjon.no\/rogaland\/2024\/04\/10\/varbasar-skudenes\/#primaryimage","url":"https:\/\/www.normisjon.no\/content\/uploads\/sites\/18\/2024\/04\/Skudenes-bedehus.jpg","contentUrl":"https:\/\/www.normisjon.no\/content\/uploads\/sites\/18\/2024\/04\/Skudenes-bedehus.jpg","width":1109,"height":734,"caption":"????????????????????????????????????"},{"@type":"BreadcrumbList","@id":"https:\/\/www.normisjon.no\/rogaland\/2024\/04\/10\/varbasar-skudenes\/#breadcrumb","itemListElement":[{"@type":"ListItem","position":1,"name":"Home","item":"https:\/\/www.normisjon.no\/rogaland\/"},{"@type":"ListItem","position":2,"name":"V\u00e5rbasar Skudenes"}]},{"@type":"WebSite","@id":"https:\/\/www.normisjon.no\/rogaland\/#website","url":"https:\/\/www.normisjon.no\/rogaland\/","name":"Region Rogaland","description":"","potentialAction":[{"@type":"SearchAction","target":{"@type":"EntryPoint","urlTemplate":"https:\/\/www.normisjon.no\/rogaland\/?s={search_term_string}"},"query-input":{"@type":"PropertyValueSpecification","valueRequired":true,"valueName":"search_term_string"}}],"inLanguage":"nb-NO"},{"@type":"Person","@id":"https:\/\/www.normisjon.no\/rogaland\/#\/schema\/person\/cb866e2d3dfec81378b5c838b767fbf7","name":"roar","image":{"@type":"ImageObject","inLanguage":"nb-NO","@id":"https:\/\/www.normisjon.no\/rogaland\/#\/schema\/person\/image\/","url":"https:\/\/secure.gravatar.com\/avatar\/f0917b143ffde67ae03d754d69a1f910c10e22105027d7fcdda7cd6abc1e087a?s=96&d=mm&r=g","contentUrl":"https:\/\/secure.gravatar.com\/avatar\/f0917b143ffde67ae03d754d69a1f910c10e22105027d7fcdda7cd6abc1e087a?s=96&d=mm&r=g","caption":"roar"},"url":"https:\/\/www.normisjon.no\/rogaland\/author\/roar\/"}]}},"_links":{"self":[{"href":"https:\/\/www.normisjon.no\/rogaland\/wp-json\/wp\/v2\/posts\/6611","targetHints":{"allow":["GET"]}}],"collection":[{"href":"https:\/\/www.normisjon.no\/rogaland\/wp-json\/wp\/v2\/posts"}],"about":[{"href":"https:\/\/www.normisjon.no\/rogaland\/wp-json\/wp\/v2\/types\/post"}],"author":[{"embeddable":true,"href":"https:\/\/www.normisjon.no\/rogaland\/wp-json\/wp\/v2\/users\/20"}],"replies":[{"embeddable":true,"href":"https:\/\/www.normisjon.no\/rogaland\/wp-json\/wp\/v2\/comments?post=6611"}],"version-history":[{"count":2,"href":"https:\/\/www.normisjon.no\/rogaland\/wp-json\/wp\/v2\/posts\/6611\/revisions"}],"predecessor-version":[{"id":6614,"href":"https:\/\/www.normisjon.no\/rogaland\/wp-json\/wp\/v2\/posts\/6611\/revisions\/6614"}],"wp:featuredmedia":[{"embeddable":true,"href":"https:\/\/www.normisjon.no\/rogaland\/wp-json\/wp\/v2\/media\/6612"}],"wp:attachment":[{"href":"https:\/\/www.normisjon.no\/rogaland\/wp-json\/wp\/v2\/media?parent=6611"}],"wp:term":[{"taxonomy":"category","embeddable":true,"href":"https:\/\/www.normisjon.no\/rogaland\/wp-json\/wp\/v2\/categories?post=6611"},{"taxonomy":"post_tag","embeddable":true,"href":"https:\/\/www.normisjon.no\/rogaland\/wp-json\/wp\/v2\/tags?post=6611"}],"curies":[{"name":"wp","href":"https:\/\/api.w.org\/{rel}","templated":true}]}}