{"id":7198,"date":"2025-04-11T16:42:13","date_gmt":"2025-04-11T14:42:13","guid":{"rendered":"https:\/\/www.normisjon.no\/rogaland\/?p=7198"},"modified":"2025-04-11T17:13:51","modified_gmt":"2025-04-11T15:13:51","slug":"ny-skoleleder-ved-kfskolen-stavanger","status":"publish","type":"post","link":"https:\/\/www.normisjon.no\/rogaland\/2025\/04\/11\/ny-skoleleder-ved-kfskolen-stavanger\/","title":{"rendered":"<strong>Ny skoleleder ved KFskolen Stavanger<\/strong>"},"content":{"rendered":"<div class=\"entry-content alignfull wp-block-post-content has-global-padding is-layout-constrained wp-block-post-content-is-layout-constrained\">\n<figure class=\"wp-block-image alignright size-full\"><img loading=\"lazy\" decoding=\"async\" width=\"467\" height=\"700\" src=\"https:\/\/www.normisjon.no\/content\/uploads\/sites\/18\/2025\/04\/Sak-3-bilde-Tove-Pettersen.jpg\" alt=\"\" class=\"wp-image-7193\" srcset=\"https:\/\/www.normisjon.no\/content\/uploads\/sites\/18\/2025\/04\/Sak-3-bilde-Tove-Pettersen.jpg 467w, https:\/\/www.normisjon.no\/content\/uploads\/sites\/18\/2025\/04\/Sak-3-bilde-Tove-Pettersen-200x300.jpg 200w\" sizes=\"auto, (max-width: 467px) 100vw, 467px\" \/><\/figure>\n\n\n\n<p>Tove Pettersen er ansatt som ny skoleleder ved KFskolen i Stavanger. Hun har v\u00e6rt en del av skolens team siden oppstarten og har det siste halv\u00e5ret fungert som rektor og daglig leder.<\/p>\n\n\n\n<p>Vi er sv\u00e6rt takknemlige for Tove og alle de ansatte ved KFskolen. De gj\u00f8r en enest\u00e5ende jobb, og vi gleder oss over de mange gode historiene om hvilken betydning skolen har for elevene og deres familier.<\/p>\n<\/div>","protected":false},"excerpt":{"rendered":"<p>Tove Pettersen er ansatt som ny skoleleder ved KFskolen i Stavanger. Hun har v\u00e6rt en del av skolens team siden oppstarten og har det siste [&hellip;]<\/p>\n","protected":false},"author":21,"featured_media":7206,"comment_status":"closed","ping_status":"closed","sticky":false,"template":"","format":"standard","meta":{"_acf_changed":false,"footnotes":""},"categories":[21,59],"tags":[],"class_list":["post-7198","post","type-post","status-publish","format-standard","has-post-thumbnail","hentry","category-nyheter","category-nyhetsbrev"],"acf":[],"yoast_head":"<!-- This site is optimized with the Yoast SEO plugin v25.9 - https:\/\/yoast.com\/wordpress\/plugins\/seo\/ -->\n<title>Ny skoleleder ved KFskolen Stavanger - Region Rogaland<\/title>\n<meta name=\"robots\" content=\"index, follow, max-snippet:-1, max-image-preview:large, max-video-preview:-1\" \/>\n<link rel=\"canonical\" href=\"https:\/\/www.normisjon.no\/rogaland\/2025\/04\/11\/ny-skoleleder-ved-kfskolen-stavanger\/\" \/>\n<meta property=\"og:locale\" content=\"nb_NO\" \/>\n<meta property=\"og:type\" content=\"article\" \/>\n<meta property=\"og:title\" content=\"Ny skoleleder ved KFskolen Stavanger - Region Rogaland\" \/>\n<meta property=\"og:description\" content=\"Tove Pettersen er ansatt som ny skoleleder ved KFskolen i Stavanger. Hun har v\u00e6rt en del av skolens team siden oppstarten og har det siste [&hellip;]\" \/>\n<meta property=\"og:url\" content=\"https:\/\/www.normisjon.no\/rogaland\/2025\/04\/11\/ny-skoleleder-ved-kfskolen-stavanger\/\" \/>\n<meta property=\"og:site_name\" content=\"Region Rogaland\" \/>\n<meta property=\"article:published_time\" content=\"2025-04-11T14:42:13+00:00\" \/>\n<meta property=\"article:modified_time\" content=\"2025-04-11T15:13:51+00:00\" \/>\n<meta property=\"og:image\" content=\"https:\/\/www.normisjon.no\/content\/uploads\/sites\/18\/2025\/04\/Tove_KFskolen_Skjermbilde-2025-04-11-171157-1.png\" \/>\n\t<meta property=\"og:image:width\" content=\"851\" \/>\n\t<meta property=\"og:image:height\" content=\"629\" \/>\n\t<meta property=\"og:image:type\" content=\"image\/png\" \/>\n<meta name=\"author\" content=\"jeanett\" \/>\n<meta name=\"twitter:card\" content=\"summary_large_image\" \/>\n<meta name=\"twitter:label1\" content=\"Skrevet av\" \/>\n\t<meta name=\"twitter:data1\" content=\"jeanett\" \/>\n\t<meta name=\"twitter:label2\" content=\"Ansl. lesetid\" \/>\n\t<meta name=\"twitter:data2\" content=\"1 minutt\" \/>\n<script type=\"application\/ld+json\" class=\"yoast-schema-graph\">{\"@context\":\"https:\/\/schema.org\",\"@graph\":[{\"@type\":\"WebPage\",\"@id\":\"https:\/\/www.normisjon.no\/rogaland\/2025\/04\/11\/ny-skoleleder-ved-kfskolen-stavanger\/\",\"url\":\"https:\/\/www.normisjon.no\/rogaland\/2025\/04\/11\/ny-skoleleder-ved-kfskolen-stavanger\/\",\"name\":\"Ny skoleleder ved KFskolen Stavanger - Region Rogaland\",\"isPartOf\":{\"@id\":\"https:\/\/www.normisjon.no\/rogaland\/#website\"},\"primaryImageOfPage\":{\"@id\":\"https:\/\/www.normisjon.no\/rogaland\/2025\/04\/11\/ny-skoleleder-ved-kfskolen-stavanger\/#primaryimage\"},\"image\":{\"@id\":\"https:\/\/www.normisjon.no\/rogaland\/2025\/04\/11\/ny-skoleleder-ved-kfskolen-stavanger\/#primaryimage\"},\"thumbnailUrl\":\"https:\/\/www.normisjon.no\/content\/uploads\/sites\/18\/2025\/04\/Tove_KFskolen_Skjermbilde-2025-04-11-171157-1.png\",\"datePublished\":\"2025-04-11T14:42:13+00:00\",\"dateModified\":\"2025-04-11T15:13:51+00:00\",\"author\":{\"@id\":\"https:\/\/www.normisjon.no\/rogaland\/#\/schema\/person\/3b44448037977b40922be844c036cebb\"},\"breadcrumb\":{\"@id\":\"https:\/\/www.normisjon.no\/rogaland\/2025\/04\/11\/ny-skoleleder-ved-kfskolen-stavanger\/#breadcrumb\"},\"inLanguage\":\"nb-NO\",\"potentialAction\":[{\"@type\":\"ReadAction\",\"target\":[\"https:\/\/www.normisjon.no\/rogaland\/2025\/04\/11\/ny-skoleleder-ved-kfskolen-stavanger\/\"]}]},{\"@type\":\"ImageObject\",\"inLanguage\":\"nb-NO\",\"@id\":\"https:\/\/www.normisjon.no\/rogaland\/2025\/04\/11\/ny-skoleleder-ved-kfskolen-stavanger\/#primaryimage\",\"url\":\"https:\/\/www.normisjon.no\/content\/uploads\/sites\/18\/2025\/04\/Tove_KFskolen_Skjermbilde-2025-04-11-171157-1.png\",\"contentUrl\":\"https:\/\/www.normisjon.no\/content\/uploads\/sites\/18\/2025\/04\/Tove_KFskolen_Skjermbilde-2025-04-11-171157-1.png\",\"width\":851,\"height\":629},{\"@type\":\"BreadcrumbList\",\"@id\":\"https:\/\/www.normisjon.no\/rogaland\/2025\/04\/11\/ny-skoleleder-ved-kfskolen-stavanger\/#breadcrumb\",\"itemListElement\":[{\"@type\":\"ListItem\",\"position\":1,\"name\":\"Home\",\"item\":\"https:\/\/www.normisjon.no\/rogaland\/\"},{\"@type\":\"ListItem\",\"position\":2,\"name\":\"Ny skoleleder ved KFskolen Stavanger\"}]},{\"@type\":\"WebSite\",\"@id\":\"https:\/\/www.normisjon.no\/rogaland\/#website\",\"url\":\"https:\/\/www.normisjon.no\/rogaland\/\",\"name\":\"Region Rogaland\",\"description\":\"\",\"potentialAction\":[{\"@type\":\"SearchAction\",\"target\":{\"@type\":\"EntryPoint\",\"urlTemplate\":\"https:\/\/www.normisjon.no\/rogaland\/?s={search_term_string}\"},\"query-input\":{\"@type\":\"PropertyValueSpecification\",\"valueRequired\":true,\"valueName\":\"search_term_string\"}}],\"inLanguage\":\"nb-NO\"},{\"@type\":\"Person\",\"@id\":\"https:\/\/www.normisjon.no\/rogaland\/#\/schema\/person\/3b44448037977b40922be844c036cebb\",\"name\":\"jeanett\",\"image\":{\"@type\":\"ImageObject\",\"inLanguage\":\"nb-NO\",\"@id\":\"https:\/\/www.normisjon.no\/rogaland\/#\/schema\/person\/image\/\",\"url\":\"https:\/\/secure.gravatar.com\/avatar\/00c93f9927022c522529cfefd447e362b60291bf55ac3107e12c077a8b459e43?s=96&d=mm&r=g\",\"contentUrl\":\"https:\/\/secure.gravatar.com\/avatar\/00c93f9927022c522529cfefd447e362b60291bf55ac3107e12c077a8b459e43?s=96&d=mm&r=g\",\"caption\":\"jeanett\"},\"url\":\"https:\/\/www.normisjon.no\/rogaland\/author\/jeanett\/\"}]}<\/script>\n<!-- \/ Yoast SEO plugin. -->","yoast_head_json":{"title":"Ny skoleleder ved KFskolen Stavanger - Region Rogaland","robots":{"index":"index","follow":"follow","max-snippet":"max-snippet:-1","max-image-preview":"max-image-preview:large","max-video-preview":"max-video-preview:-1"},"canonical":"https:\/\/www.normisjon.no\/rogaland\/2025\/04\/11\/ny-skoleleder-ved-kfskolen-stavanger\/","og_locale":"nb_NO","og_type":"article","og_title":"Ny skoleleder ved KFskolen Stavanger - Region Rogaland","og_description":"Tove Pettersen er ansatt som ny skoleleder ved KFskolen i Stavanger. Hun har v\u00e6rt en del av skolens team siden oppstarten og har det siste [&hellip;]","og_url":"https:\/\/www.normisjon.no\/rogaland\/2025\/04\/11\/ny-skoleleder-ved-kfskolen-stavanger\/","og_site_name":"Region Rogaland","article_published_time":"2025-04-11T14:42:13+00:00","article_modified_time":"2025-04-11T15:13:51+00:00","og_image":[{"width":851,"height":629,"url":"https:\/\/www.normisjon.no\/content\/uploads\/sites\/18\/2025\/04\/Tove_KFskolen_Skjermbilde-2025-04-11-171157-1.png","type":"image\/png"}],"author":"jeanett","twitter_card":"summary_large_image","twitter_misc":{"Skrevet av":"jeanett","Ansl. lesetid":"1 minutt"},"schema":{"@context":"https:\/\/schema.org","@graph":[{"@type":"WebPage","@id":"https:\/\/www.normisjon.no\/rogaland\/2025\/04\/11\/ny-skoleleder-ved-kfskolen-stavanger\/","url":"https:\/\/www.normisjon.no\/rogaland\/2025\/04\/11\/ny-skoleleder-ved-kfskolen-stavanger\/","name":"Ny skoleleder ved KFskolen Stavanger - Region Rogaland","isPartOf":{"@id":"https:\/\/www.normisjon.no\/rogaland\/#website"},"primaryImageOfPage":{"@id":"https:\/\/www.normisjon.no\/rogaland\/2025\/04\/11\/ny-skoleleder-ved-kfskolen-stavanger\/#primaryimage"},"image":{"@id":"https:\/\/www.normisjon.no\/rogaland\/2025\/04\/11\/ny-skoleleder-ved-kfskolen-stavanger\/#primaryimage"},"thumbnailUrl":"https:\/\/www.normisjon.no\/content\/uploads\/sites\/18\/2025\/04\/Tove_KFskolen_Skjermbilde-2025-04-11-171157-1.png","datePublished":"2025-04-11T14:42:13+00:00","dateModified":"2025-04-11T15:13:51+00:00","author":{"@id":"https:\/\/www.normisjon.no\/rogaland\/#\/schema\/person\/3b44448037977b40922be844c036cebb"},"breadcrumb":{"@id":"https:\/\/www.normisjon.no\/rogaland\/2025\/04\/11\/ny-skoleleder-ved-kfskolen-stavanger\/#breadcrumb"},"inLanguage":"nb-NO","potentialAction":[{"@type":"ReadAction","target":["https:\/\/www.normisjon.no\/rogaland\/2025\/04\/11\/ny-skoleleder-ved-kfskolen-stavanger\/"]}]},{"@type":"ImageObject","inLanguage":"nb-NO","@id":"https:\/\/www.normisjon.no\/rogaland\/2025\/04\/11\/ny-skoleleder-ved-kfskolen-stavanger\/#primaryimage","url":"https:\/\/www.normisjon.no\/content\/uploads\/sites\/18\/2025\/04\/Tove_KFskolen_Skjermbilde-2025-04-11-171157-1.png","contentUrl":"https:\/\/www.normisjon.no\/content\/uploads\/sites\/18\/2025\/04\/Tove_KFskolen_Skjermbilde-2025-04-11-171157-1.png","width":851,"height":629},{"@type":"BreadcrumbList","@id":"https:\/\/www.normisjon.no\/rogaland\/2025\/04\/11\/ny-skoleleder-ved-kfskolen-stavanger\/#breadcrumb","itemListElement":[{"@type":"ListItem","position":1,"name":"Home","item":"https:\/\/www.normisjon.no\/rogaland\/"},{"@type":"ListItem","position":2,"name":"Ny skoleleder ved KFskolen Stavanger"}]},{"@type":"WebSite","@id":"https:\/\/www.normisjon.no\/rogaland\/#website","url":"https:\/\/www.normisjon.no\/rogaland\/","name":"Region Rogaland","description":"","potentialAction":[{"@type":"SearchAction","target":{"@type":"EntryPoint","urlTemplate":"https:\/\/www.normisjon.no\/rogaland\/?s={search_term_string}"},"query-input":{"@type":"PropertyValueSpecification","valueRequired":true,"valueName":"search_term_string"}}],"inLanguage":"nb-NO"},{"@type":"Person","@id":"https:\/\/www.normisjon.no\/rogaland\/#\/schema\/person\/3b44448037977b40922be844c036cebb","name":"jeanett","image":{"@type":"ImageObject","inLanguage":"nb-NO","@id":"https:\/\/www.normisjon.no\/rogaland\/#\/schema\/person\/image\/","url":"https:\/\/secure.gravatar.com\/avatar\/00c93f9927022c522529cfefd447e362b60291bf55ac3107e12c077a8b459e43?s=96&d=mm&r=g","contentUrl":"https:\/\/secure.gravatar.com\/avatar\/00c93f9927022c522529cfefd447e362b60291bf55ac3107e12c077a8b459e43?s=96&d=mm&r=g","caption":"jeanett"},"url":"https:\/\/www.normisjon.no\/rogaland\/author\/jeanett\/"}]}},"_links":{"self":[{"href":"https:\/\/www.normisjon.no\/rogaland\/wp-json\/wp\/v2\/posts\/7198","targetHints":{"allow":["GET"]}}],"collection":[{"href":"https:\/\/www.normisjon.no\/rogaland\/wp-json\/wp\/v2\/posts"}],"about":[{"href":"https:\/\/www.normisjon.no\/rogaland\/wp-json\/wp\/v2\/types\/post"}],"author":[{"embeddable":true,"href":"https:\/\/www.normisjon.no\/rogaland\/wp-json\/wp\/v2\/users\/21"}],"replies":[{"embeddable":true,"href":"https:\/\/www.normisjon.no\/rogaland\/wp-json\/wp\/v2\/comments?post=7198"}],"version-history":[{"count":1,"href":"https:\/\/www.normisjon.no\/rogaland\/wp-json\/wp\/v2\/posts\/7198\/revisions"}],"predecessor-version":[{"id":7199,"href":"https:\/\/www.normisjon.no\/rogaland\/wp-json\/wp\/v2\/posts\/7198\/revisions\/7199"}],"wp:featuredmedia":[{"embeddable":true,"href":"https:\/\/www.normisjon.no\/rogaland\/wp-json\/wp\/v2\/media\/7206"}],"wp:attachment":[{"href":"https:\/\/www.normisjon.no\/rogaland\/wp-json\/wp\/v2\/media?parent=7198"}],"wp:term":[{"taxonomy":"category","embeddable":true,"href":"https:\/\/www.normisjon.no\/rogaland\/wp-json\/wp\/v2\/categories?post=7198"},{"taxonomy":"post_tag","embeddable":true,"href":"https:\/\/www.normisjon.no\/rogaland\/wp-json\/wp\/v2\/tags?post=7198"}],"curies":[{"name":"wp","href":"https:\/\/api.w.org\/{rel}","templated":true}]}}