{"id":7443,"date":"2025-10-15T14:52:16","date_gmt":"2025-10-15T12:52:16","guid":{"rendered":"https:\/\/www.normisjon.no\/rogaland\/?p=7443"},"modified":"2025-10-15T14:52:16","modified_gmt":"2025-10-15T12:52:16","slug":"bli-kjent-med-guro-brakestad-og-fermate","status":"publish","type":"post","link":"https:\/\/www.normisjon.no\/rogaland\/2025\/10\/15\/bli-kjent-med-guro-brakestad-og-fermate\/","title":{"rendered":"Bli kjent med Guro Brakestad og Fermate"},"content":{"rendered":"<div class=\"entry-content alignfull wp-block-post-content has-global-padding is-layout-constrained wp-block-post-content-is-layout-constrained\">\n<figure class=\"wp-block-image size-large\"><img loading=\"lazy\" decoding=\"async\" width=\"1024\" height=\"683\" src=\"https:\/\/www.normisjon.no\/content\/uploads\/sites\/18\/2025\/10\/Bilde-1-Guro-1024x683.jpg\" alt=\"\" class=\"wp-image-7444\" srcset=\"https:\/\/www.normisjon.no\/content\/uploads\/sites\/18\/2025\/10\/Bilde-1-Guro-1024x683.jpg 1024w, https:\/\/www.normisjon.no\/content\/uploads\/sites\/18\/2025\/10\/Bilde-1-Guro-300x200.jpg 300w, https:\/\/www.normisjon.no\/content\/uploads\/sites\/18\/2025\/10\/Bilde-1-Guro-768x512.jpg 768w, https:\/\/www.normisjon.no\/content\/uploads\/sites\/18\/2025\/10\/Bilde-1-Guro-1536x1024.jpg 1536w, https:\/\/www.normisjon.no\/content\/uploads\/sites\/18\/2025\/10\/Bilde-1-Guro-1360x907.jpg 1360w, https:\/\/www.normisjon.no\/content\/uploads\/sites\/18\/2025\/10\/Bilde-1-Guro-960x640.jpg 960w, https:\/\/www.normisjon.no\/content\/uploads\/sites\/18\/2025\/10\/Bilde-1-Guro.jpg 1920w\" sizes=\"auto, (max-width: 1024px) 100vw, 1024px\" \/><\/figure>\n\n\n\n<p class=\"has-small-font-size\"><em>Tekst: Tone Julseth Ydsteb\u00f8<\/em><\/p>\n\n\n\n<p>Guro Brakestad er mor til to barn p\u00e5 10 og 13 \u00e5r, og gift med Jon. Hun er ny leder for Fermate Rogaland. Fermate er et ressurssenter for sjelesorg og veiledning.<\/p>\n\n\n\n<p>Guro vokste opp i et hjem der tro og liv ble snakket om p\u00e5 en naturlig m\u00e5te \u2013 mer enn hun senere forstod var vanlig. Foreldrene var engasjerte b\u00e5de i organisasjonsliv og diakonalt arbeid, og hjemmet var \u00e5pent for mennesker i ulike livssituasjoner. Denne oppveksten ga henne tidlig erfaring med \u00e5 m\u00f8te mange ulike mennesker \u2013 unge og gamle, fattige og rike \u2013 og l\u00e6rte henne verdien av \u00e5 bli tatt p\u00e5 alvor i sp\u00f8rsm\u00e5l om tro og liv.<\/p>\n\n\n\n<p>Som ung sto hun mellom valget om \u00e5 bli prest eller sosionom. Hun visste at hun \u00f8nsket \u00e5 jobbe b\u00e5de med samtaler \u00e9n til \u00e9n og med \u00e5 tale til st\u00f8rre forsamlinger. Valget falt p\u00e5 sosionomutdannelsen, og videre jobbet hun flere \u00e5r i Acta og Normisjon. Etter hvert kjente hun p\u00e5 et \u00f8nske om \u00e5 arbeide mer med de voksne som st\u00e5r rundt barn og unge. \u00abJeg tror at n\u00e5r voksne rundt barn og unge har det bra, s\u00e5 f\u00e5r barna det bedre,\u00bb sier hun.<\/p>\n\n\n\n<p><strong>Veien inn i veiledning og sjelesorg<\/strong><\/p>\n\n\n\n<p>Guro fikk muligheten til \u00e5 l\u00e6re av Sigmund Danielsen, som startet Fermate, mens hun jobbet i Normisjon region \u00d8st. Hun ble ogs\u00e5 inspirert av Tormod Kleiven og Torborg Aalen Leenderts, som snakket om maktforskjellen som kan oppst\u00e5 i samtalerommet og viktigheten av \u00e5 v\u00e6re bevisst sin egen p\u00e5virkningskraft. Dette gjorde henne mer oppmerksom p\u00e5 hvordan ord og holdninger p\u00e5virker m\u00f8ter med mennesker.<\/p>\n\n\n\n<p>For litt over ti \u00e5r siden oppmuntret Sigmund Danielsen Guro til \u00e5 bli med i Fermate Rogaland. \u00abAt han som kjente meg hadde tro p\u00e5 meg, f\u00f8rte til at jeg ga det et fors\u00f8k. Og jeg har aldri angret.\u00bb Guro tok videreutdanning i familieterapi for \u00e5 f\u00e5 mer kunnskap om samtaleledelse, og bedre forst\u00e5 hvordan ulike mennesker oppfatter virkeligheten.<\/p>\n\n\n\n<p>For Guro handler sjelesorg og veiledning om \u00e5 gi mennesker et trygt rom til \u00e5 bli m\u00f8tt der de er. \u00abN\u00e5r du snakker med venner eller familie, \u00f8nsker de ofte \u00e5 p\u00e5virke valgene dine og l\u00f8se problemene dine raskt. Hos oss slipper du forh\u00e5pentligvis \u00e5 oppleve det. Her m\u00f8ter du mennesker som lytter, stiller sp\u00f8rsm\u00e5l og hjelper deg \u00e5 se saken fra flere sider, og som har god tid.\u00bb<\/p>\n\n\n\n<p>En samtale kan begynne med sp\u00f8rsm\u00e5l om tidligere erfaringer og hva man h\u00e5per \u00e5 f\u00e5 ut av veiledningsprosessen. \u00abNoen ganger er det kaos f\u00f8rste gang, men sammen finner vi ut hvor skoen trykker,\u00bb sier hun. M\u00e5let er at mennesket skal komme til et bedre sted \u2013 med seg selv, andre eller Gud.<\/p>\n\n\n\n<p><strong>Parsamtaler \u2013 et nytt tilbud<\/strong><\/p>\n\n\n\n<p>Guro har alltid v\u00e6rt nysgjerrig p\u00e5 parforhold. Allerede som barn var hun fascinert av hvem som var sammen og hvem som gjorde det slutt. Som voksen har hun blitt interessert i hvor forskjellig mennesker kan leve sammen \u2013 noen tett, andre mer parallelt.<\/p>\n\n\n\n<p>Ettersp\u00f8rselen etter parsamtaler kom b\u00e5de til henne og til Fermate. \u00abFor mange er det godt \u00e5 komme til en plass hvor gudstroen kan relateres til. For noen er troen en hjelp og styrke i m\u00f8te med utfordringer, mens for andre kommer den som en tilleggsutfordring. Da er det viktig \u00e5 m\u00f8te noen som forst\u00e5r dette.\u00bb<\/p>\n\n\n\n<p>Par kommer ofte med temaer som kommunikasjon, konflikth\u00e5ndtering, utroskap, skam eller opplevelsen av ensomhet i forholdet.<\/p>\n\n\n\n<p><strong>Erfaringer og betydning<\/strong><\/p>\n\n\n\n<p>Mange opplever lettelse bare ved \u00e5 ta det f\u00f8rste skrittet og f\u00e5 satt ord p\u00e5 det som er vanskelig. \u00abDet er et sted der byrder kan b\u00e6res sammen med noen, et sted som er aksepterende. Hvis du kommer til Fermate og f\u00f8ler deg mindre n\u00e5r du g\u00e5r enn da du kom, da har vi ikke lykkes.\u00bb<\/p>\n\n\n\n<p>Hun ser at mange lengter etter mer rom for forskjeller \u2013 ogs\u00e5 i kristne fellesskap \u2013 og etter frihet til \u00e5 sette grenser og v\u00e6re seg selv.<\/p>\n\n\n\n<p>For Guro er det viktig \u00e5 bidra til at mennesker blir satt fri. \u00abDet er vondt \u00e5 se mennesker som er bundet eller forknytt, eller mangle handlingsrom. Selv om vi vet at det st\u00f8rste endringsarbeidet skjer mellom samtalene, gj\u00f8r det alltid noe med meg n\u00e5r jeg f\u00e5r v\u00e6re vitne til at noen v\u00e5ger \u00e5 ta grep, som bidrar til st\u00f8rre fred og frihet.\u00bb Hun understreker at nysgjerrighet p\u00e5 mennesker er avgj\u00f8rende i denne jobben. \u00c5 ikke alltid vite hvor vi skal n\u00e5r, men v\u00e6re til stede i det som skjer her og n\u00e5.<\/p>\n\n\n\n<p>Guro dr\u00f8mmer om at flere voksne rundt barn og unge skal f\u00e5 st\u00f8tte, og at de selv skal s\u00f8ke veiledning for \u00e5 st\u00e5 st\u00f8digere i sine roller. \u00abVi \u00f8nsker \u00e5 skape gode kollegiale fellesskap og rom for b\u00e5de liv, tro og tvil. Mange som leder eller veileder barn og unge har selv aldri g\u00e5tt i veiledning \u2013 og det kan skape blindsoner. Vi tror at det \u00e5 ta et steg til siden, og gi seg selv en lengre pause (som Fermate-begrepet betyr), vil bidra til at man f\u00e5r tilgang p\u00e5 andre perspektiver og muligheter, enn det man ser n\u00e5r man st\u00e5r midt i arbeidet eller tjenesten\u00bb.<\/p>\n\n\n\n<p><strong>En \u00e5pen invitasjon<\/strong><\/p>\n\n\n\n<p>Til deg som vurderer \u00e5 ta kontakt, sier hun: \u00abDet kan v\u00e6re skummelt \u00e5 s\u00f8ke hjelp, og vanskelig \u00e5 vite hvor man skal starte. Men jeg anbefaler deg \u00e5 unng\u00e5 evaluering p\u00e5 forh\u00e5nd. M\u00f8t opp, s\u00e5 finner vi ut av veien sammen\u00bb.<\/p>\n<\/div>","protected":false},"excerpt":{"rendered":"<p>Tekst: Tone Julseth Ydsteb\u00f8 Guro Brakestad er mor til to barn p\u00e5 10 og 13 \u00e5r, og gift med Jon. Hun er ny leder for [&hellip;]<\/p>\n","protected":false},"author":21,"featured_media":7444,"comment_status":"closed","ping_status":"closed","sticky":false,"template":"","format":"standard","meta":{"_acf_changed":false,"footnotes":""},"categories":[21,59],"tags":[],"class_list":["post-7443","post","type-post","status-publish","format-standard","has-post-thumbnail","hentry","category-nyheter","category-nyhetsbrev"],"acf":[],"yoast_head":"<!-- This site is optimized with the Yoast SEO plugin v25.9 - https:\/\/yoast.com\/wordpress\/plugins\/seo\/ -->\n<title>Bli kjent med Guro Brakestad og Fermate - Region Rogaland<\/title>\n<meta name=\"robots\" content=\"index, follow, max-snippet:-1, max-image-preview:large, max-video-preview:-1\" \/>\n<link rel=\"canonical\" href=\"https:\/\/www.normisjon.no\/rogaland\/2025\/10\/15\/bli-kjent-med-guro-brakestad-og-fermate\/\" \/>\n<meta property=\"og:locale\" content=\"nb_NO\" \/>\n<meta property=\"og:type\" content=\"article\" \/>\n<meta property=\"og:title\" content=\"Bli kjent med Guro Brakestad og Fermate - Region Rogaland\" \/>\n<meta property=\"og:description\" content=\"Tekst: Tone Julseth Ydsteb\u00f8 Guro Brakestad er mor til to barn p\u00e5 10 og 13 \u00e5r, og gift med Jon. Hun er ny leder for [&hellip;]\" \/>\n<meta property=\"og:url\" content=\"https:\/\/www.normisjon.no\/rogaland\/2025\/10\/15\/bli-kjent-med-guro-brakestad-og-fermate\/\" \/>\n<meta property=\"og:site_name\" content=\"Region Rogaland\" \/>\n<meta property=\"article:published_time\" content=\"2025-10-15T12:52:16+00:00\" \/>\n<meta property=\"og:image\" content=\"https:\/\/www.normisjon.no\/content\/uploads\/sites\/18\/2025\/10\/Bilde-1-Guro.jpg\" \/>\n\t<meta property=\"og:image:width\" content=\"1920\" \/>\n\t<meta property=\"og:image:height\" content=\"1280\" \/>\n\t<meta property=\"og:image:type\" content=\"image\/jpeg\" \/>\n<meta name=\"author\" content=\"jeanett\" \/>\n<meta name=\"twitter:card\" content=\"summary_large_image\" \/>\n<meta name=\"twitter:label1\" content=\"Skrevet av\" \/>\n\t<meta name=\"twitter:data1\" content=\"jeanett\" \/>\n\t<meta name=\"twitter:label2\" content=\"Ansl. lesetid\" \/>\n\t<meta name=\"twitter:data2\" content=\"6 minutter\" \/>\n<script type=\"application\/ld+json\" class=\"yoast-schema-graph\">{\"@context\":\"https:\/\/schema.org\",\"@graph\":[{\"@type\":\"WebPage\",\"@id\":\"https:\/\/www.normisjon.no\/rogaland\/2025\/10\/15\/bli-kjent-med-guro-brakestad-og-fermate\/\",\"url\":\"https:\/\/www.normisjon.no\/rogaland\/2025\/10\/15\/bli-kjent-med-guro-brakestad-og-fermate\/\",\"name\":\"Bli kjent med Guro Brakestad og Fermate - Region Rogaland\",\"isPartOf\":{\"@id\":\"https:\/\/www.normisjon.no\/rogaland\/#website\"},\"primaryImageOfPage\":{\"@id\":\"https:\/\/www.normisjon.no\/rogaland\/2025\/10\/15\/bli-kjent-med-guro-brakestad-og-fermate\/#primaryimage\"},\"image\":{\"@id\":\"https:\/\/www.normisjon.no\/rogaland\/2025\/10\/15\/bli-kjent-med-guro-brakestad-og-fermate\/#primaryimage\"},\"thumbnailUrl\":\"https:\/\/www.normisjon.no\/content\/uploads\/sites\/18\/2025\/10\/Bilde-1-Guro.jpg\",\"datePublished\":\"2025-10-15T12:52:16+00:00\",\"author\":{\"@id\":\"https:\/\/www.normisjon.no\/rogaland\/#\/schema\/person\/3b44448037977b40922be844c036cebb\"},\"breadcrumb\":{\"@id\":\"https:\/\/www.normisjon.no\/rogaland\/2025\/10\/15\/bli-kjent-med-guro-brakestad-og-fermate\/#breadcrumb\"},\"inLanguage\":\"nb-NO\",\"potentialAction\":[{\"@type\":\"ReadAction\",\"target\":[\"https:\/\/www.normisjon.no\/rogaland\/2025\/10\/15\/bli-kjent-med-guro-brakestad-og-fermate\/\"]}]},{\"@type\":\"ImageObject\",\"inLanguage\":\"nb-NO\",\"@id\":\"https:\/\/www.normisjon.no\/rogaland\/2025\/10\/15\/bli-kjent-med-guro-brakestad-og-fermate\/#primaryimage\",\"url\":\"https:\/\/www.normisjon.no\/content\/uploads\/sites\/18\/2025\/10\/Bilde-1-Guro.jpg\",\"contentUrl\":\"https:\/\/www.normisjon.no\/content\/uploads\/sites\/18\/2025\/10\/Bilde-1-Guro.jpg\",\"width\":1920,\"height\":1280},{\"@type\":\"BreadcrumbList\",\"@id\":\"https:\/\/www.normisjon.no\/rogaland\/2025\/10\/15\/bli-kjent-med-guro-brakestad-og-fermate\/#breadcrumb\",\"itemListElement\":[{\"@type\":\"ListItem\",\"position\":1,\"name\":\"Home\",\"item\":\"https:\/\/www.normisjon.no\/rogaland\/\"},{\"@type\":\"ListItem\",\"position\":2,\"name\":\"Bli kjent med Guro Brakestad og Fermate\"}]},{\"@type\":\"WebSite\",\"@id\":\"https:\/\/www.normisjon.no\/rogaland\/#website\",\"url\":\"https:\/\/www.normisjon.no\/rogaland\/\",\"name\":\"Region Rogaland\",\"description\":\"\",\"potentialAction\":[{\"@type\":\"SearchAction\",\"target\":{\"@type\":\"EntryPoint\",\"urlTemplate\":\"https:\/\/www.normisjon.no\/rogaland\/?s={search_term_string}\"},\"query-input\":{\"@type\":\"PropertyValueSpecification\",\"valueRequired\":true,\"valueName\":\"search_term_string\"}}],\"inLanguage\":\"nb-NO\"},{\"@type\":\"Person\",\"@id\":\"https:\/\/www.normisjon.no\/rogaland\/#\/schema\/person\/3b44448037977b40922be844c036cebb\",\"name\":\"jeanett\",\"image\":{\"@type\":\"ImageObject\",\"inLanguage\":\"nb-NO\",\"@id\":\"https:\/\/www.normisjon.no\/rogaland\/#\/schema\/person\/image\/\",\"url\":\"https:\/\/secure.gravatar.com\/avatar\/00c93f9927022c522529cfefd447e362b60291bf55ac3107e12c077a8b459e43?s=96&d=mm&r=g\",\"contentUrl\":\"https:\/\/secure.gravatar.com\/avatar\/00c93f9927022c522529cfefd447e362b60291bf55ac3107e12c077a8b459e43?s=96&d=mm&r=g\",\"caption\":\"jeanett\"},\"url\":\"https:\/\/www.normisjon.no\/rogaland\/author\/jeanett\/\"}]}<\/script>\n<!-- \/ Yoast SEO plugin. -->","yoast_head_json":{"title":"Bli kjent med Guro Brakestad og Fermate - Region Rogaland","robots":{"index":"index","follow":"follow","max-snippet":"max-snippet:-1","max-image-preview":"max-image-preview:large","max-video-preview":"max-video-preview:-1"},"canonical":"https:\/\/www.normisjon.no\/rogaland\/2025\/10\/15\/bli-kjent-med-guro-brakestad-og-fermate\/","og_locale":"nb_NO","og_type":"article","og_title":"Bli kjent med Guro Brakestad og Fermate - Region Rogaland","og_description":"Tekst: Tone Julseth Ydsteb\u00f8 Guro Brakestad er mor til to barn p\u00e5 10 og 13 \u00e5r, og gift med Jon. Hun er ny leder for [&hellip;]","og_url":"https:\/\/www.normisjon.no\/rogaland\/2025\/10\/15\/bli-kjent-med-guro-brakestad-og-fermate\/","og_site_name":"Region Rogaland","article_published_time":"2025-10-15T12:52:16+00:00","og_image":[{"width":1920,"height":1280,"url":"https:\/\/www.normisjon.no\/content\/uploads\/sites\/18\/2025\/10\/Bilde-1-Guro.jpg","type":"image\/jpeg"}],"author":"jeanett","twitter_card":"summary_large_image","twitter_misc":{"Skrevet av":"jeanett","Ansl. lesetid":"6 minutter"},"schema":{"@context":"https:\/\/schema.org","@graph":[{"@type":"WebPage","@id":"https:\/\/www.normisjon.no\/rogaland\/2025\/10\/15\/bli-kjent-med-guro-brakestad-og-fermate\/","url":"https:\/\/www.normisjon.no\/rogaland\/2025\/10\/15\/bli-kjent-med-guro-brakestad-og-fermate\/","name":"Bli kjent med Guro Brakestad og Fermate - Region Rogaland","isPartOf":{"@id":"https:\/\/www.normisjon.no\/rogaland\/#website"},"primaryImageOfPage":{"@id":"https:\/\/www.normisjon.no\/rogaland\/2025\/10\/15\/bli-kjent-med-guro-brakestad-og-fermate\/#primaryimage"},"image":{"@id":"https:\/\/www.normisjon.no\/rogaland\/2025\/10\/15\/bli-kjent-med-guro-brakestad-og-fermate\/#primaryimage"},"thumbnailUrl":"https:\/\/www.normisjon.no\/content\/uploads\/sites\/18\/2025\/10\/Bilde-1-Guro.jpg","datePublished":"2025-10-15T12:52:16+00:00","author":{"@id":"https:\/\/www.normisjon.no\/rogaland\/#\/schema\/person\/3b44448037977b40922be844c036cebb"},"breadcrumb":{"@id":"https:\/\/www.normisjon.no\/rogaland\/2025\/10\/15\/bli-kjent-med-guro-brakestad-og-fermate\/#breadcrumb"},"inLanguage":"nb-NO","potentialAction":[{"@type":"ReadAction","target":["https:\/\/www.normisjon.no\/rogaland\/2025\/10\/15\/bli-kjent-med-guro-brakestad-og-fermate\/"]}]},{"@type":"ImageObject","inLanguage":"nb-NO","@id":"https:\/\/www.normisjon.no\/rogaland\/2025\/10\/15\/bli-kjent-med-guro-brakestad-og-fermate\/#primaryimage","url":"https:\/\/www.normisjon.no\/content\/uploads\/sites\/18\/2025\/10\/Bilde-1-Guro.jpg","contentUrl":"https:\/\/www.normisjon.no\/content\/uploads\/sites\/18\/2025\/10\/Bilde-1-Guro.jpg","width":1920,"height":1280},{"@type":"BreadcrumbList","@id":"https:\/\/www.normisjon.no\/rogaland\/2025\/10\/15\/bli-kjent-med-guro-brakestad-og-fermate\/#breadcrumb","itemListElement":[{"@type":"ListItem","position":1,"name":"Home","item":"https:\/\/www.normisjon.no\/rogaland\/"},{"@type":"ListItem","position":2,"name":"Bli kjent med Guro Brakestad og Fermate"}]},{"@type":"WebSite","@id":"https:\/\/www.normisjon.no\/rogaland\/#website","url":"https:\/\/www.normisjon.no\/rogaland\/","name":"Region Rogaland","description":"","potentialAction":[{"@type":"SearchAction","target":{"@type":"EntryPoint","urlTemplate":"https:\/\/www.normisjon.no\/rogaland\/?s={search_term_string}"},"query-input":{"@type":"PropertyValueSpecification","valueRequired":true,"valueName":"search_term_string"}}],"inLanguage":"nb-NO"},{"@type":"Person","@id":"https:\/\/www.normisjon.no\/rogaland\/#\/schema\/person\/3b44448037977b40922be844c036cebb","name":"jeanett","image":{"@type":"ImageObject","inLanguage":"nb-NO","@id":"https:\/\/www.normisjon.no\/rogaland\/#\/schema\/person\/image\/","url":"https:\/\/secure.gravatar.com\/avatar\/00c93f9927022c522529cfefd447e362b60291bf55ac3107e12c077a8b459e43?s=96&d=mm&r=g","contentUrl":"https:\/\/secure.gravatar.com\/avatar\/00c93f9927022c522529cfefd447e362b60291bf55ac3107e12c077a8b459e43?s=96&d=mm&r=g","caption":"jeanett"},"url":"https:\/\/www.normisjon.no\/rogaland\/author\/jeanett\/"}]}},"_links":{"self":[{"href":"https:\/\/www.normisjon.no\/rogaland\/wp-json\/wp\/v2\/posts\/7443","targetHints":{"allow":["GET"]}}],"collection":[{"href":"https:\/\/www.normisjon.no\/rogaland\/wp-json\/wp\/v2\/posts"}],"about":[{"href":"https:\/\/www.normisjon.no\/rogaland\/wp-json\/wp\/v2\/types\/post"}],"author":[{"embeddable":true,"href":"https:\/\/www.normisjon.no\/rogaland\/wp-json\/wp\/v2\/users\/21"}],"replies":[{"embeddable":true,"href":"https:\/\/www.normisjon.no\/rogaland\/wp-json\/wp\/v2\/comments?post=7443"}],"version-history":[{"count":1,"href":"https:\/\/www.normisjon.no\/rogaland\/wp-json\/wp\/v2\/posts\/7443\/revisions"}],"predecessor-version":[{"id":7445,"href":"https:\/\/www.normisjon.no\/rogaland\/wp-json\/wp\/v2\/posts\/7443\/revisions\/7445"}],"wp:featuredmedia":[{"embeddable":true,"href":"https:\/\/www.normisjon.no\/rogaland\/wp-json\/wp\/v2\/media\/7444"}],"wp:attachment":[{"href":"https:\/\/www.normisjon.no\/rogaland\/wp-json\/wp\/v2\/media?parent=7443"}],"wp:term":[{"taxonomy":"category","embeddable":true,"href":"https:\/\/www.normisjon.no\/rogaland\/wp-json\/wp\/v2\/categories?post=7443"},{"taxonomy":"post_tag","embeddable":true,"href":"https:\/\/www.normisjon.no\/rogaland\/wp-json\/wp\/v2\/tags?post=7443"}],"curies":[{"name":"wp","href":"https:\/\/api.w.org\/{rel}","templated":true}]}}