{"id":7743,"date":"2026-03-11T13:54:27","date_gmt":"2026-03-11T12:54:27","guid":{"rendered":"https:\/\/www.normisjon.no\/rogaland\/?p=7743"},"modified":"2026-03-11T13:54:27","modified_gmt":"2026-03-11T12:54:27","slug":"tre-glimt-fra-leirstedene-vare","status":"publish","type":"post","link":"https:\/\/www.normisjon.no\/rogaland\/2026\/03\/11\/tre-glimt-fra-leirstedene-vare\/","title":{"rendered":"Tre glimt fra leirstedene v\u00e5re"},"content":{"rendered":"<div class=\"entry-content alignfull wp-block-post-content has-global-padding is-layout-constrained wp-block-post-content-is-layout-constrained\">\n<p>Det skjer mye spennende p\u00e5 leirstedene v\u00e5re for tiden. Her er tre sm\u00e5 glimt fra hverdagen p\u00e5 Stemnestaden, Horve og Vaulali.<\/p>\n\n\n\n<figure class=\"wp-block-image size-large\"><img loading=\"lazy\" decoding=\"async\" width=\"1024\" height=\"683\" src=\"https:\/\/www.normisjon.no\/content\/uploads\/sites\/18\/2026\/03\/sak-3-bilde-stemnestaden-1024x683.jpg\" alt=\"\" class=\"wp-image-7745\" srcset=\"https:\/\/www.normisjon.no\/content\/uploads\/sites\/18\/2026\/03\/sak-3-bilde-stemnestaden-1024x683.jpg 1024w, https:\/\/www.normisjon.no\/content\/uploads\/sites\/18\/2026\/03\/sak-3-bilde-stemnestaden-300x200.jpg 300w, https:\/\/www.normisjon.no\/content\/uploads\/sites\/18\/2026\/03\/sak-3-bilde-stemnestaden-768x512.jpg 768w, https:\/\/www.normisjon.no\/content\/uploads\/sites\/18\/2026\/03\/sak-3-bilde-stemnestaden-1536x1024.jpg 1536w, https:\/\/www.normisjon.no\/content\/uploads\/sites\/18\/2026\/03\/sak-3-bilde-stemnestaden-1920x1280.jpg 1920w, https:\/\/www.normisjon.no\/content\/uploads\/sites\/18\/2026\/03\/sak-3-bilde-stemnestaden-1360x906.jpg 1360w, https:\/\/www.normisjon.no\/content\/uploads\/sites\/18\/2026\/03\/sak-3-bilde-stemnestaden-960x640.jpg 960w, https:\/\/www.normisjon.no\/content\/uploads\/sites\/18\/2026\/03\/sak-3-bilde-stemnestaden.jpg 2048w\" sizes=\"auto, (max-width: 1024px) 100vw, 1024px\" \/><\/figure>\n\n\n\n<p><strong>Stemnestaden \u2013 80 \u00e5r og giverkampanje<\/strong><\/p>\n\n\n\n<p>I anledning 80-\u00e5rsjubileet p\u00e5 Stemnestaden har vi startet en giverkampanje for leirstedet. <a href=\"https:\/\/www.normisjon.no\/content\/uploads\/sites\/18\/2026\/03\/Givertjeneste-Stemnestaden-med-link.pdf-A4.pdf\">M\u00e5let er \u00e5 f\u00e5 80 nye givere i l\u00f8pet av jubileums\u00e5ret.<\/a><\/p>\n\n\n\n<p>Vi er godt i gang og gleder oss over at 13 nye givere allerede har meldt seg per 1. mars. Gjennom \u00e5ret vil vi ogs\u00e5 dele historier i sosiale medier fra mennesker som bruker leirstedet v\u00e5rt. Har du en historie du vil dele, vil vi gjerne h\u00f8re fra deg!<\/p>\n\n\n\n<p>En sterk givertjeneste gir forutsigbarhet i \u00f8konomien, og sammen kan vi l\u00f8fte Stemnestaden videre inn i de neste 80 \u00e5rene. Vil du v\u00e6re med p\u00e5 laget?<\/p>\n\n\n\n<figure class=\"wp-block-image size-large\"><img loading=\"lazy\" decoding=\"async\" width=\"1024\" height=\"576\" src=\"https:\/\/www.normisjon.no\/content\/uploads\/sites\/18\/2026\/03\/sak-3-bilde-bonnerommet-pa-Horve-1024x576.jpg\" alt=\"\" class=\"wp-image-7746\" srcset=\"https:\/\/www.normisjon.no\/content\/uploads\/sites\/18\/2026\/03\/sak-3-bilde-bonnerommet-pa-Horve-1024x576.jpg 1024w, https:\/\/www.normisjon.no\/content\/uploads\/sites\/18\/2026\/03\/sak-3-bilde-bonnerommet-pa-Horve-300x169.jpg 300w, https:\/\/www.normisjon.no\/content\/uploads\/sites\/18\/2026\/03\/sak-3-bilde-bonnerommet-pa-Horve-768x432.jpg 768w, https:\/\/www.normisjon.no\/content\/uploads\/sites\/18\/2026\/03\/sak-3-bilde-bonnerommet-pa-Horve-1536x864.jpg 1536w, https:\/\/www.normisjon.no\/content\/uploads\/sites\/18\/2026\/03\/sak-3-bilde-bonnerommet-pa-Horve-1360x765.jpg 1360w, https:\/\/www.normisjon.no\/content\/uploads\/sites\/18\/2026\/03\/sak-3-bilde-bonnerommet-pa-Horve-960x540.jpg 960w, https:\/\/www.normisjon.no\/content\/uploads\/sites\/18\/2026\/03\/sak-3-bilde-bonnerommet-pa-Horve.jpg 1920w\" sizes=\"auto, (max-width: 1024px) 100vw, 1024px\" \/><\/figure>\n\n\n\n<p><strong>Horve \u2013 Hele Norge ber<\/strong><\/p>\n\n\n\n<p>16. mars er Horve en av mange steder i landet som er med p\u00e5 <em>Hele Norge ber 2026<\/em>. Gjennom hele \u00e5ret g\u00e5r en b\u00f8nnestafett p\u00e5 kryss og tvers av landet i menigheter og fellesskap.<\/p>\n\n\n\n<p>P\u00e5 Horve kan du bli med p\u00e5 en eller flere b\u00f8nnevakter, hver vakt varer i \u00e9n time. Det blir ogs\u00e5 en ledet b\u00f8nnevandring langs b\u00f8nnestien.<\/p>\n\n\n\n<p>For deg som \u00f8nsker en b\u00f8nnevakt p\u00e5 natten, vil det v\u00e6re mulig \u00e5 l\u00e5ne seng f\u00f8r eller etter vakten. Det blir ogs\u00e5 anledning til \u00e5 bestille lunsj midt p\u00e5 dagen.<\/p>\n\n\n\n<p>For <a href=\"https:\/\/www.normisjon.no\/rogaland\/2026\/02\/06\/hele-norge-ber-2026-pa-horve\/\">mer informasjon<\/a> og p\u00e5melding:<br>Kontakt Aud Vihovde Hoftun<br>Tlf: 995 13 970<br>E-post: <a href=\"mailto:audvhoft@gmail.com\" target=\"_blank\" rel=\"noreferrer noopener\">audvhoft@gmail.com<\/a><\/p>\n\n\n\n<figure class=\"wp-block-image size-large\"><img loading=\"lazy\" decoding=\"async\" width=\"1024\" height=\"768\" src=\"https:\/\/www.normisjon.no\/content\/uploads\/sites\/18\/2026\/03\/sak-3-bilde-Tarzan-loypa-pa-Vaulali-1024x768.jpg\" alt=\"\" class=\"wp-image-7747\" srcset=\"https:\/\/www.normisjon.no\/content\/uploads\/sites\/18\/2026\/03\/sak-3-bilde-Tarzan-loypa-pa-Vaulali-1024x768.jpg 1024w, https:\/\/www.normisjon.no\/content\/uploads\/sites\/18\/2026\/03\/sak-3-bilde-Tarzan-loypa-pa-Vaulali-300x225.jpg 300w, https:\/\/www.normisjon.no\/content\/uploads\/sites\/18\/2026\/03\/sak-3-bilde-Tarzan-loypa-pa-Vaulali-768x576.jpg 768w, https:\/\/www.normisjon.no\/content\/uploads\/sites\/18\/2026\/03\/sak-3-bilde-Tarzan-loypa-pa-Vaulali-1536x1152.jpg 1536w, https:\/\/www.normisjon.no\/content\/uploads\/sites\/18\/2026\/03\/sak-3-bilde-Tarzan-loypa-pa-Vaulali-1360x1020.jpg 1360w, https:\/\/www.normisjon.no\/content\/uploads\/sites\/18\/2026\/03\/sak-3-bilde-Tarzan-loypa-pa-Vaulali-960x720.jpg 960w, https:\/\/www.normisjon.no\/content\/uploads\/sites\/18\/2026\/03\/sak-3-bilde-Tarzan-loypa-pa-Vaulali.jpg 1920w\" sizes=\"auto, (max-width: 1024px) 100vw, 1024px\" \/><\/figure>\n\n\n\n<p><strong>Vaulali \u2013 ny klatrel\u00f8ype i skogen<\/strong><\/p>\n\n\n\n<p>P\u00e5 Vaulali skjer det ogs\u00e5 noe nytt: I disse dager bygges en klatrel\u00f8ype mellom lerketr\u00e6rne i skogen ved internatet.<\/p>\n\n\n\n<p>Prosjektet er mulig takket v\u00e6re st\u00f8tte fra Leirklubben, kommunen og en lokal bedrift, noe vi er sv\u00e6rt takknemlige for.<\/p>\n\n\n\n<p>L\u00f8ypa bygges for alle aldre og vil v\u00e6re \u00e5pen for alle. Den blir rundt 80\u201390 meter lang og g\u00e5r maks \u00e9n meter over bakken. Her blir det morsomme og utfordrende hinder med balanse, klatring og zip-line.<\/p>\n\n\n\n<p>Vi gleder oss allerede til \u00e5 se sm\u00e5 og store svinge seg mellom tr\u00e6rne, mens Tarzan-ropene runger i skogen!<\/p>\n\n\n\n<p>I videoen under kan du bli med ut i skogen p\u00e5 Vaulali. Daglig leder Andreas Frantzen viser omr\u00e5det der den nye klatrel\u00f8ypa n\u00e5 bygges mellom tr\u00e6rne, og forteller litt om planene for l\u00f8ypa.<\/p>\n\n\n\n<p>Ta en titt:<\/p>\n\n\n\n<figure class=\"wp-block-embed is-type-video is-provider-vimeo wp-block-embed-vimeo wp-embed-aspect-9-16 wp-has-aspect-ratio\"><div class=\"wp-block-embed__wrapper\">\n<iframe loading=\"lazy\" title=\"Tarzanl\u00f8ype Vaulali\" src=\"https:\/\/player.vimeo.com\/video\/1172529977?dnt=1&amp;app_id=122963\" width=\"422\" height=\"750\" frameborder=\"0\" allow=\"autoplay; fullscreen; picture-in-picture; clipboard-write; encrypted-media; web-share\" referrerpolicy=\"strict-origin-when-cross-origin\"><\/iframe>\n<\/div><\/figure>\n<\/div>","protected":false},"excerpt":{"rendered":"<p>Det skjer mye spennende p\u00e5 leirstedene v\u00e5re for tiden. Her er tre sm\u00e5 glimt fra hverdagen p\u00e5 Stemnestaden, Horve og Vaulali. Stemnestaden \u2013 80 \u00e5r [&hellip;]<\/p>\n","protected":false},"author":21,"featured_media":7745,"comment_status":"closed","ping_status":"closed","sticky":false,"template":"","format":"standard","meta":{"_acf_changed":false,"footnotes":""},"categories":[21,59],"tags":[],"class_list":["post-7743","post","type-post","status-publish","format-standard","has-post-thumbnail","hentry","category-nyheter","category-nyhetsbrev"],"acf":[],"yoast_head":"<!-- This site is optimized with the Yoast SEO plugin v25.9 - https:\/\/yoast.com\/wordpress\/plugins\/seo\/ -->\n<title>Tre glimt fra leirstedene v\u00e5re - Region Rogaland<\/title>\n<meta name=\"robots\" content=\"index, follow, max-snippet:-1, max-image-preview:large, max-video-preview:-1\" \/>\n<link rel=\"canonical\" href=\"https:\/\/www.normisjon.no\/rogaland\/2026\/03\/11\/tre-glimt-fra-leirstedene-vare\/\" \/>\n<meta property=\"og:locale\" content=\"nb_NO\" \/>\n<meta property=\"og:type\" content=\"article\" \/>\n<meta property=\"og:title\" content=\"Tre glimt fra leirstedene v\u00e5re - Region Rogaland\" \/>\n<meta property=\"og:description\" content=\"Det skjer mye spennende p\u00e5 leirstedene v\u00e5re for tiden. Her er tre sm\u00e5 glimt fra hverdagen p\u00e5 Stemnestaden, Horve og Vaulali. Stemnestaden \u2013 80 \u00e5r [&hellip;]\" \/>\n<meta property=\"og:url\" content=\"https:\/\/www.normisjon.no\/rogaland\/2026\/03\/11\/tre-glimt-fra-leirstedene-vare\/\" \/>\n<meta property=\"og:site_name\" content=\"Region Rogaland\" \/>\n<meta property=\"article:published_time\" content=\"2026-03-11T12:54:27+00:00\" \/>\n<meta property=\"og:image\" content=\"https:\/\/www.normisjon.no\/content\/uploads\/sites\/18\/2026\/03\/sak-3-bilde-stemnestaden.jpg\" \/>\n\t<meta property=\"og:image:width\" content=\"2048\" \/>\n\t<meta property=\"og:image:height\" content=\"1365\" \/>\n\t<meta property=\"og:image:type\" content=\"image\/jpeg\" \/>\n<meta name=\"author\" content=\"jeanett\" \/>\n<meta name=\"twitter:card\" content=\"summary_large_image\" \/>\n<meta name=\"twitter:label1\" content=\"Skrevet av\" \/>\n\t<meta name=\"twitter:data1\" content=\"jeanett\" \/>\n\t<meta name=\"twitter:label2\" content=\"Ansl. lesetid\" \/>\n\t<meta name=\"twitter:data2\" content=\"3 minutter\" \/>\n<script type=\"application\/ld+json\" class=\"yoast-schema-graph\">{\"@context\":\"https:\/\/schema.org\",\"@graph\":[{\"@type\":\"WebPage\",\"@id\":\"https:\/\/www.normisjon.no\/rogaland\/2026\/03\/11\/tre-glimt-fra-leirstedene-vare\/\",\"url\":\"https:\/\/www.normisjon.no\/rogaland\/2026\/03\/11\/tre-glimt-fra-leirstedene-vare\/\",\"name\":\"Tre glimt fra leirstedene v\u00e5re - Region Rogaland\",\"isPartOf\":{\"@id\":\"https:\/\/www.normisjon.no\/rogaland\/#website\"},\"primaryImageOfPage\":{\"@id\":\"https:\/\/www.normisjon.no\/rogaland\/2026\/03\/11\/tre-glimt-fra-leirstedene-vare\/#primaryimage\"},\"image\":{\"@id\":\"https:\/\/www.normisjon.no\/rogaland\/2026\/03\/11\/tre-glimt-fra-leirstedene-vare\/#primaryimage\"},\"thumbnailUrl\":\"https:\/\/www.normisjon.no\/content\/uploads\/sites\/18\/2026\/03\/sak-3-bilde-stemnestaden.jpg\",\"datePublished\":\"2026-03-11T12:54:27+00:00\",\"author\":{\"@id\":\"https:\/\/www.normisjon.no\/rogaland\/#\/schema\/person\/3b44448037977b40922be844c036cebb\"},\"breadcrumb\":{\"@id\":\"https:\/\/www.normisjon.no\/rogaland\/2026\/03\/11\/tre-glimt-fra-leirstedene-vare\/#breadcrumb\"},\"inLanguage\":\"nb-NO\",\"potentialAction\":[{\"@type\":\"ReadAction\",\"target\":[\"https:\/\/www.normisjon.no\/rogaland\/2026\/03\/11\/tre-glimt-fra-leirstedene-vare\/\"]}]},{\"@type\":\"ImageObject\",\"inLanguage\":\"nb-NO\",\"@id\":\"https:\/\/www.normisjon.no\/rogaland\/2026\/03\/11\/tre-glimt-fra-leirstedene-vare\/#primaryimage\",\"url\":\"https:\/\/www.normisjon.no\/content\/uploads\/sites\/18\/2026\/03\/sak-3-bilde-stemnestaden.jpg\",\"contentUrl\":\"https:\/\/www.normisjon.no\/content\/uploads\/sites\/18\/2026\/03\/sak-3-bilde-stemnestaden.jpg\",\"width\":2048,\"height\":1365},{\"@type\":\"BreadcrumbList\",\"@id\":\"https:\/\/www.normisjon.no\/rogaland\/2026\/03\/11\/tre-glimt-fra-leirstedene-vare\/#breadcrumb\",\"itemListElement\":[{\"@type\":\"ListItem\",\"position\":1,\"name\":\"Home\",\"item\":\"https:\/\/www.normisjon.no\/rogaland\/\"},{\"@type\":\"ListItem\",\"position\":2,\"name\":\"Tre glimt fra leirstedene v\u00e5re\"}]},{\"@type\":\"WebSite\",\"@id\":\"https:\/\/www.normisjon.no\/rogaland\/#website\",\"url\":\"https:\/\/www.normisjon.no\/rogaland\/\",\"name\":\"Region Rogaland\",\"description\":\"\",\"potentialAction\":[{\"@type\":\"SearchAction\",\"target\":{\"@type\":\"EntryPoint\",\"urlTemplate\":\"https:\/\/www.normisjon.no\/rogaland\/?s={search_term_string}\"},\"query-input\":{\"@type\":\"PropertyValueSpecification\",\"valueRequired\":true,\"valueName\":\"search_term_string\"}}],\"inLanguage\":\"nb-NO\"},{\"@type\":\"Person\",\"@id\":\"https:\/\/www.normisjon.no\/rogaland\/#\/schema\/person\/3b44448037977b40922be844c036cebb\",\"name\":\"jeanett\",\"image\":{\"@type\":\"ImageObject\",\"inLanguage\":\"nb-NO\",\"@id\":\"https:\/\/www.normisjon.no\/rogaland\/#\/schema\/person\/image\/\",\"url\":\"https:\/\/secure.gravatar.com\/avatar\/00c93f9927022c522529cfefd447e362b60291bf55ac3107e12c077a8b459e43?s=96&d=mm&r=g\",\"contentUrl\":\"https:\/\/secure.gravatar.com\/avatar\/00c93f9927022c522529cfefd447e362b60291bf55ac3107e12c077a8b459e43?s=96&d=mm&r=g\",\"caption\":\"jeanett\"},\"url\":\"https:\/\/www.normisjon.no\/rogaland\/author\/jeanett\/\"}]}<\/script>\n<!-- \/ Yoast SEO plugin. -->","yoast_head_json":{"title":"Tre glimt fra leirstedene v\u00e5re - Region Rogaland","robots":{"index":"index","follow":"follow","max-snippet":"max-snippet:-1","max-image-preview":"max-image-preview:large","max-video-preview":"max-video-preview:-1"},"canonical":"https:\/\/www.normisjon.no\/rogaland\/2026\/03\/11\/tre-glimt-fra-leirstedene-vare\/","og_locale":"nb_NO","og_type":"article","og_title":"Tre glimt fra leirstedene v\u00e5re - Region Rogaland","og_description":"Det skjer mye spennende p\u00e5 leirstedene v\u00e5re for tiden. Her er tre sm\u00e5 glimt fra hverdagen p\u00e5 Stemnestaden, Horve og Vaulali. Stemnestaden \u2013 80 \u00e5r [&hellip;]","og_url":"https:\/\/www.normisjon.no\/rogaland\/2026\/03\/11\/tre-glimt-fra-leirstedene-vare\/","og_site_name":"Region Rogaland","article_published_time":"2026-03-11T12:54:27+00:00","og_image":[{"width":2048,"height":1365,"url":"https:\/\/www.normisjon.no\/content\/uploads\/sites\/18\/2026\/03\/sak-3-bilde-stemnestaden.jpg","type":"image\/jpeg"}],"author":"jeanett","twitter_card":"summary_large_image","twitter_misc":{"Skrevet av":"jeanett","Ansl. lesetid":"3 minutter"},"schema":{"@context":"https:\/\/schema.org","@graph":[{"@type":"WebPage","@id":"https:\/\/www.normisjon.no\/rogaland\/2026\/03\/11\/tre-glimt-fra-leirstedene-vare\/","url":"https:\/\/www.normisjon.no\/rogaland\/2026\/03\/11\/tre-glimt-fra-leirstedene-vare\/","name":"Tre glimt fra leirstedene v\u00e5re - Region Rogaland","isPartOf":{"@id":"https:\/\/www.normisjon.no\/rogaland\/#website"},"primaryImageOfPage":{"@id":"https:\/\/www.normisjon.no\/rogaland\/2026\/03\/11\/tre-glimt-fra-leirstedene-vare\/#primaryimage"},"image":{"@id":"https:\/\/www.normisjon.no\/rogaland\/2026\/03\/11\/tre-glimt-fra-leirstedene-vare\/#primaryimage"},"thumbnailUrl":"https:\/\/www.normisjon.no\/content\/uploads\/sites\/18\/2026\/03\/sak-3-bilde-stemnestaden.jpg","datePublished":"2026-03-11T12:54:27+00:00","author":{"@id":"https:\/\/www.normisjon.no\/rogaland\/#\/schema\/person\/3b44448037977b40922be844c036cebb"},"breadcrumb":{"@id":"https:\/\/www.normisjon.no\/rogaland\/2026\/03\/11\/tre-glimt-fra-leirstedene-vare\/#breadcrumb"},"inLanguage":"nb-NO","potentialAction":[{"@type":"ReadAction","target":["https:\/\/www.normisjon.no\/rogaland\/2026\/03\/11\/tre-glimt-fra-leirstedene-vare\/"]}]},{"@type":"ImageObject","inLanguage":"nb-NO","@id":"https:\/\/www.normisjon.no\/rogaland\/2026\/03\/11\/tre-glimt-fra-leirstedene-vare\/#primaryimage","url":"https:\/\/www.normisjon.no\/content\/uploads\/sites\/18\/2026\/03\/sak-3-bilde-stemnestaden.jpg","contentUrl":"https:\/\/www.normisjon.no\/content\/uploads\/sites\/18\/2026\/03\/sak-3-bilde-stemnestaden.jpg","width":2048,"height":1365},{"@type":"BreadcrumbList","@id":"https:\/\/www.normisjon.no\/rogaland\/2026\/03\/11\/tre-glimt-fra-leirstedene-vare\/#breadcrumb","itemListElement":[{"@type":"ListItem","position":1,"name":"Home","item":"https:\/\/www.normisjon.no\/rogaland\/"},{"@type":"ListItem","position":2,"name":"Tre glimt fra leirstedene v\u00e5re"}]},{"@type":"WebSite","@id":"https:\/\/www.normisjon.no\/rogaland\/#website","url":"https:\/\/www.normisjon.no\/rogaland\/","name":"Region Rogaland","description":"","potentialAction":[{"@type":"SearchAction","target":{"@type":"EntryPoint","urlTemplate":"https:\/\/www.normisjon.no\/rogaland\/?s={search_term_string}"},"query-input":{"@type":"PropertyValueSpecification","valueRequired":true,"valueName":"search_term_string"}}],"inLanguage":"nb-NO"},{"@type":"Person","@id":"https:\/\/www.normisjon.no\/rogaland\/#\/schema\/person\/3b44448037977b40922be844c036cebb","name":"jeanett","image":{"@type":"ImageObject","inLanguage":"nb-NO","@id":"https:\/\/www.normisjon.no\/rogaland\/#\/schema\/person\/image\/","url":"https:\/\/secure.gravatar.com\/avatar\/00c93f9927022c522529cfefd447e362b60291bf55ac3107e12c077a8b459e43?s=96&d=mm&r=g","contentUrl":"https:\/\/secure.gravatar.com\/avatar\/00c93f9927022c522529cfefd447e362b60291bf55ac3107e12c077a8b459e43?s=96&d=mm&r=g","caption":"jeanett"},"url":"https:\/\/www.normisjon.no\/rogaland\/author\/jeanett\/"}]}},"_links":{"self":[{"href":"https:\/\/www.normisjon.no\/rogaland\/wp-json\/wp\/v2\/posts\/7743","targetHints":{"allow":["GET"]}}],"collection":[{"href":"https:\/\/www.normisjon.no\/rogaland\/wp-json\/wp\/v2\/posts"}],"about":[{"href":"https:\/\/www.normisjon.no\/rogaland\/wp-json\/wp\/v2\/types\/post"}],"author":[{"embeddable":true,"href":"https:\/\/www.normisjon.no\/rogaland\/wp-json\/wp\/v2\/users\/21"}],"replies":[{"embeddable":true,"href":"https:\/\/www.normisjon.no\/rogaland\/wp-json\/wp\/v2\/comments?post=7743"}],"version-history":[{"count":1,"href":"https:\/\/www.normisjon.no\/rogaland\/wp-json\/wp\/v2\/posts\/7743\/revisions"}],"predecessor-version":[{"id":7749,"href":"https:\/\/www.normisjon.no\/rogaland\/wp-json\/wp\/v2\/posts\/7743\/revisions\/7749"}],"wp:featuredmedia":[{"embeddable":true,"href":"https:\/\/www.normisjon.no\/rogaland\/wp-json\/wp\/v2\/media\/7745"}],"wp:attachment":[{"href":"https:\/\/www.normisjon.no\/rogaland\/wp-json\/wp\/v2\/media?parent=7743"}],"wp:term":[{"taxonomy":"category","embeddable":true,"href":"https:\/\/www.normisjon.no\/rogaland\/wp-json\/wp\/v2\/categories?post=7743"},{"taxonomy":"post_tag","embeddable":true,"href":"https:\/\/www.normisjon.no\/rogaland\/wp-json\/wp\/v2\/tags?post=7743"}],"curies":[{"name":"wp","href":"https:\/\/api.w.org\/{rel}","templated":true}]}}