{"id":3435,"date":"2025-01-22T21:16:51","date_gmt":"2025-01-22T20:16:51","guid":{"rendered":"https:\/\/www.normisjon.no\/sof\/?p=3435"},"modified":"2025-01-22T21:16:52","modified_gmt":"2025-01-22T20:16:52","slug":"vikar-for-daglig-leder-pa-fjordly","status":"publish","type":"post","link":"https:\/\/www.normisjon.no\/sof\/2025\/01\/22\/vikar-for-daglig-leder-pa-fjordly\/","title":{"rendered":"Vikar for daglig leder p\u00e5 Fjordly"},"content":{"rendered":"<div class=\"entry-content alignfull wp-block-post-content has-global-padding is-layout-constrained wp-block-post-content-is-layout-constrained\">\n<p>Vi \u00f8nsker ogs\u00e5 velkommen igjen til Ove Aksnes som er ansatt i 50 % som vikar for daglig leder p\u00e5 Fjordly, mens daglig leder er sykemeldt.<\/p>\n\n\n\n<p>Han er erfaren i jobben, som han hadde i full stilling fra 2011 til 2014.<\/p>\n\n\n\n<p>Han har de siste \u00e5rene v\u00e6rt vikarprest i Volda.<\/p>\n\n\n\n<p>Han begynte i stillingen 17.01.2025<\/p>\n\n\n\n<p><\/p>\n\n\n\n<p>J\u00f8rn Naustdal Ilje<\/p>\n\n\n\n<p>Fungerende regionleder Sogn og Fjordane<\/p>\n<\/div>","protected":false},"excerpt":{"rendered":"<p>Vi \u00f8nsker ogs\u00e5 velkommen igjen til Ove Aksnes som er ansatt i 50 % som vikar for daglig leder p\u00e5 Fjordly, mens daglig leder er [&hellip;]<\/p>\n","protected":false},"author":134,"featured_media":0,"comment_status":"closed","ping_status":"closed","sticky":false,"template":"","format":"standard","meta":{"_acf_changed":false,"footnotes":""},"categories":[4],"tags":[],"class_list":["post-3435","post","type-post","status-publish","format-standard","hentry","category-kva-skjer"],"acf":[],"yoast_head":"<!-- This site is optimized with the Yoast SEO plugin v25.9 - https:\/\/yoast.com\/wordpress\/plugins\/seo\/ -->\n<title>Vikar for daglig leder p\u00e5 Fjordly - Region Sogn og Fjordane<\/title>\n<meta name=\"robots\" content=\"index, follow, max-snippet:-1, max-image-preview:large, max-video-preview:-1\" \/>\n<link rel=\"canonical\" href=\"https:\/\/www.normisjon.no\/sof\/2025\/01\/22\/vikar-for-daglig-leder-pa-fjordly\/\" \/>\n<meta property=\"og:locale\" content=\"nb_NO\" \/>\n<meta property=\"og:type\" content=\"article\" \/>\n<meta property=\"og:title\" content=\"Vikar for daglig leder p\u00e5 Fjordly - Region Sogn og Fjordane\" \/>\n<meta property=\"og:description\" content=\"Vi \u00f8nsker ogs\u00e5 velkommen igjen til Ove Aksnes som er ansatt i 50 % som vikar for daglig leder p\u00e5 Fjordly, mens daglig leder er [&hellip;]\" \/>\n<meta property=\"og:url\" content=\"https:\/\/www.normisjon.no\/sof\/2025\/01\/22\/vikar-for-daglig-leder-pa-fjordly\/\" \/>\n<meta property=\"og:site_name\" content=\"Region Sogn og Fjordane\" \/>\n<meta property=\"article:published_time\" content=\"2025-01-22T20:16:51+00:00\" \/>\n<meta property=\"article:modified_time\" content=\"2025-01-22T20:16:52+00:00\" \/>\n<meta name=\"author\" content=\"styreleiar\" \/>\n<meta name=\"twitter:card\" content=\"summary_large_image\" \/>\n<meta name=\"twitter:label1\" content=\"Skrevet av\" \/>\n\t<meta name=\"twitter:data1\" content=\"styreleiar\" \/>\n\t<meta name=\"twitter:label2\" content=\"Ansl. lesetid\" \/>\n\t<meta name=\"twitter:data2\" content=\"1 minutt\" \/>\n<script type=\"application\/ld+json\" class=\"yoast-schema-graph\">{\"@context\":\"https:\/\/schema.org\",\"@graph\":[{\"@type\":\"WebPage\",\"@id\":\"https:\/\/www.normisjon.no\/sof\/2025\/01\/22\/vikar-for-daglig-leder-pa-fjordly\/\",\"url\":\"https:\/\/www.normisjon.no\/sof\/2025\/01\/22\/vikar-for-daglig-leder-pa-fjordly\/\",\"name\":\"Vikar for daglig leder p\u00e5 Fjordly - Region Sogn og Fjordane\",\"isPartOf\":{\"@id\":\"https:\/\/www.normisjon.no\/sof\/#website\"},\"datePublished\":\"2025-01-22T20:16:51+00:00\",\"dateModified\":\"2025-01-22T20:16:52+00:00\",\"author\":{\"@id\":\"https:\/\/www.normisjon.no\/sof\/#\/schema\/person\/270525a0f8e8dce8bd88b710fd3f53b3\"},\"breadcrumb\":{\"@id\":\"https:\/\/www.normisjon.no\/sof\/2025\/01\/22\/vikar-for-daglig-leder-pa-fjordly\/#breadcrumb\"},\"inLanguage\":\"nb-NO\",\"potentialAction\":[{\"@type\":\"ReadAction\",\"target\":[\"https:\/\/www.normisjon.no\/sof\/2025\/01\/22\/vikar-for-daglig-leder-pa-fjordly\/\"]}]},{\"@type\":\"BreadcrumbList\",\"@id\":\"https:\/\/www.normisjon.no\/sof\/2025\/01\/22\/vikar-for-daglig-leder-pa-fjordly\/#breadcrumb\",\"itemListElement\":[{\"@type\":\"ListItem\",\"position\":1,\"name\":\"Home\",\"item\":\"https:\/\/www.normisjon.no\/sof\/\"},{\"@type\":\"ListItem\",\"position\":2,\"name\":\"Vikar for daglig leder p\u00e5 Fjordly\"}]},{\"@type\":\"WebSite\",\"@id\":\"https:\/\/www.normisjon.no\/sof\/#website\",\"url\":\"https:\/\/www.normisjon.no\/sof\/\",\"name\":\"Region Sogn og Fjordane\",\"description\":\"\",\"potentialAction\":[{\"@type\":\"SearchAction\",\"target\":{\"@type\":\"EntryPoint\",\"urlTemplate\":\"https:\/\/www.normisjon.no\/sof\/?s={search_term_string}\"},\"query-input\":{\"@type\":\"PropertyValueSpecification\",\"valueRequired\":true,\"valueName\":\"search_term_string\"}}],\"inLanguage\":\"nb-NO\"},{\"@type\":\"Person\",\"@id\":\"https:\/\/www.normisjon.no\/sof\/#\/schema\/person\/270525a0f8e8dce8bd88b710fd3f53b3\",\"name\":\"styreleiar\",\"image\":{\"@type\":\"ImageObject\",\"inLanguage\":\"nb-NO\",\"@id\":\"https:\/\/www.normisjon.no\/sof\/#\/schema\/person\/image\/\",\"url\":\"https:\/\/secure.gravatar.com\/avatar\/487f06b721a4cadf9f8ce9231245aa459262e9292f1e305581972efee46265f3?s=96&d=mm&r=g\",\"contentUrl\":\"https:\/\/secure.gravatar.com\/avatar\/487f06b721a4cadf9f8ce9231245aa459262e9292f1e305581972efee46265f3?s=96&d=mm&r=g\",\"caption\":\"styreleiar\"},\"url\":\"https:\/\/www.normisjon.no\/sof\/author\/styreleiar\/\"}]}<\/script>\n<!-- \/ Yoast SEO plugin. -->","yoast_head_json":{"title":"Vikar for daglig leder p\u00e5 Fjordly - Region Sogn og Fjordane","robots":{"index":"index","follow":"follow","max-snippet":"max-snippet:-1","max-image-preview":"max-image-preview:large","max-video-preview":"max-video-preview:-1"},"canonical":"https:\/\/www.normisjon.no\/sof\/2025\/01\/22\/vikar-for-daglig-leder-pa-fjordly\/","og_locale":"nb_NO","og_type":"article","og_title":"Vikar for daglig leder p\u00e5 Fjordly - Region Sogn og Fjordane","og_description":"Vi \u00f8nsker ogs\u00e5 velkommen igjen til Ove Aksnes som er ansatt i 50 % som vikar for daglig leder p\u00e5 Fjordly, mens daglig leder er [&hellip;]","og_url":"https:\/\/www.normisjon.no\/sof\/2025\/01\/22\/vikar-for-daglig-leder-pa-fjordly\/","og_site_name":"Region Sogn og Fjordane","article_published_time":"2025-01-22T20:16:51+00:00","article_modified_time":"2025-01-22T20:16:52+00:00","author":"styreleiar","twitter_card":"summary_large_image","twitter_misc":{"Skrevet av":"styreleiar","Ansl. lesetid":"1 minutt"},"schema":{"@context":"https:\/\/schema.org","@graph":[{"@type":"WebPage","@id":"https:\/\/www.normisjon.no\/sof\/2025\/01\/22\/vikar-for-daglig-leder-pa-fjordly\/","url":"https:\/\/www.normisjon.no\/sof\/2025\/01\/22\/vikar-for-daglig-leder-pa-fjordly\/","name":"Vikar for daglig leder p\u00e5 Fjordly - Region Sogn og Fjordane","isPartOf":{"@id":"https:\/\/www.normisjon.no\/sof\/#website"},"datePublished":"2025-01-22T20:16:51+00:00","dateModified":"2025-01-22T20:16:52+00:00","author":{"@id":"https:\/\/www.normisjon.no\/sof\/#\/schema\/person\/270525a0f8e8dce8bd88b710fd3f53b3"},"breadcrumb":{"@id":"https:\/\/www.normisjon.no\/sof\/2025\/01\/22\/vikar-for-daglig-leder-pa-fjordly\/#breadcrumb"},"inLanguage":"nb-NO","potentialAction":[{"@type":"ReadAction","target":["https:\/\/www.normisjon.no\/sof\/2025\/01\/22\/vikar-for-daglig-leder-pa-fjordly\/"]}]},{"@type":"BreadcrumbList","@id":"https:\/\/www.normisjon.no\/sof\/2025\/01\/22\/vikar-for-daglig-leder-pa-fjordly\/#breadcrumb","itemListElement":[{"@type":"ListItem","position":1,"name":"Home","item":"https:\/\/www.normisjon.no\/sof\/"},{"@type":"ListItem","position":2,"name":"Vikar for daglig leder p\u00e5 Fjordly"}]},{"@type":"WebSite","@id":"https:\/\/www.normisjon.no\/sof\/#website","url":"https:\/\/www.normisjon.no\/sof\/","name":"Region Sogn og Fjordane","description":"","potentialAction":[{"@type":"SearchAction","target":{"@type":"EntryPoint","urlTemplate":"https:\/\/www.normisjon.no\/sof\/?s={search_term_string}"},"query-input":{"@type":"PropertyValueSpecification","valueRequired":true,"valueName":"search_term_string"}}],"inLanguage":"nb-NO"},{"@type":"Person","@id":"https:\/\/www.normisjon.no\/sof\/#\/schema\/person\/270525a0f8e8dce8bd88b710fd3f53b3","name":"styreleiar","image":{"@type":"ImageObject","inLanguage":"nb-NO","@id":"https:\/\/www.normisjon.no\/sof\/#\/schema\/person\/image\/","url":"https:\/\/secure.gravatar.com\/avatar\/487f06b721a4cadf9f8ce9231245aa459262e9292f1e305581972efee46265f3?s=96&d=mm&r=g","contentUrl":"https:\/\/secure.gravatar.com\/avatar\/487f06b721a4cadf9f8ce9231245aa459262e9292f1e305581972efee46265f3?s=96&d=mm&r=g","caption":"styreleiar"},"url":"https:\/\/www.normisjon.no\/sof\/author\/styreleiar\/"}]}},"_links":{"self":[{"href":"https:\/\/www.normisjon.no\/sof\/wp-json\/wp\/v2\/posts\/3435","targetHints":{"allow":["GET"]}}],"collection":[{"href":"https:\/\/www.normisjon.no\/sof\/wp-json\/wp\/v2\/posts"}],"about":[{"href":"https:\/\/www.normisjon.no\/sof\/wp-json\/wp\/v2\/types\/post"}],"author":[{"embeddable":true,"href":"https:\/\/www.normisjon.no\/sof\/wp-json\/wp\/v2\/users\/134"}],"replies":[{"embeddable":true,"href":"https:\/\/www.normisjon.no\/sof\/wp-json\/wp\/v2\/comments?post=3435"}],"version-history":[{"count":1,"href":"https:\/\/www.normisjon.no\/sof\/wp-json\/wp\/v2\/posts\/3435\/revisions"}],"predecessor-version":[{"id":3436,"href":"https:\/\/www.normisjon.no\/sof\/wp-json\/wp\/v2\/posts\/3435\/revisions\/3436"}],"wp:attachment":[{"href":"https:\/\/www.normisjon.no\/sof\/wp-json\/wp\/v2\/media?parent=3435"}],"wp:term":[{"taxonomy":"category","embeddable":true,"href":"https:\/\/www.normisjon.no\/sof\/wp-json\/wp\/v2\/categories?post=3435"},{"taxonomy":"post_tag","embeddable":true,"href":"https:\/\/www.normisjon.no\/sof\/wp-json\/wp\/v2\/tags?post=3435"}],"curies":[{"name":"wp","href":"https:\/\/api.w.org\/{rel}","templated":true}]}}