{"id":3445,"date":"2025-03-12T22:21:46","date_gmt":"2025-03-12T21:21:46","guid":{"rendered":"https:\/\/www.normisjon.no\/sof\/?p=3445"},"modified":"2025-03-26T21:06:27","modified_gmt":"2025-03-26T20:06:27","slug":"arsmote-for-acta-og-normisjon-29-mars-pa-nordfjord-folkehogskule","status":"publish","type":"post","link":"https:\/\/www.normisjon.no\/sof\/2025\/03\/12\/arsmote-for-acta-og-normisjon-29-mars-pa-nordfjord-folkehogskule\/","title":{"rendered":"\u00c5rsm\u00f8te for Acta og Normisjon 29.mars p\u00e5 Nordfjord Folkeh\u00f8gskule"},"content":{"rendered":"<div class=\"entry-content alignfull wp-block-post-content has-global-padding is-layout-constrained wp-block-post-content-is-layout-constrained\">\n<p><strong>Region\u00e5rsm\u00f8te p\u00e5 Nordfjord Folkeh\u00f8gskule, Vereide 29.3.2025, kl 11-16. (Registrering fr\u00e5 kl 10.15)<\/strong><\/p>\n\n\n\n<p><strong>P\u00e5melding: <a href=\"https:\/\/forms.office.com\/e\/jGyhvqHpsv\" target=\"_blank\" rel=\"noreferrer noopener\">P\u00e5meldingsskjema<\/a><\/strong> (P\u00e5meldingsfrist 26.3)<\/p>\n\n\n\n<p><strong>\u00c5rsm\u00f8tepapirer: <a href=\"https:\/\/www.normisjon.no\/sof\/2025\/03\/16\/arsrapport-og-arsrekneskap-til-arsmote-2025\/\" target=\"_blank\" rel=\"noreferrer noopener\">Rekneskap og \u00e5rsmelding<\/a><\/strong><\/p>\n\n\n\n<p>Med oss f\u00e5r vi Dag William Haugeto Stang som er innsamlingsleiar i Normisjon i Norge. Det vert lokale song- og musikk-krefter som bidreg.<br>Vi h\u00e5par dette vert ein dag til inspirasjon og oppmuntring.<br>\u00c5rsm\u00f8tepapira er lagde ut p\u00e5 heimesida.<br><\/p>\n\n\n\n<p>Vi gjer merksam p\u00e5 at \u00e5rsmeldingar og rekneskap ikkje vert opplesne i si heilheit p\u00e5 \u00e5rsm\u00f8tet. Vi bed alle utsendingar om \u00e5 lese desse p\u00e5 f\u00f8rehand og f\u00f8rebu eventuelle sp\u00f8rsm\u00e5l\/kommentarar. Ved oppm\u00f8te m\u00e5 ein gjere greie for kva foreining ein representerer.<\/p>\n\n\n\n<p><strong>Vi ber om at foreiningsleiarar og kontaktpersonar spreiar invitasjonen til sine medlemmer og aktuelle undergrupper i omr\u00e5det dykkar.<\/strong><br><\/p>\n\n\n\n<p>Der vert h\u00f8ve til \u00e5 bestille middag for 330 kr for vaksen. Har du sp\u00f8rsm\u00e5l til p\u00e5melding? Send epost til:<br><a href=\"mailto:styreleiar.sof@normisjon.no\">styreleiar.sof@normisjon.no<\/a> eller ring han p\u00e5 932 37 310.<br>Vel m\u00f8tt til alle!<\/p>\n\n\n\n<p><strong>Plan for \u00e5rsm\u00f8te:<br><\/strong>\u202210.15: Registrering og kaffi\/frukt<br>\u202211.00: Opningsm\u00f8te for liten og stor<br>   Andakt, lovsong og barnesongar<br>   Innlegg fr\u00e5 innsamlingsleder<br>   Dag William Haugeto Stang<br>\u202212.00 Samtale om arbeidet<br>\u202212:45: Middag og dessert\/kake<br>\u202213.45-15.45: Barneopplegg under \u00e5rsm\u00f8tet<br>\u202213.45: Actas \u00e5rsm\u00f8te<br>   Pause med kaffe og frukt<br>\u202214:30: Normisjons \u00e5rsm\u00f8te<br>Heimreise seinast 16.00<\/p>\n\n\n\n<p>Med helsing, for regionstyret<br>J\u00f8rn Naustdal Ilje, regionstyreleiar<\/p>\n<\/div>","protected":false},"excerpt":{"rendered":"<p>Region\u00e5rsm\u00f8te p\u00e5 Nordfjord Folkeh\u00f8gskule, Vereide 29.3.2025, kl 11-16. (Registrering fr\u00e5 kl 10.15) P\u00e5melding: P\u00e5meldingsskjema (P\u00e5meldingsfrist 26.3) \u00c5rsm\u00f8tepapirer: Rekneskap og \u00e5rsmelding Med oss f\u00e5r vi Dag [&hellip;]<\/p>\n","protected":false},"author":134,"featured_media":0,"comment_status":"closed","ping_status":"closed","sticky":false,"template":"","format":"standard","meta":{"_acf_changed":false,"footnotes":""},"categories":[7,4],"tags":[],"class_list":["post-3445","post","type-post","status-publish","format-standard","hentry","category-andakter","category-kva-skjer"],"acf":[],"yoast_head":"<!-- This site is optimized with the Yoast SEO plugin v25.9 - https:\/\/yoast.com\/wordpress\/plugins\/seo\/ -->\n<title>\u00c5rsm\u00f8te for Acta og Normisjon 29.mars p\u00e5 Nordfjord Folkeh\u00f8gskule - Region Sogn og Fjordane<\/title>\n<meta name=\"robots\" content=\"index, follow, max-snippet:-1, max-image-preview:large, max-video-preview:-1\" \/>\n<link rel=\"canonical\" href=\"https:\/\/www.normisjon.no\/sof\/2025\/03\/12\/arsmote-for-acta-og-normisjon-29-mars-pa-nordfjord-folkehogskule\/\" \/>\n<meta property=\"og:locale\" content=\"nb_NO\" \/>\n<meta property=\"og:type\" content=\"article\" \/>\n<meta property=\"og:title\" content=\"\u00c5rsm\u00f8te for Acta og Normisjon 29.mars p\u00e5 Nordfjord Folkeh\u00f8gskule - Region Sogn og Fjordane\" \/>\n<meta property=\"og:description\" content=\"Region\u00e5rsm\u00f8te p\u00e5 Nordfjord Folkeh\u00f8gskule, Vereide 29.3.2025, kl 11-16. (Registrering fr\u00e5 kl 10.15) P\u00e5melding: P\u00e5meldingsskjema (P\u00e5meldingsfrist 26.3) \u00c5rsm\u00f8tepapirer: Rekneskap og \u00e5rsmelding Med oss f\u00e5r vi Dag [&hellip;]\" \/>\n<meta property=\"og:url\" content=\"https:\/\/www.normisjon.no\/sof\/2025\/03\/12\/arsmote-for-acta-og-normisjon-29-mars-pa-nordfjord-folkehogskule\/\" \/>\n<meta property=\"og:site_name\" content=\"Region Sogn og Fjordane\" \/>\n<meta property=\"article:published_time\" content=\"2025-03-12T21:21:46+00:00\" \/>\n<meta property=\"article:modified_time\" content=\"2025-03-26T20:06:27+00:00\" \/>\n<meta name=\"author\" content=\"styreleiar\" \/>\n<meta name=\"twitter:card\" content=\"summary_large_image\" \/>\n<meta name=\"twitter:label1\" content=\"Skrevet av\" \/>\n\t<meta name=\"twitter:data1\" content=\"styreleiar\" \/>\n\t<meta name=\"twitter:label2\" content=\"Ansl. lesetid\" \/>\n\t<meta name=\"twitter:data2\" content=\"2 minutter\" \/>\n<script type=\"application\/ld+json\" class=\"yoast-schema-graph\">{\"@context\":\"https:\/\/schema.org\",\"@graph\":[{\"@type\":\"WebPage\",\"@id\":\"https:\/\/www.normisjon.no\/sof\/2025\/03\/12\/arsmote-for-acta-og-normisjon-29-mars-pa-nordfjord-folkehogskule\/\",\"url\":\"https:\/\/www.normisjon.no\/sof\/2025\/03\/12\/arsmote-for-acta-og-normisjon-29-mars-pa-nordfjord-folkehogskule\/\",\"name\":\"\u00c5rsm\u00f8te for Acta og Normisjon 29.mars p\u00e5 Nordfjord Folkeh\u00f8gskule - Region Sogn og Fjordane\",\"isPartOf\":{\"@id\":\"https:\/\/www.normisjon.no\/sof\/#website\"},\"datePublished\":\"2025-03-12T21:21:46+00:00\",\"dateModified\":\"2025-03-26T20:06:27+00:00\",\"author\":{\"@id\":\"https:\/\/www.normisjon.no\/sof\/#\/schema\/person\/270525a0f8e8dce8bd88b710fd3f53b3\"},\"breadcrumb\":{\"@id\":\"https:\/\/www.normisjon.no\/sof\/2025\/03\/12\/arsmote-for-acta-og-normisjon-29-mars-pa-nordfjord-folkehogskule\/#breadcrumb\"},\"inLanguage\":\"nb-NO\",\"potentialAction\":[{\"@type\":\"ReadAction\",\"target\":[\"https:\/\/www.normisjon.no\/sof\/2025\/03\/12\/arsmote-for-acta-og-normisjon-29-mars-pa-nordfjord-folkehogskule\/\"]}]},{\"@type\":\"BreadcrumbList\",\"@id\":\"https:\/\/www.normisjon.no\/sof\/2025\/03\/12\/arsmote-for-acta-og-normisjon-29-mars-pa-nordfjord-folkehogskule\/#breadcrumb\",\"itemListElement\":[{\"@type\":\"ListItem\",\"position\":1,\"name\":\"Home\",\"item\":\"https:\/\/www.normisjon.no\/sof\/\"},{\"@type\":\"ListItem\",\"position\":2,\"name\":\"\u00c5rsm\u00f8te for Acta og Normisjon 29.mars p\u00e5 Nordfjord Folkeh\u00f8gskule\"}]},{\"@type\":\"WebSite\",\"@id\":\"https:\/\/www.normisjon.no\/sof\/#website\",\"url\":\"https:\/\/www.normisjon.no\/sof\/\",\"name\":\"Region Sogn og Fjordane\",\"description\":\"\",\"potentialAction\":[{\"@type\":\"SearchAction\",\"target\":{\"@type\":\"EntryPoint\",\"urlTemplate\":\"https:\/\/www.normisjon.no\/sof\/?s={search_term_string}\"},\"query-input\":{\"@type\":\"PropertyValueSpecification\",\"valueRequired\":true,\"valueName\":\"search_term_string\"}}],\"inLanguage\":\"nb-NO\"},{\"@type\":\"Person\",\"@id\":\"https:\/\/www.normisjon.no\/sof\/#\/schema\/person\/270525a0f8e8dce8bd88b710fd3f53b3\",\"name\":\"styreleiar\",\"image\":{\"@type\":\"ImageObject\",\"inLanguage\":\"nb-NO\",\"@id\":\"https:\/\/www.normisjon.no\/sof\/#\/schema\/person\/image\/\",\"url\":\"https:\/\/secure.gravatar.com\/avatar\/487f06b721a4cadf9f8ce9231245aa459262e9292f1e305581972efee46265f3?s=96&d=mm&r=g\",\"contentUrl\":\"https:\/\/secure.gravatar.com\/avatar\/487f06b721a4cadf9f8ce9231245aa459262e9292f1e305581972efee46265f3?s=96&d=mm&r=g\",\"caption\":\"styreleiar\"},\"url\":\"https:\/\/www.normisjon.no\/sof\/author\/styreleiar\/\"}]}<\/script>\n<!-- \/ Yoast SEO plugin. -->","yoast_head_json":{"title":"\u00c5rsm\u00f8te for Acta og Normisjon 29.mars p\u00e5 Nordfjord Folkeh\u00f8gskule - Region Sogn og Fjordane","robots":{"index":"index","follow":"follow","max-snippet":"max-snippet:-1","max-image-preview":"max-image-preview:large","max-video-preview":"max-video-preview:-1"},"canonical":"https:\/\/www.normisjon.no\/sof\/2025\/03\/12\/arsmote-for-acta-og-normisjon-29-mars-pa-nordfjord-folkehogskule\/","og_locale":"nb_NO","og_type":"article","og_title":"\u00c5rsm\u00f8te for Acta og Normisjon 29.mars p\u00e5 Nordfjord Folkeh\u00f8gskule - Region Sogn og Fjordane","og_description":"Region\u00e5rsm\u00f8te p\u00e5 Nordfjord Folkeh\u00f8gskule, Vereide 29.3.2025, kl 11-16. (Registrering fr\u00e5 kl 10.15) P\u00e5melding: P\u00e5meldingsskjema (P\u00e5meldingsfrist 26.3) \u00c5rsm\u00f8tepapirer: Rekneskap og \u00e5rsmelding Med oss f\u00e5r vi Dag [&hellip;]","og_url":"https:\/\/www.normisjon.no\/sof\/2025\/03\/12\/arsmote-for-acta-og-normisjon-29-mars-pa-nordfjord-folkehogskule\/","og_site_name":"Region Sogn og Fjordane","article_published_time":"2025-03-12T21:21:46+00:00","article_modified_time":"2025-03-26T20:06:27+00:00","author":"styreleiar","twitter_card":"summary_large_image","twitter_misc":{"Skrevet av":"styreleiar","Ansl. lesetid":"2 minutter"},"schema":{"@context":"https:\/\/schema.org","@graph":[{"@type":"WebPage","@id":"https:\/\/www.normisjon.no\/sof\/2025\/03\/12\/arsmote-for-acta-og-normisjon-29-mars-pa-nordfjord-folkehogskule\/","url":"https:\/\/www.normisjon.no\/sof\/2025\/03\/12\/arsmote-for-acta-og-normisjon-29-mars-pa-nordfjord-folkehogskule\/","name":"\u00c5rsm\u00f8te for Acta og Normisjon 29.mars p\u00e5 Nordfjord Folkeh\u00f8gskule - Region Sogn og Fjordane","isPartOf":{"@id":"https:\/\/www.normisjon.no\/sof\/#website"},"datePublished":"2025-03-12T21:21:46+00:00","dateModified":"2025-03-26T20:06:27+00:00","author":{"@id":"https:\/\/www.normisjon.no\/sof\/#\/schema\/person\/270525a0f8e8dce8bd88b710fd3f53b3"},"breadcrumb":{"@id":"https:\/\/www.normisjon.no\/sof\/2025\/03\/12\/arsmote-for-acta-og-normisjon-29-mars-pa-nordfjord-folkehogskule\/#breadcrumb"},"inLanguage":"nb-NO","potentialAction":[{"@type":"ReadAction","target":["https:\/\/www.normisjon.no\/sof\/2025\/03\/12\/arsmote-for-acta-og-normisjon-29-mars-pa-nordfjord-folkehogskule\/"]}]},{"@type":"BreadcrumbList","@id":"https:\/\/www.normisjon.no\/sof\/2025\/03\/12\/arsmote-for-acta-og-normisjon-29-mars-pa-nordfjord-folkehogskule\/#breadcrumb","itemListElement":[{"@type":"ListItem","position":1,"name":"Home","item":"https:\/\/www.normisjon.no\/sof\/"},{"@type":"ListItem","position":2,"name":"\u00c5rsm\u00f8te for Acta og Normisjon 29.mars p\u00e5 Nordfjord Folkeh\u00f8gskule"}]},{"@type":"WebSite","@id":"https:\/\/www.normisjon.no\/sof\/#website","url":"https:\/\/www.normisjon.no\/sof\/","name":"Region Sogn og Fjordane","description":"","potentialAction":[{"@type":"SearchAction","target":{"@type":"EntryPoint","urlTemplate":"https:\/\/www.normisjon.no\/sof\/?s={search_term_string}"},"query-input":{"@type":"PropertyValueSpecification","valueRequired":true,"valueName":"search_term_string"}}],"inLanguage":"nb-NO"},{"@type":"Person","@id":"https:\/\/www.normisjon.no\/sof\/#\/schema\/person\/270525a0f8e8dce8bd88b710fd3f53b3","name":"styreleiar","image":{"@type":"ImageObject","inLanguage":"nb-NO","@id":"https:\/\/www.normisjon.no\/sof\/#\/schema\/person\/image\/","url":"https:\/\/secure.gravatar.com\/avatar\/487f06b721a4cadf9f8ce9231245aa459262e9292f1e305581972efee46265f3?s=96&d=mm&r=g","contentUrl":"https:\/\/secure.gravatar.com\/avatar\/487f06b721a4cadf9f8ce9231245aa459262e9292f1e305581972efee46265f3?s=96&d=mm&r=g","caption":"styreleiar"},"url":"https:\/\/www.normisjon.no\/sof\/author\/styreleiar\/"}]}},"_links":{"self":[{"href":"https:\/\/www.normisjon.no\/sof\/wp-json\/wp\/v2\/posts\/3445","targetHints":{"allow":["GET"]}}],"collection":[{"href":"https:\/\/www.normisjon.no\/sof\/wp-json\/wp\/v2\/posts"}],"about":[{"href":"https:\/\/www.normisjon.no\/sof\/wp-json\/wp\/v2\/types\/post"}],"author":[{"embeddable":true,"href":"https:\/\/www.normisjon.no\/sof\/wp-json\/wp\/v2\/users\/134"}],"replies":[{"embeddable":true,"href":"https:\/\/www.normisjon.no\/sof\/wp-json\/wp\/v2\/comments?post=3445"}],"version-history":[{"count":7,"href":"https:\/\/www.normisjon.no\/sof\/wp-json\/wp\/v2\/posts\/3445\/revisions"}],"predecessor-version":[{"id":3468,"href":"https:\/\/www.normisjon.no\/sof\/wp-json\/wp\/v2\/posts\/3445\/revisions\/3468"}],"wp:attachment":[{"href":"https:\/\/www.normisjon.no\/sof\/wp-json\/wp\/v2\/media?parent=3445"}],"wp:term":[{"taxonomy":"category","embeddable":true,"href":"https:\/\/www.normisjon.no\/sof\/wp-json\/wp\/v2\/categories?post=3445"},{"taxonomy":"post_tag","embeddable":true,"href":"https:\/\/www.normisjon.no\/sof\/wp-json\/wp\/v2\/tags?post=3445"}],"curies":[{"name":"wp","href":"https:\/\/api.w.org\/{rel}","templated":true}]}}