{"id":3539,"date":"2026-03-11T21:30:15","date_gmt":"2026-03-11T20:30:15","guid":{"rendered":"https:\/\/www.normisjon.no\/sof\/?p=3539"},"modified":"2026-03-11T21:30:15","modified_gmt":"2026-03-11T20:30:15","slug":"vi-soker-sommerteam","status":"publish","type":"post","link":"https:\/\/www.normisjon.no\/sof\/2026\/03\/11\/vi-soker-sommerteam\/","title":{"rendered":"Vi s\u00f8ker sommerteam!"},"content":{"rendered":"<div class=\"entry-content alignfull wp-block-post-content has-global-padding is-layout-constrained wp-block-post-content-is-layout-constrained\">\n<p>Acta \u2013 barn og unge i Normisjon er ein barne- og ungdomsorganisasjon som samarbeider tett med Den norske kyrkja. Medlemmene v\u00e5re er organisert i lokale fellesskap og mange reiser p\u00e5 leir og arrangement i regi av Acta.<\/p>\n\n\n\n<p>Visjonen for arbeidet v\u00e5rt er: <strong>Grensesprengjande fellesskap der<br>born og unge m\u00f8ter, f\u00f8lgjer og \u00e6rar Jesus Kristus!<\/strong><strong><\/strong><\/p>\n\n\n\n<p>Ogs\u00e5 denne sommaren planleggjar Acta leirar, og vi \u00f8nsker \u00e5 tilsette eit Sommarteam.<br><br><\/p>\n\n\n\n<p><strong>Arbeidsoppg\u00e5vene<\/strong> er \u00e5 planlegge og gjennomf\u00f8re leirar p\u00e5 Fjordly Ungdomssenter. Det kan vere \u00e5 ha kjekke aktivitetar, holde andakter og p\u00e5 andre m\u00e5tar bidra leirar med trivsel og tryggleik.<\/p>\n\n\n\n<p>Vi s\u00f8ker deg som er over 16 \u00e5r, har vore p\u00e5 leir f\u00f8r og som \u00f8nsker \u00e5 v\u00e6re med p\u00e5 \u00e5 skape ein leirsommar der barn og unge for bli betre kjent med Jesus og bygge vennskap som varer.<\/p>\n\n\n\n<p>Leirsesongen er <strong>12.juni til og med 27.juni<\/strong>, og det verte anledning for \u00e5 planlegge og gjennomf\u00f8re leir ogs\u00e5 <strong>8.-12. august<\/strong>. Det ventast at teammedlemmene i alle fall kan vere med p\u00e5 leirane i juni.<\/p>\n\n\n\n<p>Sommerteamet er, saman med Actamedarbeiderne ansvarleg for leirane og kontakta med leirstad. Styreleiar i Acta SOF er n\u00e6raste overordna.&nbsp;Honorar avtalast etter alder og mengde ansvar. Sommarteamet er forplikta p\u00e5 Normisjon sitt verdidokument og ein m\u00e5 kunne vise politiattest av nyare dato (dette hjelper vi til med).&nbsp;<\/p>\n\n\n\n<p>Skriv ein s\u00f8knad og fortel oss kvifor du vil vere med!&nbsp;S\u00f8knaden sender du til styreleiar i Acta Sogn og Fjordane P\u00e5l Andreas Berntsen (<a href=\"mailto:styreleiar.actasof@normisjon.no\">styreleiar.actasof@normisjon.no<\/a>). Ikkje n\u00f8l med \u00e5 ta kontakt for sp\u00f8rsm\u00e5l, p\u00e5 mail eller p\u00e5 tlf 92850978.&nbsp;&nbsp;<\/p>\n\n\n\n<p>Legg ved cv, kopi av vitnem\u00e5l og referansar, og evt. attestar.<br><br><\/p>\n\n\n\n<p>S\u00f8knadsfrist: m\u00e5ndag 22.mars. Melding om evt tilsetjing f\u00f8lgjer vi opp kontinuerlig etter dette.&nbsp; Utlyst av: Acta Sogn og Fjordane, Nordstrandvegen 12, 6823 SANDANE&nbsp;<\/p>\n<\/div>","protected":false},"excerpt":{"rendered":"<p>Acta \u2013 barn og unge i Normisjon er ein barne- og ungdomsorganisasjon som samarbeider tett med Den norske kyrkja. Medlemmene v\u00e5re er organisert i lokale [&hellip;]<\/p>\n","protected":false},"author":134,"featured_media":0,"comment_status":"closed","ping_status":"closed","sticky":false,"template":"","format":"standard","meta":{"_acf_changed":false,"footnotes":""},"categories":[4],"tags":[],"class_list":["post-3539","post","type-post","status-publish","format-standard","hentry","category-kva-skjer"],"acf":[],"yoast_head":"<!-- This site is optimized with the Yoast SEO plugin v25.9 - https:\/\/yoast.com\/wordpress\/plugins\/seo\/ -->\n<title>Vi s\u00f8ker sommerteam! - Region Sogn og Fjordane<\/title>\n<meta name=\"robots\" content=\"index, follow, max-snippet:-1, max-image-preview:large, max-video-preview:-1\" \/>\n<link rel=\"canonical\" href=\"https:\/\/www.normisjon.no\/sof\/2026\/03\/11\/vi-soker-sommerteam\/\" \/>\n<meta property=\"og:locale\" content=\"nb_NO\" \/>\n<meta property=\"og:type\" content=\"article\" \/>\n<meta property=\"og:title\" content=\"Vi s\u00f8ker sommerteam! - Region Sogn og Fjordane\" \/>\n<meta property=\"og:description\" content=\"Acta \u2013 barn og unge i Normisjon er ein barne- og ungdomsorganisasjon som samarbeider tett med Den norske kyrkja. Medlemmene v\u00e5re er organisert i lokale [&hellip;]\" \/>\n<meta property=\"og:url\" content=\"https:\/\/www.normisjon.no\/sof\/2026\/03\/11\/vi-soker-sommerteam\/\" \/>\n<meta property=\"og:site_name\" content=\"Region Sogn og Fjordane\" \/>\n<meta property=\"article:published_time\" content=\"2026-03-11T20:30:15+00:00\" \/>\n<meta name=\"author\" content=\"styreleiar\" \/>\n<meta name=\"twitter:card\" content=\"summary_large_image\" \/>\n<meta name=\"twitter:label1\" content=\"Skrevet av\" \/>\n\t<meta name=\"twitter:data1\" content=\"styreleiar\" \/>\n\t<meta name=\"twitter:label2\" content=\"Ansl. lesetid\" \/>\n\t<meta name=\"twitter:data2\" content=\"2 minutter\" \/>\n<script type=\"application\/ld+json\" class=\"yoast-schema-graph\">{\"@context\":\"https:\/\/schema.org\",\"@graph\":[{\"@type\":\"WebPage\",\"@id\":\"https:\/\/www.normisjon.no\/sof\/2026\/03\/11\/vi-soker-sommerteam\/\",\"url\":\"https:\/\/www.normisjon.no\/sof\/2026\/03\/11\/vi-soker-sommerteam\/\",\"name\":\"Vi s\u00f8ker sommerteam! - Region Sogn og Fjordane\",\"isPartOf\":{\"@id\":\"https:\/\/www.normisjon.no\/sof\/#website\"},\"datePublished\":\"2026-03-11T20:30:15+00:00\",\"author\":{\"@id\":\"https:\/\/www.normisjon.no\/sof\/#\/schema\/person\/270525a0f8e8dce8bd88b710fd3f53b3\"},\"breadcrumb\":{\"@id\":\"https:\/\/www.normisjon.no\/sof\/2026\/03\/11\/vi-soker-sommerteam\/#breadcrumb\"},\"inLanguage\":\"nb-NO\",\"potentialAction\":[{\"@type\":\"ReadAction\",\"target\":[\"https:\/\/www.normisjon.no\/sof\/2026\/03\/11\/vi-soker-sommerteam\/\"]}]},{\"@type\":\"BreadcrumbList\",\"@id\":\"https:\/\/www.normisjon.no\/sof\/2026\/03\/11\/vi-soker-sommerteam\/#breadcrumb\",\"itemListElement\":[{\"@type\":\"ListItem\",\"position\":1,\"name\":\"Home\",\"item\":\"https:\/\/www.normisjon.no\/sof\/\"},{\"@type\":\"ListItem\",\"position\":2,\"name\":\"Vi s\u00f8ker sommerteam!\"}]},{\"@type\":\"WebSite\",\"@id\":\"https:\/\/www.normisjon.no\/sof\/#website\",\"url\":\"https:\/\/www.normisjon.no\/sof\/\",\"name\":\"Region Sogn og Fjordane\",\"description\":\"\",\"potentialAction\":[{\"@type\":\"SearchAction\",\"target\":{\"@type\":\"EntryPoint\",\"urlTemplate\":\"https:\/\/www.normisjon.no\/sof\/?s={search_term_string}\"},\"query-input\":{\"@type\":\"PropertyValueSpecification\",\"valueRequired\":true,\"valueName\":\"search_term_string\"}}],\"inLanguage\":\"nb-NO\"},{\"@type\":\"Person\",\"@id\":\"https:\/\/www.normisjon.no\/sof\/#\/schema\/person\/270525a0f8e8dce8bd88b710fd3f53b3\",\"name\":\"styreleiar\",\"image\":{\"@type\":\"ImageObject\",\"inLanguage\":\"nb-NO\",\"@id\":\"https:\/\/www.normisjon.no\/sof\/#\/schema\/person\/image\/\",\"url\":\"https:\/\/secure.gravatar.com\/avatar\/487f06b721a4cadf9f8ce9231245aa459262e9292f1e305581972efee46265f3?s=96&d=mm&r=g\",\"contentUrl\":\"https:\/\/secure.gravatar.com\/avatar\/487f06b721a4cadf9f8ce9231245aa459262e9292f1e305581972efee46265f3?s=96&d=mm&r=g\",\"caption\":\"styreleiar\"},\"url\":\"https:\/\/www.normisjon.no\/sof\/author\/styreleiar\/\"}]}<\/script>\n<!-- \/ Yoast SEO plugin. -->","yoast_head_json":{"title":"Vi s\u00f8ker sommerteam! - Region Sogn og Fjordane","robots":{"index":"index","follow":"follow","max-snippet":"max-snippet:-1","max-image-preview":"max-image-preview:large","max-video-preview":"max-video-preview:-1"},"canonical":"https:\/\/www.normisjon.no\/sof\/2026\/03\/11\/vi-soker-sommerteam\/","og_locale":"nb_NO","og_type":"article","og_title":"Vi s\u00f8ker sommerteam! - Region Sogn og Fjordane","og_description":"Acta \u2013 barn og unge i Normisjon er ein barne- og ungdomsorganisasjon som samarbeider tett med Den norske kyrkja. Medlemmene v\u00e5re er organisert i lokale [&hellip;]","og_url":"https:\/\/www.normisjon.no\/sof\/2026\/03\/11\/vi-soker-sommerteam\/","og_site_name":"Region Sogn og Fjordane","article_published_time":"2026-03-11T20:30:15+00:00","author":"styreleiar","twitter_card":"summary_large_image","twitter_misc":{"Skrevet av":"styreleiar","Ansl. lesetid":"2 minutter"},"schema":{"@context":"https:\/\/schema.org","@graph":[{"@type":"WebPage","@id":"https:\/\/www.normisjon.no\/sof\/2026\/03\/11\/vi-soker-sommerteam\/","url":"https:\/\/www.normisjon.no\/sof\/2026\/03\/11\/vi-soker-sommerteam\/","name":"Vi s\u00f8ker sommerteam! - Region Sogn og Fjordane","isPartOf":{"@id":"https:\/\/www.normisjon.no\/sof\/#website"},"datePublished":"2026-03-11T20:30:15+00:00","author":{"@id":"https:\/\/www.normisjon.no\/sof\/#\/schema\/person\/270525a0f8e8dce8bd88b710fd3f53b3"},"breadcrumb":{"@id":"https:\/\/www.normisjon.no\/sof\/2026\/03\/11\/vi-soker-sommerteam\/#breadcrumb"},"inLanguage":"nb-NO","potentialAction":[{"@type":"ReadAction","target":["https:\/\/www.normisjon.no\/sof\/2026\/03\/11\/vi-soker-sommerteam\/"]}]},{"@type":"BreadcrumbList","@id":"https:\/\/www.normisjon.no\/sof\/2026\/03\/11\/vi-soker-sommerteam\/#breadcrumb","itemListElement":[{"@type":"ListItem","position":1,"name":"Home","item":"https:\/\/www.normisjon.no\/sof\/"},{"@type":"ListItem","position":2,"name":"Vi s\u00f8ker sommerteam!"}]},{"@type":"WebSite","@id":"https:\/\/www.normisjon.no\/sof\/#website","url":"https:\/\/www.normisjon.no\/sof\/","name":"Region Sogn og Fjordane","description":"","potentialAction":[{"@type":"SearchAction","target":{"@type":"EntryPoint","urlTemplate":"https:\/\/www.normisjon.no\/sof\/?s={search_term_string}"},"query-input":{"@type":"PropertyValueSpecification","valueRequired":true,"valueName":"search_term_string"}}],"inLanguage":"nb-NO"},{"@type":"Person","@id":"https:\/\/www.normisjon.no\/sof\/#\/schema\/person\/270525a0f8e8dce8bd88b710fd3f53b3","name":"styreleiar","image":{"@type":"ImageObject","inLanguage":"nb-NO","@id":"https:\/\/www.normisjon.no\/sof\/#\/schema\/person\/image\/","url":"https:\/\/secure.gravatar.com\/avatar\/487f06b721a4cadf9f8ce9231245aa459262e9292f1e305581972efee46265f3?s=96&d=mm&r=g","contentUrl":"https:\/\/secure.gravatar.com\/avatar\/487f06b721a4cadf9f8ce9231245aa459262e9292f1e305581972efee46265f3?s=96&d=mm&r=g","caption":"styreleiar"},"url":"https:\/\/www.normisjon.no\/sof\/author\/styreleiar\/"}]}},"_links":{"self":[{"href":"https:\/\/www.normisjon.no\/sof\/wp-json\/wp\/v2\/posts\/3539","targetHints":{"allow":["GET"]}}],"collection":[{"href":"https:\/\/www.normisjon.no\/sof\/wp-json\/wp\/v2\/posts"}],"about":[{"href":"https:\/\/www.normisjon.no\/sof\/wp-json\/wp\/v2\/types\/post"}],"author":[{"embeddable":true,"href":"https:\/\/www.normisjon.no\/sof\/wp-json\/wp\/v2\/users\/134"}],"replies":[{"embeddable":true,"href":"https:\/\/www.normisjon.no\/sof\/wp-json\/wp\/v2\/comments?post=3539"}],"version-history":[{"count":1,"href":"https:\/\/www.normisjon.no\/sof\/wp-json\/wp\/v2\/posts\/3539\/revisions"}],"predecessor-version":[{"id":3540,"href":"https:\/\/www.normisjon.no\/sof\/wp-json\/wp\/v2\/posts\/3539\/revisions\/3540"}],"wp:attachment":[{"href":"https:\/\/www.normisjon.no\/sof\/wp-json\/wp\/v2\/media?parent=3539"}],"wp:term":[{"taxonomy":"category","embeddable":true,"href":"https:\/\/www.normisjon.no\/sof\/wp-json\/wp\/v2\/categories?post=3539"},{"taxonomy":"post_tag","embeddable":true,"href":"https:\/\/www.normisjon.no\/sof\/wp-json\/wp\/v2\/tags?post=3539"}],"curies":[{"name":"wp","href":"https:\/\/api.w.org\/{rel}","templated":true}]}}